{"id":399029,"date":"2026-03-05T14:29:00","date_gmt":"2026-03-05T17:29:00","guid":{"rendered":"https:\/\/portaltela.pt\/noticias\/2026\/03\/05\/helena-coelho-revela-que-o-que-temia-no-pos-parto-chegou-de-forma-silenciosa\/"},"modified":"2026-03-05T14:29:00","modified_gmt":"2026-03-05T17:29:00","slug":"helena-coelho-revela-que-o-que-temia-no-pos-parto-chegou-de-forma-silenciosa","status":"publish","type":"post","link":"https:\/\/portaltela.pt\/noticias\/internacional\/2026\/03\/05\/helena-coelho-revela-que-o-que-temia-no-pos-parto-chegou-de-forma-silenciosa\/","title":{"rendered":"Helena Coelho revela que o que temia no p\u00f3s-parto chegou de forma silenciosa"},"content":{"rendered":"<p>Helena Coelho revelou, nas redes sociais, que enfrenta depress\u00e3o p\u00f3s-parto desde o segundo semestre do ano passado, depois de dar \u00e0 luz Gaspar em setembro. A manequim explicou mudan\u00e7as emocionais e comportamentais que a levaram a procurar ajuda m\u00e9dica e apoio terap\u00eautico.<\/p>\n<p>A Dire\u00e7\u00e3o-Geral da Sa\u00fade estima que 10 a 15% das m\u00e3es em Portugal sejam afetadas por depress\u00e3o p\u00f3s-parto, com maior incid\u00eancia no primeiro ano ap\u00f3s o nascimento. A entidade salienta que a condi\u00e7\u00e3o pode iniciar antes do parto em alguns casos e prejudica m\u00e3e, beb\u00e9 e o desenvolvimento da crian\u00e7a.<\/p>\n<p>Entre os sintomas referidos pela artista est\u00e3o tristeza prolongada, perda de interesse, ansiedade, irritabilidade e cansa\u00e7o extremo. A paciente tamb\u00e9m relatou dificuldade em sentir prazer e hiperfoco no beb\u00e9, apontando para a necessidade de tratamento e apoio cont\u00ednuo.<\/p>\n<h3>Contexto e tratamento<\/h3>\n<p>O diagn\u00f3stico e o acompanhamento m\u00e9dico envolvem uma combina\u00e7\u00e3o de terapias e apoio social. A DGS indica que o tratamento pode incluir medica\u00e7\u00e3o, psicoterapia cognitivo-comportamental e interven\u00e7\u00f5es psicossociais, complementares de um apoio familiar pr\u00f3ximo.<\/p>\n<p>A autoridade de sa\u00fade refor\u00e7a a import\u00e2ncia de iniciar o tratamento o quanto antes para reduzir riscos \u00e0 sa\u00fade da m\u00e3e e \u00e0s rela\u00e7\u00f5es familiares. O acompanhamento pode envolver terapeutas online e aconselhamento psicol\u00f3gico, conforme indicado pela situa\u00e7\u00e3o de cada pessoa.<\/p>\n<p>Profissionais explicam que o acompanhamento adequado facilita o regresso a atividades di\u00e1rias e o restabelecimento do equil\u00edbrio emocional. A mensagem \u00e9 clara: n\u00e3o se brinca com a sa\u00fade mental durante o p\u00f3s-parto.<\/p>\n","protected":false},"excerpt":{"rendered":"<ul>\n<li>A Dire\u00e7\u00e3o-Geral da Sa\u00fade estima que a depress\u00e3o p\u00f3s-parto afete entre 10% e 15% das m\u00e3es em Portugal, sobretudo no primeiro ano ap\u00f3s o nascimento.<\/li>\n<li>A manequim Helena Coelho, m\u00e3e de Gaspar, revelou nas redes sociais estar a enfrentar a depress\u00e3o p\u00f3s-parto e descreveu sintomas como altera\u00e7\u00f5es de vida, medo, cansa\u00e7o e ataques de p\u00e2nico.<\/li>\n<li>Ela afirmou estar a ser bem acompanhada e sublinhou a dificuldade de reconhecer o momento certo para pedir ajuda, destacando a import\u00e2ncia de n\u00e3o subestimar a sa\u00fade mental.<\/li>\n<li>Helena deixou pistas sobre caminhos de apoio, incluindo Terapia Online e Aconselhamento Psicol\u00f3gico.<\/li>\n<li>O tratamento da depress\u00e3o p\u00f3s-parto pode envolver medica\u00e7\u00e3o, psicoterapia cognitivo-comportamental e interven\u00e7\u00f5es psicossociais, com o objetivo de melhorar o controlo sobre o ambiente e a rela\u00e7\u00e3o com o beb\u00e9.<\/li>\n<\/ul>\n","protected":false},"author":2,"featured_media":399033,"comment_status":"closed","ping_status":"closed","sticky":false,"template":"","format":"standard","meta":{"footnotes":""},"categories":[4,1],"tags":[5371,2557,115,2249,55,271],"class_list":["post-399029","post","type-post","status-publish","format-standard","has-post-thumbnail","hentry","category-internacional","category-noticias","tag-cuidados-de-saude","tag-depressao","tag-maternidade","tag-psicologia","tag-saude-mental","tag-saude-publica"],"yoast_head":"<!-- This site is optimized with the Yoast SEO plugin v27.2 - https:\/\/yoast.com\/product\/yoast-seo-wordpress\/ -->\n<title>Helena Coelho revela que o que temia no p\u00f3s-parto chegou de forma silenciosa - Portal Tela Portugal<\/title>\n<meta name=\"robots\" content=\"index, follow, max-snippet:-1, max-image-preview:large, max-video-preview:-1\" \/>\n<meta property=\"og:locale\" content=\"pt_PT\" \/>\n<meta property=\"og:type\" content=\"article\" \/>\n<meta property=\"og:title\" content=\"Helena Coelho revela que o que temia no p\u00f3s-parto chegou de forma silenciosa - Portal Tela Portugal\" \/>\n<meta property=\"og:description\" content=\"A Dire\u00e7\u00e3o-Geral da Sa\u00fade estima que a depress\u00e3o p\u00f3s-parto afete entre 10% e 15% das m\u00e3es em Portugal, sobretudo no primeiro ano ap\u00f3s o nascimento. A manequim Helena Coelho, m\u00e3e de Gaspar, revelou nas redes sociais estar a enfrentar a depress\u00e3o p\u00f3s-parto e descreveu sintomas como altera\u00e7\u00f5es de vida, medo, cansa\u00e7o e ataques de p\u00e2nico. Ela afirmou estar a ser bem acompanhada e sublinhou a dificuldade de reconhecer o momento certo para pedir ajuda, destacando a import\u00e2ncia de n\u00e3o subestimar a sa\u00fade mental. Helena deixou pistas sobre caminhos de apoio, incluindo Terapia Online e Aconselhamento Psicol\u00f3gico. O tratamento da depress\u00e3o p\u00f3s-parto pode envolver medica\u00e7\u00e3o, psicoterapia cognitivo-comportamental e interven\u00e7\u00f5es psicossociais, com o objetivo de melhorar o controlo sobre o ambiente e a rela\u00e7\u00e3o com o beb\u00e9.\" \/>\n<meta property=\"og:url\" content=\"https:\/\/portaltela.pt\/noticias\/2026\/03\/05\/helena-coelho-revela-que-o-que-temia-no-pos-parto-chegou-de-forma-silenciosa\/\" \/>\n<meta property=\"og:site_name\" content=\"Portal Tela Portugal\" \/>\n<meta property=\"article:published_time\" content=\"2026-03-05T17:29:00+00:00\" \/>\n<meta name=\"author\" content=\"Telinha\" \/>\n<meta name=\"twitter:card\" content=\"summary_large_image\" \/>\n<meta name=\"twitter:label1\" content=\"Escrito por\" \/>\n\t<meta name=\"twitter:data1\" content=\"Telinha\" \/>\n\t<meta name=\"twitter:label2\" content=\"Tempo estimado de leitura\" \/>\n\t<meta name=\"twitter:data2\" content=\"1 minuto\" \/>\n<script type=\"application\/ld+json\" class=\"yoast-schema-graph\">{\"@context\":\"https:\/\/schema.org\",\"@graph\":[{\"@type\":\"Article\",\"@id\":\"https:\/\/portaltela.pt\/noticias\/2026\/03\/05\/helena-coelho-revela-que-o-que-temia-no-pos-parto-chegou-de-forma-silenciosa\/#article\",\"isPartOf\":{\"@id\":\"https:\/\/portaltela.pt\/noticias\/2026\/03\/05\/helena-coelho-revela-que-o-que-temia-no-pos-parto-chegou-de-forma-silenciosa\/\"},\"author\":{\"name\":\"Telinha\",\"@id\":\"https:\/\/portaltela.pt\/#\/schema\/person\/c4278d4a6028830caff9ee44b42d32ed\"},\"headline\":\"Helena Coelho revela que o que temia no p\u00f3s-parto chegou de forma silenciosa\",\"datePublished\":\"2026-03-05T17:29:00+00:00\",\"mainEntityOfPage\":{\"@id\":\"https:\/\/portaltela.pt\/noticias\/2026\/03\/05\/helena-coelho-revela-que-o-que-temia-no-pos-parto-chegou-de-forma-silenciosa\/\"},\"wordCount\":287,\"image\":{\"@id\":\"https:\/\/portaltela.pt\/noticias\/2026\/03\/05\/helena-coelho-revela-que-o-que-temia-no-pos-parto-chegou-de-forma-silenciosa\/#primaryimage\"},\"thumbnailUrl\":\"https:\/\/portaltela.pt\/s.01k8rhncp4jt1\/2026\/03\/image-324.jpg\",\"keywords\":[\"cuidados de sa\u00fade\",\"depress\u00e3o\",\"maternidade\",\"psicologia\",\"sa\u00fade mental\",\"sa\u00fade p\u00fablica\"],\"articleSection\":[\"Internacional\",\"Not\u00edcias\"],\"inLanguage\":\"pt-PT\"},{\"@type\":\"WebPage\",\"@id\":\"https:\/\/portaltela.pt\/noticias\/2026\/03\/05\/helena-coelho-revela-que-o-que-temia-no-pos-parto-chegou-de-forma-silenciosa\/\",\"url\":\"https:\/\/portaltela.pt\/noticias\/2026\/03\/05\/helena-coelho-revela-que-o-que-temia-no-pos-parto-chegou-de-forma-silenciosa\/\",\"name\":\"Helena Coelho revela que o que temia no p\u00f3s-parto chegou de forma silenciosa - Portal Tela Portugal\",\"isPartOf\":{\"@id\":\"https:\/\/portaltela.pt\/#website\"},\"primaryImageOfPage\":{\"@id\":\"https:\/\/portaltela.pt\/noticias\/2026\/03\/05\/helena-coelho-revela-que-o-que-temia-no-pos-parto-chegou-de-forma-silenciosa\/#primaryimage\"},\"image\":{\"@id\":\"https:\/\/portaltela.pt\/noticias\/2026\/03\/05\/helena-coelho-revela-que-o-que-temia-no-pos-parto-chegou-de-forma-silenciosa\/#primaryimage\"},\"thumbnailUrl\":\"https:\/\/portaltela.pt\/s.01k8rhncp4jt1\/2026\/03\/image-324.jpg\",\"datePublished\":\"2026-03-05T17:29:00+00:00\",\"author\":{\"@id\":\"https:\/\/portaltela.pt\/#\/schema\/person\/c4278d4a6028830caff9ee44b42d32ed\"},\"breadcrumb\":{\"@id\":\"https:\/\/portaltela.pt\/noticias\/2026\/03\/05\/helena-coelho-revela-que-o-que-temia-no-pos-parto-chegou-de-forma-silenciosa\/#breadcrumb\"},\"inLanguage\":\"pt-PT\",\"potentialAction\":[{\"@type\":\"ReadAction\",\"target\":[\"https:\/\/portaltela.pt\/noticias\/2026\/03\/05\/helena-coelho-revela-que-o-que-temia-no-pos-parto-chegou-de-forma-silenciosa\/\"]}]},{\"@type\":\"ImageObject\",\"inLanguage\":\"pt-PT\",\"@id\":\"https:\/\/portaltela.pt\/noticias\/2026\/03\/05\/helena-coelho-revela-que-o-que-temia-no-pos-parto-chegou-de-forma-silenciosa\/#primaryimage\",\"url\":\"https:\/\/portaltela.pt\/s.01k8rhncp4jt1\/2026\/03\/image-324.jpg\",\"contentUrl\":\"https:\/\/portaltela.pt\/s.01k8rhncp4jt1\/2026\/03\/image-324.jpg\",\"width\":796,\"height\":448,\"caption\":\"Manequim Helena Coelho revelou sintomas como \\\"altera\u00e7\u00e3o de vida, medo, perda de individualidade, cansa\u00e7o\\\" e \\\"ataques de p\u00e2nico e ansiedade\\\"\"},{\"@type\":\"BreadcrumbList\",\"@id\":\"https:\/\/portaltela.pt\/noticias\/2026\/03\/05\/helena-coelho-revela-que-o-que-temia-no-pos-parto-chegou-de-forma-silenciosa\/#breadcrumb\",\"itemListElement\":[{\"@type\":\"ListItem\",\"position\":1,\"name\":\"In\u00edcio\",\"item\":\"https:\/\/portaltela.pt\/\"},{\"@type\":\"ListItem\",\"position\":2,\"name\":\"Helena Coelho revela que o que temia no p\u00f3s-parto chegou de forma silenciosa\"}]},{\"@type\":\"WebSite\",\"@id\":\"https:\/\/portaltela.pt\/#website\",\"url\":\"https:\/\/portaltela.pt\/\",\"name\":\"Portal Tela Portugal\",\"description\":\"\",\"potentialAction\":[{\"@type\":\"SearchAction\",\"target\":{\"@type\":\"EntryPoint\",\"urlTemplate\":\"https:\/\/portaltela.pt\/?s={search_term_string}\"},\"query-input\":{\"@type\":\"PropertyValueSpecification\",\"valueRequired\":true,\"valueName\":\"search_term_string\"}}],\"inLanguage\":\"pt-PT\"},{\"@type\":\"Person\",\"@id\":\"https:\/\/portaltela.pt\/#\/schema\/person\/c4278d4a6028830caff9ee44b42d32ed\",\"name\":\"Telinha\",\"image\":{\"@type\":\"ImageObject\",\"inLanguage\":\"pt-PT\",\"@id\":\"https:\/\/portaltela.pt\/s.01k8rhncp4jt1\/2025\/11\/talking-bot-125x125.png\",\"url\":\"https:\/\/portaltela.pt\/s.01k8rhncp4jt1\/2025\/11\/talking-bot-125x125.png\",\"contentUrl\":\"https:\/\/portaltela.pt\/s.01k8rhncp4jt1\/2025\/11\/talking-bot-125x125.png\",\"caption\":\"Telinha\"},\"sameAs\":[\"https:\/\/portaltela.pt\/\"],\"url\":\"https:\/\/portaltela.pt\/por\/367410592786\/\"}]}<\/script>\n<!-- \/ Yoast SEO plugin. -->","yoast_head_json":{"title":"Helena Coelho revela que o que temia no p\u00f3s-parto chegou de forma silenciosa - Portal Tela Portugal","robots":{"index":"index","follow":"follow","max-snippet":"max-snippet:-1","max-image-preview":"max-image-preview:large","max-video-preview":"max-video-preview:-1"},"og_locale":"pt_PT","og_type":"article","og_title":"Helena Coelho revela que o que temia no p\u00f3s-parto chegou de forma silenciosa - Portal Tela Portugal","og_description":"A Dire\u00e7\u00e3o-Geral da Sa\u00fade estima que a depress\u00e3o p\u00f3s-parto afete entre 10% e 15% das m\u00e3es em Portugal, sobretudo no primeiro ano ap\u00f3s o nascimento. A manequim Helena Coelho, m\u00e3e de Gaspar, revelou nas redes sociais estar a enfrentar a depress\u00e3o p\u00f3s-parto e descreveu sintomas como altera\u00e7\u00f5es de vida, medo, cansa\u00e7o e ataques de p\u00e2nico. Ela afirmou estar a ser bem acompanhada e sublinhou a dificuldade de reconhecer o momento certo para pedir ajuda, destacando a import\u00e2ncia de n\u00e3o subestimar a sa\u00fade mental. Helena deixou pistas sobre caminhos de apoio, incluindo Terapia Online e Aconselhamento Psicol\u00f3gico. O tratamento da depress\u00e3o p\u00f3s-parto pode envolver medica\u00e7\u00e3o, psicoterapia cognitivo-comportamental e interven\u00e7\u00f5es psicossociais, com o objetivo de melhorar o controlo sobre o ambiente e a rela\u00e7\u00e3o com o beb\u00e9.","og_url":"https:\/\/portaltela.pt\/noticias\/2026\/03\/05\/helena-coelho-revela-que-o-que-temia-no-pos-parto-chegou-de-forma-silenciosa\/","og_site_name":"Portal Tela Portugal","article_published_time":"2026-03-05T17:29:00+00:00","author":"Telinha","twitter_card":"summary_large_image","twitter_misc":{"Escrito por":"Telinha","Tempo estimado de leitura":"1 minuto"},"schema":{"@context":"https:\/\/schema.org","@graph":[{"@type":"Article","@id":"https:\/\/portaltela.pt\/noticias\/2026\/03\/05\/helena-coelho-revela-que-o-que-temia-no-pos-parto-chegou-de-forma-silenciosa\/#article","isPartOf":{"@id":"https:\/\/portaltela.pt\/noticias\/2026\/03\/05\/helena-coelho-revela-que-o-que-temia-no-pos-parto-chegou-de-forma-silenciosa\/"},"author":{"name":"Telinha","@id":"https:\/\/portaltela.pt\/#\/schema\/person\/c4278d4a6028830caff9ee44b42d32ed"},"headline":"Helena Coelho revela que o que temia no p\u00f3s-parto chegou de forma silenciosa","datePublished":"2026-03-05T17:29:00+00:00","mainEntityOfPage":{"@id":"https:\/\/portaltela.pt\/noticias\/2026\/03\/05\/helena-coelho-revela-que-o-que-temia-no-pos-parto-chegou-de-forma-silenciosa\/"},"wordCount":287,"image":{"@id":"https:\/\/portaltela.pt\/noticias\/2026\/03\/05\/helena-coelho-revela-que-o-que-temia-no-pos-parto-chegou-de-forma-silenciosa\/#primaryimage"},"thumbnailUrl":"https:\/\/portaltela.pt\/s.01k8rhncp4jt1\/2026\/03\/image-324.jpg","keywords":["cuidados de sa\u00fade","depress\u00e3o","maternidade","psicologia","sa\u00fade mental","sa\u00fade p\u00fablica"],"articleSection":["Internacional","Not\u00edcias"],"inLanguage":"pt-PT"},{"@type":"WebPage","@id":"https:\/\/portaltela.pt\/noticias\/2026\/03\/05\/helena-coelho-revela-que-o-que-temia-no-pos-parto-chegou-de-forma-silenciosa\/","url":"https:\/\/portaltela.pt\/noticias\/2026\/03\/05\/helena-coelho-revela-que-o-que-temia-no-pos-parto-chegou-de-forma-silenciosa\/","name":"Helena Coelho revela que o que temia no p\u00f3s-parto chegou de forma silenciosa - Portal Tela Portugal","isPartOf":{"@id":"https:\/\/portaltela.pt\/#website"},"primaryImageOfPage":{"@id":"https:\/\/portaltela.pt\/noticias\/2026\/03\/05\/helena-coelho-revela-que-o-que-temia-no-pos-parto-chegou-de-forma-silenciosa\/#primaryimage"},"image":{"@id":"https:\/\/portaltela.pt\/noticias\/2026\/03\/05\/helena-coelho-revela-que-o-que-temia-no-pos-parto-chegou-de-forma-silenciosa\/#primaryimage"},"thumbnailUrl":"https:\/\/portaltela.pt\/s.01k8rhncp4jt1\/2026\/03\/image-324.jpg","datePublished":"2026-03-05T17:29:00+00:00","author":{"@id":"https:\/\/portaltela.pt\/#\/schema\/person\/c4278d4a6028830caff9ee44b42d32ed"},"breadcrumb":{"@id":"https:\/\/portaltela.pt\/noticias\/2026\/03\/05\/helena-coelho-revela-que-o-que-temia-no-pos-parto-chegou-de-forma-silenciosa\/#breadcrumb"},"inLanguage":"pt-PT","potentialAction":[{"@type":"ReadAction","target":["https:\/\/portaltela.pt\/noticias\/2026\/03\/05\/helena-coelho-revela-que-o-que-temia-no-pos-parto-chegou-de-forma-silenciosa\/"]}]},{"@type":"ImageObject","inLanguage":"pt-PT","@id":"https:\/\/portaltela.pt\/noticias\/2026\/03\/05\/helena-coelho-revela-que-o-que-temia-no-pos-parto-chegou-de-forma-silenciosa\/#primaryimage","url":"https:\/\/portaltela.pt\/s.01k8rhncp4jt1\/2026\/03\/image-324.jpg","contentUrl":"https:\/\/portaltela.pt\/s.01k8rhncp4jt1\/2026\/03\/image-324.jpg","width":796,"height":448,"caption":"Manequim Helena Coelho revelou sintomas como \"altera\u00e7\u00e3o de vida, medo, perda de individualidade, cansa\u00e7o\" e \"ataques de p\u00e2nico e ansiedade\""},{"@type":"BreadcrumbList","@id":"https:\/\/portaltela.pt\/noticias\/2026\/03\/05\/helena-coelho-revela-que-o-que-temia-no-pos-parto-chegou-de-forma-silenciosa\/#breadcrumb","itemListElement":[{"@type":"ListItem","position":1,"name":"In\u00edcio","item":"https:\/\/portaltela.pt\/"},{"@type":"ListItem","position":2,"name":"Helena Coelho revela que o que temia no p\u00f3s-parto chegou de forma silenciosa"}]},{"@type":"WebSite","@id":"https:\/\/portaltela.pt\/#website","url":"https:\/\/portaltela.pt\/","name":"Portal Tela Portugal","description":"","potentialAction":[{"@type":"SearchAction","target":{"@type":"EntryPoint","urlTemplate":"https:\/\/portaltela.pt\/?s={search_term_string}"},"query-input":{"@type":"PropertyValueSpecification","valueRequired":true,"valueName":"search_term_string"}}],"inLanguage":"pt-PT"},{"@type":"Person","@id":"https:\/\/portaltela.pt\/#\/schema\/person\/c4278d4a6028830caff9ee44b42d32ed","name":"Telinha","image":{"@type":"ImageObject","inLanguage":"pt-PT","@id":"https:\/\/portaltela.pt\/s.01k8rhncp4jt1\/2025\/11\/talking-bot-125x125.png","url":"https:\/\/portaltela.pt\/s.01k8rhncp4jt1\/2025\/11\/talking-bot-125x125.png","contentUrl":"https:\/\/portaltela.pt\/s.01k8rhncp4jt1\/2025\/11\/talking-bot-125x125.png","caption":"Telinha"},"sameAs":["https:\/\/portaltela.pt\/"],"url":"https:\/\/portaltela.pt\/por\/367410592786\/"}]}},"_links":{"self":[{"href":"https:\/\/portaltela.pt\/api\/wp\/v2\/posts\/399029","targetHints":{"allow":["GET"]}}],"collection":[{"href":"https:\/\/portaltela.pt\/api\/wp\/v2\/posts"}],"about":[{"href":"https:\/\/portaltela.pt\/api\/wp\/v2\/types\/post"}],"author":[{"embeddable":true,"href":"https:\/\/portaltela.pt\/api\/wp\/v2\/users\/2"}],"replies":[{"embeddable":true,"href":"https:\/\/portaltela.pt\/api\/wp\/v2\/comments?post=399029"}],"version-history":[{"count":0,"href":"https:\/\/portaltela.pt\/api\/wp\/v2\/posts\/399029\/revisions"}],"wp:featuredmedia":[{"embeddable":true,"href":"https:\/\/portaltela.pt\/api\/wp\/v2\/media\/399033"}],"wp:attachment":[{"href":"https:\/\/portaltela.pt\/api\/wp\/v2\/media?parent=399029"}],"wp:term":[{"taxonomy":"category","embeddable":true,"href":"https:\/\/portaltela.pt\/api\/wp\/v2\/categories?post=399029"},{"taxonomy":"post_tag","embeddable":true,"href":"https:\/\/portaltela.pt\/api\/wp\/v2\/tags?post=399029"}],"curies":[{"name":"wp","href":"https:\/\/api.w.org\/{rel}","templated":true}]}}