{"id":399022,"date":"2026-03-05T14:28:00","date_gmt":"2026-03-05T17:28:00","guid":{"rendered":"https:\/\/portaltela.pt\/noticias\/2026\/03\/05\/britney-spears-detida-por-conducao-sob-influencia-de-alcool\/"},"modified":"2026-03-05T14:28:00","modified_gmt":"2026-03-05T17:28:00","slug":"britney-spears-detida-por-conducao-sob-influencia-de-alcool","status":"publish","type":"post","link":"https:\/\/portaltela.pt\/celebridades\/2026\/03\/05\/britney-spears-detida-por-conducao-sob-influencia-de-alcool\/","title":{"rendered":"Britney Spears detida por condu\u00e7\u00e3o sob influ\u00eancia de \u00e1lcool"},"content":{"rendered":"<p>Britney Spears foi detida na noite de quarta-feira, na cidade de Ventura, Calif\u00f3rnia, sob a suspeita de conduzir sob influ\u00eancia de \u00e1lcool. A informa\u00e7\u00e3o foi adiantada pelo TMZ e confirmada pelo Gabinete do Xerife local junto da People. A cantora, de 44 anos, dever\u00e1 apresentar-se em tribunal a 4 de maio.<\/p>\n<p>Segundo registos oficiais, a deten\u00e7\u00e3o ocorreu na madrugada de quinta-feira, no condado de Ventura. A equipa de comunica\u00e7\u00e3o de Spears descreveu o incidente como infeliz e imperdo\u00e1vel, assegurando que a artista tomar\u00e1 as atitudes adequadas para cumprir a lei e procurar o apoio necess\u00e1rio.<\/p>\n<p>A not\u00edcia ocorre num contexto hist\u00f3rico de tutela legal que envolveu Spears desde 2008, ap\u00f3s um colapso p\u00fablico e interna\u00e7\u00e3o compulsiva. O acordo de tutela foi, mais tarde, confirmado pelo tribunal em 2021, com o pai a acumular fun\u00e7\u00f5es de tutor e de gest\u00e3o patrimonial, at\u00e9 \u00e0 sa\u00edda parcial deste cargo em 2019.<\/p>\n<h3>Contexto da Tutela<\/h3>\n<p>Jamie Spears geriu a fortuna de cerca de 60 milh\u00f5es de d\u00f3lares e a vida pessoal da artista durante quase 14 anos. A tutela foi resolvida parcialmente em 2019, quando Spears passou a contar com a curadoria da fortuna por parte de uma agente designada, mantendo ainda responsabilidades m\u00e9dicas sob supervis\u00e3o. A nova deten\u00e7\u00e3o coloca novamente o foco p\u00fablico na situa\u00e7\u00e3o legal da cantora.<\/p>\n","protected":false},"excerpt":{"rendered":"<ul>\n<li>Britney Spears, de 44 anos, foi detida em Ventura, Calif\u00f3rnia, sob suspeita de condu\u00e7\u00e3o sob influ\u00eancia de \u00e1lcool.<\/li>\n<li>A deten\u00e7\u00e3o ocorreu na noite de quarta-feira, madrugada em Lisboa, e ter\u00e1 de se apresentar em tribunal a 4 de maio.<\/li>\n<li>Um representante da cantora descreveu o incidente como infeliz e afirmou que ela vai cumprir a lei e procurar apoio.<\/li>\n<li>Spears esteve envolvida numa luta judicial pela autodetermina\u00e7\u00e3o, com a tutela atribu\u00edda em novembro de 2021.<\/li>\n<li>A tutela foi gerida pelo pai, Jamie Spears, que supervisionava um patrim\u00f3nio estimado em 60 milh\u00f5es de d\u00f3lares.<\/li>\n<\/ul>\n","protected":false},"author":2,"featured_media":399024,"comment_status":"closed","ping_status":"closed","sticky":false,"template":"","format":"standard","meta":{"footnotes":""},"categories":[6675],"tags":[6681,76,5710,147,41,52],"class_list":["post-399022","post","type-post","status-publish","format-standard","has-post-thumbnail","hentry","category-celebridades","tag-britney-spears","tag-celebridades","tag-conducao-sob-efeito-do-alcool","tag-crime","tag-noticia","tag-tribunal"],"yoast_head":"<!-- This site is optimized with the Yoast SEO plugin v27.2 - https:\/\/yoast.com\/product\/yoast-seo-wordpress\/ -->\n<title>Britney Spears detida por condu\u00e7\u00e3o sob influ\u00eancia de \u00e1lcool - Portal Tela Portugal<\/title>\n<meta name=\"robots\" content=\"index, follow, max-snippet:-1, max-image-preview:large, max-video-preview:-1\" \/>\n<meta property=\"og:locale\" content=\"pt_PT\" \/>\n<meta property=\"og:type\" content=\"article\" \/>\n<meta property=\"og:title\" content=\"Britney Spears detida por condu\u00e7\u00e3o sob influ\u00eancia de \u00e1lcool - Portal Tela Portugal\" \/>\n<meta property=\"og:description\" content=\"Britney Spears, de 44 anos, foi detida em Ventura, Calif\u00f3rnia, sob suspeita de condu\u00e7\u00e3o sob influ\u00eancia de \u00e1lcool. A deten\u00e7\u00e3o ocorreu na noite de quarta-feira, madrugada em Lisboa, e ter\u00e1 de se apresentar em tribunal a 4 de maio. Um representante da cantora descreveu o incidente como infeliz e afirmou que ela vai cumprir a lei e procurar apoio. Spears esteve envolvida numa luta judicial pela autodetermina\u00e7\u00e3o, com a tutela atribu\u00edda em novembro de 2021. A tutela foi gerida pelo pai, Jamie Spears, que supervisionava um patrim\u00f3nio estimado em 60 milh\u00f5es de d\u00f3lares.\" \/>\n<meta property=\"og:url\" content=\"https:\/\/portaltela.pt\/noticias\/2026\/03\/05\/britney-spears-detida-por-conducao-sob-influencia-de-alcool\/\" \/>\n<meta property=\"og:site_name\" content=\"Portal Tela Portugal\" \/>\n<meta property=\"article:published_time\" content=\"2026-03-05T17:28:00+00:00\" \/>\n<meta name=\"author\" content=\"Telinha\" \/>\n<meta name=\"twitter:card\" content=\"summary_large_image\" \/>\n<meta name=\"twitter:label1\" content=\"Escrito por\" \/>\n\t<meta name=\"twitter:data1\" content=\"Telinha\" \/>\n\t<meta name=\"twitter:label2\" content=\"Tempo estimado de leitura\" \/>\n\t<meta name=\"twitter:data2\" content=\"1 minuto\" \/>\n<script type=\"application\/ld+json\" class=\"yoast-schema-graph\">{\"@context\":\"https:\/\/schema.org\",\"@graph\":[{\"@type\":\"Article\",\"@id\":\"https:\/\/portaltela.pt\/noticias\/2026\/03\/05\/britney-spears-detida-por-conducao-sob-influencia-de-alcool\/#article\",\"isPartOf\":{\"@id\":\"https:\/\/portaltela.pt\/noticias\/2026\/03\/05\/britney-spears-detida-por-conducao-sob-influencia-de-alcool\/\"},\"author\":{\"name\":\"Telinha\",\"@id\":\"https:\/\/portaltela.pt\/#\/schema\/person\/c4278d4a6028830caff9ee44b42d32ed\"},\"headline\":\"Britney Spears detida por condu\u00e7\u00e3o sob influ\u00eancia de \u00e1lcool\",\"datePublished\":\"2026-03-05T17:28:00+00:00\",\"mainEntityOfPage\":{\"@id\":\"https:\/\/portaltela.pt\/noticias\/2026\/03\/05\/britney-spears-detida-por-conducao-sob-influencia-de-alcool\/\"},\"wordCount\":239,\"image\":{\"@id\":\"https:\/\/portaltela.pt\/noticias\/2026\/03\/05\/britney-spears-detida-por-conducao-sob-influencia-de-alcool\/#primaryimage\"},\"thumbnailUrl\":\"https:\/\/portaltela.pt\/s.01k8rhncp4jt1\/2026\/03\/2072102.jpg\",\"keywords\":[\"Britney Spears\",\"celebridades\",\"condu\u00e7\u00e3o sob efeito do \u00e1lcool\",\"crime\",\"not\u00edcia\",\"tribunal\"],\"articleSection\":[\"Celebridades\"],\"inLanguage\":\"pt-PT\"},{\"@type\":\"WebPage\",\"@id\":\"https:\/\/portaltela.pt\/noticias\/2026\/03\/05\/britney-spears-detida-por-conducao-sob-influencia-de-alcool\/\",\"url\":\"https:\/\/portaltela.pt\/noticias\/2026\/03\/05\/britney-spears-detida-por-conducao-sob-influencia-de-alcool\/\",\"name\":\"Britney Spears detida por condu\u00e7\u00e3o sob influ\u00eancia de \u00e1lcool - Portal Tela Portugal\",\"isPartOf\":{\"@id\":\"https:\/\/portaltela.pt\/#website\"},\"primaryImageOfPage\":{\"@id\":\"https:\/\/portaltela.pt\/noticias\/2026\/03\/05\/britney-spears-detida-por-conducao-sob-influencia-de-alcool\/#primaryimage\"},\"image\":{\"@id\":\"https:\/\/portaltela.pt\/noticias\/2026\/03\/05\/britney-spears-detida-por-conducao-sob-influencia-de-alcool\/#primaryimage\"},\"thumbnailUrl\":\"https:\/\/portaltela.pt\/s.01k8rhncp4jt1\/2026\/03\/2072102.jpg\",\"datePublished\":\"2026-03-05T17:28:00+00:00\",\"author\":{\"@id\":\"https:\/\/portaltela.pt\/#\/schema\/person\/c4278d4a6028830caff9ee44b42d32ed\"},\"breadcrumb\":{\"@id\":\"https:\/\/portaltela.pt\/noticias\/2026\/03\/05\/britney-spears-detida-por-conducao-sob-influencia-de-alcool\/#breadcrumb\"},\"inLanguage\":\"pt-PT\",\"potentialAction\":[{\"@type\":\"ReadAction\",\"target\":[\"https:\/\/portaltela.pt\/noticias\/2026\/03\/05\/britney-spears-detida-por-conducao-sob-influencia-de-alcool\/\"]}]},{\"@type\":\"ImageObject\",\"inLanguage\":\"pt-PT\",\"@id\":\"https:\/\/portaltela.pt\/noticias\/2026\/03\/05\/britney-spears-detida-por-conducao-sob-influencia-de-alcool\/#primaryimage\",\"url\":\"https:\/\/portaltela.pt\/s.01k8rhncp4jt1\/2026\/03\/2072102.jpg\",\"contentUrl\":\"https:\/\/portaltela.pt\/s.01k8rhncp4jt1\/2026\/03\/2072102.jpg\",\"width\":796,\"height\":448,\"caption\":\"Britney Spears na estreia de *Era Uma Vez... em Hollywood*, em Los Angeles, Calif\u00f3rnia, a 22 de Julho de 2019\"},{\"@type\":\"BreadcrumbList\",\"@id\":\"https:\/\/portaltela.pt\/noticias\/2026\/03\/05\/britney-spears-detida-por-conducao-sob-influencia-de-alcool\/#breadcrumb\",\"itemListElement\":[{\"@type\":\"ListItem\",\"position\":1,\"name\":\"In\u00edcio\",\"item\":\"https:\/\/portaltela.pt\/\"},{\"@type\":\"ListItem\",\"position\":2,\"name\":\"Britney Spears detida por condu\u00e7\u00e3o sob influ\u00eancia de \u00e1lcool\"}]},{\"@type\":\"WebSite\",\"@id\":\"https:\/\/portaltela.pt\/#website\",\"url\":\"https:\/\/portaltela.pt\/\",\"name\":\"Portal Tela Portugal\",\"description\":\"\",\"potentialAction\":[{\"@type\":\"SearchAction\",\"target\":{\"@type\":\"EntryPoint\",\"urlTemplate\":\"https:\/\/portaltela.pt\/?s={search_term_string}\"},\"query-input\":{\"@type\":\"PropertyValueSpecification\",\"valueRequired\":true,\"valueName\":\"search_term_string\"}}],\"inLanguage\":\"pt-PT\"},{\"@type\":\"Person\",\"@id\":\"https:\/\/portaltela.pt\/#\/schema\/person\/c4278d4a6028830caff9ee44b42d32ed\",\"name\":\"Telinha\",\"image\":{\"@type\":\"ImageObject\",\"inLanguage\":\"pt-PT\",\"@id\":\"https:\/\/portaltela.pt\/s.01k8rhncp4jt1\/2025\/11\/talking-bot-125x125.png\",\"url\":\"https:\/\/portaltela.pt\/s.01k8rhncp4jt1\/2025\/11\/talking-bot-125x125.png\",\"contentUrl\":\"https:\/\/portaltela.pt\/s.01k8rhncp4jt1\/2025\/11\/talking-bot-125x125.png\",\"caption\":\"Telinha\"},\"sameAs\":[\"https:\/\/portaltela.pt\/\"],\"url\":\"https:\/\/portaltela.pt\/por\/367410592786\/\"}]}<\/script>\n<!-- \/ Yoast SEO plugin. -->","yoast_head_json":{"title":"Britney Spears detida por condu\u00e7\u00e3o sob influ\u00eancia de \u00e1lcool - Portal Tela Portugal","robots":{"index":"index","follow":"follow","max-snippet":"max-snippet:-1","max-image-preview":"max-image-preview:large","max-video-preview":"max-video-preview:-1"},"og_locale":"pt_PT","og_type":"article","og_title":"Britney Spears detida por condu\u00e7\u00e3o sob influ\u00eancia de \u00e1lcool - Portal Tela Portugal","og_description":"Britney Spears, de 44 anos, foi detida em Ventura, Calif\u00f3rnia, sob suspeita de condu\u00e7\u00e3o sob influ\u00eancia de \u00e1lcool. A deten\u00e7\u00e3o ocorreu na noite de quarta-feira, madrugada em Lisboa, e ter\u00e1 de se apresentar em tribunal a 4 de maio. Um representante da cantora descreveu o incidente como infeliz e afirmou que ela vai cumprir a lei e procurar apoio. Spears esteve envolvida numa luta judicial pela autodetermina\u00e7\u00e3o, com a tutela atribu\u00edda em novembro de 2021. A tutela foi gerida pelo pai, Jamie Spears, que supervisionava um patrim\u00f3nio estimado em 60 milh\u00f5es de d\u00f3lares.","og_url":"https:\/\/portaltela.pt\/noticias\/2026\/03\/05\/britney-spears-detida-por-conducao-sob-influencia-de-alcool\/","og_site_name":"Portal Tela Portugal","article_published_time":"2026-03-05T17:28:00+00:00","author":"Telinha","twitter_card":"summary_large_image","twitter_misc":{"Escrito por":"Telinha","Tempo estimado de leitura":"1 minuto"},"schema":{"@context":"https:\/\/schema.org","@graph":[{"@type":"Article","@id":"https:\/\/portaltela.pt\/noticias\/2026\/03\/05\/britney-spears-detida-por-conducao-sob-influencia-de-alcool\/#article","isPartOf":{"@id":"https:\/\/portaltela.pt\/noticias\/2026\/03\/05\/britney-spears-detida-por-conducao-sob-influencia-de-alcool\/"},"author":{"name":"Telinha","@id":"https:\/\/portaltela.pt\/#\/schema\/person\/c4278d4a6028830caff9ee44b42d32ed"},"headline":"Britney Spears detida por condu\u00e7\u00e3o sob influ\u00eancia de \u00e1lcool","datePublished":"2026-03-05T17:28:00+00:00","mainEntityOfPage":{"@id":"https:\/\/portaltela.pt\/noticias\/2026\/03\/05\/britney-spears-detida-por-conducao-sob-influencia-de-alcool\/"},"wordCount":239,"image":{"@id":"https:\/\/portaltela.pt\/noticias\/2026\/03\/05\/britney-spears-detida-por-conducao-sob-influencia-de-alcool\/#primaryimage"},"thumbnailUrl":"https:\/\/portaltela.pt\/s.01k8rhncp4jt1\/2026\/03\/2072102.jpg","keywords":["Britney Spears","celebridades","condu\u00e7\u00e3o sob efeito do \u00e1lcool","crime","not\u00edcia","tribunal"],"articleSection":["Celebridades"],"inLanguage":"pt-PT"},{"@type":"WebPage","@id":"https:\/\/portaltela.pt\/noticias\/2026\/03\/05\/britney-spears-detida-por-conducao-sob-influencia-de-alcool\/","url":"https:\/\/portaltela.pt\/noticias\/2026\/03\/05\/britney-spears-detida-por-conducao-sob-influencia-de-alcool\/","name":"Britney Spears detida por condu\u00e7\u00e3o sob influ\u00eancia de \u00e1lcool - Portal Tela Portugal","isPartOf":{"@id":"https:\/\/portaltela.pt\/#website"},"primaryImageOfPage":{"@id":"https:\/\/portaltela.pt\/noticias\/2026\/03\/05\/britney-spears-detida-por-conducao-sob-influencia-de-alcool\/#primaryimage"},"image":{"@id":"https:\/\/portaltela.pt\/noticias\/2026\/03\/05\/britney-spears-detida-por-conducao-sob-influencia-de-alcool\/#primaryimage"},"thumbnailUrl":"https:\/\/portaltela.pt\/s.01k8rhncp4jt1\/2026\/03\/2072102.jpg","datePublished":"2026-03-05T17:28:00+00:00","author":{"@id":"https:\/\/portaltela.pt\/#\/schema\/person\/c4278d4a6028830caff9ee44b42d32ed"},"breadcrumb":{"@id":"https:\/\/portaltela.pt\/noticias\/2026\/03\/05\/britney-spears-detida-por-conducao-sob-influencia-de-alcool\/#breadcrumb"},"inLanguage":"pt-PT","potentialAction":[{"@type":"ReadAction","target":["https:\/\/portaltela.pt\/noticias\/2026\/03\/05\/britney-spears-detida-por-conducao-sob-influencia-de-alcool\/"]}]},{"@type":"ImageObject","inLanguage":"pt-PT","@id":"https:\/\/portaltela.pt\/noticias\/2026\/03\/05\/britney-spears-detida-por-conducao-sob-influencia-de-alcool\/#primaryimage","url":"https:\/\/portaltela.pt\/s.01k8rhncp4jt1\/2026\/03\/2072102.jpg","contentUrl":"https:\/\/portaltela.pt\/s.01k8rhncp4jt1\/2026\/03\/2072102.jpg","width":796,"height":448,"caption":"Britney Spears na estreia de *Era Uma Vez... em Hollywood*, em Los Angeles, Calif\u00f3rnia, a 22 de Julho de 2019"},{"@type":"BreadcrumbList","@id":"https:\/\/portaltela.pt\/noticias\/2026\/03\/05\/britney-spears-detida-por-conducao-sob-influencia-de-alcool\/#breadcrumb","itemListElement":[{"@type":"ListItem","position":1,"name":"In\u00edcio","item":"https:\/\/portaltela.pt\/"},{"@type":"ListItem","position":2,"name":"Britney Spears detida por condu\u00e7\u00e3o sob influ\u00eancia de \u00e1lcool"}]},{"@type":"WebSite","@id":"https:\/\/portaltela.pt\/#website","url":"https:\/\/portaltela.pt\/","name":"Portal Tela Portugal","description":"","potentialAction":[{"@type":"SearchAction","target":{"@type":"EntryPoint","urlTemplate":"https:\/\/portaltela.pt\/?s={search_term_string}"},"query-input":{"@type":"PropertyValueSpecification","valueRequired":true,"valueName":"search_term_string"}}],"inLanguage":"pt-PT"},{"@type":"Person","@id":"https:\/\/portaltela.pt\/#\/schema\/person\/c4278d4a6028830caff9ee44b42d32ed","name":"Telinha","image":{"@type":"ImageObject","inLanguage":"pt-PT","@id":"https:\/\/portaltela.pt\/s.01k8rhncp4jt1\/2025\/11\/talking-bot-125x125.png","url":"https:\/\/portaltela.pt\/s.01k8rhncp4jt1\/2025\/11\/talking-bot-125x125.png","contentUrl":"https:\/\/portaltela.pt\/s.01k8rhncp4jt1\/2025\/11\/talking-bot-125x125.png","caption":"Telinha"},"sameAs":["https:\/\/portaltela.pt\/"],"url":"https:\/\/portaltela.pt\/por\/367410592786\/"}]}},"_links":{"self":[{"href":"https:\/\/portaltela.pt\/api\/wp\/v2\/posts\/399022","targetHints":{"allow":["GET"]}}],"collection":[{"href":"https:\/\/portaltela.pt\/api\/wp\/v2\/posts"}],"about":[{"href":"https:\/\/portaltela.pt\/api\/wp\/v2\/types\/post"}],"author":[{"embeddable":true,"href":"https:\/\/portaltela.pt\/api\/wp\/v2\/users\/2"}],"replies":[{"embeddable":true,"href":"https:\/\/portaltela.pt\/api\/wp\/v2\/comments?post=399022"}],"version-history":[{"count":0,"href":"https:\/\/portaltela.pt\/api\/wp\/v2\/posts\/399022\/revisions"}],"wp:featuredmedia":[{"embeddable":true,"href":"https:\/\/portaltela.pt\/api\/wp\/v2\/media\/399024"}],"wp:attachment":[{"href":"https:\/\/portaltela.pt\/api\/wp\/v2\/media?parent=399022"}],"wp:term":[{"taxonomy":"category","embeddable":true,"href":"https:\/\/portaltela.pt\/api\/wp\/v2\/categories?post=399022"},{"taxonomy":"post_tag","embeddable":true,"href":"https:\/\/portaltela.pt\/api\/wp\/v2\/tags?post=399022"}],"curies":[{"name":"wp","href":"https:\/\/api.w.org\/{rel}","templated":true}]}}