{"id":398993,"date":"2026-03-05T14:19:00","date_gmt":"2026-03-05T17:19:00","guid":{"rendered":"https:\/\/portaltela.pt\/noticias\/2026\/03\/05\/montenegro-desafia-passos-marcelo-leva-vhils-a-belem\/"},"modified":"2026-03-05T14:19:00","modified_gmt":"2026-03-05T17:19:00","slug":"montenegro-desafia-passos-marcelo-leva-vhils-a-belem","status":"publish","type":"post","link":"https:\/\/portaltela.pt\/noticias\/politica\/2026\/03\/05\/montenegro-desafia-passos-marcelo-leva-vhils-a-belem\/","title":{"rendered":"Montenegro desafia Passos; Marcelo leva Vhils a Bel\u00e9m"},"content":{"rendered":"<p>O P\u00fablico destaca um epis\u00f3dio com v\u00e1rias linhas paralelas da pol\u00edtica portuguesa. A edi\u00e7\u00e3o de anivers\u00e1rio, com 36 anos, sublinha uma doa\u00e7\u00e3o de 10% do valor aos desalojados de Leiria. A publica\u00e7\u00e3o tamb\u00e9m convida \u00e0 assinatura anual.<\/p>\n<p>O programa envolve David Santiago, S\u00e3o Jos\u00e9 Almeida e Susete Francisco, com apresenta\u00e7\u00e3o de S\u00f3nia Sapage. O tema da semana inclui o impacto do ataque ao Ir\u00e3o e o papel de uma personalidade do PSD que vinha mantendo reservas p\u00fablicas.<\/p>\n<p>A narrativa central cruza pol\u00edtica interna, rela\u00e7\u00f5es internacionais e cultura, num mosaico que inclui a leitura de acontecimentos recentes e a gest\u00e3o de crises que moldam o debate p\u00fablico.<\/p>\n<h3>Contexto pol\u00edtico e PSD<\/h3>\n<p>Montenegro desafiou Passos Coelho a clarificar posi\u00e7\u00f5es, chegando a defender elei\u00e7\u00f5es diretas em maio. A fala aponta para uma disputa de lideran\u00e7a dentro do PSD e coloca em foco o espa\u00e7o da centro-direita.<\/p>\n<p>Passos Coelho sugeriu que a AB devia ter harmonizado acordos com o Chega e a IL, o que gerou perguntas sobre o destino do PSD. A imprensa analisa se Passos representa uma alternativa vi\u00e1vel ao grupo de Montenegro.<\/p>\n<p>Outra linha do debate envolve a atua\u00e7\u00e3o do PSD no contexto de instabilidade regional, com foco na leitura de cen\u00e1rios futuros e na gest\u00e3o de alian\u00e7as para com o governo.<\/p>\n<h3>Assuntos internacionais e Base de Lajes<\/h3>\n<p>A Base das Lajes, nos A\u00e7ores, volta a ganhar relev\u00e2ncia num quadro de tens\u00f5es com o Ir\u00e3o. O governo \u00e9 questionado sobre transpar\u00eancia e custos pol\u00edticos da decis\u00e3o de uso, defendendo ou ajustando pol\u00edticas de coopera\u00e7\u00e3o com os EUA.<\/p>\n<p>O ministro dos Neg\u00f3cios Estrangeiros, Paulo Rangel, refor\u00e7a que a pol\u00edtica externa est\u00e1 em an\u00e1lise cont\u00ednua face \u00e0 conjuntura no M\u00e9dio Oriente e na Ucr\u00e2nia. O tema \u00e9 discutido como parte de uma estrat\u00e9gia diplom\u00e1tica mais ampla.<\/p>\n<h3>Governo, presid\u00eancia e legado<\/h3>\n<p>Ao apagar das luzes do mandato de Marcelo Rebelo de Sousa, aguarda-se a tomada de posse de Ant\u00f3nio Jos\u00e9 Seguro. O presidente escolheu um retrato oficial de VHils, composto por recortes de imprensa, para marcar o desfecho do seu ciclo.<\/p>\n<p>A obra, anunciada pelo jornal, n\u00e3o \u00e9 uma pintura tradicional, mas uma narrativa visual que sintetiza o percurso presidencial. A escolha \u00e9 interpretada como uma forma de mem\u00f3ria p\u00fablica, sem confirma\u00e7\u00e3o de desfechos.<\/p>\n<p>O epis\u00f3dio encerra com o fechamento habitual do P\u00fablico &amp; Not\u00f3rio, sem incluir opini\u00f5es ou conclus\u00f5es do redator.<\/p>\n","protected":false},"excerpt":{"rendered":"<ul>\n<li>Lu\u00eds Montenegro desafiou Passos Coelho ao propor elei\u00e7\u00f5es diretas em maio, pedindo que Passos se apresente como alternativa \u00e0 lideran\u00e7a do PSD.<\/li>\n<li>No debate quinzenal, assistiu-se a d\u00favidas sobre a lideran\u00e7a do PSD e o papel de Passos na centro-direita, gerando leitura de fragilidade ou autoridade.<\/li>\n<li>A Base das Lajes, nos A\u00e7ores, volta a ganhar relev\u00e2ncia em contexto de ataque ao Ir\u00e3o, com custo pol\u00edtico potencial para o Governo.<\/li>\n<li>O Governo debate os \u00faltimos dias de mandato de Marcelo Rebelo de Sousa; o sucessor Ant\u00f3nio Jos\u00e9 Seguro toma posse a 9 de mar\u00e7o, e Marcelo optou por um retrato oficial de Vhils, feito a partir de recortes de imprensa.<\/li>\n<li>Participam no epis\u00f3dio David Santiago, S\u00e3o Jos\u00e9 Almeida e Susete Francisco; a edi\u00e7\u00e3o de anivers\u00e1rio, com 36 anos, devolve 10% do valor para apoiar desalojados de Leiria.<\/li>\n<\/ul>\n","protected":false},"author":2,"featured_media":399001,"comment_status":"closed","ping_status":"closed","sticky":false,"template":"","format":"standard","meta":{"footnotes":""},"categories":[1,5],"tags":[822,3153,2832,30,3695,5367],"class_list":["post-398993","post","type-post","status-publish","format-standard","has-post-thumbnail","hentry","category-noticias","category-politica","tag-acores","tag-ira","tag-politica","tag-presidente","tag-psd","tag-vhils"],"yoast_head":"<!-- This site is optimized with the Yoast SEO plugin v27.2 - https:\/\/yoast.com\/product\/yoast-seo-wordpress\/ -->\n<title>Montenegro desafia Passos; Marcelo leva Vhils a Bel\u00e9m - Portal Tela Portugal<\/title>\n<meta name=\"robots\" content=\"index, follow, max-snippet:-1, max-image-preview:large, max-video-preview:-1\" \/>\n<meta property=\"og:locale\" content=\"pt_PT\" \/>\n<meta property=\"og:type\" content=\"article\" \/>\n<meta property=\"og:title\" content=\"Montenegro desafia Passos; Marcelo leva Vhils a Bel\u00e9m - Portal Tela Portugal\" \/>\n<meta property=\"og:description\" content=\"Lu\u00eds Montenegro desafiou Passos Coelho ao propor elei\u00e7\u00f5es diretas em maio, pedindo que Passos se apresente como alternativa \u00e0 lideran\u00e7a do PSD. No debate quinzenal, assistiu-se a d\u00favidas sobre a lideran\u00e7a do PSD e o papel de Passos na centro-direita, gerando leitura de fragilidade ou autoridade. A Base das Lajes, nos A\u00e7ores, volta a ganhar relev\u00e2ncia em contexto de ataque ao Ir\u00e3o, com custo pol\u00edtico potencial para o Governo. O Governo debate os \u00faltimos dias de mandato de Marcelo Rebelo de Sousa; o sucessor Ant\u00f3nio Jos\u00e9 Seguro toma posse a 9 de mar\u00e7o, e Marcelo optou por um retrato oficial de Vhils, feito a partir de recortes de imprensa. Participam no epis\u00f3dio David Santiago, S\u00e3o Jos\u00e9 Almeida e Susete Francisco; a edi\u00e7\u00e3o de anivers\u00e1rio, com 36 anos, devolve 10% do valor para apoiar desalojados de Leiria.\" \/>\n<meta property=\"og:url\" content=\"https:\/\/portaltela.pt\/noticias\/2026\/03\/05\/montenegro-desafia-passos-marcelo-leva-vhils-a-belem\/\" \/>\n<meta property=\"og:site_name\" content=\"Portal Tela Portugal\" \/>\n<meta property=\"article:published_time\" content=\"2026-03-05T17:19:00+00:00\" \/>\n<meta name=\"author\" content=\"Telinha\" \/>\n<meta name=\"twitter:card\" content=\"summary_large_image\" \/>\n<meta name=\"twitter:label1\" content=\"Escrito por\" \/>\n\t<meta name=\"twitter:data1\" content=\"Telinha\" \/>\n\t<meta name=\"twitter:label2\" content=\"Tempo estimado de leitura\" \/>\n\t<meta name=\"twitter:data2\" content=\"2 minutos\" \/>\n<script type=\"application\/ld+json\" class=\"yoast-schema-graph\">{\"@context\":\"https:\/\/schema.org\",\"@graph\":[{\"@type\":\"Article\",\"@id\":\"https:\/\/portaltela.pt\/noticias\/2026\/03\/05\/montenegro-desafia-passos-marcelo-leva-vhils-a-belem\/#article\",\"isPartOf\":{\"@id\":\"https:\/\/portaltela.pt\/noticias\/2026\/03\/05\/montenegro-desafia-passos-marcelo-leva-vhils-a-belem\/\"},\"author\":{\"name\":\"Telinha\",\"@id\":\"https:\/\/portaltela.pt\/#\/schema\/person\/c4278d4a6028830caff9ee44b42d32ed\"},\"headline\":\"Montenegro desafia Passos; Marcelo leva Vhils a Bel\u00e9m\",\"datePublished\":\"2026-03-05T17:19:00+00:00\",\"mainEntityOfPage\":{\"@id\":\"https:\/\/portaltela.pt\/noticias\/2026\/03\/05\/montenegro-desafia-passos-marcelo-leva-vhils-a-belem\/\"},\"wordCount\":446,\"image\":{\"@id\":\"https:\/\/portaltela.pt\/noticias\/2026\/03\/05\/montenegro-desafia-passos-marcelo-leva-vhils-a-belem\/#primaryimage\"},\"thumbnailUrl\":\"https:\/\/portaltela.pt\/s.01k8rhncp4jt1\/2026\/03\/2072033.jpg\",\"keywords\":[\"A\u00e7ores\",\"Ir\u00e3\",\"pol\u00edtica\",\"presidente\",\"PSD\",\"Vhils\"],\"articleSection\":[\"Not\u00edcias\",\"Pol\u00edtica\"],\"inLanguage\":\"pt-PT\"},{\"@type\":\"WebPage\",\"@id\":\"https:\/\/portaltela.pt\/noticias\/2026\/03\/05\/montenegro-desafia-passos-marcelo-leva-vhils-a-belem\/\",\"url\":\"https:\/\/portaltela.pt\/noticias\/2026\/03\/05\/montenegro-desafia-passos-marcelo-leva-vhils-a-belem\/\",\"name\":\"Montenegro desafia Passos; Marcelo leva Vhils a Bel\u00e9m - Portal Tela Portugal\",\"isPartOf\":{\"@id\":\"https:\/\/portaltela.pt\/#website\"},\"primaryImageOfPage\":{\"@id\":\"https:\/\/portaltela.pt\/noticias\/2026\/03\/05\/montenegro-desafia-passos-marcelo-leva-vhils-a-belem\/#primaryimage\"},\"image\":{\"@id\":\"https:\/\/portaltela.pt\/noticias\/2026\/03\/05\/montenegro-desafia-passos-marcelo-leva-vhils-a-belem\/#primaryimage\"},\"thumbnailUrl\":\"https:\/\/portaltela.pt\/s.01k8rhncp4jt1\/2026\/03\/2072033.jpg\",\"datePublished\":\"2026-03-05T17:19:00+00:00\",\"author\":{\"@id\":\"https:\/\/portaltela.pt\/#\/schema\/person\/c4278d4a6028830caff9ee44b42d32ed\"},\"breadcrumb\":{\"@id\":\"https:\/\/portaltela.pt\/noticias\/2026\/03\/05\/montenegro-desafia-passos-marcelo-leva-vhils-a-belem\/#breadcrumb\"},\"inLanguage\":\"pt-PT\",\"potentialAction\":[{\"@type\":\"ReadAction\",\"target\":[\"https:\/\/portaltela.pt\/noticias\/2026\/03\/05\/montenegro-desafia-passos-marcelo-leva-vhils-a-belem\/\"]}]},{\"@type\":\"ImageObject\",\"inLanguage\":\"pt-PT\",\"@id\":\"https:\/\/portaltela.pt\/noticias\/2026\/03\/05\/montenegro-desafia-passos-marcelo-leva-vhils-a-belem\/#primaryimage\",\"url\":\"https:\/\/portaltela.pt\/s.01k8rhncp4jt1\/2026\/03\/2072033.jpg\",\"contentUrl\":\"https:\/\/portaltela.pt\/s.01k8rhncp4jt1\/2026\/03\/2072033.jpg\",\"width\":796,\"height\":448,\"caption\":\"Photo\"},{\"@type\":\"BreadcrumbList\",\"@id\":\"https:\/\/portaltela.pt\/noticias\/2026\/03\/05\/montenegro-desafia-passos-marcelo-leva-vhils-a-belem\/#breadcrumb\",\"itemListElement\":[{\"@type\":\"ListItem\",\"position\":1,\"name\":\"In\u00edcio\",\"item\":\"https:\/\/portaltela.pt\/\"},{\"@type\":\"ListItem\",\"position\":2,\"name\":\"Montenegro desafia Passos; Marcelo leva Vhils a Bel\u00e9m\"}]},{\"@type\":\"WebSite\",\"@id\":\"https:\/\/portaltela.pt\/#website\",\"url\":\"https:\/\/portaltela.pt\/\",\"name\":\"Portal Tela Portugal\",\"description\":\"\",\"potentialAction\":[{\"@type\":\"SearchAction\",\"target\":{\"@type\":\"EntryPoint\",\"urlTemplate\":\"https:\/\/portaltela.pt\/?s={search_term_string}\"},\"query-input\":{\"@type\":\"PropertyValueSpecification\",\"valueRequired\":true,\"valueName\":\"search_term_string\"}}],\"inLanguage\":\"pt-PT\"},{\"@type\":\"Person\",\"@id\":\"https:\/\/portaltela.pt\/#\/schema\/person\/c4278d4a6028830caff9ee44b42d32ed\",\"name\":\"Telinha\",\"image\":{\"@type\":\"ImageObject\",\"inLanguage\":\"pt-PT\",\"@id\":\"https:\/\/portaltela.pt\/s.01k8rhncp4jt1\/2025\/11\/talking-bot-125x125.png\",\"url\":\"https:\/\/portaltela.pt\/s.01k8rhncp4jt1\/2025\/11\/talking-bot-125x125.png\",\"contentUrl\":\"https:\/\/portaltela.pt\/s.01k8rhncp4jt1\/2025\/11\/talking-bot-125x125.png\",\"caption\":\"Telinha\"},\"sameAs\":[\"https:\/\/portaltela.pt\/\"],\"url\":\"https:\/\/portaltela.pt\/por\/367410592786\/\"}]}<\/script>\n<!-- \/ Yoast SEO plugin. -->","yoast_head_json":{"title":"Montenegro desafia Passos; Marcelo leva Vhils a Bel\u00e9m - Portal Tela Portugal","robots":{"index":"index","follow":"follow","max-snippet":"max-snippet:-1","max-image-preview":"max-image-preview:large","max-video-preview":"max-video-preview:-1"},"og_locale":"pt_PT","og_type":"article","og_title":"Montenegro desafia Passos; Marcelo leva Vhils a Bel\u00e9m - Portal Tela Portugal","og_description":"Lu\u00eds Montenegro desafiou Passos Coelho ao propor elei\u00e7\u00f5es diretas em maio, pedindo que Passos se apresente como alternativa \u00e0 lideran\u00e7a do PSD. No debate quinzenal, assistiu-se a d\u00favidas sobre a lideran\u00e7a do PSD e o papel de Passos na centro-direita, gerando leitura de fragilidade ou autoridade. A Base das Lajes, nos A\u00e7ores, volta a ganhar relev\u00e2ncia em contexto de ataque ao Ir\u00e3o, com custo pol\u00edtico potencial para o Governo. O Governo debate os \u00faltimos dias de mandato de Marcelo Rebelo de Sousa; o sucessor Ant\u00f3nio Jos\u00e9 Seguro toma posse a 9 de mar\u00e7o, e Marcelo optou por um retrato oficial de Vhils, feito a partir de recortes de imprensa. Participam no epis\u00f3dio David Santiago, S\u00e3o Jos\u00e9 Almeida e Susete Francisco; a edi\u00e7\u00e3o de anivers\u00e1rio, com 36 anos, devolve 10% do valor para apoiar desalojados de Leiria.","og_url":"https:\/\/portaltela.pt\/noticias\/2026\/03\/05\/montenegro-desafia-passos-marcelo-leva-vhils-a-belem\/","og_site_name":"Portal Tela Portugal","article_published_time":"2026-03-05T17:19:00+00:00","author":"Telinha","twitter_card":"summary_large_image","twitter_misc":{"Escrito por":"Telinha","Tempo estimado de leitura":"2 minutos"},"schema":{"@context":"https:\/\/schema.org","@graph":[{"@type":"Article","@id":"https:\/\/portaltela.pt\/noticias\/2026\/03\/05\/montenegro-desafia-passos-marcelo-leva-vhils-a-belem\/#article","isPartOf":{"@id":"https:\/\/portaltela.pt\/noticias\/2026\/03\/05\/montenegro-desafia-passos-marcelo-leva-vhils-a-belem\/"},"author":{"name":"Telinha","@id":"https:\/\/portaltela.pt\/#\/schema\/person\/c4278d4a6028830caff9ee44b42d32ed"},"headline":"Montenegro desafia Passos; Marcelo leva Vhils a Bel\u00e9m","datePublished":"2026-03-05T17:19:00+00:00","mainEntityOfPage":{"@id":"https:\/\/portaltela.pt\/noticias\/2026\/03\/05\/montenegro-desafia-passos-marcelo-leva-vhils-a-belem\/"},"wordCount":446,"image":{"@id":"https:\/\/portaltela.pt\/noticias\/2026\/03\/05\/montenegro-desafia-passos-marcelo-leva-vhils-a-belem\/#primaryimage"},"thumbnailUrl":"https:\/\/portaltela.pt\/s.01k8rhncp4jt1\/2026\/03\/2072033.jpg","keywords":["A\u00e7ores","Ir\u00e3","pol\u00edtica","presidente","PSD","Vhils"],"articleSection":["Not\u00edcias","Pol\u00edtica"],"inLanguage":"pt-PT"},{"@type":"WebPage","@id":"https:\/\/portaltela.pt\/noticias\/2026\/03\/05\/montenegro-desafia-passos-marcelo-leva-vhils-a-belem\/","url":"https:\/\/portaltela.pt\/noticias\/2026\/03\/05\/montenegro-desafia-passos-marcelo-leva-vhils-a-belem\/","name":"Montenegro desafia Passos; Marcelo leva Vhils a Bel\u00e9m - Portal Tela Portugal","isPartOf":{"@id":"https:\/\/portaltela.pt\/#website"},"primaryImageOfPage":{"@id":"https:\/\/portaltela.pt\/noticias\/2026\/03\/05\/montenegro-desafia-passos-marcelo-leva-vhils-a-belem\/#primaryimage"},"image":{"@id":"https:\/\/portaltela.pt\/noticias\/2026\/03\/05\/montenegro-desafia-passos-marcelo-leva-vhils-a-belem\/#primaryimage"},"thumbnailUrl":"https:\/\/portaltela.pt\/s.01k8rhncp4jt1\/2026\/03\/2072033.jpg","datePublished":"2026-03-05T17:19:00+00:00","author":{"@id":"https:\/\/portaltela.pt\/#\/schema\/person\/c4278d4a6028830caff9ee44b42d32ed"},"breadcrumb":{"@id":"https:\/\/portaltela.pt\/noticias\/2026\/03\/05\/montenegro-desafia-passos-marcelo-leva-vhils-a-belem\/#breadcrumb"},"inLanguage":"pt-PT","potentialAction":[{"@type":"ReadAction","target":["https:\/\/portaltela.pt\/noticias\/2026\/03\/05\/montenegro-desafia-passos-marcelo-leva-vhils-a-belem\/"]}]},{"@type":"ImageObject","inLanguage":"pt-PT","@id":"https:\/\/portaltela.pt\/noticias\/2026\/03\/05\/montenegro-desafia-passos-marcelo-leva-vhils-a-belem\/#primaryimage","url":"https:\/\/portaltela.pt\/s.01k8rhncp4jt1\/2026\/03\/2072033.jpg","contentUrl":"https:\/\/portaltela.pt\/s.01k8rhncp4jt1\/2026\/03\/2072033.jpg","width":796,"height":448,"caption":"Photo"},{"@type":"BreadcrumbList","@id":"https:\/\/portaltela.pt\/noticias\/2026\/03\/05\/montenegro-desafia-passos-marcelo-leva-vhils-a-belem\/#breadcrumb","itemListElement":[{"@type":"ListItem","position":1,"name":"In\u00edcio","item":"https:\/\/portaltela.pt\/"},{"@type":"ListItem","position":2,"name":"Montenegro desafia Passos; Marcelo leva Vhils a Bel\u00e9m"}]},{"@type":"WebSite","@id":"https:\/\/portaltela.pt\/#website","url":"https:\/\/portaltela.pt\/","name":"Portal Tela Portugal","description":"","potentialAction":[{"@type":"SearchAction","target":{"@type":"EntryPoint","urlTemplate":"https:\/\/portaltela.pt\/?s={search_term_string}"},"query-input":{"@type":"PropertyValueSpecification","valueRequired":true,"valueName":"search_term_string"}}],"inLanguage":"pt-PT"},{"@type":"Person","@id":"https:\/\/portaltela.pt\/#\/schema\/person\/c4278d4a6028830caff9ee44b42d32ed","name":"Telinha","image":{"@type":"ImageObject","inLanguage":"pt-PT","@id":"https:\/\/portaltela.pt\/s.01k8rhncp4jt1\/2025\/11\/talking-bot-125x125.png","url":"https:\/\/portaltela.pt\/s.01k8rhncp4jt1\/2025\/11\/talking-bot-125x125.png","contentUrl":"https:\/\/portaltela.pt\/s.01k8rhncp4jt1\/2025\/11\/talking-bot-125x125.png","caption":"Telinha"},"sameAs":["https:\/\/portaltela.pt\/"],"url":"https:\/\/portaltela.pt\/por\/367410592786\/"}]}},"_links":{"self":[{"href":"https:\/\/portaltela.pt\/api\/wp\/v2\/posts\/398993","targetHints":{"allow":["GET"]}}],"collection":[{"href":"https:\/\/portaltela.pt\/api\/wp\/v2\/posts"}],"about":[{"href":"https:\/\/portaltela.pt\/api\/wp\/v2\/types\/post"}],"author":[{"embeddable":true,"href":"https:\/\/portaltela.pt\/api\/wp\/v2\/users\/2"}],"replies":[{"embeddable":true,"href":"https:\/\/portaltela.pt\/api\/wp\/v2\/comments?post=398993"}],"version-history":[{"count":0,"href":"https:\/\/portaltela.pt\/api\/wp\/v2\/posts\/398993\/revisions"}],"wp:featuredmedia":[{"embeddable":true,"href":"https:\/\/portaltela.pt\/api\/wp\/v2\/media\/399001"}],"wp:attachment":[{"href":"https:\/\/portaltela.pt\/api\/wp\/v2\/media?parent=398993"}],"wp:term":[{"taxonomy":"category","embeddable":true,"href":"https:\/\/portaltela.pt\/api\/wp\/v2\/categories?post=398993"},{"taxonomy":"post_tag","embeddable":true,"href":"https:\/\/portaltela.pt\/api\/wp\/v2\/tags?post=398993"}],"curies":[{"name":"wp","href":"https:\/\/api.w.org\/{rel}","templated":true}]}}