{"id":398992,"date":"2026-03-05T14:18:39","date_gmt":"2026-03-05T17:18:39","guid":{"rendered":"https:\/\/portaltela.pt\/noticias\/2026\/03\/05\/silaidopoulos-ve-mourinho-como-referencia-e-diz-que-todos-somos-ladroes\/"},"modified":"2026-03-05T14:18:39","modified_gmt":"2026-03-05T17:18:39","slug":"silaidopoulos-ve-mourinho-como-referencia-e-diz-que-todos-somos-ladroes","status":"publish","type":"post","link":"https:\/\/portaltela.pt\/desporto\/futebol\/2026\/03\/05\/silaidopoulos-ve-mourinho-como-referencia-e-diz-que-todos-somos-ladroes\/","title":{"rendered":"Silaidopoulos v\u00ea Mourinho como refer\u00eancia e diz que todos somos ladr\u00f5es"},"content":{"rendered":"<p>Sotiris Silaidopoulos, treinador do Rio Ave, foi protagonista da rubrica Homem do Leme da Liga TV. Na conversa, o t\u00e9cnico assumiu que olha para v\u00e1rias refer\u00eancias na carreira, incluindo Jos\u00e9 Mourinho que atualmente orienta o Benfica.<\/p>\n<p>O comentador revelou que, no mundo do treino, todos procuram aprender com quem j\u00e1 teve sucesso. Segundo ele, os grandes nomes da casa podem moldar a forma de trabalhar, sem perder a identidade pr\u00f3pria.<\/p>\n<p>Silaidopoulos destacou ainda Carlo Ancelotti, Pep Guardiola e J\u00fcrgen Klopp como refer\u00eancias. Afirmou que cada um tem tra\u00e7os \u00fanicos, desde a personalidade at\u00e9 a abordagem t\u00e1tica, que podem servir de inspira\u00e7\u00e3o para quem est\u00e1 na profiss\u00e3o.<\/p>\n","protected":false},"excerpt":{"rendered":"<ul>\n<li>Sotiris Silaidopoulos, treinador do Rio Ave, participou na rubrica &#8216;Homem do Leme&#8217; da Liga TV.<\/li>\n<li>Afirmou que todos os treinadores s\u00e3o &#8220;um pouco como ladr\u00f5es&#8221; porque tentam retirar ensinamentos das refer\u00eancias.<\/li>\n<li>Defendeu que \u00e9 essencial ter a pr\u00f3pria personalidade e car\u00e1cter, mesmo com influ\u00eancias de treino vitorioso.<\/li>\n<li>Destacou nomes como Carlo Ancelotti, Jos\u00e9 Mourinho, Pep Guardiola e J\u00fcrgen Klopp, elogiando a sua singularidade.<\/li>\n<li>A ideia central foi que as escolas de treino ajudam, mas cada treinador deve ser fiel ao seu estilo.<\/li>\n<\/ul>\n","protected":false},"author":2,"featured_media":398997,"comment_status":"closed","ping_status":"closed","sticky":false,"template":"","format":"standard","meta":{"footnotes":""},"categories":[21,24],"tags":[3218,32,2138,6686,6685,2190],"class_list":["post-398992","post","type-post","status-publish","format-standard","has-post-thumbnail","hentry","category-desporto","category-futebol","tag-carlo-ancelotti","tag-futebol","tag-jose-mourinho","tag-jurgen-klopp","tag-pep-guardiola","tag-rio-ave"],"yoast_head":"<!-- This site is optimized with the Yoast SEO plugin v27.2 - https:\/\/yoast.com\/product\/yoast-seo-wordpress\/ -->\n<title>Silaidopoulos v\u00ea Mourinho como refer\u00eancia e diz que todos somos ladr\u00f5es - Portal Tela Portugal<\/title>\n<meta name=\"robots\" content=\"index, follow, max-snippet:-1, max-image-preview:large, max-video-preview:-1\" \/>\n<meta property=\"og:locale\" content=\"pt_PT\" \/>\n<meta property=\"og:type\" content=\"article\" \/>\n<meta property=\"og:title\" content=\"Silaidopoulos v\u00ea Mourinho como refer\u00eancia e diz que todos somos ladr\u00f5es - Portal Tela Portugal\" \/>\n<meta property=\"og:description\" content=\"Sotiris Silaidopoulos, treinador do Rio Ave, participou na rubrica &#039;Homem do Leme&#039; da Liga TV. Afirmou que todos os treinadores s\u00e3o &quot;um pouco como ladr\u00f5es&quot; porque tentam retirar ensinamentos das refer\u00eancias. Defendeu que \u00e9 essencial ter a pr\u00f3pria personalidade e car\u00e1cter, mesmo com influ\u00eancias de treino vitorioso. Destacou nomes como Carlo Ancelotti, Jos\u00e9 Mourinho, Pep Guardiola e J\u00fcrgen Klopp, elogiando a sua singularidade. A ideia central foi que as escolas de treino ajudam, mas cada treinador deve ser fiel ao seu estilo.\" \/>\n<meta property=\"og:url\" content=\"https:\/\/portaltela.pt\/noticias\/2026\/03\/05\/silaidopoulos-ve-mourinho-como-referencia-e-diz-que-todos-somos-ladroes\/\" \/>\n<meta property=\"og:site_name\" content=\"Portal Tela Portugal\" \/>\n<meta property=\"article:published_time\" content=\"2026-03-05T17:18:39+00:00\" \/>\n<meta name=\"author\" content=\"Telinha\" \/>\n<meta name=\"twitter:card\" content=\"summary_large_image\" \/>\n<meta name=\"twitter:label1\" content=\"Escrito por\" \/>\n\t<meta name=\"twitter:data1\" content=\"Telinha\" \/>\n\t<meta name=\"twitter:label2\" content=\"Tempo estimado de leitura\" \/>\n\t<meta name=\"twitter:data2\" content=\"1 minuto\" \/>\n<script type=\"application\/ld+json\" class=\"yoast-schema-graph\">{\"@context\":\"https:\/\/schema.org\",\"@graph\":[{\"@type\":\"Article\",\"@id\":\"https:\/\/portaltela.pt\/noticias\/2026\/03\/05\/silaidopoulos-ve-mourinho-como-referencia-e-diz-que-todos-somos-ladroes\/#article\",\"isPartOf\":{\"@id\":\"https:\/\/portaltela.pt\/noticias\/2026\/03\/05\/silaidopoulos-ve-mourinho-como-referencia-e-diz-que-todos-somos-ladroes\/\"},\"author\":{\"name\":\"Telinha\",\"@id\":\"https:\/\/portaltela.pt\/#\/schema\/person\/c4278d4a6028830caff9ee44b42d32ed\"},\"headline\":\"Silaidopoulos v\u00ea Mourinho como refer\u00eancia e diz que todos somos ladr\u00f5es\",\"datePublished\":\"2026-03-05T17:18:39+00:00\",\"mainEntityOfPage\":{\"@id\":\"https:\/\/portaltela.pt\/noticias\/2026\/03\/05\/silaidopoulos-ve-mourinho-como-referencia-e-diz-que-todos-somos-ladroes\/\"},\"wordCount\":129,\"image\":{\"@id\":\"https:\/\/portaltela.pt\/noticias\/2026\/03\/05\/silaidopoulos-ve-mourinho-como-referencia-e-diz-que-todos-somos-ladroes\/#primaryimage\"},\"thumbnailUrl\":\"https:\/\/portaltela.pt\/s.01k8rhncp4jt1\/2026\/03\/img_920x518uu2026-03-05-17-12-18-2425112-im-639083275762547216.jpg\",\"keywords\":[\"Carlo Ancelotti\",\"futebol\",\"Jos\u00e9 Mourinho\",\"J\u00fcrgen Klopp\",\"Pep Guardiola\",\"Rio Ave\"],\"articleSection\":[\"Desporto\",\"Futebol\"],\"inLanguage\":\"pt-PT\"},{\"@type\":\"WebPage\",\"@id\":\"https:\/\/portaltela.pt\/noticias\/2026\/03\/05\/silaidopoulos-ve-mourinho-como-referencia-e-diz-que-todos-somos-ladroes\/\",\"url\":\"https:\/\/portaltela.pt\/noticias\/2026\/03\/05\/silaidopoulos-ve-mourinho-como-referencia-e-diz-que-todos-somos-ladroes\/\",\"name\":\"Silaidopoulos v\u00ea Mourinho como refer\u00eancia e diz que todos somos ladr\u00f5es - Portal Tela Portugal\",\"isPartOf\":{\"@id\":\"https:\/\/portaltela.pt\/#website\"},\"primaryImageOfPage\":{\"@id\":\"https:\/\/portaltela.pt\/noticias\/2026\/03\/05\/silaidopoulos-ve-mourinho-como-referencia-e-diz-que-todos-somos-ladroes\/#primaryimage\"},\"image\":{\"@id\":\"https:\/\/portaltela.pt\/noticias\/2026\/03\/05\/silaidopoulos-ve-mourinho-como-referencia-e-diz-que-todos-somos-ladroes\/#primaryimage\"},\"thumbnailUrl\":\"https:\/\/portaltela.pt\/s.01k8rhncp4jt1\/2026\/03\/img_920x518uu2026-03-05-17-12-18-2425112-im-639083275762547216.jpg\",\"datePublished\":\"2026-03-05T17:18:39+00:00\",\"author\":{\"@id\":\"https:\/\/portaltela.pt\/#\/schema\/person\/c4278d4a6028830caff9ee44b42d32ed\"},\"breadcrumb\":{\"@id\":\"https:\/\/portaltela.pt\/noticias\/2026\/03\/05\/silaidopoulos-ve-mourinho-como-referencia-e-diz-que-todos-somos-ladroes\/#breadcrumb\"},\"inLanguage\":\"pt-PT\",\"potentialAction\":[{\"@type\":\"ReadAction\",\"target\":[\"https:\/\/portaltela.pt\/noticias\/2026\/03\/05\/silaidopoulos-ve-mourinho-como-referencia-e-diz-que-todos-somos-ladroes\/\"]}]},{\"@type\":\"ImageObject\",\"inLanguage\":\"pt-PT\",\"@id\":\"https:\/\/portaltela.pt\/noticias\/2026\/03\/05\/silaidopoulos-ve-mourinho-como-referencia-e-diz-que-todos-somos-ladroes\/#primaryimage\",\"url\":\"https:\/\/portaltela.pt\/s.01k8rhncp4jt1\/2026\/03\/img_920x518uu2026-03-05-17-12-18-2425112-im-639083275762547216.jpg\",\"contentUrl\":\"https:\/\/portaltela.pt\/s.01k8rhncp4jt1\/2026\/03\/img_920x518uu2026-03-05-17-12-18-2425112-im-639083275762547216.jpg\",\"width\":796,\"height\":448,\"caption\":\"Sotiris Silaidopoulos e Jos\u00e9 Mourinho no jogo entre Rio Ave e Benfica, em janeiro\"},{\"@type\":\"BreadcrumbList\",\"@id\":\"https:\/\/portaltela.pt\/noticias\/2026\/03\/05\/silaidopoulos-ve-mourinho-como-referencia-e-diz-que-todos-somos-ladroes\/#breadcrumb\",\"itemListElement\":[{\"@type\":\"ListItem\",\"position\":1,\"name\":\"In\u00edcio\",\"item\":\"https:\/\/portaltela.pt\/\"},{\"@type\":\"ListItem\",\"position\":2,\"name\":\"Silaidopoulos v\u00ea Mourinho como refer\u00eancia e diz que todos somos ladr\u00f5es\"}]},{\"@type\":\"WebSite\",\"@id\":\"https:\/\/portaltela.pt\/#website\",\"url\":\"https:\/\/portaltela.pt\/\",\"name\":\"Portal Tela Portugal\",\"description\":\"\",\"potentialAction\":[{\"@type\":\"SearchAction\",\"target\":{\"@type\":\"EntryPoint\",\"urlTemplate\":\"https:\/\/portaltela.pt\/?s={search_term_string}\"},\"query-input\":{\"@type\":\"PropertyValueSpecification\",\"valueRequired\":true,\"valueName\":\"search_term_string\"}}],\"inLanguage\":\"pt-PT\"},{\"@type\":\"Person\",\"@id\":\"https:\/\/portaltela.pt\/#\/schema\/person\/c4278d4a6028830caff9ee44b42d32ed\",\"name\":\"Telinha\",\"image\":{\"@type\":\"ImageObject\",\"inLanguage\":\"pt-PT\",\"@id\":\"https:\/\/portaltela.pt\/s.01k8rhncp4jt1\/2025\/11\/talking-bot-125x125.png\",\"url\":\"https:\/\/portaltela.pt\/s.01k8rhncp4jt1\/2025\/11\/talking-bot-125x125.png\",\"contentUrl\":\"https:\/\/portaltela.pt\/s.01k8rhncp4jt1\/2025\/11\/talking-bot-125x125.png\",\"caption\":\"Telinha\"},\"sameAs\":[\"https:\/\/portaltela.pt\/\"],\"url\":\"https:\/\/portaltela.pt\/por\/367410592786\/\"}]}<\/script>\n<!-- \/ Yoast SEO plugin. -->","yoast_head_json":{"title":"Silaidopoulos v\u00ea Mourinho como refer\u00eancia e diz que todos somos ladr\u00f5es - Portal Tela Portugal","robots":{"index":"index","follow":"follow","max-snippet":"max-snippet:-1","max-image-preview":"max-image-preview:large","max-video-preview":"max-video-preview:-1"},"og_locale":"pt_PT","og_type":"article","og_title":"Silaidopoulos v\u00ea Mourinho como refer\u00eancia e diz que todos somos ladr\u00f5es - Portal Tela Portugal","og_description":"Sotiris Silaidopoulos, treinador do Rio Ave, participou na rubrica 'Homem do Leme' da Liga TV. Afirmou que todos os treinadores s\u00e3o \"um pouco como ladr\u00f5es\" porque tentam retirar ensinamentos das refer\u00eancias. Defendeu que \u00e9 essencial ter a pr\u00f3pria personalidade e car\u00e1cter, mesmo com influ\u00eancias de treino vitorioso. Destacou nomes como Carlo Ancelotti, Jos\u00e9 Mourinho, Pep Guardiola e J\u00fcrgen Klopp, elogiando a sua singularidade. A ideia central foi que as escolas de treino ajudam, mas cada treinador deve ser fiel ao seu estilo.","og_url":"https:\/\/portaltela.pt\/noticias\/2026\/03\/05\/silaidopoulos-ve-mourinho-como-referencia-e-diz-que-todos-somos-ladroes\/","og_site_name":"Portal Tela Portugal","article_published_time":"2026-03-05T17:18:39+00:00","author":"Telinha","twitter_card":"summary_large_image","twitter_misc":{"Escrito por":"Telinha","Tempo estimado de leitura":"1 minuto"},"schema":{"@context":"https:\/\/schema.org","@graph":[{"@type":"Article","@id":"https:\/\/portaltela.pt\/noticias\/2026\/03\/05\/silaidopoulos-ve-mourinho-como-referencia-e-diz-que-todos-somos-ladroes\/#article","isPartOf":{"@id":"https:\/\/portaltela.pt\/noticias\/2026\/03\/05\/silaidopoulos-ve-mourinho-como-referencia-e-diz-que-todos-somos-ladroes\/"},"author":{"name":"Telinha","@id":"https:\/\/portaltela.pt\/#\/schema\/person\/c4278d4a6028830caff9ee44b42d32ed"},"headline":"Silaidopoulos v\u00ea Mourinho como refer\u00eancia e diz que todos somos ladr\u00f5es","datePublished":"2026-03-05T17:18:39+00:00","mainEntityOfPage":{"@id":"https:\/\/portaltela.pt\/noticias\/2026\/03\/05\/silaidopoulos-ve-mourinho-como-referencia-e-diz-que-todos-somos-ladroes\/"},"wordCount":129,"image":{"@id":"https:\/\/portaltela.pt\/noticias\/2026\/03\/05\/silaidopoulos-ve-mourinho-como-referencia-e-diz-que-todos-somos-ladroes\/#primaryimage"},"thumbnailUrl":"https:\/\/portaltela.pt\/s.01k8rhncp4jt1\/2026\/03\/img_920x518uu2026-03-05-17-12-18-2425112-im-639083275762547216.jpg","keywords":["Carlo Ancelotti","futebol","Jos\u00e9 Mourinho","J\u00fcrgen Klopp","Pep Guardiola","Rio Ave"],"articleSection":["Desporto","Futebol"],"inLanguage":"pt-PT"},{"@type":"WebPage","@id":"https:\/\/portaltela.pt\/noticias\/2026\/03\/05\/silaidopoulos-ve-mourinho-como-referencia-e-diz-que-todos-somos-ladroes\/","url":"https:\/\/portaltela.pt\/noticias\/2026\/03\/05\/silaidopoulos-ve-mourinho-como-referencia-e-diz-que-todos-somos-ladroes\/","name":"Silaidopoulos v\u00ea Mourinho como refer\u00eancia e diz que todos somos ladr\u00f5es - Portal Tela Portugal","isPartOf":{"@id":"https:\/\/portaltela.pt\/#website"},"primaryImageOfPage":{"@id":"https:\/\/portaltela.pt\/noticias\/2026\/03\/05\/silaidopoulos-ve-mourinho-como-referencia-e-diz-que-todos-somos-ladroes\/#primaryimage"},"image":{"@id":"https:\/\/portaltela.pt\/noticias\/2026\/03\/05\/silaidopoulos-ve-mourinho-como-referencia-e-diz-que-todos-somos-ladroes\/#primaryimage"},"thumbnailUrl":"https:\/\/portaltela.pt\/s.01k8rhncp4jt1\/2026\/03\/img_920x518uu2026-03-05-17-12-18-2425112-im-639083275762547216.jpg","datePublished":"2026-03-05T17:18:39+00:00","author":{"@id":"https:\/\/portaltela.pt\/#\/schema\/person\/c4278d4a6028830caff9ee44b42d32ed"},"breadcrumb":{"@id":"https:\/\/portaltela.pt\/noticias\/2026\/03\/05\/silaidopoulos-ve-mourinho-como-referencia-e-diz-que-todos-somos-ladroes\/#breadcrumb"},"inLanguage":"pt-PT","potentialAction":[{"@type":"ReadAction","target":["https:\/\/portaltela.pt\/noticias\/2026\/03\/05\/silaidopoulos-ve-mourinho-como-referencia-e-diz-que-todos-somos-ladroes\/"]}]},{"@type":"ImageObject","inLanguage":"pt-PT","@id":"https:\/\/portaltela.pt\/noticias\/2026\/03\/05\/silaidopoulos-ve-mourinho-como-referencia-e-diz-que-todos-somos-ladroes\/#primaryimage","url":"https:\/\/portaltela.pt\/s.01k8rhncp4jt1\/2026\/03\/img_920x518uu2026-03-05-17-12-18-2425112-im-639083275762547216.jpg","contentUrl":"https:\/\/portaltela.pt\/s.01k8rhncp4jt1\/2026\/03\/img_920x518uu2026-03-05-17-12-18-2425112-im-639083275762547216.jpg","width":796,"height":448,"caption":"Sotiris Silaidopoulos e Jos\u00e9 Mourinho no jogo entre Rio Ave e Benfica, em janeiro"},{"@type":"BreadcrumbList","@id":"https:\/\/portaltela.pt\/noticias\/2026\/03\/05\/silaidopoulos-ve-mourinho-como-referencia-e-diz-que-todos-somos-ladroes\/#breadcrumb","itemListElement":[{"@type":"ListItem","position":1,"name":"In\u00edcio","item":"https:\/\/portaltela.pt\/"},{"@type":"ListItem","position":2,"name":"Silaidopoulos v\u00ea Mourinho como refer\u00eancia e diz que todos somos ladr\u00f5es"}]},{"@type":"WebSite","@id":"https:\/\/portaltela.pt\/#website","url":"https:\/\/portaltela.pt\/","name":"Portal Tela Portugal","description":"","potentialAction":[{"@type":"SearchAction","target":{"@type":"EntryPoint","urlTemplate":"https:\/\/portaltela.pt\/?s={search_term_string}"},"query-input":{"@type":"PropertyValueSpecification","valueRequired":true,"valueName":"search_term_string"}}],"inLanguage":"pt-PT"},{"@type":"Person","@id":"https:\/\/portaltela.pt\/#\/schema\/person\/c4278d4a6028830caff9ee44b42d32ed","name":"Telinha","image":{"@type":"ImageObject","inLanguage":"pt-PT","@id":"https:\/\/portaltela.pt\/s.01k8rhncp4jt1\/2025\/11\/talking-bot-125x125.png","url":"https:\/\/portaltela.pt\/s.01k8rhncp4jt1\/2025\/11\/talking-bot-125x125.png","contentUrl":"https:\/\/portaltela.pt\/s.01k8rhncp4jt1\/2025\/11\/talking-bot-125x125.png","caption":"Telinha"},"sameAs":["https:\/\/portaltela.pt\/"],"url":"https:\/\/portaltela.pt\/por\/367410592786\/"}]}},"_links":{"self":[{"href":"https:\/\/portaltela.pt\/api\/wp\/v2\/posts\/398992","targetHints":{"allow":["GET"]}}],"collection":[{"href":"https:\/\/portaltela.pt\/api\/wp\/v2\/posts"}],"about":[{"href":"https:\/\/portaltela.pt\/api\/wp\/v2\/types\/post"}],"author":[{"embeddable":true,"href":"https:\/\/portaltela.pt\/api\/wp\/v2\/users\/2"}],"replies":[{"embeddable":true,"href":"https:\/\/portaltela.pt\/api\/wp\/v2\/comments?post=398992"}],"version-history":[{"count":0,"href":"https:\/\/portaltela.pt\/api\/wp\/v2\/posts\/398992\/revisions"}],"wp:featuredmedia":[{"embeddable":true,"href":"https:\/\/portaltela.pt\/api\/wp\/v2\/media\/398997"}],"wp:attachment":[{"href":"https:\/\/portaltela.pt\/api\/wp\/v2\/media?parent=398992"}],"wp:term":[{"taxonomy":"category","embeddable":true,"href":"https:\/\/portaltela.pt\/api\/wp\/v2\/categories?post=398992"},{"taxonomy":"post_tag","embeddable":true,"href":"https:\/\/portaltela.pt\/api\/wp\/v2\/tags?post=398992"}],"curies":[{"name":"wp","href":"https:\/\/api.w.org\/{rel}","templated":true}]}}