{"id":398988,"date":"2026-03-05T14:22:56","date_gmt":"2026-03-05T17:22:56","guid":{"rendered":"https:\/\/portaltela.pt\/noticias\/2026\/03\/05\/lomboto-renova-contrato-com-o-rio-ave\/"},"modified":"2026-03-05T14:22:56","modified_gmt":"2026-03-05T17:22:56","slug":"lomboto-renova-contrato-com-o-rio-ave","status":"publish","type":"post","link":"https:\/\/portaltela.pt\/desporto\/futebol\/2026\/03\/05\/lomboto-renova-contrato-com-o-rio-ave\/","title":{"rendered":"Lomboto renova contrato com o Rio Ave"},"content":{"rendered":"<p>O Rio Ave confirmou a renova\u00e7\u00e3o do contrato de Julien Lomboto at\u00e9 2028. A not\u00edcia \u00e9 anunciada pela pr\u00f3pria equipa de Vila do Conde nesta quinta-feira.<\/p>\n<p>A informa\u00e7\u00e3o j\u00e1 tinha sido adiantada pelo nosso jornal cerca de tr\u00eas semanas atr\u00e1s. Lomboto, defesa-central de 23 anos, mant\u00e9m-se no clube lisboense, com a continuidade assegurada por mais anos.<\/p>\n<p>Esta \u00e9poca, o jogador tem 5 jogos disputados, todos na Liga Betclic, dos quais 3 como titular. Os embates frente a Famalic\u00e3o, Estoril e Arouca ocorreram nas jornadas 7, 10 e 20, respetivamente.<\/p>\n<h3>Detalhes da renova\u00e7\u00e3o<\/h3>\n<p>O clube confirma a extens\u00e3o do v\u00ednculo, com a vig\u00eancia prevista at\u00e9 2028. N\u00e3o foram divulgadas mais cl\u00e1usulas, mas o an\u00fancio formaliza a continuidade do jogador no plantel para as pr\u00f3ximas temporadas. Lomboto mant\u00e9m-se como elemento da defesa central do Rio Ave.<\/p>\n","protected":false},"excerpt":{"rendered":"<ul>\n<li>O Rio Ave anunciou a renova\u00e7\u00e3o do contrato de Julien Lomboto, que passa a vigorar at\u00e9 2028.<\/li>\n<li>O defesa-central, de 23 anos, j\u00e1 soma cinco jogos nesta \u00e9poca, todos na Liga Betclic.<\/li>\n<li>Tr\u00eas desses jogos ocorreram como titular, diante de Famalic\u00e3o, Estoril e Arouca, nas jornadas 7, 10 e 20.<\/li>\n<li>A not\u00edcia tinha sido adiantada pelo nosso jornal cerca de tr\u00eas semanas antes.<\/li>\n<\/ul>\n","protected":false},"author":2,"featured_media":398989,"comment_status":"closed","ping_status":"closed","sticky":false,"template":"","format":"standard","meta":{"footnotes":""},"categories":[21,24],"tags":[4077,32,242,2245,1014,2190],"class_list":["post-398988","post","type-post","status-publish","format-standard","has-post-thumbnail","hentry","category-desporto","category-futebol","tag-defesa-central","tag-futebol","tag-jogadores","tag-liga-betclic","tag-portugal","tag-rio-ave"],"yoast_head":"<!-- This site is optimized with the Yoast SEO plugin v27.2 - https:\/\/yoast.com\/product\/yoast-seo-wordpress\/ -->\n<title>Lomboto renova contrato com o Rio Ave - Portal Tela Portugal<\/title>\n<meta name=\"robots\" content=\"index, follow, max-snippet:-1, max-image-preview:large, max-video-preview:-1\" \/>\n<meta property=\"og:locale\" content=\"pt_PT\" \/>\n<meta property=\"og:type\" content=\"article\" \/>\n<meta property=\"og:title\" content=\"Lomboto renova contrato com o Rio Ave - Portal Tela Portugal\" \/>\n<meta property=\"og:description\" content=\"O Rio Ave anunciou a renova\u00e7\u00e3o do contrato de Julien Lomboto, que passa a vigorar at\u00e9 2028. O defesa-central, de 23 anos, j\u00e1 soma cinco jogos nesta \u00e9poca, todos na Liga Betclic. Tr\u00eas desses jogos ocorreram como titular, diante de Famalic\u00e3o, Estoril e Arouca, nas jornadas 7, 10 e 20. A not\u00edcia tinha sido adiantada pelo nosso jornal cerca de tr\u00eas semanas antes.\" \/>\n<meta property=\"og:url\" content=\"https:\/\/portaltela.pt\/noticias\/2026\/03\/05\/lomboto-renova-contrato-com-o-rio-ave\/\" \/>\n<meta property=\"og:site_name\" content=\"Portal Tela Portugal\" \/>\n<meta property=\"article:published_time\" content=\"2026-03-05T17:22:56+00:00\" \/>\n<meta name=\"author\" content=\"Telinha\" \/>\n<meta name=\"twitter:card\" content=\"summary_large_image\" \/>\n<meta name=\"twitter:label1\" content=\"Escrito por\" \/>\n\t<meta name=\"twitter:data1\" content=\"Telinha\" \/>\n\t<meta name=\"twitter:label2\" content=\"Tempo estimado de leitura\" \/>\n\t<meta name=\"twitter:data2\" content=\"1 minuto\" \/>\n<script type=\"application\/ld+json\" class=\"yoast-schema-graph\">{\"@context\":\"https:\/\/schema.org\",\"@graph\":[{\"@type\":\"Article\",\"@id\":\"https:\/\/portaltela.pt\/noticias\/2026\/03\/05\/lomboto-renova-contrato-com-o-rio-ave\/#article\",\"isPartOf\":{\"@id\":\"https:\/\/portaltela.pt\/noticias\/2026\/03\/05\/lomboto-renova-contrato-com-o-rio-ave\/\"},\"author\":{\"name\":\"Telinha\",\"@id\":\"https:\/\/portaltela.pt\/#\/schema\/person\/c4278d4a6028830caff9ee44b42d32ed\"},\"headline\":\"Lomboto renova contrato com o Rio Ave\",\"datePublished\":\"2026-03-05T17:22:56+00:00\",\"mainEntityOfPage\":{\"@id\":\"https:\/\/portaltela.pt\/noticias\/2026\/03\/05\/lomboto-renova-contrato-com-o-rio-ave\/\"},\"wordCount\":149,\"image\":{\"@id\":\"https:\/\/portaltela.pt\/noticias\/2026\/03\/05\/lomboto-renova-contrato-com-o-rio-ave\/#primaryimage\"},\"thumbnailUrl\":\"https:\/\/portaltela.pt\/s.01k8rhncp4jt1\/2026\/03\/img_920x518uu2026-03-05-17-18-03-2425116-im-639083279028664563.jpg\",\"keywords\":[\"defesa-central\",\"futebol\",\"jogadores\",\"Liga Betclic\",\"Portugal\",\"Rio Ave\"],\"articleSection\":[\"Desporto\",\"Futebol\"],\"inLanguage\":\"pt-PT\"},{\"@type\":\"WebPage\",\"@id\":\"https:\/\/portaltela.pt\/noticias\/2026\/03\/05\/lomboto-renova-contrato-com-o-rio-ave\/\",\"url\":\"https:\/\/portaltela.pt\/noticias\/2026\/03\/05\/lomboto-renova-contrato-com-o-rio-ave\/\",\"name\":\"Lomboto renova contrato com o Rio Ave - Portal Tela Portugal\",\"isPartOf\":{\"@id\":\"https:\/\/portaltela.pt\/#website\"},\"primaryImageOfPage\":{\"@id\":\"https:\/\/portaltela.pt\/noticias\/2026\/03\/05\/lomboto-renova-contrato-com-o-rio-ave\/#primaryimage\"},\"image\":{\"@id\":\"https:\/\/portaltela.pt\/noticias\/2026\/03\/05\/lomboto-renova-contrato-com-o-rio-ave\/#primaryimage\"},\"thumbnailUrl\":\"https:\/\/portaltela.pt\/s.01k8rhncp4jt1\/2026\/03\/img_920x518uu2026-03-05-17-18-03-2425116-im-639083279028664563.jpg\",\"datePublished\":\"2026-03-05T17:22:56+00:00\",\"author\":{\"@id\":\"https:\/\/portaltela.pt\/#\/schema\/person\/c4278d4a6028830caff9ee44b42d32ed\"},\"breadcrumb\":{\"@id\":\"https:\/\/portaltela.pt\/noticias\/2026\/03\/05\/lomboto-renova-contrato-com-o-rio-ave\/#breadcrumb\"},\"inLanguage\":\"pt-PT\",\"potentialAction\":[{\"@type\":\"ReadAction\",\"target\":[\"https:\/\/portaltela.pt\/noticias\/2026\/03\/05\/lomboto-renova-contrato-com-o-rio-ave\/\"]}]},{\"@type\":\"ImageObject\",\"inLanguage\":\"pt-PT\",\"@id\":\"https:\/\/portaltela.pt\/noticias\/2026\/03\/05\/lomboto-renova-contrato-com-o-rio-ave\/#primaryimage\",\"url\":\"https:\/\/portaltela.pt\/s.01k8rhncp4jt1\/2026\/03\/img_920x518uu2026-03-05-17-18-03-2425116-im-639083279028664563.jpg\",\"contentUrl\":\"https:\/\/portaltela.pt\/s.01k8rhncp4jt1\/2026\/03\/img_920x518uu2026-03-05-17-18-03-2425116-im-639083279028664563.jpg\",\"width\":796,\"height\":448,\"caption\":\"Lomboto tem 5 jogos realizados esta \u00e9poca\"},{\"@type\":\"BreadcrumbList\",\"@id\":\"https:\/\/portaltela.pt\/noticias\/2026\/03\/05\/lomboto-renova-contrato-com-o-rio-ave\/#breadcrumb\",\"itemListElement\":[{\"@type\":\"ListItem\",\"position\":1,\"name\":\"In\u00edcio\",\"item\":\"https:\/\/portaltela.pt\/\"},{\"@type\":\"ListItem\",\"position\":2,\"name\":\"Lomboto renova contrato com o Rio Ave\"}]},{\"@type\":\"WebSite\",\"@id\":\"https:\/\/portaltela.pt\/#website\",\"url\":\"https:\/\/portaltela.pt\/\",\"name\":\"Portal Tela Portugal\",\"description\":\"\",\"potentialAction\":[{\"@type\":\"SearchAction\",\"target\":{\"@type\":\"EntryPoint\",\"urlTemplate\":\"https:\/\/portaltela.pt\/?s={search_term_string}\"},\"query-input\":{\"@type\":\"PropertyValueSpecification\",\"valueRequired\":true,\"valueName\":\"search_term_string\"}}],\"inLanguage\":\"pt-PT\"},{\"@type\":\"Person\",\"@id\":\"https:\/\/portaltela.pt\/#\/schema\/person\/c4278d4a6028830caff9ee44b42d32ed\",\"name\":\"Telinha\",\"image\":{\"@type\":\"ImageObject\",\"inLanguage\":\"pt-PT\",\"@id\":\"https:\/\/portaltela.pt\/s.01k8rhncp4jt1\/2025\/11\/talking-bot-125x125.png\",\"url\":\"https:\/\/portaltela.pt\/s.01k8rhncp4jt1\/2025\/11\/talking-bot-125x125.png\",\"contentUrl\":\"https:\/\/portaltela.pt\/s.01k8rhncp4jt1\/2025\/11\/talking-bot-125x125.png\",\"caption\":\"Telinha\"},\"sameAs\":[\"https:\/\/portaltela.pt\/\"],\"url\":\"https:\/\/portaltela.pt\/por\/367410592786\/\"}]}<\/script>\n<!-- \/ Yoast SEO plugin. -->","yoast_head_json":{"title":"Lomboto renova contrato com o Rio Ave - Portal Tela Portugal","robots":{"index":"index","follow":"follow","max-snippet":"max-snippet:-1","max-image-preview":"max-image-preview:large","max-video-preview":"max-video-preview:-1"},"og_locale":"pt_PT","og_type":"article","og_title":"Lomboto renova contrato com o Rio Ave - Portal Tela Portugal","og_description":"O Rio Ave anunciou a renova\u00e7\u00e3o do contrato de Julien Lomboto, que passa a vigorar at\u00e9 2028. O defesa-central, de 23 anos, j\u00e1 soma cinco jogos nesta \u00e9poca, todos na Liga Betclic. Tr\u00eas desses jogos ocorreram como titular, diante de Famalic\u00e3o, Estoril e Arouca, nas jornadas 7, 10 e 20. A not\u00edcia tinha sido adiantada pelo nosso jornal cerca de tr\u00eas semanas antes.","og_url":"https:\/\/portaltela.pt\/noticias\/2026\/03\/05\/lomboto-renova-contrato-com-o-rio-ave\/","og_site_name":"Portal Tela Portugal","article_published_time":"2026-03-05T17:22:56+00:00","author":"Telinha","twitter_card":"summary_large_image","twitter_misc":{"Escrito por":"Telinha","Tempo estimado de leitura":"1 minuto"},"schema":{"@context":"https:\/\/schema.org","@graph":[{"@type":"Article","@id":"https:\/\/portaltela.pt\/noticias\/2026\/03\/05\/lomboto-renova-contrato-com-o-rio-ave\/#article","isPartOf":{"@id":"https:\/\/portaltela.pt\/noticias\/2026\/03\/05\/lomboto-renova-contrato-com-o-rio-ave\/"},"author":{"name":"Telinha","@id":"https:\/\/portaltela.pt\/#\/schema\/person\/c4278d4a6028830caff9ee44b42d32ed"},"headline":"Lomboto renova contrato com o Rio Ave","datePublished":"2026-03-05T17:22:56+00:00","mainEntityOfPage":{"@id":"https:\/\/portaltela.pt\/noticias\/2026\/03\/05\/lomboto-renova-contrato-com-o-rio-ave\/"},"wordCount":149,"image":{"@id":"https:\/\/portaltela.pt\/noticias\/2026\/03\/05\/lomboto-renova-contrato-com-o-rio-ave\/#primaryimage"},"thumbnailUrl":"https:\/\/portaltela.pt\/s.01k8rhncp4jt1\/2026\/03\/img_920x518uu2026-03-05-17-18-03-2425116-im-639083279028664563.jpg","keywords":["defesa-central","futebol","jogadores","Liga Betclic","Portugal","Rio Ave"],"articleSection":["Desporto","Futebol"],"inLanguage":"pt-PT"},{"@type":"WebPage","@id":"https:\/\/portaltela.pt\/noticias\/2026\/03\/05\/lomboto-renova-contrato-com-o-rio-ave\/","url":"https:\/\/portaltela.pt\/noticias\/2026\/03\/05\/lomboto-renova-contrato-com-o-rio-ave\/","name":"Lomboto renova contrato com o Rio Ave - Portal Tela Portugal","isPartOf":{"@id":"https:\/\/portaltela.pt\/#website"},"primaryImageOfPage":{"@id":"https:\/\/portaltela.pt\/noticias\/2026\/03\/05\/lomboto-renova-contrato-com-o-rio-ave\/#primaryimage"},"image":{"@id":"https:\/\/portaltela.pt\/noticias\/2026\/03\/05\/lomboto-renova-contrato-com-o-rio-ave\/#primaryimage"},"thumbnailUrl":"https:\/\/portaltela.pt\/s.01k8rhncp4jt1\/2026\/03\/img_920x518uu2026-03-05-17-18-03-2425116-im-639083279028664563.jpg","datePublished":"2026-03-05T17:22:56+00:00","author":{"@id":"https:\/\/portaltela.pt\/#\/schema\/person\/c4278d4a6028830caff9ee44b42d32ed"},"breadcrumb":{"@id":"https:\/\/portaltela.pt\/noticias\/2026\/03\/05\/lomboto-renova-contrato-com-o-rio-ave\/#breadcrumb"},"inLanguage":"pt-PT","potentialAction":[{"@type":"ReadAction","target":["https:\/\/portaltela.pt\/noticias\/2026\/03\/05\/lomboto-renova-contrato-com-o-rio-ave\/"]}]},{"@type":"ImageObject","inLanguage":"pt-PT","@id":"https:\/\/portaltela.pt\/noticias\/2026\/03\/05\/lomboto-renova-contrato-com-o-rio-ave\/#primaryimage","url":"https:\/\/portaltela.pt\/s.01k8rhncp4jt1\/2026\/03\/img_920x518uu2026-03-05-17-18-03-2425116-im-639083279028664563.jpg","contentUrl":"https:\/\/portaltela.pt\/s.01k8rhncp4jt1\/2026\/03\/img_920x518uu2026-03-05-17-18-03-2425116-im-639083279028664563.jpg","width":796,"height":448,"caption":"Lomboto tem 5 jogos realizados esta \u00e9poca"},{"@type":"BreadcrumbList","@id":"https:\/\/portaltela.pt\/noticias\/2026\/03\/05\/lomboto-renova-contrato-com-o-rio-ave\/#breadcrumb","itemListElement":[{"@type":"ListItem","position":1,"name":"In\u00edcio","item":"https:\/\/portaltela.pt\/"},{"@type":"ListItem","position":2,"name":"Lomboto renova contrato com o Rio Ave"}]},{"@type":"WebSite","@id":"https:\/\/portaltela.pt\/#website","url":"https:\/\/portaltela.pt\/","name":"Portal Tela Portugal","description":"","potentialAction":[{"@type":"SearchAction","target":{"@type":"EntryPoint","urlTemplate":"https:\/\/portaltela.pt\/?s={search_term_string}"},"query-input":{"@type":"PropertyValueSpecification","valueRequired":true,"valueName":"search_term_string"}}],"inLanguage":"pt-PT"},{"@type":"Person","@id":"https:\/\/portaltela.pt\/#\/schema\/person\/c4278d4a6028830caff9ee44b42d32ed","name":"Telinha","image":{"@type":"ImageObject","inLanguage":"pt-PT","@id":"https:\/\/portaltela.pt\/s.01k8rhncp4jt1\/2025\/11\/talking-bot-125x125.png","url":"https:\/\/portaltela.pt\/s.01k8rhncp4jt1\/2025\/11\/talking-bot-125x125.png","contentUrl":"https:\/\/portaltela.pt\/s.01k8rhncp4jt1\/2025\/11\/talking-bot-125x125.png","caption":"Telinha"},"sameAs":["https:\/\/portaltela.pt\/"],"url":"https:\/\/portaltela.pt\/por\/367410592786\/"}]}},"_links":{"self":[{"href":"https:\/\/portaltela.pt\/api\/wp\/v2\/posts\/398988","targetHints":{"allow":["GET"]}}],"collection":[{"href":"https:\/\/portaltela.pt\/api\/wp\/v2\/posts"}],"about":[{"href":"https:\/\/portaltela.pt\/api\/wp\/v2\/types\/post"}],"author":[{"embeddable":true,"href":"https:\/\/portaltela.pt\/api\/wp\/v2\/users\/2"}],"replies":[{"embeddable":true,"href":"https:\/\/portaltela.pt\/api\/wp\/v2\/comments?post=398988"}],"version-history":[{"count":0,"href":"https:\/\/portaltela.pt\/api\/wp\/v2\/posts\/398988\/revisions"}],"wp:featuredmedia":[{"embeddable":true,"href":"https:\/\/portaltela.pt\/api\/wp\/v2\/media\/398989"}],"wp:attachment":[{"href":"https:\/\/portaltela.pt\/api\/wp\/v2\/media?parent=398988"}],"wp:term":[{"taxonomy":"category","embeddable":true,"href":"https:\/\/portaltela.pt\/api\/wp\/v2\/categories?post=398988"},{"taxonomy":"post_tag","embeddable":true,"href":"https:\/\/portaltela.pt\/api\/wp\/v2\/tags?post=398988"}],"curies":[{"name":"wp","href":"https:\/\/api.w.org\/{rel}","templated":true}]}}