{"id":398914,"date":"2026-03-05T13:34:00","date_gmt":"2026-03-05T16:34:00","guid":{"rendered":"https:\/\/portaltela.pt\/noticias\/2026\/03\/05\/marcelo-sai-como-entrou-a-pe-e-deseja-que-seguro-seja-o-melhor-presidente\/"},"modified":"2026-03-05T13:34:00","modified_gmt":"2026-03-05T16:34:00","slug":"marcelo-sai-como-entrou-a-pe-e-deseja-que-seguro-seja-o-melhor-presidente","status":"publish","type":"post","link":"https:\/\/portaltela.pt\/noticias\/politica\/2026\/03\/05\/marcelo-sai-como-entrou-a-pe-e-deseja-que-seguro-seja-o-melhor-presidente\/","title":{"rendered":"Marcelo sai como entrou, a p\u00e9, e deseja que Seguro seja o melhor presidente"},"content":{"rendered":"<p>Marcelo vai sair como entrou, a p\u00e9, segundo o t\u00edtulo divulgado pela ag\u00eancia Lusa. A frase sugere uma sa\u00edda simples e simb\u00f3lica, sem atribui\u00e7\u00e3o de outros acompanhamentos.<\/p>\n<p>O conte\u00fado completo da reportagem est\u00e1 dispon\u00edvel apenas para subscritores. A capa indica que a an\u00e1lise detalhada permanece confidencial aos leitores com acesso pago.<\/p>\n<p>N\u00e3o se conhecem, ainda, informa\u00e7\u00f5es adicionais sobre o contexto pol\u00edtico, a data exata da sa\u00edda ou os pr\u00f3ximos passos de Marcelo. O espa\u00e7o de leitura restringe os detalhes.<\/p>\n<p>A publica\u00e7\u00e3o n\u00e3o fornece dados sobre quem \u00e9 o \u201cSeguro\u201d mencionado nem sobre o que poder\u00e1 significar para o futuro dos dirigentes envolvidos. Detalhes adicionais devem surgir com o acesso ao texto completo.<\/p>\n<p>Continuaremos a monitorizar a mat\u00e9ria e a informar sobre novos desenvolvimentos assim que houver confirma\u00e7\u00e3o oficial e fontes dispon\u00edveis publicamente.<\/p>\n","protected":false},"excerpt":{"rendered":"<ul>\n<li>Marcelo vai sair do cargo a p\u00e9, tal como entrou.<\/li>\n<li>O presidente manifesta o desejo de que Seguro seja &#8220;o melhor&#8221; dos presidentes.<\/li>\n<li>O conte\u00fado completo est\u00e1 dispon\u00edvel apenas para subscritores.<\/li>\n<\/ul>\n","protected":false},"author":2,"featured_media":398923,"comment_status":"closed","ping_status":"closed","sticky":false,"template":"","format":"standard","meta":{"footnotes":""},"categories":[1,5],"tags":[42,34,3278,2832,30,3416],"class_list":["post-398914","post","type-post","status-publish","format-standard","has-post-thumbnail","hentry","category-noticias","category-politica","tag-congresso","tag-governo","tag-marcelo","tag-politica","tag-presidente","tag-seguro"],"yoast_head":"<!-- This site is optimized with the Yoast SEO plugin v27.2 - https:\/\/yoast.com\/product\/yoast-seo-wordpress\/ -->\n<title>Marcelo sai como entrou, a p\u00e9, e deseja que Seguro seja o melhor presidente - Portal Tela Portugal<\/title>\n<meta name=\"robots\" content=\"index, follow, max-snippet:-1, max-image-preview:large, max-video-preview:-1\" \/>\n<meta property=\"og:locale\" content=\"pt_PT\" \/>\n<meta property=\"og:type\" content=\"article\" \/>\n<meta property=\"og:title\" content=\"Marcelo sai como entrou, a p\u00e9, e deseja que Seguro seja o melhor presidente - Portal Tela Portugal\" \/>\n<meta property=\"og:description\" content=\"Marcelo vai sair do cargo a p\u00e9, tal como entrou. O presidente manifesta o desejo de que Seguro seja &quot;o melhor&quot; dos presidentes. O conte\u00fado completo est\u00e1 dispon\u00edvel apenas para subscritores.\" \/>\n<meta property=\"og:url\" content=\"https:\/\/portaltela.pt\/noticias\/2026\/03\/05\/marcelo-sai-como-entrou-a-pe-e-deseja-que-seguro-seja-o-melhor-presidente\/\" \/>\n<meta property=\"og:site_name\" content=\"Portal Tela Portugal\" \/>\n<meta property=\"article:published_time\" content=\"2026-03-05T16:34:00+00:00\" \/>\n<meta name=\"author\" content=\"Telinha\" \/>\n<meta name=\"twitter:card\" content=\"summary_large_image\" \/>\n<meta name=\"twitter:label1\" content=\"Escrito por\" \/>\n\t<meta name=\"twitter:data1\" content=\"Telinha\" \/>\n\t<meta name=\"twitter:label2\" content=\"Tempo estimado de leitura\" \/>\n\t<meta name=\"twitter:data2\" content=\"1 minuto\" \/>\n<script type=\"application\/ld+json\" class=\"yoast-schema-graph\">{\"@context\":\"https:\/\/schema.org\",\"@graph\":[{\"@type\":\"Article\",\"@id\":\"https:\/\/portaltela.pt\/noticias\/2026\/03\/05\/marcelo-sai-como-entrou-a-pe-e-deseja-que-seguro-seja-o-melhor-presidente\/#article\",\"isPartOf\":{\"@id\":\"https:\/\/portaltela.pt\/noticias\/2026\/03\/05\/marcelo-sai-como-entrou-a-pe-e-deseja-que-seguro-seja-o-melhor-presidente\/\"},\"author\":{\"name\":\"Telinha\",\"@id\":\"https:\/\/portaltela.pt\/#\/schema\/person\/c4278d4a6028830caff9ee44b42d32ed\"},\"headline\":\"Marcelo sai como entrou, a p\u00e9, e deseja que Seguro seja o melhor presidente\",\"datePublished\":\"2026-03-05T16:34:00+00:00\",\"mainEntityOfPage\":{\"@id\":\"https:\/\/portaltela.pt\/noticias\/2026\/03\/05\/marcelo-sai-como-entrou-a-pe-e-deseja-que-seguro-seja-o-melhor-presidente\/\"},\"wordCount\":164,\"image\":{\"@id\":\"https:\/\/portaltela.pt\/noticias\/2026\/03\/05\/marcelo-sai-como-entrou-a-pe-e-deseja-que-seguro-seja-o-melhor-presidente\/#primaryimage\"},\"thumbnailUrl\":\"https:\/\/portaltela.pt\/s.01k8rhncp4jt1\/2026\/03\/CACHE_780X1200_ANALOG_WATERMARKED_46693191_3528302_05032026023442.jpg\",\"keywords\":[\"congresso\",\"governo\",\"Marcelo\",\"pol\u00edtica\",\"presidente\",\"Seguro\"],\"articleSection\":[\"Not\u00edcias\",\"Pol\u00edtica\"],\"inLanguage\":\"pt-PT\"},{\"@type\":\"WebPage\",\"@id\":\"https:\/\/portaltela.pt\/noticias\/2026\/03\/05\/marcelo-sai-como-entrou-a-pe-e-deseja-que-seguro-seja-o-melhor-presidente\/\",\"url\":\"https:\/\/portaltela.pt\/noticias\/2026\/03\/05\/marcelo-sai-como-entrou-a-pe-e-deseja-que-seguro-seja-o-melhor-presidente\/\",\"name\":\"Marcelo sai como entrou, a p\u00e9, e deseja que Seguro seja o melhor presidente - Portal Tela Portugal\",\"isPartOf\":{\"@id\":\"https:\/\/portaltela.pt\/#website\"},\"primaryImageOfPage\":{\"@id\":\"https:\/\/portaltela.pt\/noticias\/2026\/03\/05\/marcelo-sai-como-entrou-a-pe-e-deseja-que-seguro-seja-o-melhor-presidente\/#primaryimage\"},\"image\":{\"@id\":\"https:\/\/portaltela.pt\/noticias\/2026\/03\/05\/marcelo-sai-como-entrou-a-pe-e-deseja-que-seguro-seja-o-melhor-presidente\/#primaryimage\"},\"thumbnailUrl\":\"https:\/\/portaltela.pt\/s.01k8rhncp4jt1\/2026\/03\/CACHE_780X1200_ANALOG_WATERMARKED_46693191_3528302_05032026023442.jpg\",\"datePublished\":\"2026-03-05T16:34:00+00:00\",\"author\":{\"@id\":\"https:\/\/portaltela.pt\/#\/schema\/person\/c4278d4a6028830caff9ee44b42d32ed\"},\"breadcrumb\":{\"@id\":\"https:\/\/portaltela.pt\/noticias\/2026\/03\/05\/marcelo-sai-como-entrou-a-pe-e-deseja-que-seguro-seja-o-melhor-presidente\/#breadcrumb\"},\"inLanguage\":\"pt-PT\",\"potentialAction\":[{\"@type\":\"ReadAction\",\"target\":[\"https:\/\/portaltela.pt\/noticias\/2026\/03\/05\/marcelo-sai-como-entrou-a-pe-e-deseja-que-seguro-seja-o-melhor-presidente\/\"]}]},{\"@type\":\"ImageObject\",\"inLanguage\":\"pt-PT\",\"@id\":\"https:\/\/portaltela.pt\/noticias\/2026\/03\/05\/marcelo-sai-como-entrou-a-pe-e-deseja-que-seguro-seja-o-melhor-presidente\/#primaryimage\",\"url\":\"https:\/\/portaltela.pt\/s.01k8rhncp4jt1\/2026\/03\/CACHE_780X1200_ANALOG_WATERMARKED_46693191_3528302_05032026023442.jpg\",\"contentUrl\":\"https:\/\/portaltela.pt\/s.01k8rhncp4jt1\/2026\/03\/CACHE_780X1200_ANALOG_WATERMARKED_46693191_3528302_05032026023442.jpg\",\"width\":796,\"height\":448,\"caption\":\"Marcelo vai sair como entrou, a p\u00e9, e deseja que Seguro seja o melhor dos presidentes\"},{\"@type\":\"BreadcrumbList\",\"@id\":\"https:\/\/portaltela.pt\/noticias\/2026\/03\/05\/marcelo-sai-como-entrou-a-pe-e-deseja-que-seguro-seja-o-melhor-presidente\/#breadcrumb\",\"itemListElement\":[{\"@type\":\"ListItem\",\"position\":1,\"name\":\"In\u00edcio\",\"item\":\"https:\/\/portaltela.pt\/\"},{\"@type\":\"ListItem\",\"position\":2,\"name\":\"Marcelo sai como entrou, a p\u00e9, e deseja que Seguro seja o melhor presidente\"}]},{\"@type\":\"WebSite\",\"@id\":\"https:\/\/portaltela.pt\/#website\",\"url\":\"https:\/\/portaltela.pt\/\",\"name\":\"Portal Tela Portugal\",\"description\":\"\",\"potentialAction\":[{\"@type\":\"SearchAction\",\"target\":{\"@type\":\"EntryPoint\",\"urlTemplate\":\"https:\/\/portaltela.pt\/?s={search_term_string}\"},\"query-input\":{\"@type\":\"PropertyValueSpecification\",\"valueRequired\":true,\"valueName\":\"search_term_string\"}}],\"inLanguage\":\"pt-PT\"},{\"@type\":\"Person\",\"@id\":\"https:\/\/portaltela.pt\/#\/schema\/person\/c4278d4a6028830caff9ee44b42d32ed\",\"name\":\"Telinha\",\"image\":{\"@type\":\"ImageObject\",\"inLanguage\":\"pt-PT\",\"@id\":\"https:\/\/portaltela.pt\/s.01k8rhncp4jt1\/2025\/11\/talking-bot-125x125.png\",\"url\":\"https:\/\/portaltela.pt\/s.01k8rhncp4jt1\/2025\/11\/talking-bot-125x125.png\",\"contentUrl\":\"https:\/\/portaltela.pt\/s.01k8rhncp4jt1\/2025\/11\/talking-bot-125x125.png\",\"caption\":\"Telinha\"},\"sameAs\":[\"https:\/\/portaltela.pt\/\"],\"url\":\"https:\/\/portaltela.pt\/por\/367410592786\/\"}]}<\/script>\n<!-- \/ Yoast SEO plugin. -->","yoast_head_json":{"title":"Marcelo sai como entrou, a p\u00e9, e deseja que Seguro seja o melhor presidente - Portal Tela Portugal","robots":{"index":"index","follow":"follow","max-snippet":"max-snippet:-1","max-image-preview":"max-image-preview:large","max-video-preview":"max-video-preview:-1"},"og_locale":"pt_PT","og_type":"article","og_title":"Marcelo sai como entrou, a p\u00e9, e deseja que Seguro seja o melhor presidente - Portal Tela Portugal","og_description":"Marcelo vai sair do cargo a p\u00e9, tal como entrou. O presidente manifesta o desejo de que Seguro seja \"o melhor\" dos presidentes. O conte\u00fado completo est\u00e1 dispon\u00edvel apenas para subscritores.","og_url":"https:\/\/portaltela.pt\/noticias\/2026\/03\/05\/marcelo-sai-como-entrou-a-pe-e-deseja-que-seguro-seja-o-melhor-presidente\/","og_site_name":"Portal Tela Portugal","article_published_time":"2026-03-05T16:34:00+00:00","author":"Telinha","twitter_card":"summary_large_image","twitter_misc":{"Escrito por":"Telinha","Tempo estimado de leitura":"1 minuto"},"schema":{"@context":"https:\/\/schema.org","@graph":[{"@type":"Article","@id":"https:\/\/portaltela.pt\/noticias\/2026\/03\/05\/marcelo-sai-como-entrou-a-pe-e-deseja-que-seguro-seja-o-melhor-presidente\/#article","isPartOf":{"@id":"https:\/\/portaltela.pt\/noticias\/2026\/03\/05\/marcelo-sai-como-entrou-a-pe-e-deseja-que-seguro-seja-o-melhor-presidente\/"},"author":{"name":"Telinha","@id":"https:\/\/portaltela.pt\/#\/schema\/person\/c4278d4a6028830caff9ee44b42d32ed"},"headline":"Marcelo sai como entrou, a p\u00e9, e deseja que Seguro seja o melhor presidente","datePublished":"2026-03-05T16:34:00+00:00","mainEntityOfPage":{"@id":"https:\/\/portaltela.pt\/noticias\/2026\/03\/05\/marcelo-sai-como-entrou-a-pe-e-deseja-que-seguro-seja-o-melhor-presidente\/"},"wordCount":164,"image":{"@id":"https:\/\/portaltela.pt\/noticias\/2026\/03\/05\/marcelo-sai-como-entrou-a-pe-e-deseja-que-seguro-seja-o-melhor-presidente\/#primaryimage"},"thumbnailUrl":"https:\/\/portaltela.pt\/s.01k8rhncp4jt1\/2026\/03\/CACHE_780X1200_ANALOG_WATERMARKED_46693191_3528302_05032026023442.jpg","keywords":["congresso","governo","Marcelo","pol\u00edtica","presidente","Seguro"],"articleSection":["Not\u00edcias","Pol\u00edtica"],"inLanguage":"pt-PT"},{"@type":"WebPage","@id":"https:\/\/portaltela.pt\/noticias\/2026\/03\/05\/marcelo-sai-como-entrou-a-pe-e-deseja-que-seguro-seja-o-melhor-presidente\/","url":"https:\/\/portaltela.pt\/noticias\/2026\/03\/05\/marcelo-sai-como-entrou-a-pe-e-deseja-que-seguro-seja-o-melhor-presidente\/","name":"Marcelo sai como entrou, a p\u00e9, e deseja que Seguro seja o melhor presidente - Portal Tela Portugal","isPartOf":{"@id":"https:\/\/portaltela.pt\/#website"},"primaryImageOfPage":{"@id":"https:\/\/portaltela.pt\/noticias\/2026\/03\/05\/marcelo-sai-como-entrou-a-pe-e-deseja-que-seguro-seja-o-melhor-presidente\/#primaryimage"},"image":{"@id":"https:\/\/portaltela.pt\/noticias\/2026\/03\/05\/marcelo-sai-como-entrou-a-pe-e-deseja-que-seguro-seja-o-melhor-presidente\/#primaryimage"},"thumbnailUrl":"https:\/\/portaltela.pt\/s.01k8rhncp4jt1\/2026\/03\/CACHE_780X1200_ANALOG_WATERMARKED_46693191_3528302_05032026023442.jpg","datePublished":"2026-03-05T16:34:00+00:00","author":{"@id":"https:\/\/portaltela.pt\/#\/schema\/person\/c4278d4a6028830caff9ee44b42d32ed"},"breadcrumb":{"@id":"https:\/\/portaltela.pt\/noticias\/2026\/03\/05\/marcelo-sai-como-entrou-a-pe-e-deseja-que-seguro-seja-o-melhor-presidente\/#breadcrumb"},"inLanguage":"pt-PT","potentialAction":[{"@type":"ReadAction","target":["https:\/\/portaltela.pt\/noticias\/2026\/03\/05\/marcelo-sai-como-entrou-a-pe-e-deseja-que-seguro-seja-o-melhor-presidente\/"]}]},{"@type":"ImageObject","inLanguage":"pt-PT","@id":"https:\/\/portaltela.pt\/noticias\/2026\/03\/05\/marcelo-sai-como-entrou-a-pe-e-deseja-que-seguro-seja-o-melhor-presidente\/#primaryimage","url":"https:\/\/portaltela.pt\/s.01k8rhncp4jt1\/2026\/03\/CACHE_780X1200_ANALOG_WATERMARKED_46693191_3528302_05032026023442.jpg","contentUrl":"https:\/\/portaltela.pt\/s.01k8rhncp4jt1\/2026\/03\/CACHE_780X1200_ANALOG_WATERMARKED_46693191_3528302_05032026023442.jpg","width":796,"height":448,"caption":"Marcelo vai sair como entrou, a p\u00e9, e deseja que Seguro seja o melhor dos presidentes"},{"@type":"BreadcrumbList","@id":"https:\/\/portaltela.pt\/noticias\/2026\/03\/05\/marcelo-sai-como-entrou-a-pe-e-deseja-que-seguro-seja-o-melhor-presidente\/#breadcrumb","itemListElement":[{"@type":"ListItem","position":1,"name":"In\u00edcio","item":"https:\/\/portaltela.pt\/"},{"@type":"ListItem","position":2,"name":"Marcelo sai como entrou, a p\u00e9, e deseja que Seguro seja o melhor presidente"}]},{"@type":"WebSite","@id":"https:\/\/portaltela.pt\/#website","url":"https:\/\/portaltela.pt\/","name":"Portal Tela Portugal","description":"","potentialAction":[{"@type":"SearchAction","target":{"@type":"EntryPoint","urlTemplate":"https:\/\/portaltela.pt\/?s={search_term_string}"},"query-input":{"@type":"PropertyValueSpecification","valueRequired":true,"valueName":"search_term_string"}}],"inLanguage":"pt-PT"},{"@type":"Person","@id":"https:\/\/portaltela.pt\/#\/schema\/person\/c4278d4a6028830caff9ee44b42d32ed","name":"Telinha","image":{"@type":"ImageObject","inLanguage":"pt-PT","@id":"https:\/\/portaltela.pt\/s.01k8rhncp4jt1\/2025\/11\/talking-bot-125x125.png","url":"https:\/\/portaltela.pt\/s.01k8rhncp4jt1\/2025\/11\/talking-bot-125x125.png","contentUrl":"https:\/\/portaltela.pt\/s.01k8rhncp4jt1\/2025\/11\/talking-bot-125x125.png","caption":"Telinha"},"sameAs":["https:\/\/portaltela.pt\/"],"url":"https:\/\/portaltela.pt\/por\/367410592786\/"}]}},"_links":{"self":[{"href":"https:\/\/portaltela.pt\/api\/wp\/v2\/posts\/398914","targetHints":{"allow":["GET"]}}],"collection":[{"href":"https:\/\/portaltela.pt\/api\/wp\/v2\/posts"}],"about":[{"href":"https:\/\/portaltela.pt\/api\/wp\/v2\/types\/post"}],"author":[{"embeddable":true,"href":"https:\/\/portaltela.pt\/api\/wp\/v2\/users\/2"}],"replies":[{"embeddable":true,"href":"https:\/\/portaltela.pt\/api\/wp\/v2\/comments?post=398914"}],"version-history":[{"count":0,"href":"https:\/\/portaltela.pt\/api\/wp\/v2\/posts\/398914\/revisions"}],"wp:featuredmedia":[{"embeddable":true,"href":"https:\/\/portaltela.pt\/api\/wp\/v2\/media\/398923"}],"wp:attachment":[{"href":"https:\/\/portaltela.pt\/api\/wp\/v2\/media?parent=398914"}],"wp:term":[{"taxonomy":"category","embeddable":true,"href":"https:\/\/portaltela.pt\/api\/wp\/v2\/categories?post=398914"},{"taxonomy":"post_tag","embeddable":true,"href":"https:\/\/portaltela.pt\/api\/wp\/v2\/tags?post=398914"}],"curies":[{"name":"wp","href":"https:\/\/api.w.org\/{rel}","templated":true}]}}