{"id":398906,"date":"2026-03-05T13:32:00","date_gmt":"2026-03-05T16:32:00","guid":{"rendered":"https:\/\/portaltela.pt\/noticias\/2026\/03\/05\/camara-de-pombal-planeia-limpar-2-400-km-de-caminhos-florestais\/"},"modified":"2026-03-05T13:32:00","modified_gmt":"2026-03-05T16:32:00","slug":"camara-de-pombal-planeia-limpar-2-400-km-de-caminhos-florestais","status":"publish","type":"post","link":"https:\/\/portaltela.pt\/noticias\/politica\/2026\/03\/05\/camara-de-pombal-planeia-limpar-2-400-km-de-caminhos-florestais\/","title":{"rendered":"C\u00e2mara de Pombal planeia limpar 2.400 km de caminhos florestais"},"content":{"rendered":"<p>A C\u00e2mara Municipal de Pombal informou que existem 2.400 km de caminhos florestais por limpar na regi\u00e3o de Pombal. A medida visa melhorar a acessibilidade e refor\u00e7ar a seguran\u00e7a dos utilizadores desses trajetos.<\/p>\n<p>De acordo com a autarquia, a \u00e1rea abrangida inclui caminhos florestais distribuidos pelo concelho. A comunica\u00e7\u00e3o n\u00e3o detalha prazos nem o or\u00e7amento envolvido no processo de desobstru\u00e7\u00e3o e manuten\u00e7\u00e3o.<\/p>\n<p>A C\u00e2mara n\u00e3o avan\u00e7ou com data para o in\u00edcio das opera\u00e7\u00f5es nem com informa\u00e7\u00f5es sobre os respons\u00e1veis pelo servi\u00e7o. A prioridade \u00e9 assegurar vias de uso p\u00fablico em condi\u00e7\u00f5es adequadas.<\/p>\n","protected":false},"excerpt":{"rendered":"<ul>\n<li>A C\u00e2mara Municipal de Pombal indica dois mil e quatrocentos quil\u00f3metros de caminhos florestais por limpar.<\/li>\n<li>O conte\u00fado completo da not\u00edcia est\u00e1 dispon\u00edvel apenas para subscritores.<\/li>\n<\/ul>\n","protected":false},"author":2,"featured_media":398907,"comment_status":"closed","ping_status":"closed","sticky":false,"template":"","format":"standard","meta":{"footnotes":""},"categories":[1,5],"tags":[3772,5449,144,4576,4107],"class_list":["post-398906","post","type-post","status-publish","format-standard","has-post-thumbnail","hentry","category-noticias","category-politica","tag-acessibilidade","tag-camara-municipal","tag-concelho","tag-florestal","tag-limpeza-de-vias"],"yoast_head":"<!-- This site is optimized with the Yoast SEO plugin v27.2 - https:\/\/yoast.com\/product\/yoast-seo-wordpress\/ -->\n<title>C\u00e2mara de Pombal planeia limpar 2.400 km de caminhos florestais - Portal Tela Portugal<\/title>\n<meta name=\"robots\" content=\"index, follow, max-snippet:-1, max-image-preview:large, max-video-preview:-1\" \/>\n<meta property=\"og:locale\" content=\"pt_PT\" \/>\n<meta property=\"og:type\" content=\"article\" \/>\n<meta property=\"og:title\" content=\"C\u00e2mara de Pombal planeia limpar 2.400 km de caminhos florestais - Portal Tela Portugal\" \/>\n<meta property=\"og:description\" content=\"A C\u00e2mara Municipal de Pombal indica dois mil e quatrocentos quil\u00f3metros de caminhos florestais por limpar. O conte\u00fado completo da not\u00edcia est\u00e1 dispon\u00edvel apenas para subscritores.\" \/>\n<meta property=\"og:url\" content=\"https:\/\/portaltela.pt\/noticias\/2026\/03\/05\/camara-de-pombal-planeia-limpar-2-400-km-de-caminhos-florestais\/\" \/>\n<meta property=\"og:site_name\" content=\"Portal Tela Portugal\" \/>\n<meta property=\"article:published_time\" content=\"2026-03-05T16:32:00+00:00\" \/>\n<meta name=\"author\" content=\"Telinha\" \/>\n<meta name=\"twitter:card\" content=\"summary_large_image\" \/>\n<meta name=\"twitter:label1\" content=\"Escrito por\" \/>\n\t<meta name=\"twitter:data1\" content=\"Telinha\" \/>\n\t<meta name=\"twitter:label2\" content=\"Tempo estimado de leitura\" \/>\n\t<meta name=\"twitter:data2\" content=\"1 minuto\" \/>\n<script type=\"application\/ld+json\" class=\"yoast-schema-graph\">{\"@context\":\"https:\/\/schema.org\",\"@graph\":[{\"@type\":\"Article\",\"@id\":\"https:\/\/portaltela.pt\/noticias\/2026\/03\/05\/camara-de-pombal-planeia-limpar-2-400-km-de-caminhos-florestais\/#article\",\"isPartOf\":{\"@id\":\"https:\/\/portaltela.pt\/noticias\/2026\/03\/05\/camara-de-pombal-planeia-limpar-2-400-km-de-caminhos-florestais\/\"},\"author\":{\"name\":\"Telinha\",\"@id\":\"https:\/\/portaltela.pt\/#\/schema\/person\/c4278d4a6028830caff9ee44b42d32ed\"},\"headline\":\"C\u00e2mara de Pombal planeia limpar 2.400 km de caminhos florestais\",\"datePublished\":\"2026-03-05T16:32:00+00:00\",\"mainEntityOfPage\":{\"@id\":\"https:\/\/portaltela.pt\/noticias\/2026\/03\/05\/camara-de-pombal-planeia-limpar-2-400-km-de-caminhos-florestais\/\"},\"wordCount\":119,\"image\":{\"@id\":\"https:\/\/portaltela.pt\/noticias\/2026\/03\/05\/camara-de-pombal-planeia-limpar-2-400-km-de-caminhos-florestais\/#primaryimage\"},\"thumbnailUrl\":\"https:\/\/portaltela.pt\/s.01k8rhncp4jt1\/2026\/03\/CACHE_780X1200_ANALOG_WATERMARKED_46524162_8981532_09022026033645.jpg\",\"keywords\":[\"acessibilidade\",\"C\u00e2mara Municipal\",\"concelho\",\"florestal\",\"limpeza de vias\"],\"articleSection\":[\"Not\u00edcias\",\"Pol\u00edtica\"],\"inLanguage\":\"pt-PT\"},{\"@type\":\"WebPage\",\"@id\":\"https:\/\/portaltela.pt\/noticias\/2026\/03\/05\/camara-de-pombal-planeia-limpar-2-400-km-de-caminhos-florestais\/\",\"url\":\"https:\/\/portaltela.pt\/noticias\/2026\/03\/05\/camara-de-pombal-planeia-limpar-2-400-km-de-caminhos-florestais\/\",\"name\":\"C\u00e2mara de Pombal planeia limpar 2.400 km de caminhos florestais - Portal Tela Portugal\",\"isPartOf\":{\"@id\":\"https:\/\/portaltela.pt\/#website\"},\"primaryImageOfPage\":{\"@id\":\"https:\/\/portaltela.pt\/noticias\/2026\/03\/05\/camara-de-pombal-planeia-limpar-2-400-km-de-caminhos-florestais\/#primaryimage\"},\"image\":{\"@id\":\"https:\/\/portaltela.pt\/noticias\/2026\/03\/05\/camara-de-pombal-planeia-limpar-2-400-km-de-caminhos-florestais\/#primaryimage\"},\"thumbnailUrl\":\"https:\/\/portaltela.pt\/s.01k8rhncp4jt1\/2026\/03\/CACHE_780X1200_ANALOG_WATERMARKED_46524162_8981532_09022026033645.jpg\",\"datePublished\":\"2026-03-05T16:32:00+00:00\",\"author\":{\"@id\":\"https:\/\/portaltela.pt\/#\/schema\/person\/c4278d4a6028830caff9ee44b42d32ed\"},\"breadcrumb\":{\"@id\":\"https:\/\/portaltela.pt\/noticias\/2026\/03\/05\/camara-de-pombal-planeia-limpar-2-400-km-de-caminhos-florestais\/#breadcrumb\"},\"inLanguage\":\"pt-PT\",\"potentialAction\":[{\"@type\":\"ReadAction\",\"target\":[\"https:\/\/portaltela.pt\/noticias\/2026\/03\/05\/camara-de-pombal-planeia-limpar-2-400-km-de-caminhos-florestais\/\"]}]},{\"@type\":\"ImageObject\",\"inLanguage\":\"pt-PT\",\"@id\":\"https:\/\/portaltela.pt\/noticias\/2026\/03\/05\/camara-de-pombal-planeia-limpar-2-400-km-de-caminhos-florestais\/#primaryimage\",\"url\":\"https:\/\/portaltela.pt\/s.01k8rhncp4jt1\/2026\/03\/CACHE_780X1200_ANALOG_WATERMARKED_46524162_8981532_09022026033645.jpg\",\"contentUrl\":\"https:\/\/portaltela.pt\/s.01k8rhncp4jt1\/2026\/03\/CACHE_780X1200_ANALOG_WATERMARKED_46524162_8981532_09022026033645.jpg\",\"width\":796,\"height\":448,\"caption\":\"Pombal tem 2.400 km de caminhos florestais para limpar - C\u00e2mara\"},{\"@type\":\"BreadcrumbList\",\"@id\":\"https:\/\/portaltela.pt\/noticias\/2026\/03\/05\/camara-de-pombal-planeia-limpar-2-400-km-de-caminhos-florestais\/#breadcrumb\",\"itemListElement\":[{\"@type\":\"ListItem\",\"position\":1,\"name\":\"In\u00edcio\",\"item\":\"https:\/\/portaltela.pt\/\"},{\"@type\":\"ListItem\",\"position\":2,\"name\":\"C\u00e2mara de Pombal planeia limpar 2.400 km de caminhos florestais\"}]},{\"@type\":\"WebSite\",\"@id\":\"https:\/\/portaltela.pt\/#website\",\"url\":\"https:\/\/portaltela.pt\/\",\"name\":\"Portal Tela Portugal\",\"description\":\"\",\"potentialAction\":[{\"@type\":\"SearchAction\",\"target\":{\"@type\":\"EntryPoint\",\"urlTemplate\":\"https:\/\/portaltela.pt\/?s={search_term_string}\"},\"query-input\":{\"@type\":\"PropertyValueSpecification\",\"valueRequired\":true,\"valueName\":\"search_term_string\"}}],\"inLanguage\":\"pt-PT\"},{\"@type\":\"Person\",\"@id\":\"https:\/\/portaltela.pt\/#\/schema\/person\/c4278d4a6028830caff9ee44b42d32ed\",\"name\":\"Telinha\",\"image\":{\"@type\":\"ImageObject\",\"inLanguage\":\"pt-PT\",\"@id\":\"https:\/\/portaltela.pt\/s.01k8rhncp4jt1\/2025\/11\/talking-bot-125x125.png\",\"url\":\"https:\/\/portaltela.pt\/s.01k8rhncp4jt1\/2025\/11\/talking-bot-125x125.png\",\"contentUrl\":\"https:\/\/portaltela.pt\/s.01k8rhncp4jt1\/2025\/11\/talking-bot-125x125.png\",\"caption\":\"Telinha\"},\"sameAs\":[\"https:\/\/portaltela.pt\/\"],\"url\":\"https:\/\/portaltela.pt\/por\/367410592786\/\"}]}<\/script>\n<!-- \/ Yoast SEO plugin. -->","yoast_head_json":{"title":"C\u00e2mara de Pombal planeia limpar 2.400 km de caminhos florestais - Portal Tela Portugal","robots":{"index":"index","follow":"follow","max-snippet":"max-snippet:-1","max-image-preview":"max-image-preview:large","max-video-preview":"max-video-preview:-1"},"og_locale":"pt_PT","og_type":"article","og_title":"C\u00e2mara de Pombal planeia limpar 2.400 km de caminhos florestais - Portal Tela Portugal","og_description":"A C\u00e2mara Municipal de Pombal indica dois mil e quatrocentos quil\u00f3metros de caminhos florestais por limpar. O conte\u00fado completo da not\u00edcia est\u00e1 dispon\u00edvel apenas para subscritores.","og_url":"https:\/\/portaltela.pt\/noticias\/2026\/03\/05\/camara-de-pombal-planeia-limpar-2-400-km-de-caminhos-florestais\/","og_site_name":"Portal Tela Portugal","article_published_time":"2026-03-05T16:32:00+00:00","author":"Telinha","twitter_card":"summary_large_image","twitter_misc":{"Escrito por":"Telinha","Tempo estimado de leitura":"1 minuto"},"schema":{"@context":"https:\/\/schema.org","@graph":[{"@type":"Article","@id":"https:\/\/portaltela.pt\/noticias\/2026\/03\/05\/camara-de-pombal-planeia-limpar-2-400-km-de-caminhos-florestais\/#article","isPartOf":{"@id":"https:\/\/portaltela.pt\/noticias\/2026\/03\/05\/camara-de-pombal-planeia-limpar-2-400-km-de-caminhos-florestais\/"},"author":{"name":"Telinha","@id":"https:\/\/portaltela.pt\/#\/schema\/person\/c4278d4a6028830caff9ee44b42d32ed"},"headline":"C\u00e2mara de Pombal planeia limpar 2.400 km de caminhos florestais","datePublished":"2026-03-05T16:32:00+00:00","mainEntityOfPage":{"@id":"https:\/\/portaltela.pt\/noticias\/2026\/03\/05\/camara-de-pombal-planeia-limpar-2-400-km-de-caminhos-florestais\/"},"wordCount":119,"image":{"@id":"https:\/\/portaltela.pt\/noticias\/2026\/03\/05\/camara-de-pombal-planeia-limpar-2-400-km-de-caminhos-florestais\/#primaryimage"},"thumbnailUrl":"https:\/\/portaltela.pt\/s.01k8rhncp4jt1\/2026\/03\/CACHE_780X1200_ANALOG_WATERMARKED_46524162_8981532_09022026033645.jpg","keywords":["acessibilidade","C\u00e2mara Municipal","concelho","florestal","limpeza de vias"],"articleSection":["Not\u00edcias","Pol\u00edtica"],"inLanguage":"pt-PT"},{"@type":"WebPage","@id":"https:\/\/portaltela.pt\/noticias\/2026\/03\/05\/camara-de-pombal-planeia-limpar-2-400-km-de-caminhos-florestais\/","url":"https:\/\/portaltela.pt\/noticias\/2026\/03\/05\/camara-de-pombal-planeia-limpar-2-400-km-de-caminhos-florestais\/","name":"C\u00e2mara de Pombal planeia limpar 2.400 km de caminhos florestais - Portal Tela Portugal","isPartOf":{"@id":"https:\/\/portaltela.pt\/#website"},"primaryImageOfPage":{"@id":"https:\/\/portaltela.pt\/noticias\/2026\/03\/05\/camara-de-pombal-planeia-limpar-2-400-km-de-caminhos-florestais\/#primaryimage"},"image":{"@id":"https:\/\/portaltela.pt\/noticias\/2026\/03\/05\/camara-de-pombal-planeia-limpar-2-400-km-de-caminhos-florestais\/#primaryimage"},"thumbnailUrl":"https:\/\/portaltela.pt\/s.01k8rhncp4jt1\/2026\/03\/CACHE_780X1200_ANALOG_WATERMARKED_46524162_8981532_09022026033645.jpg","datePublished":"2026-03-05T16:32:00+00:00","author":{"@id":"https:\/\/portaltela.pt\/#\/schema\/person\/c4278d4a6028830caff9ee44b42d32ed"},"breadcrumb":{"@id":"https:\/\/portaltela.pt\/noticias\/2026\/03\/05\/camara-de-pombal-planeia-limpar-2-400-km-de-caminhos-florestais\/#breadcrumb"},"inLanguage":"pt-PT","potentialAction":[{"@type":"ReadAction","target":["https:\/\/portaltela.pt\/noticias\/2026\/03\/05\/camara-de-pombal-planeia-limpar-2-400-km-de-caminhos-florestais\/"]}]},{"@type":"ImageObject","inLanguage":"pt-PT","@id":"https:\/\/portaltela.pt\/noticias\/2026\/03\/05\/camara-de-pombal-planeia-limpar-2-400-km-de-caminhos-florestais\/#primaryimage","url":"https:\/\/portaltela.pt\/s.01k8rhncp4jt1\/2026\/03\/CACHE_780X1200_ANALOG_WATERMARKED_46524162_8981532_09022026033645.jpg","contentUrl":"https:\/\/portaltela.pt\/s.01k8rhncp4jt1\/2026\/03\/CACHE_780X1200_ANALOG_WATERMARKED_46524162_8981532_09022026033645.jpg","width":796,"height":448,"caption":"Pombal tem 2.400 km de caminhos florestais para limpar - C\u00e2mara"},{"@type":"BreadcrumbList","@id":"https:\/\/portaltela.pt\/noticias\/2026\/03\/05\/camara-de-pombal-planeia-limpar-2-400-km-de-caminhos-florestais\/#breadcrumb","itemListElement":[{"@type":"ListItem","position":1,"name":"In\u00edcio","item":"https:\/\/portaltela.pt\/"},{"@type":"ListItem","position":2,"name":"C\u00e2mara de Pombal planeia limpar 2.400 km de caminhos florestais"}]},{"@type":"WebSite","@id":"https:\/\/portaltela.pt\/#website","url":"https:\/\/portaltela.pt\/","name":"Portal Tela Portugal","description":"","potentialAction":[{"@type":"SearchAction","target":{"@type":"EntryPoint","urlTemplate":"https:\/\/portaltela.pt\/?s={search_term_string}"},"query-input":{"@type":"PropertyValueSpecification","valueRequired":true,"valueName":"search_term_string"}}],"inLanguage":"pt-PT"},{"@type":"Person","@id":"https:\/\/portaltela.pt\/#\/schema\/person\/c4278d4a6028830caff9ee44b42d32ed","name":"Telinha","image":{"@type":"ImageObject","inLanguage":"pt-PT","@id":"https:\/\/portaltela.pt\/s.01k8rhncp4jt1\/2025\/11\/talking-bot-125x125.png","url":"https:\/\/portaltela.pt\/s.01k8rhncp4jt1\/2025\/11\/talking-bot-125x125.png","contentUrl":"https:\/\/portaltela.pt\/s.01k8rhncp4jt1\/2025\/11\/talking-bot-125x125.png","caption":"Telinha"},"sameAs":["https:\/\/portaltela.pt\/"],"url":"https:\/\/portaltela.pt\/por\/367410592786\/"}]}},"_links":{"self":[{"href":"https:\/\/portaltela.pt\/api\/wp\/v2\/posts\/398906","targetHints":{"allow":["GET"]}}],"collection":[{"href":"https:\/\/portaltela.pt\/api\/wp\/v2\/posts"}],"about":[{"href":"https:\/\/portaltela.pt\/api\/wp\/v2\/types\/post"}],"author":[{"embeddable":true,"href":"https:\/\/portaltela.pt\/api\/wp\/v2\/users\/2"}],"replies":[{"embeddable":true,"href":"https:\/\/portaltela.pt\/api\/wp\/v2\/comments?post=398906"}],"version-history":[{"count":0,"href":"https:\/\/portaltela.pt\/api\/wp\/v2\/posts\/398906\/revisions"}],"wp:featuredmedia":[{"embeddable":true,"href":"https:\/\/portaltela.pt\/api\/wp\/v2\/media\/398907"}],"wp:attachment":[{"href":"https:\/\/portaltela.pt\/api\/wp\/v2\/media?parent=398906"}],"wp:term":[{"taxonomy":"category","embeddable":true,"href":"https:\/\/portaltela.pt\/api\/wp\/v2\/categories?post=398906"},{"taxonomy":"post_tag","embeddable":true,"href":"https:\/\/portaltela.pt\/api\/wp\/v2\/tags?post=398906"}],"curies":[{"name":"wp","href":"https:\/\/api.w.org\/{rel}","templated":true}]}}