{"id":398896,"date":"2026-03-05T13:11:00","date_gmt":"2026-03-05T16:11:00","guid":{"rendered":"https:\/\/portaltela.pt\/noticias\/2026\/03\/05\/apos-doenca-premios-nao-tem-importancia-diz-antonio-lobo-antunes-ao-jn\/"},"modified":"2026-03-05T13:11:00","modified_gmt":"2026-03-05T16:11:00","slug":"apos-doenca-premios-nao-tem-importancia-diz-antonio-lobo-antunes-ao-jn","status":"publish","type":"post","link":"https:\/\/portaltela.pt\/noticias\/economia\/2026\/03\/05\/apos-doenca-premios-nao-tem-importancia-diz-antonio-lobo-antunes-ao-jn\/","title":{"rendered":"Ap\u00f3s doen\u00e7a, pr\u00e9mios n\u00e3o t\u00eam import\u00e2ncia, diz Ant\u00f3nio Lobo Antunes ao JN"},"content":{"rendered":"<p>Ap\u00f3s anunciar que enfrentou uma doen\u00e7a grave, Ant\u00f3nio Lobo Antunes assegura que os pr\u00e9mios perderam import\u00e2ncia. O escritor fala em reconhecer a finitude e em como a sa\u00fade alterou a sua perspetiva sobre a carreira.<\/p>\n<p>O autor descreve o impacto da doen\u00e7a como uma viol\u00eancia vivida, sublinhando a sorte na recupera\u00e7\u00e3o. Explica que encontrou for\u00e7a nas pessoas que o acompanhavam e na coragem de quem enfrenta tratamentos, destacando a dignidade observada entre pacientes.<\/p>\n<p>Relata meses de recupera\u00e7\u00e3o em que ficou quase im\u00f3vel, sem conseguir realizar tarefas. Confirma que acabou o seu livro durante este per\u00edodo e que contempla iniciar uma nova obra, embora sem certezas.<\/p>\n<p>O escritor comenta a rela\u00e7\u00e3o entre a fama e a vida privada, revelando que a exposi\u00e7\u00e3o medi\u00e1tica o incomodou ap\u00f3s o tratamento. Conta ainda que j\u00e1 foi fotografado sem consentimento, o que o deixou revoltado.<\/p>\n<p>Mant\u00e9m o ritmo de trabalho habitual, mesmo ap\u00f3s o cancro, admitindo que deve ter reduzido o fumo mas n\u00e3o interrompido por completo. Avalia ainda o desgaste pr\u00f3prio da escrita, lembrando que a produ\u00e7\u00e3o atual exige menos p\u00e1ginas por dia.<\/p>\n<p>Sobre a rela\u00e7\u00e3o com o p\u00fablico portugu\u00eas, Lobo Antunes afirma sentir uma liga\u00e7\u00e3o cada vez mais forte com os leitores, destacando a generosidade que tem encontrado.<\/p>\n<p>No terreno editorial, questiona a identidade da Dom Quixote e a orienta\u00e7\u00e3o da editora, apontando uma pol\u00edtica irregular e a aus\u00eancia de um director claro. Exp\u00f5e d\u00favidas sobre garantias editoriais para continuar a colaborar.<\/p>\n<p>Descreve o desejo de manter a rela\u00e7\u00e3o com editoras de confian\u00e7a, referindo prefer\u00eancia por garantias editoriais est\u00e1veis. Atribui ao grupo editorial de grandes nomes a tend\u00eancia de concentra\u00e7\u00e3o e \u00e0 necessidade de profesionalismo na gest\u00e3o da cultura.<\/p>\n<p>O escritor afasta a ideia de abandonar a editora nacional de momento, citando um contrato de dez anos com a Dom Quixote, mas admite considerar outras possibilidades caso n\u00e3o haja alinhamento profissional.<\/p>\n<p>Sobre o papel de grandes conglomerados, aponta que os grandes grupos priorizam o impacto econ\u00f3mico, com depend\u00eancia de marketing e visibilidade, enquanto destaca a relev\u00e2ncia das editoras pequenas para obras mais diversas.<\/p>\n<p>Lobo Antunes comenta o fen\u00f3meno de venda de livros associado \u00e0 visibilidade p\u00fablica de autores, afirmando n\u00e3o se incomodar com n\u00fameros altos se sustentarem a leitura de obras relevantes, desde que n\u00e3o se generalize a ideia de que toda a divulga\u00e7\u00e3o corresponde a leitura de Tolst\u00f3i ou Dostoievski.<\/p>\n<p>Quanto \u00e0 sua recente colec\u00e7\u00e3o de cl\u00e1ssicos em bolso, diz que \u00e9 um projeto antigo, com o objetivo de facilitar o acesso a obras em dom\u00ednio p\u00fablico, atrav\u00e9s de tradu\u00e7\u00f5es de qualidade, sem interesse financeiro pessoal. Revela, no entanto, cr\u00edticas \u00e0s escolhas de capa e ao material de divulga\u00e7\u00e3o.<\/p>\n<p>Afirmando que a sua ambi\u00e7\u00e3o \u00e9 que as pessoas leiam bons livros, admite que algumas escolhas editoriais podem n\u00e3o agradar a todos. Enaltece a qualidade de tradutores portugueses e reconhece a import\u00e2ncia de projetos que promovam a leitura de cl\u00e1ssicos.<\/p>\n","protected":false},"excerpt":{"rendered":"<ul>\n<li>Ant\u00f3nio Lobo Antunes revelou ter passado recentemente por um cancro, afirmando que, ap\u00f3s a doen\u00e7a, os pr\u00e9mios deixam de ter import\u00e2ncia e que escrever continua a ser a prioridade, n\u00e3o a publica\u00e7\u00e3o.<\/li>\n<li>O escritor descreveu como encontrou for\u00e7a nas pessoas que o rodeavam e na dignidade dos pacientes que conheceu durante o tratamento, elogiando a humanidade dos portugueses.<\/li>\n<li>Contou ter ficado vazio durante dois meses ap\u00f3s a opera\u00e7\u00e3o, mas concluiu o livro e planeia iniciar outro em fevereiro; admitiu que escrever \u00e9 extenuante, mas que as suas an\u00e1lises est\u00e3o mais fortes.<\/li>\n<li>Criticou a exposi\u00e7\u00e3o medi\u00e1tica ap\u00f3s sair do hospital, dizendo que as fotografias a vender \u00e0s revistas s\u00e3o desagrad\u00e1veis; mant\u00e9m a rotina de trabalho, apesar de n\u00e3o ter deixado de fumar.<\/li>\n<li>Sobre o panorama editorial, manteve reservas sobre a Dom Quixote e o atual rumo de grupos editoriais, defendendo preferir editoras pequenas e destacando a import\u00e2ncia de garantir um editor de confian\u00e7a para continuar a publicar.<\/li>\n<\/ul>\n","protected":false},"author":2,"featured_media":398897,"comment_status":"closed","ping_status":"closed","sticky":false,"template":"","format":"standard","meta":{"footnotes":""},"categories":[2,1],"tags":[145,6682,6654,106,130,6126],"class_list":["post-398896","post","type-post","status-publish","format-standard","has-post-thumbnail","hentry","category-economia","category-noticias","tag-cultura","tag-editoras","tag-escritores","tag-literatura","tag-livros","tag-publico"],"yoast_head":"<!-- This site is optimized with the Yoast SEO plugin v27.2 - https:\/\/yoast.com\/product\/yoast-seo-wordpress\/ -->\n<title>Ap\u00f3s doen\u00e7a, pr\u00e9mios n\u00e3o t\u00eam import\u00e2ncia, diz Ant\u00f3nio Lobo Antunes ao JN - Portal Tela Portugal<\/title>\n<meta name=\"robots\" content=\"index, follow, max-snippet:-1, max-image-preview:large, max-video-preview:-1\" \/>\n<meta property=\"og:locale\" content=\"pt_PT\" \/>\n<meta property=\"og:type\" content=\"article\" \/>\n<meta property=\"og:title\" content=\"Ap\u00f3s doen\u00e7a, pr\u00e9mios n\u00e3o t\u00eam import\u00e2ncia, diz Ant\u00f3nio Lobo Antunes ao JN - Portal Tela Portugal\" \/>\n<meta property=\"og:description\" content=\"Ant\u00f3nio Lobo Antunes revelou ter passado recentemente por um cancro, afirmando que, ap\u00f3s a doen\u00e7a, os pr\u00e9mios deixam de ter import\u00e2ncia e que escrever continua a ser a prioridade, n\u00e3o a publica\u00e7\u00e3o. O escritor descreveu como encontrou for\u00e7a nas pessoas que o rodeavam e na dignidade dos pacientes que conheceu durante o tratamento, elogiando a humanidade dos portugueses. Contou ter ficado vazio durante dois meses ap\u00f3s a opera\u00e7\u00e3o, mas concluiu o livro e planeia iniciar outro em fevereiro; admitiu que escrever \u00e9 extenuante, mas que as suas an\u00e1lises est\u00e3o mais fortes. Criticou a exposi\u00e7\u00e3o medi\u00e1tica ap\u00f3s sair do hospital, dizendo que as fotografias a vender \u00e0s revistas s\u00e3o desagrad\u00e1veis; mant\u00e9m a rotina de trabalho, apesar de n\u00e3o ter deixado de fumar. Sobre o panorama editorial, manteve reservas sobre a Dom Quixote e o atual rumo de grupos editoriais, defendendo preferir editoras pequenas e destacando a import\u00e2ncia de garantir um editor de confian\u00e7a para continuar a publicar.\" \/>\n<meta property=\"og:url\" content=\"https:\/\/portaltela.pt\/noticias\/2026\/03\/05\/apos-doenca-premios-nao-tem-importancia-diz-antonio-lobo-antunes-ao-jn\/\" \/>\n<meta property=\"og:site_name\" content=\"Portal Tela Portugal\" \/>\n<meta property=\"article:published_time\" content=\"2026-03-05T16:11:00+00:00\" \/>\n<meta name=\"author\" content=\"Telinha\" \/>\n<meta name=\"twitter:card\" content=\"summary_large_image\" \/>\n<meta name=\"twitter:label1\" content=\"Escrito por\" \/>\n\t<meta name=\"twitter:data1\" content=\"Telinha\" \/>\n\t<meta name=\"twitter:label2\" content=\"Tempo estimado de leitura\" \/>\n\t<meta name=\"twitter:data2\" content=\"3 minutos\" \/>\n<script type=\"application\/ld+json\" class=\"yoast-schema-graph\">{\"@context\":\"https:\/\/schema.org\",\"@graph\":[{\"@type\":\"Article\",\"@id\":\"https:\/\/portaltela.pt\/noticias\/2026\/03\/05\/apos-doenca-premios-nao-tem-importancia-diz-antonio-lobo-antunes-ao-jn\/#article\",\"isPartOf\":{\"@id\":\"https:\/\/portaltela.pt\/noticias\/2026\/03\/05\/apos-doenca-premios-nao-tem-importancia-diz-antonio-lobo-antunes-ao-jn\/\"},\"author\":{\"name\":\"Telinha\",\"@id\":\"https:\/\/portaltela.pt\/#\/schema\/person\/c4278d4a6028830caff9ee44b42d32ed\"},\"headline\":\"Ap\u00f3s doen\u00e7a, pr\u00e9mios n\u00e3o t\u00eam import\u00e2ncia, diz Ant\u00f3nio Lobo Antunes ao JN\",\"datePublished\":\"2026-03-05T16:11:00+00:00\",\"mainEntityOfPage\":{\"@id\":\"https:\/\/portaltela.pt\/noticias\/2026\/03\/05\/apos-doenca-premios-nao-tem-importancia-diz-antonio-lobo-antunes-ao-jn\/\"},\"wordCount\":553,\"image\":{\"@id\":\"https:\/\/portaltela.pt\/noticias\/2026\/03\/05\/apos-doenca-premios-nao-tem-importancia-diz-antonio-lobo-antunes-ao-jn\/#primaryimage\"},\"thumbnailUrl\":\"https:\/\/portaltela.pt\/s.01k8rhncp4jt1\/2026\/03\/image-314.jpg\",\"keywords\":[\"cultura\",\"editoras\",\"escritores\",\"literatura\",\"livros\",\"p\u00fablico\"],\"articleSection\":[\"Economia\",\"Not\u00edcias\"],\"inLanguage\":\"pt-PT\"},{\"@type\":\"WebPage\",\"@id\":\"https:\/\/portaltela.pt\/noticias\/2026\/03\/05\/apos-doenca-premios-nao-tem-importancia-diz-antonio-lobo-antunes-ao-jn\/\",\"url\":\"https:\/\/portaltela.pt\/noticias\/2026\/03\/05\/apos-doenca-premios-nao-tem-importancia-diz-antonio-lobo-antunes-ao-jn\/\",\"name\":\"Ap\u00f3s doen\u00e7a, pr\u00e9mios n\u00e3o t\u00eam import\u00e2ncia, diz Ant\u00f3nio Lobo Antunes ao JN - Portal Tela Portugal\",\"isPartOf\":{\"@id\":\"https:\/\/portaltela.pt\/#website\"},\"primaryImageOfPage\":{\"@id\":\"https:\/\/portaltela.pt\/noticias\/2026\/03\/05\/apos-doenca-premios-nao-tem-importancia-diz-antonio-lobo-antunes-ao-jn\/#primaryimage\"},\"image\":{\"@id\":\"https:\/\/portaltela.pt\/noticias\/2026\/03\/05\/apos-doenca-premios-nao-tem-importancia-diz-antonio-lobo-antunes-ao-jn\/#primaryimage\"},\"thumbnailUrl\":\"https:\/\/portaltela.pt\/s.01k8rhncp4jt1\/2026\/03\/image-314.jpg\",\"datePublished\":\"2026-03-05T16:11:00+00:00\",\"author\":{\"@id\":\"https:\/\/portaltela.pt\/#\/schema\/person\/c4278d4a6028830caff9ee44b42d32ed\"},\"breadcrumb\":{\"@id\":\"https:\/\/portaltela.pt\/noticias\/2026\/03\/05\/apos-doenca-premios-nao-tem-importancia-diz-antonio-lobo-antunes-ao-jn\/#breadcrumb\"},\"inLanguage\":\"pt-PT\",\"potentialAction\":[{\"@type\":\"ReadAction\",\"target\":[\"https:\/\/portaltela.pt\/noticias\/2026\/03\/05\/apos-doenca-premios-nao-tem-importancia-diz-antonio-lobo-antunes-ao-jn\/\"]}]},{\"@type\":\"ImageObject\",\"inLanguage\":\"pt-PT\",\"@id\":\"https:\/\/portaltela.pt\/noticias\/2026\/03\/05\/apos-doenca-premios-nao-tem-importancia-diz-antonio-lobo-antunes-ao-jn\/#primaryimage\",\"url\":\"https:\/\/portaltela.pt\/s.01k8rhncp4jt1\/2026\/03\/image-314.jpg\",\"contentUrl\":\"https:\/\/portaltela.pt\/s.01k8rhncp4jt1\/2026\/03\/image-314.jpg\",\"width\":796,\"height\":448,\"caption\":\"Escritor fotografado em 2008\"},{\"@type\":\"BreadcrumbList\",\"@id\":\"https:\/\/portaltela.pt\/noticias\/2026\/03\/05\/apos-doenca-premios-nao-tem-importancia-diz-antonio-lobo-antunes-ao-jn\/#breadcrumb\",\"itemListElement\":[{\"@type\":\"ListItem\",\"position\":1,\"name\":\"In\u00edcio\",\"item\":\"https:\/\/portaltela.pt\/\"},{\"@type\":\"ListItem\",\"position\":2,\"name\":\"Ap\u00f3s doen\u00e7a, pr\u00e9mios n\u00e3o t\u00eam import\u00e2ncia, diz Ant\u00f3nio Lobo Antunes ao JN\"}]},{\"@type\":\"WebSite\",\"@id\":\"https:\/\/portaltela.pt\/#website\",\"url\":\"https:\/\/portaltela.pt\/\",\"name\":\"Portal Tela Portugal\",\"description\":\"\",\"potentialAction\":[{\"@type\":\"SearchAction\",\"target\":{\"@type\":\"EntryPoint\",\"urlTemplate\":\"https:\/\/portaltela.pt\/?s={search_term_string}\"},\"query-input\":{\"@type\":\"PropertyValueSpecification\",\"valueRequired\":true,\"valueName\":\"search_term_string\"}}],\"inLanguage\":\"pt-PT\"},{\"@type\":\"Person\",\"@id\":\"https:\/\/portaltela.pt\/#\/schema\/person\/c4278d4a6028830caff9ee44b42d32ed\",\"name\":\"Telinha\",\"image\":{\"@type\":\"ImageObject\",\"inLanguage\":\"pt-PT\",\"@id\":\"https:\/\/portaltela.pt\/s.01k8rhncp4jt1\/2025\/11\/talking-bot-125x125.png\",\"url\":\"https:\/\/portaltela.pt\/s.01k8rhncp4jt1\/2025\/11\/talking-bot-125x125.png\",\"contentUrl\":\"https:\/\/portaltela.pt\/s.01k8rhncp4jt1\/2025\/11\/talking-bot-125x125.png\",\"caption\":\"Telinha\"},\"sameAs\":[\"https:\/\/portaltela.pt\/\"],\"url\":\"https:\/\/portaltela.pt\/por\/367410592786\/\"}]}<\/script>\n<!-- \/ Yoast SEO plugin. -->","yoast_head_json":{"title":"Ap\u00f3s doen\u00e7a, pr\u00e9mios n\u00e3o t\u00eam import\u00e2ncia, diz Ant\u00f3nio Lobo Antunes ao JN - Portal Tela Portugal","robots":{"index":"index","follow":"follow","max-snippet":"max-snippet:-1","max-image-preview":"max-image-preview:large","max-video-preview":"max-video-preview:-1"},"og_locale":"pt_PT","og_type":"article","og_title":"Ap\u00f3s doen\u00e7a, pr\u00e9mios n\u00e3o t\u00eam import\u00e2ncia, diz Ant\u00f3nio Lobo Antunes ao JN - Portal Tela Portugal","og_description":"Ant\u00f3nio Lobo Antunes revelou ter passado recentemente por um cancro, afirmando que, ap\u00f3s a doen\u00e7a, os pr\u00e9mios deixam de ter import\u00e2ncia e que escrever continua a ser a prioridade, n\u00e3o a publica\u00e7\u00e3o. O escritor descreveu como encontrou for\u00e7a nas pessoas que o rodeavam e na dignidade dos pacientes que conheceu durante o tratamento, elogiando a humanidade dos portugueses. Contou ter ficado vazio durante dois meses ap\u00f3s a opera\u00e7\u00e3o, mas concluiu o livro e planeia iniciar outro em fevereiro; admitiu que escrever \u00e9 extenuante, mas que as suas an\u00e1lises est\u00e3o mais fortes. Criticou a exposi\u00e7\u00e3o medi\u00e1tica ap\u00f3s sair do hospital, dizendo que as fotografias a vender \u00e0s revistas s\u00e3o desagrad\u00e1veis; mant\u00e9m a rotina de trabalho, apesar de n\u00e3o ter deixado de fumar. Sobre o panorama editorial, manteve reservas sobre a Dom Quixote e o atual rumo de grupos editoriais, defendendo preferir editoras pequenas e destacando a import\u00e2ncia de garantir um editor de confian\u00e7a para continuar a publicar.","og_url":"https:\/\/portaltela.pt\/noticias\/2026\/03\/05\/apos-doenca-premios-nao-tem-importancia-diz-antonio-lobo-antunes-ao-jn\/","og_site_name":"Portal Tela Portugal","article_published_time":"2026-03-05T16:11:00+00:00","author":"Telinha","twitter_card":"summary_large_image","twitter_misc":{"Escrito por":"Telinha","Tempo estimado de leitura":"3 minutos"},"schema":{"@context":"https:\/\/schema.org","@graph":[{"@type":"Article","@id":"https:\/\/portaltela.pt\/noticias\/2026\/03\/05\/apos-doenca-premios-nao-tem-importancia-diz-antonio-lobo-antunes-ao-jn\/#article","isPartOf":{"@id":"https:\/\/portaltela.pt\/noticias\/2026\/03\/05\/apos-doenca-premios-nao-tem-importancia-diz-antonio-lobo-antunes-ao-jn\/"},"author":{"name":"Telinha","@id":"https:\/\/portaltela.pt\/#\/schema\/person\/c4278d4a6028830caff9ee44b42d32ed"},"headline":"Ap\u00f3s doen\u00e7a, pr\u00e9mios n\u00e3o t\u00eam import\u00e2ncia, diz Ant\u00f3nio Lobo Antunes ao JN","datePublished":"2026-03-05T16:11:00+00:00","mainEntityOfPage":{"@id":"https:\/\/portaltela.pt\/noticias\/2026\/03\/05\/apos-doenca-premios-nao-tem-importancia-diz-antonio-lobo-antunes-ao-jn\/"},"wordCount":553,"image":{"@id":"https:\/\/portaltela.pt\/noticias\/2026\/03\/05\/apos-doenca-premios-nao-tem-importancia-diz-antonio-lobo-antunes-ao-jn\/#primaryimage"},"thumbnailUrl":"https:\/\/portaltela.pt\/s.01k8rhncp4jt1\/2026\/03\/image-314.jpg","keywords":["cultura","editoras","escritores","literatura","livros","p\u00fablico"],"articleSection":["Economia","Not\u00edcias"],"inLanguage":"pt-PT"},{"@type":"WebPage","@id":"https:\/\/portaltela.pt\/noticias\/2026\/03\/05\/apos-doenca-premios-nao-tem-importancia-diz-antonio-lobo-antunes-ao-jn\/","url":"https:\/\/portaltela.pt\/noticias\/2026\/03\/05\/apos-doenca-premios-nao-tem-importancia-diz-antonio-lobo-antunes-ao-jn\/","name":"Ap\u00f3s doen\u00e7a, pr\u00e9mios n\u00e3o t\u00eam import\u00e2ncia, diz Ant\u00f3nio Lobo Antunes ao JN - Portal Tela Portugal","isPartOf":{"@id":"https:\/\/portaltela.pt\/#website"},"primaryImageOfPage":{"@id":"https:\/\/portaltela.pt\/noticias\/2026\/03\/05\/apos-doenca-premios-nao-tem-importancia-diz-antonio-lobo-antunes-ao-jn\/#primaryimage"},"image":{"@id":"https:\/\/portaltela.pt\/noticias\/2026\/03\/05\/apos-doenca-premios-nao-tem-importancia-diz-antonio-lobo-antunes-ao-jn\/#primaryimage"},"thumbnailUrl":"https:\/\/portaltela.pt\/s.01k8rhncp4jt1\/2026\/03\/image-314.jpg","datePublished":"2026-03-05T16:11:00+00:00","author":{"@id":"https:\/\/portaltela.pt\/#\/schema\/person\/c4278d4a6028830caff9ee44b42d32ed"},"breadcrumb":{"@id":"https:\/\/portaltela.pt\/noticias\/2026\/03\/05\/apos-doenca-premios-nao-tem-importancia-diz-antonio-lobo-antunes-ao-jn\/#breadcrumb"},"inLanguage":"pt-PT","potentialAction":[{"@type":"ReadAction","target":["https:\/\/portaltela.pt\/noticias\/2026\/03\/05\/apos-doenca-premios-nao-tem-importancia-diz-antonio-lobo-antunes-ao-jn\/"]}]},{"@type":"ImageObject","inLanguage":"pt-PT","@id":"https:\/\/portaltela.pt\/noticias\/2026\/03\/05\/apos-doenca-premios-nao-tem-importancia-diz-antonio-lobo-antunes-ao-jn\/#primaryimage","url":"https:\/\/portaltela.pt\/s.01k8rhncp4jt1\/2026\/03\/image-314.jpg","contentUrl":"https:\/\/portaltela.pt\/s.01k8rhncp4jt1\/2026\/03\/image-314.jpg","width":796,"height":448,"caption":"Escritor fotografado em 2008"},{"@type":"BreadcrumbList","@id":"https:\/\/portaltela.pt\/noticias\/2026\/03\/05\/apos-doenca-premios-nao-tem-importancia-diz-antonio-lobo-antunes-ao-jn\/#breadcrumb","itemListElement":[{"@type":"ListItem","position":1,"name":"In\u00edcio","item":"https:\/\/portaltela.pt\/"},{"@type":"ListItem","position":2,"name":"Ap\u00f3s doen\u00e7a, pr\u00e9mios n\u00e3o t\u00eam import\u00e2ncia, diz Ant\u00f3nio Lobo Antunes ao JN"}]},{"@type":"WebSite","@id":"https:\/\/portaltela.pt\/#website","url":"https:\/\/portaltela.pt\/","name":"Portal Tela Portugal","description":"","potentialAction":[{"@type":"SearchAction","target":{"@type":"EntryPoint","urlTemplate":"https:\/\/portaltela.pt\/?s={search_term_string}"},"query-input":{"@type":"PropertyValueSpecification","valueRequired":true,"valueName":"search_term_string"}}],"inLanguage":"pt-PT"},{"@type":"Person","@id":"https:\/\/portaltela.pt\/#\/schema\/person\/c4278d4a6028830caff9ee44b42d32ed","name":"Telinha","image":{"@type":"ImageObject","inLanguage":"pt-PT","@id":"https:\/\/portaltela.pt\/s.01k8rhncp4jt1\/2025\/11\/talking-bot-125x125.png","url":"https:\/\/portaltela.pt\/s.01k8rhncp4jt1\/2025\/11\/talking-bot-125x125.png","contentUrl":"https:\/\/portaltela.pt\/s.01k8rhncp4jt1\/2025\/11\/talking-bot-125x125.png","caption":"Telinha"},"sameAs":["https:\/\/portaltela.pt\/"],"url":"https:\/\/portaltela.pt\/por\/367410592786\/"}]}},"_links":{"self":[{"href":"https:\/\/portaltela.pt\/api\/wp\/v2\/posts\/398896","targetHints":{"allow":["GET"]}}],"collection":[{"href":"https:\/\/portaltela.pt\/api\/wp\/v2\/posts"}],"about":[{"href":"https:\/\/portaltela.pt\/api\/wp\/v2\/types\/post"}],"author":[{"embeddable":true,"href":"https:\/\/portaltela.pt\/api\/wp\/v2\/users\/2"}],"replies":[{"embeddable":true,"href":"https:\/\/portaltela.pt\/api\/wp\/v2\/comments?post=398896"}],"version-history":[{"count":0,"href":"https:\/\/portaltela.pt\/api\/wp\/v2\/posts\/398896\/revisions"}],"wp:featuredmedia":[{"embeddable":true,"href":"https:\/\/portaltela.pt\/api\/wp\/v2\/media\/398897"}],"wp:attachment":[{"href":"https:\/\/portaltela.pt\/api\/wp\/v2\/media?parent=398896"}],"wp:term":[{"taxonomy":"category","embeddable":true,"href":"https:\/\/portaltela.pt\/api\/wp\/v2\/categories?post=398896"},{"taxonomy":"post_tag","embeddable":true,"href":"https:\/\/portaltela.pt\/api\/wp\/v2\/tags?post=398896"}],"curies":[{"name":"wp","href":"https:\/\/api.w.org\/{rel}","templated":true}]}}