{"id":398875,"date":"2026-03-05T12:48:00","date_gmt":"2026-03-05T15:48:00","guid":{"rendered":"https:\/\/portaltela.pt\/noticias\/2026\/03\/05\/pedro-neto-acusado-de-conduta-impropria-apos-expulsao-na-liga-inglesa-2\/"},"modified":"2026-03-05T12:48:00","modified_gmt":"2026-03-05T15:48:00","slug":"pedro-neto-acusado-de-conduta-impropria-apos-expulsao-na-liga-inglesa-2","status":"publish","type":"post","link":"https:\/\/portaltela.pt\/desporto\/futebol\/2026\/03\/05\/pedro-neto-acusado-de-conduta-impropria-apos-expulsao-na-liga-inglesa-2\/","title":{"rendered":"Pedro Neto acusado de conduta impr\u00f3pria ap\u00f3s expuls\u00e3o na Liga inglesa"},"content":{"rendered":"<p>O futebolista Pedro Neto \u00e9 acusado de conduta impr\u00f3pria ap\u00f3s ter sido expulso numa competi\u00e7\u00e3o da Liga inglesa. A informa\u00e7\u00e3o envolve o jogador e a institui\u00e7\u00e3o envolvida na a\u00e7\u00e3o disciplinar, mas os detalhes ainda n\u00e3o foram divulgados publicamente.<\/p>\n<p>Segundo a nota publicada pela equipa ou pela liga, a ocorr\u00eancia ocorreu durante uma partida na Liga inglesa. N\u00e3o foram inclu\u00eddos, no texto dispon\u00edvel publicamente, pormenores sobre a natureza da acusa\u00e7\u00e3o ou sobre as san\u00e7\u00f5es potenciais.<\/p>\n<p>As informa\u00e7\u00f5es completas n\u00e3o est\u00e3o acess\u00edveis ao p\u00fablico sem subscri\u00e7\u00e3o. At\u00e9 ao momento, n\u00e3o h\u00e1 comunica\u00e7\u00f5es oficiais adicionais nem declara\u00e7\u00f5es de representantes de Pedro Neto dispon\u00edveis para divulga\u00e7\u00e3o neste artigo.<\/p>\n<p>O conte\u00fado detalhado sobre o caso est\u00e1 reservado a subscritores. Fonte oficial ainda n\u00e3o confirmou datas exatas, advers\u00e1rio da equipa ou o julgamento. Aguardam-se confirma\u00e7\u00f5es pelas entidades competentes.<\/p>\n","protected":false},"excerpt":{"rendered":"<ul>\n<li>Pedro Neto \u00e9 acusado de conduta impr\u00f3pria ap\u00f3s ter sido expulso na Liga inglesa.<\/li>\n<li>O conte\u00fado completo est\u00e1 dispon\u00edvel apenas para subscritores.<\/li>\n<li>O excerto n\u00e3o fornece detalhes adicionais sobre o incidente.<\/li>\n<li>N\u00e3o h\u00e1 informa\u00e7\u00e3o no texto apresentado sobre o clube, a data ou as consequ\u00eancias disciplinares.<\/li>\n<\/ul>\n","protected":false},"author":2,"featured_media":398877,"comment_status":"closed","ping_status":"closed","sticky":false,"template":"","format":"standard","meta":{"footnotes":""},"categories":[21,24],"tags":[6441,152,2971,32,3338,3505],"class_list":["post-398875","post","type-post","status-publish","format-standard","has-post-thumbnail","hentry","category-desporto","category-futebol","tag-acusacoes","tag-desporto","tag-expulsoes","tag-futebol","tag-futebol-internacional","tag-ligas-internacionais"],"yoast_head":"<!-- This site is optimized with the Yoast SEO plugin v27.2 - https:\/\/yoast.com\/product\/yoast-seo-wordpress\/ -->\n<title>Pedro Neto acusado de conduta impr\u00f3pria ap\u00f3s expuls\u00e3o na Liga inglesa - Portal Tela Portugal<\/title>\n<meta name=\"robots\" content=\"index, follow, max-snippet:-1, max-image-preview:large, max-video-preview:-1\" \/>\n<meta property=\"og:locale\" content=\"pt_PT\" \/>\n<meta property=\"og:type\" content=\"article\" \/>\n<meta property=\"og:title\" content=\"Pedro Neto acusado de conduta impr\u00f3pria ap\u00f3s expuls\u00e3o na Liga inglesa - Portal Tela Portugal\" \/>\n<meta property=\"og:description\" content=\"Pedro Neto \u00e9 acusado de conduta impr\u00f3pria ap\u00f3s ter sido expulso na Liga inglesa. O conte\u00fado completo est\u00e1 dispon\u00edvel apenas para subscritores. O excerto n\u00e3o fornece detalhes adicionais sobre o incidente. N\u00e3o h\u00e1 informa\u00e7\u00e3o no texto apresentado sobre o clube, a data ou as consequ\u00eancias disciplinares.\" \/>\n<meta property=\"og:url\" content=\"https:\/\/portaltela.pt\/noticias\/2026\/03\/05\/pedro-neto-acusado-de-conduta-impropria-apos-expulsao-na-liga-inglesa-2\/\" \/>\n<meta property=\"og:site_name\" content=\"Portal Tela Portugal\" \/>\n<meta property=\"article:published_time\" content=\"2026-03-05T15:48:00+00:00\" \/>\n<meta name=\"author\" content=\"Telinha\" \/>\n<meta name=\"twitter:card\" content=\"summary_large_image\" \/>\n<meta name=\"twitter:label1\" content=\"Escrito por\" \/>\n\t<meta name=\"twitter:data1\" content=\"Telinha\" \/>\n\t<meta name=\"twitter:label2\" content=\"Tempo estimado de leitura\" \/>\n\t<meta name=\"twitter:data2\" content=\"1 minuto\" \/>\n<script type=\"application\/ld+json\" class=\"yoast-schema-graph\">{\"@context\":\"https:\/\/schema.org\",\"@graph\":[{\"@type\":\"Article\",\"@id\":\"https:\/\/portaltela.pt\/noticias\/2026\/03\/05\/pedro-neto-acusado-de-conduta-impropria-apos-expulsao-na-liga-inglesa-2\/#article\",\"isPartOf\":{\"@id\":\"https:\/\/portaltela.pt\/noticias\/2026\/03\/05\/pedro-neto-acusado-de-conduta-impropria-apos-expulsao-na-liga-inglesa-2\/\"},\"author\":{\"name\":\"Telinha\",\"@id\":\"https:\/\/portaltela.pt\/#\/schema\/person\/c4278d4a6028830caff9ee44b42d32ed\"},\"headline\":\"Pedro Neto acusado de conduta impr\u00f3pria ap\u00f3s expuls\u00e3o na Liga inglesa\",\"datePublished\":\"2026-03-05T15:48:00+00:00\",\"mainEntityOfPage\":{\"@id\":\"https:\/\/portaltela.pt\/noticias\/2026\/03\/05\/pedro-neto-acusado-de-conduta-impropria-apos-expulsao-na-liga-inglesa-2\/\"},\"wordCount\":173,\"image\":{\"@id\":\"https:\/\/portaltela.pt\/noticias\/2026\/03\/05\/pedro-neto-acusado-de-conduta-impropria-apos-expulsao-na-liga-inglesa-2\/#primaryimage\"},\"thumbnailUrl\":\"https:\/\/portaltela.pt\/s.01k8rhncp4jt1\/2026\/03\/CACHE_780X1200_ANALOG_WATERMARKED_46465575_374886619492903.jpg\",\"keywords\":[\"acusa\u00e7\u00f5es\",\"desporto\",\"expuls\u00f5es\",\"futebol\",\"futebol internacional\",\"ligas internacionais\"],\"articleSection\":[\"Desporto\",\"Futebol\"],\"inLanguage\":\"pt-PT\"},{\"@type\":\"WebPage\",\"@id\":\"https:\/\/portaltela.pt\/noticias\/2026\/03\/05\/pedro-neto-acusado-de-conduta-impropria-apos-expulsao-na-liga-inglesa-2\/\",\"url\":\"https:\/\/portaltela.pt\/noticias\/2026\/03\/05\/pedro-neto-acusado-de-conduta-impropria-apos-expulsao-na-liga-inglesa-2\/\",\"name\":\"Pedro Neto acusado de conduta impr\u00f3pria ap\u00f3s expuls\u00e3o na Liga inglesa - Portal Tela Portugal\",\"isPartOf\":{\"@id\":\"https:\/\/portaltela.pt\/#website\"},\"primaryImageOfPage\":{\"@id\":\"https:\/\/portaltela.pt\/noticias\/2026\/03\/05\/pedro-neto-acusado-de-conduta-impropria-apos-expulsao-na-liga-inglesa-2\/#primaryimage\"},\"image\":{\"@id\":\"https:\/\/portaltela.pt\/noticias\/2026\/03\/05\/pedro-neto-acusado-de-conduta-impropria-apos-expulsao-na-liga-inglesa-2\/#primaryimage\"},\"thumbnailUrl\":\"https:\/\/portaltela.pt\/s.01k8rhncp4jt1\/2026\/03\/CACHE_780X1200_ANALOG_WATERMARKED_46465575_374886619492903.jpg\",\"datePublished\":\"2026-03-05T15:48:00+00:00\",\"author\":{\"@id\":\"https:\/\/portaltela.pt\/#\/schema\/person\/c4278d4a6028830caff9ee44b42d32ed\"},\"breadcrumb\":{\"@id\":\"https:\/\/portaltela.pt\/noticias\/2026\/03\/05\/pedro-neto-acusado-de-conduta-impropria-apos-expulsao-na-liga-inglesa-2\/#breadcrumb\"},\"inLanguage\":\"pt-PT\",\"potentialAction\":[{\"@type\":\"ReadAction\",\"target\":[\"https:\/\/portaltela.pt\/noticias\/2026\/03\/05\/pedro-neto-acusado-de-conduta-impropria-apos-expulsao-na-liga-inglesa-2\/\"]}]},{\"@type\":\"ImageObject\",\"inLanguage\":\"pt-PT\",\"@id\":\"https:\/\/portaltela.pt\/noticias\/2026\/03\/05\/pedro-neto-acusado-de-conduta-impropria-apos-expulsao-na-liga-inglesa-2\/#primaryimage\",\"url\":\"https:\/\/portaltela.pt\/s.01k8rhncp4jt1\/2026\/03\/CACHE_780X1200_ANALOG_WATERMARKED_46465575_374886619492903.jpg\",\"contentUrl\":\"https:\/\/portaltela.pt\/s.01k8rhncp4jt1\/2026\/03\/CACHE_780X1200_ANALOG_WATERMARKED_46465575_374886619492903.jpg\",\"width\":796,\"height\":448,\"caption\":\"Photo\"},{\"@type\":\"BreadcrumbList\",\"@id\":\"https:\/\/portaltela.pt\/noticias\/2026\/03\/05\/pedro-neto-acusado-de-conduta-impropria-apos-expulsao-na-liga-inglesa-2\/#breadcrumb\",\"itemListElement\":[{\"@type\":\"ListItem\",\"position\":1,\"name\":\"In\u00edcio\",\"item\":\"https:\/\/portaltela.pt\/\"},{\"@type\":\"ListItem\",\"position\":2,\"name\":\"Pedro Neto acusado de conduta impr\u00f3pria ap\u00f3s expuls\u00e3o na Liga inglesa\"}]},{\"@type\":\"WebSite\",\"@id\":\"https:\/\/portaltela.pt\/#website\",\"url\":\"https:\/\/portaltela.pt\/\",\"name\":\"Portal Tela Portugal\",\"description\":\"\",\"potentialAction\":[{\"@type\":\"SearchAction\",\"target\":{\"@type\":\"EntryPoint\",\"urlTemplate\":\"https:\/\/portaltela.pt\/?s={search_term_string}\"},\"query-input\":{\"@type\":\"PropertyValueSpecification\",\"valueRequired\":true,\"valueName\":\"search_term_string\"}}],\"inLanguage\":\"pt-PT\"},{\"@type\":\"Person\",\"@id\":\"https:\/\/portaltela.pt\/#\/schema\/person\/c4278d4a6028830caff9ee44b42d32ed\",\"name\":\"Telinha\",\"image\":{\"@type\":\"ImageObject\",\"inLanguage\":\"pt-PT\",\"@id\":\"https:\/\/portaltela.pt\/s.01k8rhncp4jt1\/2025\/11\/talking-bot-125x125.png\",\"url\":\"https:\/\/portaltela.pt\/s.01k8rhncp4jt1\/2025\/11\/talking-bot-125x125.png\",\"contentUrl\":\"https:\/\/portaltela.pt\/s.01k8rhncp4jt1\/2025\/11\/talking-bot-125x125.png\",\"caption\":\"Telinha\"},\"sameAs\":[\"https:\/\/portaltela.pt\/\"],\"url\":\"https:\/\/portaltela.pt\/por\/367410592786\/\"}]}<\/script>\n<!-- \/ Yoast SEO plugin. -->","yoast_head_json":{"title":"Pedro Neto acusado de conduta impr\u00f3pria ap\u00f3s expuls\u00e3o na Liga inglesa - Portal Tela Portugal","robots":{"index":"index","follow":"follow","max-snippet":"max-snippet:-1","max-image-preview":"max-image-preview:large","max-video-preview":"max-video-preview:-1"},"og_locale":"pt_PT","og_type":"article","og_title":"Pedro Neto acusado de conduta impr\u00f3pria ap\u00f3s expuls\u00e3o na Liga inglesa - Portal Tela Portugal","og_description":"Pedro Neto \u00e9 acusado de conduta impr\u00f3pria ap\u00f3s ter sido expulso na Liga inglesa. O conte\u00fado completo est\u00e1 dispon\u00edvel apenas para subscritores. O excerto n\u00e3o fornece detalhes adicionais sobre o incidente. N\u00e3o h\u00e1 informa\u00e7\u00e3o no texto apresentado sobre o clube, a data ou as consequ\u00eancias disciplinares.","og_url":"https:\/\/portaltela.pt\/noticias\/2026\/03\/05\/pedro-neto-acusado-de-conduta-impropria-apos-expulsao-na-liga-inglesa-2\/","og_site_name":"Portal Tela Portugal","article_published_time":"2026-03-05T15:48:00+00:00","author":"Telinha","twitter_card":"summary_large_image","twitter_misc":{"Escrito por":"Telinha","Tempo estimado de leitura":"1 minuto"},"schema":{"@context":"https:\/\/schema.org","@graph":[{"@type":"Article","@id":"https:\/\/portaltela.pt\/noticias\/2026\/03\/05\/pedro-neto-acusado-de-conduta-impropria-apos-expulsao-na-liga-inglesa-2\/#article","isPartOf":{"@id":"https:\/\/portaltela.pt\/noticias\/2026\/03\/05\/pedro-neto-acusado-de-conduta-impropria-apos-expulsao-na-liga-inglesa-2\/"},"author":{"name":"Telinha","@id":"https:\/\/portaltela.pt\/#\/schema\/person\/c4278d4a6028830caff9ee44b42d32ed"},"headline":"Pedro Neto acusado de conduta impr\u00f3pria ap\u00f3s expuls\u00e3o na Liga inglesa","datePublished":"2026-03-05T15:48:00+00:00","mainEntityOfPage":{"@id":"https:\/\/portaltela.pt\/noticias\/2026\/03\/05\/pedro-neto-acusado-de-conduta-impropria-apos-expulsao-na-liga-inglesa-2\/"},"wordCount":173,"image":{"@id":"https:\/\/portaltela.pt\/noticias\/2026\/03\/05\/pedro-neto-acusado-de-conduta-impropria-apos-expulsao-na-liga-inglesa-2\/#primaryimage"},"thumbnailUrl":"https:\/\/portaltela.pt\/s.01k8rhncp4jt1\/2026\/03\/CACHE_780X1200_ANALOG_WATERMARKED_46465575_374886619492903.jpg","keywords":["acusa\u00e7\u00f5es","desporto","expuls\u00f5es","futebol","futebol internacional","ligas internacionais"],"articleSection":["Desporto","Futebol"],"inLanguage":"pt-PT"},{"@type":"WebPage","@id":"https:\/\/portaltela.pt\/noticias\/2026\/03\/05\/pedro-neto-acusado-de-conduta-impropria-apos-expulsao-na-liga-inglesa-2\/","url":"https:\/\/portaltela.pt\/noticias\/2026\/03\/05\/pedro-neto-acusado-de-conduta-impropria-apos-expulsao-na-liga-inglesa-2\/","name":"Pedro Neto acusado de conduta impr\u00f3pria ap\u00f3s expuls\u00e3o na Liga inglesa - Portal Tela Portugal","isPartOf":{"@id":"https:\/\/portaltela.pt\/#website"},"primaryImageOfPage":{"@id":"https:\/\/portaltela.pt\/noticias\/2026\/03\/05\/pedro-neto-acusado-de-conduta-impropria-apos-expulsao-na-liga-inglesa-2\/#primaryimage"},"image":{"@id":"https:\/\/portaltela.pt\/noticias\/2026\/03\/05\/pedro-neto-acusado-de-conduta-impropria-apos-expulsao-na-liga-inglesa-2\/#primaryimage"},"thumbnailUrl":"https:\/\/portaltela.pt\/s.01k8rhncp4jt1\/2026\/03\/CACHE_780X1200_ANALOG_WATERMARKED_46465575_374886619492903.jpg","datePublished":"2026-03-05T15:48:00+00:00","author":{"@id":"https:\/\/portaltela.pt\/#\/schema\/person\/c4278d4a6028830caff9ee44b42d32ed"},"breadcrumb":{"@id":"https:\/\/portaltela.pt\/noticias\/2026\/03\/05\/pedro-neto-acusado-de-conduta-impropria-apos-expulsao-na-liga-inglesa-2\/#breadcrumb"},"inLanguage":"pt-PT","potentialAction":[{"@type":"ReadAction","target":["https:\/\/portaltela.pt\/noticias\/2026\/03\/05\/pedro-neto-acusado-de-conduta-impropria-apos-expulsao-na-liga-inglesa-2\/"]}]},{"@type":"ImageObject","inLanguage":"pt-PT","@id":"https:\/\/portaltela.pt\/noticias\/2026\/03\/05\/pedro-neto-acusado-de-conduta-impropria-apos-expulsao-na-liga-inglesa-2\/#primaryimage","url":"https:\/\/portaltela.pt\/s.01k8rhncp4jt1\/2026\/03\/CACHE_780X1200_ANALOG_WATERMARKED_46465575_374886619492903.jpg","contentUrl":"https:\/\/portaltela.pt\/s.01k8rhncp4jt1\/2026\/03\/CACHE_780X1200_ANALOG_WATERMARKED_46465575_374886619492903.jpg","width":796,"height":448,"caption":"Photo"},{"@type":"BreadcrumbList","@id":"https:\/\/portaltela.pt\/noticias\/2026\/03\/05\/pedro-neto-acusado-de-conduta-impropria-apos-expulsao-na-liga-inglesa-2\/#breadcrumb","itemListElement":[{"@type":"ListItem","position":1,"name":"In\u00edcio","item":"https:\/\/portaltela.pt\/"},{"@type":"ListItem","position":2,"name":"Pedro Neto acusado de conduta impr\u00f3pria ap\u00f3s expuls\u00e3o na Liga inglesa"}]},{"@type":"WebSite","@id":"https:\/\/portaltela.pt\/#website","url":"https:\/\/portaltela.pt\/","name":"Portal Tela Portugal","description":"","potentialAction":[{"@type":"SearchAction","target":{"@type":"EntryPoint","urlTemplate":"https:\/\/portaltela.pt\/?s={search_term_string}"},"query-input":{"@type":"PropertyValueSpecification","valueRequired":true,"valueName":"search_term_string"}}],"inLanguage":"pt-PT"},{"@type":"Person","@id":"https:\/\/portaltela.pt\/#\/schema\/person\/c4278d4a6028830caff9ee44b42d32ed","name":"Telinha","image":{"@type":"ImageObject","inLanguage":"pt-PT","@id":"https:\/\/portaltela.pt\/s.01k8rhncp4jt1\/2025\/11\/talking-bot-125x125.png","url":"https:\/\/portaltela.pt\/s.01k8rhncp4jt1\/2025\/11\/talking-bot-125x125.png","contentUrl":"https:\/\/portaltela.pt\/s.01k8rhncp4jt1\/2025\/11\/talking-bot-125x125.png","caption":"Telinha"},"sameAs":["https:\/\/portaltela.pt\/"],"url":"https:\/\/portaltela.pt\/por\/367410592786\/"}]}},"_links":{"self":[{"href":"https:\/\/portaltela.pt\/api\/wp\/v2\/posts\/398875","targetHints":{"allow":["GET"]}}],"collection":[{"href":"https:\/\/portaltela.pt\/api\/wp\/v2\/posts"}],"about":[{"href":"https:\/\/portaltela.pt\/api\/wp\/v2\/types\/post"}],"author":[{"embeddable":true,"href":"https:\/\/portaltela.pt\/api\/wp\/v2\/users\/2"}],"replies":[{"embeddable":true,"href":"https:\/\/portaltela.pt\/api\/wp\/v2\/comments?post=398875"}],"version-history":[{"count":0,"href":"https:\/\/portaltela.pt\/api\/wp\/v2\/posts\/398875\/revisions"}],"wp:featuredmedia":[{"embeddable":true,"href":"https:\/\/portaltela.pt\/api\/wp\/v2\/media\/398877"}],"wp:attachment":[{"href":"https:\/\/portaltela.pt\/api\/wp\/v2\/media?parent=398875"}],"wp:term":[{"taxonomy":"category","embeddable":true,"href":"https:\/\/portaltela.pt\/api\/wp\/v2\/categories?post=398875"},{"taxonomy":"post_tag","embeddable":true,"href":"https:\/\/portaltela.pt\/api\/wp\/v2\/tags?post=398875"}],"curies":[{"name":"wp","href":"https:\/\/api.w.org\/{rel}","templated":true}]}}