{"id":398838,"date":"2026-03-05T13:13:00","date_gmt":"2026-03-05T16:13:00","guid":{"rendered":"https:\/\/portaltela.pt\/noticias\/2026\/03\/05\/populares-contestam-encerramento-da-en-109-4-ha-tres-meses-apos-derrocada\/"},"modified":"2026-03-05T13:13:00","modified_gmt":"2026-03-05T16:13:00","slug":"populares-contestam-encerramento-da-en-109-4-ha-tres-meses-apos-derrocada","status":"publish","type":"post","link":"https:\/\/portaltela.pt\/noticias\/politica\/2026\/03\/05\/populares-contestam-encerramento-da-en-109-4-ha-tres-meses-apos-derrocada\/","title":{"rendered":"Populares contestam encerramento da EN 109-4 h\u00e1 tr\u00eas meses ap\u00f3s derrocada"},"content":{"rendered":"<p>O encerramento da EN 109-4, ap\u00f3s a derrocada ocorrida h\u00e1 cerca de tr\u00eas meses, deixou os residentes descontentes com as condi\u00e7\u00f5es da circula\u00e7\u00e3o local. A via permanece cortada, afetando o tr\u00e1fego de liga\u00e7\u00e3o entre Espinho e Santa Maria da Feira.<\/p>\n<p>Populares intensificaram as queixas, afirmando que a interrup\u00e7\u00e3o persiste sem solu\u00e7\u00e3o vis\u00edvel. Entidades locais ainda n\u00e3o anunciaram um cronograma para a repara\u00e7\u00e3o da estrada, o que agrava a percep\u00e7\u00e3o de atraso na resposta p\u00fablica.<\/p>\n<p>Segundo um residente ouvido pela CMTV, n\u00e3o h\u00e1 investimento dispon\u00edvel para responder \u00e0 necessidade de reconstru\u00e7\u00e3o da via de liga\u00e7\u00e3o entre Espinho e Santa Maria da Feira. A mesma fonte indica que n\u00e3o existem planos anunciados para esta interven\u00e7\u00e3o.<\/p>\n<p>###<\/p>\n<p>Situa\u00e7\u00e3o da liga\u00e7\u00e3o entre Espinho e Santa Maria da Feira<\/p>\n<p>A falta de informa\u00e7\u00f5es oficiais sobre prazos e respons\u00e1veis pela recupera\u00e7\u00e3o tem gerado incerteza entre moradores e empresas locais. As autoridades n\u00e3o confirmaram detalhes sobre responsabilidade, financiamento ou etapas futuras.<\/p>\n","protected":false},"excerpt":{"rendered":"<ul>\n<li>A EN 109-4 permanece cortada h\u00e1 cerca de tr\u00eas meses ap\u00f3s uma derrocada.<\/li>\n<li>A via de liga\u00e7\u00e3o entre Espinho e Santa Maria da Feira continua inoperacional.<\/li>\n<li>A not\u00edcia aponta que n\u00e3o existe qualquer investimento anunciado para arranjar a estrada.<\/li>\n<li>A informa\u00e7\u00e3o foi divulgada por um homem \u00e0 CMTV.<\/li>\n<\/ul>\n","protected":false},"author":2,"featured_media":398840,"comment_status":"closed","ping_status":"closed","sticky":false,"template":"","format":"standard","meta":{"footnotes":""},"categories":[1,5],"tags":[5792,1839,1083,1615,1308,5537],"class_list":["post-398838","post","type-post","status-publish","format-standard","has-post-thumbnail","hentry","category-noticias","category-politica","tag-autoestradas","tag-espinho","tag-estradas","tag-infraestrutura","tag-santa-maria-da-feira","tag-vias-cortadas"],"yoast_head":"<!-- This site is optimized with the Yoast SEO plugin v27.2 - https:\/\/yoast.com\/product\/yoast-seo-wordpress\/ -->\n<title>Populares contestam encerramento da EN 109-4 h\u00e1 tr\u00eas meses ap\u00f3s derrocada - Portal Tela Portugal<\/title>\n<meta name=\"robots\" content=\"index, follow, max-snippet:-1, max-image-preview:large, max-video-preview:-1\" \/>\n<meta property=\"og:locale\" content=\"pt_PT\" \/>\n<meta property=\"og:type\" content=\"article\" \/>\n<meta property=\"og:title\" content=\"Populares contestam encerramento da EN 109-4 h\u00e1 tr\u00eas meses ap\u00f3s derrocada - Portal Tela Portugal\" \/>\n<meta property=\"og:description\" content=\"A EN 109-4 permanece cortada h\u00e1 cerca de tr\u00eas meses ap\u00f3s uma derrocada. A via de liga\u00e7\u00e3o entre Espinho e Santa Maria da Feira continua inoperacional. A not\u00edcia aponta que n\u00e3o existe qualquer investimento anunciado para arranjar a estrada. A informa\u00e7\u00e3o foi divulgada por um homem \u00e0 CMTV.\" \/>\n<meta property=\"og:url\" content=\"https:\/\/portaltela.pt\/noticias\/2026\/03\/05\/populares-contestam-encerramento-da-en-109-4-ha-tres-meses-apos-derrocada\/\" \/>\n<meta property=\"og:site_name\" content=\"Portal Tela Portugal\" \/>\n<meta property=\"article:published_time\" content=\"2026-03-05T16:13:00+00:00\" \/>\n<meta name=\"author\" content=\"Telinha\" \/>\n<meta name=\"twitter:card\" content=\"summary_large_image\" \/>\n<meta name=\"twitter:label1\" content=\"Escrito por\" \/>\n\t<meta name=\"twitter:data1\" content=\"Telinha\" \/>\n\t<meta name=\"twitter:label2\" content=\"Tempo estimado de leitura\" \/>\n\t<meta name=\"twitter:data2\" content=\"1 minuto\" \/>\n<script type=\"application\/ld+json\" class=\"yoast-schema-graph\">{\"@context\":\"https:\/\/schema.org\",\"@graph\":[{\"@type\":\"Article\",\"@id\":\"https:\/\/portaltela.pt\/noticias\/2026\/03\/05\/populares-contestam-encerramento-da-en-109-4-ha-tres-meses-apos-derrocada\/#article\",\"isPartOf\":{\"@id\":\"https:\/\/portaltela.pt\/noticias\/2026\/03\/05\/populares-contestam-encerramento-da-en-109-4-ha-tres-meses-apos-derrocada\/\"},\"author\":{\"name\":\"Telinha\",\"@id\":\"https:\/\/portaltela.pt\/#\/schema\/person\/c4278d4a6028830caff9ee44b42d32ed\"},\"headline\":\"Populares contestam encerramento da EN 109-4 h\u00e1 tr\u00eas meses ap\u00f3s derrocada\",\"datePublished\":\"2026-03-05T16:13:00+00:00\",\"mainEntityOfPage\":{\"@id\":\"https:\/\/portaltela.pt\/noticias\/2026\/03\/05\/populares-contestam-encerramento-da-en-109-4-ha-tres-meses-apos-derrocada\/\"},\"wordCount\":190,\"image\":{\"@id\":\"https:\/\/portaltela.pt\/noticias\/2026\/03\/05\/populares-contestam-encerramento-da-en-109-4-ha-tres-meses-apos-derrocada\/#primaryimage\"},\"thumbnailUrl\":\"https:\/\/portaltela.pt\/s.01k8rhncp4jt1\/2026\/03\/img_1280x722uu2026-03-05-16-13-39-2270557.jpg\",\"keywords\":[\"autoestradas\",\"Espinho\",\"estradas\",\"infraestrutura\",\"Santa Maria da Feira\",\"vias cortadas\"],\"articleSection\":[\"Not\u00edcias\",\"Pol\u00edtica\"],\"inLanguage\":\"pt-PT\"},{\"@type\":\"WebPage\",\"@id\":\"https:\/\/portaltela.pt\/noticias\/2026\/03\/05\/populares-contestam-encerramento-da-en-109-4-ha-tres-meses-apos-derrocada\/\",\"url\":\"https:\/\/portaltela.pt\/noticias\/2026\/03\/05\/populares-contestam-encerramento-da-en-109-4-ha-tres-meses-apos-derrocada\/\",\"name\":\"Populares contestam encerramento da EN 109-4 h\u00e1 tr\u00eas meses ap\u00f3s derrocada - Portal Tela Portugal\",\"isPartOf\":{\"@id\":\"https:\/\/portaltela.pt\/#website\"},\"primaryImageOfPage\":{\"@id\":\"https:\/\/portaltela.pt\/noticias\/2026\/03\/05\/populares-contestam-encerramento-da-en-109-4-ha-tres-meses-apos-derrocada\/#primaryimage\"},\"image\":{\"@id\":\"https:\/\/portaltela.pt\/noticias\/2026\/03\/05\/populares-contestam-encerramento-da-en-109-4-ha-tres-meses-apos-derrocada\/#primaryimage\"},\"thumbnailUrl\":\"https:\/\/portaltela.pt\/s.01k8rhncp4jt1\/2026\/03\/img_1280x722uu2026-03-05-16-13-39-2270557.jpg\",\"datePublished\":\"2026-03-05T16:13:00+00:00\",\"author\":{\"@id\":\"https:\/\/portaltela.pt\/#\/schema\/person\/c4278d4a6028830caff9ee44b42d32ed\"},\"breadcrumb\":{\"@id\":\"https:\/\/portaltela.pt\/noticias\/2026\/03\/05\/populares-contestam-encerramento-da-en-109-4-ha-tres-meses-apos-derrocada\/#breadcrumb\"},\"inLanguage\":\"pt-PT\",\"potentialAction\":[{\"@type\":\"ReadAction\",\"target\":[\"https:\/\/portaltela.pt\/noticias\/2026\/03\/05\/populares-contestam-encerramento-da-en-109-4-ha-tres-meses-apos-derrocada\/\"]}]},{\"@type\":\"ImageObject\",\"inLanguage\":\"pt-PT\",\"@id\":\"https:\/\/portaltela.pt\/noticias\/2026\/03\/05\/populares-contestam-encerramento-da-en-109-4-ha-tres-meses-apos-derrocada\/#primaryimage\",\"url\":\"https:\/\/portaltela.pt\/s.01k8rhncp4jt1\/2026\/03\/img_1280x722uu2026-03-05-16-13-39-2270557.jpg\",\"contentUrl\":\"https:\/\/portaltela.pt\/s.01k8rhncp4jt1\/2026\/03\/img_1280x722uu2026-03-05-16-13-39-2270557.jpg\",\"width\":796,\"height\":448,\"caption\":\"Photo\"},{\"@type\":\"BreadcrumbList\",\"@id\":\"https:\/\/portaltela.pt\/noticias\/2026\/03\/05\/populares-contestam-encerramento-da-en-109-4-ha-tres-meses-apos-derrocada\/#breadcrumb\",\"itemListElement\":[{\"@type\":\"ListItem\",\"position\":1,\"name\":\"In\u00edcio\",\"item\":\"https:\/\/portaltela.pt\/\"},{\"@type\":\"ListItem\",\"position\":2,\"name\":\"Populares contestam encerramento da EN 109-4 h\u00e1 tr\u00eas meses ap\u00f3s derrocada\"}]},{\"@type\":\"WebSite\",\"@id\":\"https:\/\/portaltela.pt\/#website\",\"url\":\"https:\/\/portaltela.pt\/\",\"name\":\"Portal Tela Portugal\",\"description\":\"\",\"potentialAction\":[{\"@type\":\"SearchAction\",\"target\":{\"@type\":\"EntryPoint\",\"urlTemplate\":\"https:\/\/portaltela.pt\/?s={search_term_string}\"},\"query-input\":{\"@type\":\"PropertyValueSpecification\",\"valueRequired\":true,\"valueName\":\"search_term_string\"}}],\"inLanguage\":\"pt-PT\"},{\"@type\":\"Person\",\"@id\":\"https:\/\/portaltela.pt\/#\/schema\/person\/c4278d4a6028830caff9ee44b42d32ed\",\"name\":\"Telinha\",\"image\":{\"@type\":\"ImageObject\",\"inLanguage\":\"pt-PT\",\"@id\":\"https:\/\/portaltela.pt\/s.01k8rhncp4jt1\/2025\/11\/talking-bot-125x125.png\",\"url\":\"https:\/\/portaltela.pt\/s.01k8rhncp4jt1\/2025\/11\/talking-bot-125x125.png\",\"contentUrl\":\"https:\/\/portaltela.pt\/s.01k8rhncp4jt1\/2025\/11\/talking-bot-125x125.png\",\"caption\":\"Telinha\"},\"sameAs\":[\"https:\/\/portaltela.pt\/\"],\"url\":\"https:\/\/portaltela.pt\/por\/367410592786\/\"}]}<\/script>\n<!-- \/ Yoast SEO plugin. -->","yoast_head_json":{"title":"Populares contestam encerramento da EN 109-4 h\u00e1 tr\u00eas meses ap\u00f3s derrocada - Portal Tela Portugal","robots":{"index":"index","follow":"follow","max-snippet":"max-snippet:-1","max-image-preview":"max-image-preview:large","max-video-preview":"max-video-preview:-1"},"og_locale":"pt_PT","og_type":"article","og_title":"Populares contestam encerramento da EN 109-4 h\u00e1 tr\u00eas meses ap\u00f3s derrocada - Portal Tela Portugal","og_description":"A EN 109-4 permanece cortada h\u00e1 cerca de tr\u00eas meses ap\u00f3s uma derrocada. A via de liga\u00e7\u00e3o entre Espinho e Santa Maria da Feira continua inoperacional. A not\u00edcia aponta que n\u00e3o existe qualquer investimento anunciado para arranjar a estrada. A informa\u00e7\u00e3o foi divulgada por um homem \u00e0 CMTV.","og_url":"https:\/\/portaltela.pt\/noticias\/2026\/03\/05\/populares-contestam-encerramento-da-en-109-4-ha-tres-meses-apos-derrocada\/","og_site_name":"Portal Tela Portugal","article_published_time":"2026-03-05T16:13:00+00:00","author":"Telinha","twitter_card":"summary_large_image","twitter_misc":{"Escrito por":"Telinha","Tempo estimado de leitura":"1 minuto"},"schema":{"@context":"https:\/\/schema.org","@graph":[{"@type":"Article","@id":"https:\/\/portaltela.pt\/noticias\/2026\/03\/05\/populares-contestam-encerramento-da-en-109-4-ha-tres-meses-apos-derrocada\/#article","isPartOf":{"@id":"https:\/\/portaltela.pt\/noticias\/2026\/03\/05\/populares-contestam-encerramento-da-en-109-4-ha-tres-meses-apos-derrocada\/"},"author":{"name":"Telinha","@id":"https:\/\/portaltela.pt\/#\/schema\/person\/c4278d4a6028830caff9ee44b42d32ed"},"headline":"Populares contestam encerramento da EN 109-4 h\u00e1 tr\u00eas meses ap\u00f3s derrocada","datePublished":"2026-03-05T16:13:00+00:00","mainEntityOfPage":{"@id":"https:\/\/portaltela.pt\/noticias\/2026\/03\/05\/populares-contestam-encerramento-da-en-109-4-ha-tres-meses-apos-derrocada\/"},"wordCount":190,"image":{"@id":"https:\/\/portaltela.pt\/noticias\/2026\/03\/05\/populares-contestam-encerramento-da-en-109-4-ha-tres-meses-apos-derrocada\/#primaryimage"},"thumbnailUrl":"https:\/\/portaltela.pt\/s.01k8rhncp4jt1\/2026\/03\/img_1280x722uu2026-03-05-16-13-39-2270557.jpg","keywords":["autoestradas","Espinho","estradas","infraestrutura","Santa Maria da Feira","vias cortadas"],"articleSection":["Not\u00edcias","Pol\u00edtica"],"inLanguage":"pt-PT"},{"@type":"WebPage","@id":"https:\/\/portaltela.pt\/noticias\/2026\/03\/05\/populares-contestam-encerramento-da-en-109-4-ha-tres-meses-apos-derrocada\/","url":"https:\/\/portaltela.pt\/noticias\/2026\/03\/05\/populares-contestam-encerramento-da-en-109-4-ha-tres-meses-apos-derrocada\/","name":"Populares contestam encerramento da EN 109-4 h\u00e1 tr\u00eas meses ap\u00f3s derrocada - Portal Tela Portugal","isPartOf":{"@id":"https:\/\/portaltela.pt\/#website"},"primaryImageOfPage":{"@id":"https:\/\/portaltela.pt\/noticias\/2026\/03\/05\/populares-contestam-encerramento-da-en-109-4-ha-tres-meses-apos-derrocada\/#primaryimage"},"image":{"@id":"https:\/\/portaltela.pt\/noticias\/2026\/03\/05\/populares-contestam-encerramento-da-en-109-4-ha-tres-meses-apos-derrocada\/#primaryimage"},"thumbnailUrl":"https:\/\/portaltela.pt\/s.01k8rhncp4jt1\/2026\/03\/img_1280x722uu2026-03-05-16-13-39-2270557.jpg","datePublished":"2026-03-05T16:13:00+00:00","author":{"@id":"https:\/\/portaltela.pt\/#\/schema\/person\/c4278d4a6028830caff9ee44b42d32ed"},"breadcrumb":{"@id":"https:\/\/portaltela.pt\/noticias\/2026\/03\/05\/populares-contestam-encerramento-da-en-109-4-ha-tres-meses-apos-derrocada\/#breadcrumb"},"inLanguage":"pt-PT","potentialAction":[{"@type":"ReadAction","target":["https:\/\/portaltela.pt\/noticias\/2026\/03\/05\/populares-contestam-encerramento-da-en-109-4-ha-tres-meses-apos-derrocada\/"]}]},{"@type":"ImageObject","inLanguage":"pt-PT","@id":"https:\/\/portaltela.pt\/noticias\/2026\/03\/05\/populares-contestam-encerramento-da-en-109-4-ha-tres-meses-apos-derrocada\/#primaryimage","url":"https:\/\/portaltela.pt\/s.01k8rhncp4jt1\/2026\/03\/img_1280x722uu2026-03-05-16-13-39-2270557.jpg","contentUrl":"https:\/\/portaltela.pt\/s.01k8rhncp4jt1\/2026\/03\/img_1280x722uu2026-03-05-16-13-39-2270557.jpg","width":796,"height":448,"caption":"Photo"},{"@type":"BreadcrumbList","@id":"https:\/\/portaltela.pt\/noticias\/2026\/03\/05\/populares-contestam-encerramento-da-en-109-4-ha-tres-meses-apos-derrocada\/#breadcrumb","itemListElement":[{"@type":"ListItem","position":1,"name":"In\u00edcio","item":"https:\/\/portaltela.pt\/"},{"@type":"ListItem","position":2,"name":"Populares contestam encerramento da EN 109-4 h\u00e1 tr\u00eas meses ap\u00f3s derrocada"}]},{"@type":"WebSite","@id":"https:\/\/portaltela.pt\/#website","url":"https:\/\/portaltela.pt\/","name":"Portal Tela Portugal","description":"","potentialAction":[{"@type":"SearchAction","target":{"@type":"EntryPoint","urlTemplate":"https:\/\/portaltela.pt\/?s={search_term_string}"},"query-input":{"@type":"PropertyValueSpecification","valueRequired":true,"valueName":"search_term_string"}}],"inLanguage":"pt-PT"},{"@type":"Person","@id":"https:\/\/portaltela.pt\/#\/schema\/person\/c4278d4a6028830caff9ee44b42d32ed","name":"Telinha","image":{"@type":"ImageObject","inLanguage":"pt-PT","@id":"https:\/\/portaltela.pt\/s.01k8rhncp4jt1\/2025\/11\/talking-bot-125x125.png","url":"https:\/\/portaltela.pt\/s.01k8rhncp4jt1\/2025\/11\/talking-bot-125x125.png","contentUrl":"https:\/\/portaltela.pt\/s.01k8rhncp4jt1\/2025\/11\/talking-bot-125x125.png","caption":"Telinha"},"sameAs":["https:\/\/portaltela.pt\/"],"url":"https:\/\/portaltela.pt\/por\/367410592786\/"}]}},"_links":{"self":[{"href":"https:\/\/portaltela.pt\/api\/wp\/v2\/posts\/398838","targetHints":{"allow":["GET"]}}],"collection":[{"href":"https:\/\/portaltela.pt\/api\/wp\/v2\/posts"}],"about":[{"href":"https:\/\/portaltela.pt\/api\/wp\/v2\/types\/post"}],"author":[{"embeddable":true,"href":"https:\/\/portaltela.pt\/api\/wp\/v2\/users\/2"}],"replies":[{"embeddable":true,"href":"https:\/\/portaltela.pt\/api\/wp\/v2\/comments?post=398838"}],"version-history":[{"count":0,"href":"https:\/\/portaltela.pt\/api\/wp\/v2\/posts\/398838\/revisions"}],"wp:featuredmedia":[{"embeddable":true,"href":"https:\/\/portaltela.pt\/api\/wp\/v2\/media\/398840"}],"wp:attachment":[{"href":"https:\/\/portaltela.pt\/api\/wp\/v2\/media?parent=398838"}],"wp:term":[{"taxonomy":"category","embeddable":true,"href":"https:\/\/portaltela.pt\/api\/wp\/v2\/categories?post=398838"},{"taxonomy":"post_tag","embeddable":true,"href":"https:\/\/portaltela.pt\/api\/wp\/v2\/tags?post=398838"}],"curies":[{"name":"wp","href":"https:\/\/api.w.org\/{rel}","templated":true}]}}