{"id":398829,"date":"2026-03-05T12:44:00","date_gmt":"2026-03-05T15:44:00","guid":{"rendered":"https:\/\/portaltela.pt\/noticias\/2026\/03\/05\/vacinacao-de-maiores-de-65-anos-contra-a-gripe-fica-abaixo-da-meta-da-oms\/"},"modified":"2026-03-05T12:44:00","modified_gmt":"2026-03-05T15:44:00","slug":"vacinacao-de-maiores-de-65-anos-contra-a-gripe-fica-abaixo-da-meta-da-oms","status":"publish","type":"post","link":"https:\/\/portaltela.pt\/noticias\/politica\/2026\/03\/05\/vacinacao-de-maiores-de-65-anos-contra-a-gripe-fica-abaixo-da-meta-da-oms\/","title":{"rendered":"Vacina\u00e7\u00e3o de maiores de 65 anos contra a gripe fica abaixo da meta da OMS"},"content":{"rendered":"<p>Mais de tr\u00eas quartos de pessoas com 65 ou mais anos foram vacinadas contra a gripe na campanha deste ano, segundo o quarto e \u00faltimo relat\u00f3rio Vacin\u00f3metro. A taxa de 73,5% ficou ligeiramente abaixo da meta de 75% definida pela OMS para este grupo.<\/p>\n<p>O estudo, desenvolvido pela SP Portuguesa de Pneumologia e pela APMGF, utiliza question\u00e1rios para acompanhar a taxa de vacina\u00e7\u00e3o. A campanha iniciou no final de setembro e decorreu at\u00e9 fevereiro, com a maioria das vacinas administradas no SNS ou em Farm\u00e1cias.<\/p>\n<p>Estes dados destacam a proximidade da meta pela segunda vez consecutiva, apesar de ainda ficar abaixo da meta OMS para maiores de 65 anos. A faixa et\u00e1ria 85 ou mais registou uma cobertura de 88,5%.<\/p>\n<h3>Resultados por grupo et\u00e1rio e local de vacina\u00e7\u00e3o<\/h3>\n<p>Entre os idosos, 59,2% disseram ter recebido vacina de dose elevada, informados pelo profissional de sa\u00fade. Entre os doentes cr\u00f3nicos, 85,4% foramvacinhados, com maior prote\u00e7\u00e3o em doen\u00e7as respirat\u00f3rias, diabetes e cardiovasculares.<\/p>\n<p>A vacina\u00e7\u00e3o abrangeu 64,7% dos profissionais de sa\u00fade com contacto direto com doentes. Nas gr\u00e1vidas, a taxa foi de 60,6%, e entre crian\u00e7as de 6 a 24 meses, 39,8%. A amostra indica crescimento anual de 14,4 pontos percentuais na cobertura global.<\/p>\n<h3>Distribui\u00e7\u00e3o regional e motiva\u00e7\u00e3o para a vacina\u00e7\u00e3o<\/h3>\n<p>Entre maiores de 65 anos, o Alentejo lidera com 85,4% de vacina\u00e7\u00e3o, seguido do Centro (82,3%) e Norte (81,3%). A regi\u00e3o de Lisboa e Vale do Tejo registou 75,7% e os A\u00e7ores 75%.<\/p>\n<p>A recomenda\u00e7\u00e3o m\u00e9dica foi o principal motor da vacina\u00e7\u00e3o (33,1%), destacando a import\u00e2ncia dos profissionais de sa\u00fade na ades\u00e3o, especialmente entre doentes cr\u00f3nicos e gr\u00e1vidas. O papel das visitas de m\u00e9dicos de fam\u00edlia foi destacado para pessoas com 60 anos ou mais.<\/p>\n<p>Entre os maiores de 85 anos, 96,4% receberam a vacina em centro de sa\u00fade, uma tend\u00eancia tamb\u00e9m observada na faixa de 65 ou mais (65,2%). A vacina\u00e7\u00e3o de quem tem 60-64 anos ocorreu majoritariamente em farm\u00e1cias.<\/p>\n<h3>Considera\u00e7\u00f5es finais da campanha e dados adicionais<\/h3>\n<p>O relat\u00f3rio aponta que o crescimento face \u00e0 \u00e9poca anterior \u00e9 not\u00e1vel, com o aumento da cobertura entre profissionais de sa\u00fade e doentes cr\u00f3nicos. Entre 23 de setembro de 2025 e 1 de mar\u00e7o, 2.560.440 pessoas foram vacinadas contra a gripe, 1.385.748 pelo SNS e 1.172.114 em farm\u00e1cias.<\/p>\n","protected":false},"excerpt":{"rendered":"<ul>\n<li>Mais de 73% das pessoas com 65 ou mais anos j\u00e1 foram vacinadas contra a gripe na campanha deste ano, ligeiramente abaixo da meta de 75% definida pela OMS.<\/li>\n<li>A taxa entre 65+ \u00e9 de 73,5% e a gente 85+ chega a 88,5%, com 59,2% informados pelo profissional de sa\u00fade de que recebem dose elevada.<\/li>\n<li>Entre doentes cr\u00f3nicos, 85,4% foram vacinados (com 89,7% na doen\u00e7a respirat\u00f3ria, 88,9% diabetes e 86% doen\u00e7a cardiovascular). A cobertura entre profissionais de sa\u00fade com contacto direto \u00e9 de 64,7%.<\/li>\n<li>A cobertura global da amostra subiu 14,4 pontos percentuais em rela\u00e7\u00e3o \u00e0 \u00e9poca anterior, para 61,8%, com aumentos expressivos entre profissionais de sa\u00fade e doentes cr\u00f3nicos.<\/li>\n<li>Geograficamente, a maior taxa entre 65+ est\u00e1 no Alentejo (85,4%), seguida pelo Centro (82,3%), Norte (81,3%), Algarve (80,7%), Madeira (79,5%), \u00e1rea metropolitana de Lisboa (75,7%) e A\u00e7ores (75%).<\/li>\n<li>No total, entre 23 de setembro de 2025 e 1 de mar\u00e7o, foram vacinadas 2.560.440 pessoas, com 1.385.748 no Servi\u00e7o Nacional de Sa\u00fade e 1.172.114 nas farm\u00e1cias.<\/li>\n<\/ul>\n","protected":false},"author":2,"featured_media":398832,"comment_status":"closed","ping_status":"closed","sticky":false,"template":"","format":"standard","meta":{"footnotes":""},"categories":[1,5],"tags":[3639,3664,2736,4425,271,3949],"class_list":["post-398829","post","type-post","status-publish","format-standard","has-post-thumbnail","hentry","category-noticias","category-politica","tag-doentes-cronicos","tag-farmacias","tag-idosos","tag-profissionais-de-saude","tag-saude-publica","tag-vacinacoes"],"yoast_head":"<!-- This site is optimized with the Yoast SEO plugin v27.2 - https:\/\/yoast.com\/product\/yoast-seo-wordpress\/ -->\n<title>Vacina\u00e7\u00e3o de maiores de 65 anos contra a gripe fica abaixo da meta da OMS - Portal Tela Portugal<\/title>\n<meta name=\"robots\" content=\"index, follow, max-snippet:-1, max-image-preview:large, max-video-preview:-1\" \/>\n<meta property=\"og:locale\" content=\"pt_PT\" \/>\n<meta property=\"og:type\" content=\"article\" \/>\n<meta property=\"og:title\" content=\"Vacina\u00e7\u00e3o de maiores de 65 anos contra a gripe fica abaixo da meta da OMS - Portal Tela Portugal\" \/>\n<meta property=\"og:description\" content=\"Mais de 73% das pessoas com 65 ou mais anos j\u00e1 foram vacinadas contra a gripe na campanha deste ano, ligeiramente abaixo da meta de 75% definida pela OMS. A taxa entre 65+ \u00e9 de 73,5% e a gente 85+ chega a 88,5%, com 59,2% informados pelo profissional de sa\u00fade de que recebem dose elevada. Entre doentes cr\u00f3nicos, 85,4% foram vacinados (com 89,7% na doen\u00e7a respirat\u00f3ria, 88,9% diabetes e 86% doen\u00e7a cardiovascular). A cobertura entre profissionais de sa\u00fade com contacto direto \u00e9 de 64,7%. A cobertura global da amostra subiu 14,4 pontos percentuais em rela\u00e7\u00e3o \u00e0 \u00e9poca anterior, para 61,8%, com aumentos expressivos entre profissionais de sa\u00fade e doentes cr\u00f3nicos. Geograficamente, a maior taxa entre 65+ est\u00e1 no Alentejo (85,4%), seguida pelo Centro (82,3%), Norte (81,3%), Algarve (80,7%), Madeira (79,5%), \u00e1rea metropolitana de Lisboa (75,7%) e A\u00e7ores (75%). No total, entre 23 de setembro de 2025 e 1 de mar\u00e7o, foram vacinadas 2.560.440 pessoas, com 1.385.748 no Servi\u00e7o Nacional de Sa\u00fade e 1.172.114 nas farm\u00e1cias.\" \/>\n<meta property=\"og:url\" content=\"https:\/\/portaltela.pt\/noticias\/2026\/03\/05\/vacinacao-de-maiores-de-65-anos-contra-a-gripe-fica-abaixo-da-meta-da-oms\/\" \/>\n<meta property=\"og:site_name\" content=\"Portal Tela Portugal\" \/>\n<meta property=\"article:published_time\" content=\"2026-03-05T15:44:00+00:00\" \/>\n<meta name=\"author\" content=\"Telinha\" \/>\n<meta name=\"twitter:card\" content=\"summary_large_image\" \/>\n<meta name=\"twitter:label1\" content=\"Escrito por\" \/>\n\t<meta name=\"twitter:data1\" content=\"Telinha\" \/>\n\t<meta name=\"twitter:label2\" content=\"Tempo estimado de leitura\" \/>\n\t<meta name=\"twitter:data2\" content=\"2 minutos\" \/>\n<script type=\"application\/ld+json\" class=\"yoast-schema-graph\">{\"@context\":\"https:\/\/schema.org\",\"@graph\":[{\"@type\":\"Article\",\"@id\":\"https:\/\/portaltela.pt\/noticias\/2026\/03\/05\/vacinacao-de-maiores-de-65-anos-contra-a-gripe-fica-abaixo-da-meta-da-oms\/#article\",\"isPartOf\":{\"@id\":\"https:\/\/portaltela.pt\/noticias\/2026\/03\/05\/vacinacao-de-maiores-de-65-anos-contra-a-gripe-fica-abaixo-da-meta-da-oms\/\"},\"author\":{\"name\":\"Telinha\",\"@id\":\"https:\/\/portaltela.pt\/#\/schema\/person\/c4278d4a6028830caff9ee44b42d32ed\"},\"headline\":\"Vacina\u00e7\u00e3o de maiores de 65 anos contra a gripe fica abaixo da meta da OMS\",\"datePublished\":\"2026-03-05T15:44:00+00:00\",\"mainEntityOfPage\":{\"@id\":\"https:\/\/portaltela.pt\/noticias\/2026\/03\/05\/vacinacao-de-maiores-de-65-anos-contra-a-gripe-fica-abaixo-da-meta-da-oms\/\"},\"wordCount\":400,\"image\":{\"@id\":\"https:\/\/portaltela.pt\/noticias\/2026\/03\/05\/vacinacao-de-maiores-de-65-anos-contra-a-gripe-fica-abaixo-da-meta-da-oms\/#primaryimage\"},\"thumbnailUrl\":\"https:\/\/portaltela.pt\/s.01k8rhncp4jt1\/2026\/03\/image-309.jpg\",\"keywords\":[\"doentes cr\u00f3nicos\",\"farm\u00e1cias\",\"idosos\",\"profissionais de sa\u00fade\",\"sa\u00fade p\u00fablica\",\"vacina\u00e7\u00f5es\"],\"articleSection\":[\"Not\u00edcias\",\"Pol\u00edtica\"],\"inLanguage\":\"pt-PT\"},{\"@type\":\"WebPage\",\"@id\":\"https:\/\/portaltela.pt\/noticias\/2026\/03\/05\/vacinacao-de-maiores-de-65-anos-contra-a-gripe-fica-abaixo-da-meta-da-oms\/\",\"url\":\"https:\/\/portaltela.pt\/noticias\/2026\/03\/05\/vacinacao-de-maiores-de-65-anos-contra-a-gripe-fica-abaixo-da-meta-da-oms\/\",\"name\":\"Vacina\u00e7\u00e3o de maiores de 65 anos contra a gripe fica abaixo da meta da OMS - Portal Tela Portugal\",\"isPartOf\":{\"@id\":\"https:\/\/portaltela.pt\/#website\"},\"primaryImageOfPage\":{\"@id\":\"https:\/\/portaltela.pt\/noticias\/2026\/03\/05\/vacinacao-de-maiores-de-65-anos-contra-a-gripe-fica-abaixo-da-meta-da-oms\/#primaryimage\"},\"image\":{\"@id\":\"https:\/\/portaltela.pt\/noticias\/2026\/03\/05\/vacinacao-de-maiores-de-65-anos-contra-a-gripe-fica-abaixo-da-meta-da-oms\/#primaryimage\"},\"thumbnailUrl\":\"https:\/\/portaltela.pt\/s.01k8rhncp4jt1\/2026\/03\/image-309.jpg\",\"datePublished\":\"2026-03-05T15:44:00+00:00\",\"author\":{\"@id\":\"https:\/\/portaltela.pt\/#\/schema\/person\/c4278d4a6028830caff9ee44b42d32ed\"},\"breadcrumb\":{\"@id\":\"https:\/\/portaltela.pt\/noticias\/2026\/03\/05\/vacinacao-de-maiores-de-65-anos-contra-a-gripe-fica-abaixo-da-meta-da-oms\/#breadcrumb\"},\"inLanguage\":\"pt-PT\",\"potentialAction\":[{\"@type\":\"ReadAction\",\"target\":[\"https:\/\/portaltela.pt\/noticias\/2026\/03\/05\/vacinacao-de-maiores-de-65-anos-contra-a-gripe-fica-abaixo-da-meta-da-oms\/\"]}]},{\"@type\":\"ImageObject\",\"inLanguage\":\"pt-PT\",\"@id\":\"https:\/\/portaltela.pt\/noticias\/2026\/03\/05\/vacinacao-de-maiores-de-65-anos-contra-a-gripe-fica-abaixo-da-meta-da-oms\/#primaryimage\",\"url\":\"https:\/\/portaltela.pt\/s.01k8rhncp4jt1\/2026\/03\/image-309.jpg\",\"contentUrl\":\"https:\/\/portaltela.pt\/s.01k8rhncp4jt1\/2026\/03\/image-309.jpg\",\"width\":796,\"height\":448,\"caption\":\"88,5% dos idosos com 85 ou mais anos de idade tomaram a vacina contra a gripe\"},{\"@type\":\"BreadcrumbList\",\"@id\":\"https:\/\/portaltela.pt\/noticias\/2026\/03\/05\/vacinacao-de-maiores-de-65-anos-contra-a-gripe-fica-abaixo-da-meta-da-oms\/#breadcrumb\",\"itemListElement\":[{\"@type\":\"ListItem\",\"position\":1,\"name\":\"In\u00edcio\",\"item\":\"https:\/\/portaltela.pt\/\"},{\"@type\":\"ListItem\",\"position\":2,\"name\":\"Vacina\u00e7\u00e3o de maiores de 65 anos contra a gripe fica abaixo da meta da OMS\"}]},{\"@type\":\"WebSite\",\"@id\":\"https:\/\/portaltela.pt\/#website\",\"url\":\"https:\/\/portaltela.pt\/\",\"name\":\"Portal Tela Portugal\",\"description\":\"\",\"potentialAction\":[{\"@type\":\"SearchAction\",\"target\":{\"@type\":\"EntryPoint\",\"urlTemplate\":\"https:\/\/portaltela.pt\/?s={search_term_string}\"},\"query-input\":{\"@type\":\"PropertyValueSpecification\",\"valueRequired\":true,\"valueName\":\"search_term_string\"}}],\"inLanguage\":\"pt-PT\"},{\"@type\":\"Person\",\"@id\":\"https:\/\/portaltela.pt\/#\/schema\/person\/c4278d4a6028830caff9ee44b42d32ed\",\"name\":\"Telinha\",\"image\":{\"@type\":\"ImageObject\",\"inLanguage\":\"pt-PT\",\"@id\":\"https:\/\/portaltela.pt\/s.01k8rhncp4jt1\/2025\/11\/talking-bot-125x125.png\",\"url\":\"https:\/\/portaltela.pt\/s.01k8rhncp4jt1\/2025\/11\/talking-bot-125x125.png\",\"contentUrl\":\"https:\/\/portaltela.pt\/s.01k8rhncp4jt1\/2025\/11\/talking-bot-125x125.png\",\"caption\":\"Telinha\"},\"sameAs\":[\"https:\/\/portaltela.pt\/\"],\"url\":\"https:\/\/portaltela.pt\/por\/367410592786\/\"}]}<\/script>\n<!-- \/ Yoast SEO plugin. -->","yoast_head_json":{"title":"Vacina\u00e7\u00e3o de maiores de 65 anos contra a gripe fica abaixo da meta da OMS - Portal Tela Portugal","robots":{"index":"index","follow":"follow","max-snippet":"max-snippet:-1","max-image-preview":"max-image-preview:large","max-video-preview":"max-video-preview:-1"},"og_locale":"pt_PT","og_type":"article","og_title":"Vacina\u00e7\u00e3o de maiores de 65 anos contra a gripe fica abaixo da meta da OMS - Portal Tela Portugal","og_description":"Mais de 73% das pessoas com 65 ou mais anos j\u00e1 foram vacinadas contra a gripe na campanha deste ano, ligeiramente abaixo da meta de 75% definida pela OMS. A taxa entre 65+ \u00e9 de 73,5% e a gente 85+ chega a 88,5%, com 59,2% informados pelo profissional de sa\u00fade de que recebem dose elevada. Entre doentes cr\u00f3nicos, 85,4% foram vacinados (com 89,7% na doen\u00e7a respirat\u00f3ria, 88,9% diabetes e 86% doen\u00e7a cardiovascular). A cobertura entre profissionais de sa\u00fade com contacto direto \u00e9 de 64,7%. A cobertura global da amostra subiu 14,4 pontos percentuais em rela\u00e7\u00e3o \u00e0 \u00e9poca anterior, para 61,8%, com aumentos expressivos entre profissionais de sa\u00fade e doentes cr\u00f3nicos. Geograficamente, a maior taxa entre 65+ est\u00e1 no Alentejo (85,4%), seguida pelo Centro (82,3%), Norte (81,3%), Algarve (80,7%), Madeira (79,5%), \u00e1rea metropolitana de Lisboa (75,7%) e A\u00e7ores (75%). No total, entre 23 de setembro de 2025 e 1 de mar\u00e7o, foram vacinadas 2.560.440 pessoas, com 1.385.748 no Servi\u00e7o Nacional de Sa\u00fade e 1.172.114 nas farm\u00e1cias.","og_url":"https:\/\/portaltela.pt\/noticias\/2026\/03\/05\/vacinacao-de-maiores-de-65-anos-contra-a-gripe-fica-abaixo-da-meta-da-oms\/","og_site_name":"Portal Tela Portugal","article_published_time":"2026-03-05T15:44:00+00:00","author":"Telinha","twitter_card":"summary_large_image","twitter_misc":{"Escrito por":"Telinha","Tempo estimado de leitura":"2 minutos"},"schema":{"@context":"https:\/\/schema.org","@graph":[{"@type":"Article","@id":"https:\/\/portaltela.pt\/noticias\/2026\/03\/05\/vacinacao-de-maiores-de-65-anos-contra-a-gripe-fica-abaixo-da-meta-da-oms\/#article","isPartOf":{"@id":"https:\/\/portaltela.pt\/noticias\/2026\/03\/05\/vacinacao-de-maiores-de-65-anos-contra-a-gripe-fica-abaixo-da-meta-da-oms\/"},"author":{"name":"Telinha","@id":"https:\/\/portaltela.pt\/#\/schema\/person\/c4278d4a6028830caff9ee44b42d32ed"},"headline":"Vacina\u00e7\u00e3o de maiores de 65 anos contra a gripe fica abaixo da meta da OMS","datePublished":"2026-03-05T15:44:00+00:00","mainEntityOfPage":{"@id":"https:\/\/portaltela.pt\/noticias\/2026\/03\/05\/vacinacao-de-maiores-de-65-anos-contra-a-gripe-fica-abaixo-da-meta-da-oms\/"},"wordCount":400,"image":{"@id":"https:\/\/portaltela.pt\/noticias\/2026\/03\/05\/vacinacao-de-maiores-de-65-anos-contra-a-gripe-fica-abaixo-da-meta-da-oms\/#primaryimage"},"thumbnailUrl":"https:\/\/portaltela.pt\/s.01k8rhncp4jt1\/2026\/03\/image-309.jpg","keywords":["doentes cr\u00f3nicos","farm\u00e1cias","idosos","profissionais de sa\u00fade","sa\u00fade p\u00fablica","vacina\u00e7\u00f5es"],"articleSection":["Not\u00edcias","Pol\u00edtica"],"inLanguage":"pt-PT"},{"@type":"WebPage","@id":"https:\/\/portaltela.pt\/noticias\/2026\/03\/05\/vacinacao-de-maiores-de-65-anos-contra-a-gripe-fica-abaixo-da-meta-da-oms\/","url":"https:\/\/portaltela.pt\/noticias\/2026\/03\/05\/vacinacao-de-maiores-de-65-anos-contra-a-gripe-fica-abaixo-da-meta-da-oms\/","name":"Vacina\u00e7\u00e3o de maiores de 65 anos contra a gripe fica abaixo da meta da OMS - Portal Tela Portugal","isPartOf":{"@id":"https:\/\/portaltela.pt\/#website"},"primaryImageOfPage":{"@id":"https:\/\/portaltela.pt\/noticias\/2026\/03\/05\/vacinacao-de-maiores-de-65-anos-contra-a-gripe-fica-abaixo-da-meta-da-oms\/#primaryimage"},"image":{"@id":"https:\/\/portaltela.pt\/noticias\/2026\/03\/05\/vacinacao-de-maiores-de-65-anos-contra-a-gripe-fica-abaixo-da-meta-da-oms\/#primaryimage"},"thumbnailUrl":"https:\/\/portaltela.pt\/s.01k8rhncp4jt1\/2026\/03\/image-309.jpg","datePublished":"2026-03-05T15:44:00+00:00","author":{"@id":"https:\/\/portaltela.pt\/#\/schema\/person\/c4278d4a6028830caff9ee44b42d32ed"},"breadcrumb":{"@id":"https:\/\/portaltela.pt\/noticias\/2026\/03\/05\/vacinacao-de-maiores-de-65-anos-contra-a-gripe-fica-abaixo-da-meta-da-oms\/#breadcrumb"},"inLanguage":"pt-PT","potentialAction":[{"@type":"ReadAction","target":["https:\/\/portaltela.pt\/noticias\/2026\/03\/05\/vacinacao-de-maiores-de-65-anos-contra-a-gripe-fica-abaixo-da-meta-da-oms\/"]}]},{"@type":"ImageObject","inLanguage":"pt-PT","@id":"https:\/\/portaltela.pt\/noticias\/2026\/03\/05\/vacinacao-de-maiores-de-65-anos-contra-a-gripe-fica-abaixo-da-meta-da-oms\/#primaryimage","url":"https:\/\/portaltela.pt\/s.01k8rhncp4jt1\/2026\/03\/image-309.jpg","contentUrl":"https:\/\/portaltela.pt\/s.01k8rhncp4jt1\/2026\/03\/image-309.jpg","width":796,"height":448,"caption":"88,5% dos idosos com 85 ou mais anos de idade tomaram a vacina contra a gripe"},{"@type":"BreadcrumbList","@id":"https:\/\/portaltela.pt\/noticias\/2026\/03\/05\/vacinacao-de-maiores-de-65-anos-contra-a-gripe-fica-abaixo-da-meta-da-oms\/#breadcrumb","itemListElement":[{"@type":"ListItem","position":1,"name":"In\u00edcio","item":"https:\/\/portaltela.pt\/"},{"@type":"ListItem","position":2,"name":"Vacina\u00e7\u00e3o de maiores de 65 anos contra a gripe fica abaixo da meta da OMS"}]},{"@type":"WebSite","@id":"https:\/\/portaltela.pt\/#website","url":"https:\/\/portaltela.pt\/","name":"Portal Tela Portugal","description":"","potentialAction":[{"@type":"SearchAction","target":{"@type":"EntryPoint","urlTemplate":"https:\/\/portaltela.pt\/?s={search_term_string}"},"query-input":{"@type":"PropertyValueSpecification","valueRequired":true,"valueName":"search_term_string"}}],"inLanguage":"pt-PT"},{"@type":"Person","@id":"https:\/\/portaltela.pt\/#\/schema\/person\/c4278d4a6028830caff9ee44b42d32ed","name":"Telinha","image":{"@type":"ImageObject","inLanguage":"pt-PT","@id":"https:\/\/portaltela.pt\/s.01k8rhncp4jt1\/2025\/11\/talking-bot-125x125.png","url":"https:\/\/portaltela.pt\/s.01k8rhncp4jt1\/2025\/11\/talking-bot-125x125.png","contentUrl":"https:\/\/portaltela.pt\/s.01k8rhncp4jt1\/2025\/11\/talking-bot-125x125.png","caption":"Telinha"},"sameAs":["https:\/\/portaltela.pt\/"],"url":"https:\/\/portaltela.pt\/por\/367410592786\/"}]}},"_links":{"self":[{"href":"https:\/\/portaltela.pt\/api\/wp\/v2\/posts\/398829","targetHints":{"allow":["GET"]}}],"collection":[{"href":"https:\/\/portaltela.pt\/api\/wp\/v2\/posts"}],"about":[{"href":"https:\/\/portaltela.pt\/api\/wp\/v2\/types\/post"}],"author":[{"embeddable":true,"href":"https:\/\/portaltela.pt\/api\/wp\/v2\/users\/2"}],"replies":[{"embeddable":true,"href":"https:\/\/portaltela.pt\/api\/wp\/v2\/comments?post=398829"}],"version-history":[{"count":0,"href":"https:\/\/portaltela.pt\/api\/wp\/v2\/posts\/398829\/revisions"}],"wp:featuredmedia":[{"embeddable":true,"href":"https:\/\/portaltela.pt\/api\/wp\/v2\/media\/398832"}],"wp:attachment":[{"href":"https:\/\/portaltela.pt\/api\/wp\/v2\/media?parent=398829"}],"wp:term":[{"taxonomy":"category","embeddable":true,"href":"https:\/\/portaltela.pt\/api\/wp\/v2\/categories?post=398829"},{"taxonomy":"post_tag","embeddable":true,"href":"https:\/\/portaltela.pt\/api\/wp\/v2\/tags?post=398829"}],"curies":[{"name":"wp","href":"https:\/\/api.w.org\/{rel}","templated":true}]}}