{"id":398800,"date":"2026-03-05T09:10:00","date_gmt":"2026-03-05T12:10:00","guid":{"rendered":"https:\/\/portaltela.pt\/noticias\/2026\/03\/05\/portugal-concede-primeira-licenca-de-reentrada-de-veiculo-espacial-nos-acores-2\/"},"modified":"2026-03-05T09:10:00","modified_gmt":"2026-03-05T12:10:00","slug":"portugal-concede-primeira-licenca-de-reentrada-de-veiculo-espacial-nos-acores-2","status":"publish","type":"post","link":"https:\/\/portaltela.pt\/noticias\/internacional\/2026\/03\/05\/portugal-concede-primeira-licenca-de-reentrada-de-veiculo-espacial-nos-acores-2\/","title":{"rendered":"Portugal concede primeira licen\u00e7a de reentrada de ve\u00edculo espacial nos A\u00e7ores"},"content":{"rendered":"<p>Portugal concedeu \u00e0 ATMOS Space Cargo a primeira licen\u00e7a comercial para reentrada atmosf\u00e9rica e recupera\u00e7\u00e3o de um ve\u00edculo espacial, com opera\u00e7\u00f5es previstas para o segundo semestre deste ano, ao largo da ilha de Santa Maria, nos A\u00e7ores.<\/p>\n<p>A autoriza\u00e7\u00e3o permite conduzir a reentrada atmosf\u00e9rica e a eventual recupera\u00e7\u00e3o de componentes, sujeita a condi\u00e7\u00f5es t\u00e9cnicas e de seguran\u00e7a. Detalhes operacionais adicionais n\u00e3o foram tornados p\u00fablicos.<\/p>\n<p>A medida envolve o governo de Portugal e a empresa, que executar\u00e1 o lan\u00e7amento de reentrada no espa\u00e7o a\u00e9reo e marinho pr\u00f3ximo aos A\u00e7ores, sem indica\u00e7\u00e3o de prazos espec\u00edficos al\u00e9m do per\u00edodo do segundo semestre.<\/p>\n","protected":false},"excerpt":{"rendered":"<ul>\n<li>Portugal concedeu \u00e0 empresa ATMOS Space Cargo a primeira licen\u00e7a comercial para reentrada atmosf\u00e9rica e recupera\u00e7\u00e3o de um ve\u00edculo espacial.<\/li>\n<li>A opera\u00e7\u00e3o est\u00e1 prevista para o segundo semestre deste ano, ao largo da ilha de Santa Maria, nos A\u00e7ores.<\/li>\n<li>A autoriza\u00e7\u00e3o marca a primeira licen\u00e7a deste tipo emitida pelo pa\u00eds.<\/li>\n<li>O conte\u00fado completo da not\u00edcia est\u00e1 dispon\u00edvel apenas para subscritores.<\/li>\n<\/ul>\n","protected":false},"author":2,"featured_media":398804,"comment_status":"closed","ping_status":"closed","sticky":false,"template":"","format":"standard","meta":{"footnotes":""},"categories":[4,1],"tags":[2982,1250,45,1014],"class_list":["post-398800","post","type-post","status-publish","format-standard","has-post-thumbnail","hentry","category-internacional","category-noticias","tag-agencia-espacial-portuguesa","tag-azores","tag-meio-ambiente","tag-portugal"],"yoast_head":"<!-- This site is optimized with the Yoast SEO plugin v27.2 - https:\/\/yoast.com\/product\/yoast-seo-wordpress\/ -->\n<title>Portugal concede primeira licen\u00e7a de reentrada de ve\u00edculo espacial nos A\u00e7ores - Portal Tela Portugal<\/title>\n<meta name=\"robots\" content=\"index, follow, max-snippet:-1, max-image-preview:large, max-video-preview:-1\" \/>\n<meta property=\"og:locale\" content=\"pt_PT\" \/>\n<meta property=\"og:type\" content=\"article\" \/>\n<meta property=\"og:title\" content=\"Portugal concede primeira licen\u00e7a de reentrada de ve\u00edculo espacial nos A\u00e7ores - Portal Tela Portugal\" \/>\n<meta property=\"og:description\" content=\"Portugal concedeu \u00e0 empresa ATMOS Space Cargo a primeira licen\u00e7a comercial para reentrada atmosf\u00e9rica e recupera\u00e7\u00e3o de um ve\u00edculo espacial. A opera\u00e7\u00e3o est\u00e1 prevista para o segundo semestre deste ano, ao largo da ilha de Santa Maria, nos A\u00e7ores. A autoriza\u00e7\u00e3o marca a primeira licen\u00e7a deste tipo emitida pelo pa\u00eds. O conte\u00fado completo da not\u00edcia est\u00e1 dispon\u00edvel apenas para subscritores.\" \/>\n<meta property=\"og:url\" content=\"https:\/\/portaltela.pt\/noticias\/2026\/03\/05\/portugal-concede-primeira-licenca-de-reentrada-de-veiculo-espacial-nos-acores-2\/\" \/>\n<meta property=\"og:site_name\" content=\"Portal Tela Portugal\" \/>\n<meta property=\"article:published_time\" content=\"2026-03-05T12:10:00+00:00\" \/>\n<meta name=\"author\" content=\"Telinha\" \/>\n<meta name=\"twitter:card\" content=\"summary_large_image\" \/>\n<meta name=\"twitter:label1\" content=\"Escrito por\" \/>\n\t<meta name=\"twitter:data1\" content=\"Telinha\" \/>\n\t<meta name=\"twitter:label2\" content=\"Tempo estimado de leitura\" \/>\n\t<meta name=\"twitter:data2\" content=\"1 minuto\" \/>\n<script type=\"application\/ld+json\" class=\"yoast-schema-graph\">{\"@context\":\"https:\/\/schema.org\",\"@graph\":[{\"@type\":\"Article\",\"@id\":\"https:\/\/portaltela.pt\/noticias\/2026\/03\/05\/portugal-concede-primeira-licenca-de-reentrada-de-veiculo-espacial-nos-acores-2\/#article\",\"isPartOf\":{\"@id\":\"https:\/\/portaltela.pt\/noticias\/2026\/03\/05\/portugal-concede-primeira-licenca-de-reentrada-de-veiculo-espacial-nos-acores-2\/\"},\"author\":{\"name\":\"Telinha\",\"@id\":\"https:\/\/portaltela.pt\/#\/schema\/person\/c4278d4a6028830caff9ee44b42d32ed\"},\"headline\":\"Portugal concede primeira licen\u00e7a de reentrada de ve\u00edculo espacial nos A\u00e7ores\",\"datePublished\":\"2026-03-05T12:10:00+00:00\",\"mainEntityOfPage\":{\"@id\":\"https:\/\/portaltela.pt\/noticias\/2026\/03\/05\/portugal-concede-primeira-licenca-de-reentrada-de-veiculo-espacial-nos-acores-2\/\"},\"wordCount\":135,\"image\":{\"@id\":\"https:\/\/portaltela.pt\/noticias\/2026\/03\/05\/portugal-concede-primeira-licenca-de-reentrada-de-veiculo-espacial-nos-acores-2\/#primaryimage\"},\"thumbnailUrl\":\"https:\/\/portaltela.pt\/s.01k8rhncp4jt1\/2026\/03\/CACHE_780X1200_ANALOG_WATERMARKED_46692049_1230874_05032026121605.jpg\",\"keywords\":[\"Ag\u00eancia Espacial Portuguesa\",\"Azores\",\"meio-ambiente\",\"Portugal\"],\"articleSection\":[\"Internacional\",\"Not\u00edcias\"],\"inLanguage\":\"pt-PT\"},{\"@type\":\"WebPage\",\"@id\":\"https:\/\/portaltela.pt\/noticias\/2026\/03\/05\/portugal-concede-primeira-licenca-de-reentrada-de-veiculo-espacial-nos-acores-2\/\",\"url\":\"https:\/\/portaltela.pt\/noticias\/2026\/03\/05\/portugal-concede-primeira-licenca-de-reentrada-de-veiculo-espacial-nos-acores-2\/\",\"name\":\"Portugal concede primeira licen\u00e7a de reentrada de ve\u00edculo espacial nos A\u00e7ores - Portal Tela Portugal\",\"isPartOf\":{\"@id\":\"https:\/\/portaltela.pt\/#website\"},\"primaryImageOfPage\":{\"@id\":\"https:\/\/portaltela.pt\/noticias\/2026\/03\/05\/portugal-concede-primeira-licenca-de-reentrada-de-veiculo-espacial-nos-acores-2\/#primaryimage\"},\"image\":{\"@id\":\"https:\/\/portaltela.pt\/noticias\/2026\/03\/05\/portugal-concede-primeira-licenca-de-reentrada-de-veiculo-espacial-nos-acores-2\/#primaryimage\"},\"thumbnailUrl\":\"https:\/\/portaltela.pt\/s.01k8rhncp4jt1\/2026\/03\/CACHE_780X1200_ANALOG_WATERMARKED_46692049_1230874_05032026121605.jpg\",\"datePublished\":\"2026-03-05T12:10:00+00:00\",\"author\":{\"@id\":\"https:\/\/portaltela.pt\/#\/schema\/person\/c4278d4a6028830caff9ee44b42d32ed\"},\"breadcrumb\":{\"@id\":\"https:\/\/portaltela.pt\/noticias\/2026\/03\/05\/portugal-concede-primeira-licenca-de-reentrada-de-veiculo-espacial-nos-acores-2\/#breadcrumb\"},\"inLanguage\":\"pt-PT\",\"potentialAction\":[{\"@type\":\"ReadAction\",\"target\":[\"https:\/\/portaltela.pt\/noticias\/2026\/03\/05\/portugal-concede-primeira-licenca-de-reentrada-de-veiculo-espacial-nos-acores-2\/\"]}]},{\"@type\":\"ImageObject\",\"inLanguage\":\"pt-PT\",\"@id\":\"https:\/\/portaltela.pt\/noticias\/2026\/03\/05\/portugal-concede-primeira-licenca-de-reentrada-de-veiculo-espacial-nos-acores-2\/#primaryimage\",\"url\":\"https:\/\/portaltela.pt\/s.01k8rhncp4jt1\/2026\/03\/CACHE_780X1200_ANALOG_WATERMARKED_46692049_1230874_05032026121605.jpg\",\"contentUrl\":\"https:\/\/portaltela.pt\/s.01k8rhncp4jt1\/2026\/03\/CACHE_780X1200_ANALOG_WATERMARKED_46692049_1230874_05032026121605.jpg\",\"width\":768,\"height\":512,\"caption\":\"Portugal concede primeira licen\u00e7a para a reentrada de ve\u00edculo espacial nos A\u00e7ores\"},{\"@type\":\"BreadcrumbList\",\"@id\":\"https:\/\/portaltela.pt\/noticias\/2026\/03\/05\/portugal-concede-primeira-licenca-de-reentrada-de-veiculo-espacial-nos-acores-2\/#breadcrumb\",\"itemListElement\":[{\"@type\":\"ListItem\",\"position\":1,\"name\":\"In\u00edcio\",\"item\":\"https:\/\/portaltela.pt\/\"},{\"@type\":\"ListItem\",\"position\":2,\"name\":\"Portugal concede primeira licen\u00e7a de reentrada de ve\u00edculo espacial nos A\u00e7ores\"}]},{\"@type\":\"WebSite\",\"@id\":\"https:\/\/portaltela.pt\/#website\",\"url\":\"https:\/\/portaltela.pt\/\",\"name\":\"Portal Tela Portugal\",\"description\":\"\",\"potentialAction\":[{\"@type\":\"SearchAction\",\"target\":{\"@type\":\"EntryPoint\",\"urlTemplate\":\"https:\/\/portaltela.pt\/?s={search_term_string}\"},\"query-input\":{\"@type\":\"PropertyValueSpecification\",\"valueRequired\":true,\"valueName\":\"search_term_string\"}}],\"inLanguage\":\"pt-PT\"},{\"@type\":\"Person\",\"@id\":\"https:\/\/portaltela.pt\/#\/schema\/person\/c4278d4a6028830caff9ee44b42d32ed\",\"name\":\"Telinha\",\"image\":{\"@type\":\"ImageObject\",\"inLanguage\":\"pt-PT\",\"@id\":\"https:\/\/portaltela.pt\/s.01k8rhncp4jt1\/2025\/11\/talking-bot-125x125.png\",\"url\":\"https:\/\/portaltela.pt\/s.01k8rhncp4jt1\/2025\/11\/talking-bot-125x125.png\",\"contentUrl\":\"https:\/\/portaltela.pt\/s.01k8rhncp4jt1\/2025\/11\/talking-bot-125x125.png\",\"caption\":\"Telinha\"},\"sameAs\":[\"https:\/\/portaltela.pt\/\"],\"url\":\"https:\/\/portaltela.pt\/por\/367410592786\/\"}]}<\/script>\n<!-- \/ Yoast SEO plugin. -->","yoast_head_json":{"title":"Portugal concede primeira licen\u00e7a de reentrada de ve\u00edculo espacial nos A\u00e7ores - Portal Tela Portugal","robots":{"index":"index","follow":"follow","max-snippet":"max-snippet:-1","max-image-preview":"max-image-preview:large","max-video-preview":"max-video-preview:-1"},"og_locale":"pt_PT","og_type":"article","og_title":"Portugal concede primeira licen\u00e7a de reentrada de ve\u00edculo espacial nos A\u00e7ores - Portal Tela Portugal","og_description":"Portugal concedeu \u00e0 empresa ATMOS Space Cargo a primeira licen\u00e7a comercial para reentrada atmosf\u00e9rica e recupera\u00e7\u00e3o de um ve\u00edculo espacial. A opera\u00e7\u00e3o est\u00e1 prevista para o segundo semestre deste ano, ao largo da ilha de Santa Maria, nos A\u00e7ores. A autoriza\u00e7\u00e3o marca a primeira licen\u00e7a deste tipo emitida pelo pa\u00eds. O conte\u00fado completo da not\u00edcia est\u00e1 dispon\u00edvel apenas para subscritores.","og_url":"https:\/\/portaltela.pt\/noticias\/2026\/03\/05\/portugal-concede-primeira-licenca-de-reentrada-de-veiculo-espacial-nos-acores-2\/","og_site_name":"Portal Tela Portugal","article_published_time":"2026-03-05T12:10:00+00:00","author":"Telinha","twitter_card":"summary_large_image","twitter_misc":{"Escrito por":"Telinha","Tempo estimado de leitura":"1 minuto"},"schema":{"@context":"https:\/\/schema.org","@graph":[{"@type":"Article","@id":"https:\/\/portaltela.pt\/noticias\/2026\/03\/05\/portugal-concede-primeira-licenca-de-reentrada-de-veiculo-espacial-nos-acores-2\/#article","isPartOf":{"@id":"https:\/\/portaltela.pt\/noticias\/2026\/03\/05\/portugal-concede-primeira-licenca-de-reentrada-de-veiculo-espacial-nos-acores-2\/"},"author":{"name":"Telinha","@id":"https:\/\/portaltela.pt\/#\/schema\/person\/c4278d4a6028830caff9ee44b42d32ed"},"headline":"Portugal concede primeira licen\u00e7a de reentrada de ve\u00edculo espacial nos A\u00e7ores","datePublished":"2026-03-05T12:10:00+00:00","mainEntityOfPage":{"@id":"https:\/\/portaltela.pt\/noticias\/2026\/03\/05\/portugal-concede-primeira-licenca-de-reentrada-de-veiculo-espacial-nos-acores-2\/"},"wordCount":135,"image":{"@id":"https:\/\/portaltela.pt\/noticias\/2026\/03\/05\/portugal-concede-primeira-licenca-de-reentrada-de-veiculo-espacial-nos-acores-2\/#primaryimage"},"thumbnailUrl":"https:\/\/portaltela.pt\/s.01k8rhncp4jt1\/2026\/03\/CACHE_780X1200_ANALOG_WATERMARKED_46692049_1230874_05032026121605.jpg","keywords":["Ag\u00eancia Espacial Portuguesa","Azores","meio-ambiente","Portugal"],"articleSection":["Internacional","Not\u00edcias"],"inLanguage":"pt-PT"},{"@type":"WebPage","@id":"https:\/\/portaltela.pt\/noticias\/2026\/03\/05\/portugal-concede-primeira-licenca-de-reentrada-de-veiculo-espacial-nos-acores-2\/","url":"https:\/\/portaltela.pt\/noticias\/2026\/03\/05\/portugal-concede-primeira-licenca-de-reentrada-de-veiculo-espacial-nos-acores-2\/","name":"Portugal concede primeira licen\u00e7a de reentrada de ve\u00edculo espacial nos A\u00e7ores - Portal Tela Portugal","isPartOf":{"@id":"https:\/\/portaltela.pt\/#website"},"primaryImageOfPage":{"@id":"https:\/\/portaltela.pt\/noticias\/2026\/03\/05\/portugal-concede-primeira-licenca-de-reentrada-de-veiculo-espacial-nos-acores-2\/#primaryimage"},"image":{"@id":"https:\/\/portaltela.pt\/noticias\/2026\/03\/05\/portugal-concede-primeira-licenca-de-reentrada-de-veiculo-espacial-nos-acores-2\/#primaryimage"},"thumbnailUrl":"https:\/\/portaltela.pt\/s.01k8rhncp4jt1\/2026\/03\/CACHE_780X1200_ANALOG_WATERMARKED_46692049_1230874_05032026121605.jpg","datePublished":"2026-03-05T12:10:00+00:00","author":{"@id":"https:\/\/portaltela.pt\/#\/schema\/person\/c4278d4a6028830caff9ee44b42d32ed"},"breadcrumb":{"@id":"https:\/\/portaltela.pt\/noticias\/2026\/03\/05\/portugal-concede-primeira-licenca-de-reentrada-de-veiculo-espacial-nos-acores-2\/#breadcrumb"},"inLanguage":"pt-PT","potentialAction":[{"@type":"ReadAction","target":["https:\/\/portaltela.pt\/noticias\/2026\/03\/05\/portugal-concede-primeira-licenca-de-reentrada-de-veiculo-espacial-nos-acores-2\/"]}]},{"@type":"ImageObject","inLanguage":"pt-PT","@id":"https:\/\/portaltela.pt\/noticias\/2026\/03\/05\/portugal-concede-primeira-licenca-de-reentrada-de-veiculo-espacial-nos-acores-2\/#primaryimage","url":"https:\/\/portaltela.pt\/s.01k8rhncp4jt1\/2026\/03\/CACHE_780X1200_ANALOG_WATERMARKED_46692049_1230874_05032026121605.jpg","contentUrl":"https:\/\/portaltela.pt\/s.01k8rhncp4jt1\/2026\/03\/CACHE_780X1200_ANALOG_WATERMARKED_46692049_1230874_05032026121605.jpg","width":768,"height":512,"caption":"Portugal concede primeira licen\u00e7a para a reentrada de ve\u00edculo espacial nos A\u00e7ores"},{"@type":"BreadcrumbList","@id":"https:\/\/portaltela.pt\/noticias\/2026\/03\/05\/portugal-concede-primeira-licenca-de-reentrada-de-veiculo-espacial-nos-acores-2\/#breadcrumb","itemListElement":[{"@type":"ListItem","position":1,"name":"In\u00edcio","item":"https:\/\/portaltela.pt\/"},{"@type":"ListItem","position":2,"name":"Portugal concede primeira licen\u00e7a de reentrada de ve\u00edculo espacial nos A\u00e7ores"}]},{"@type":"WebSite","@id":"https:\/\/portaltela.pt\/#website","url":"https:\/\/portaltela.pt\/","name":"Portal Tela Portugal","description":"","potentialAction":[{"@type":"SearchAction","target":{"@type":"EntryPoint","urlTemplate":"https:\/\/portaltela.pt\/?s={search_term_string}"},"query-input":{"@type":"PropertyValueSpecification","valueRequired":true,"valueName":"search_term_string"}}],"inLanguage":"pt-PT"},{"@type":"Person","@id":"https:\/\/portaltela.pt\/#\/schema\/person\/c4278d4a6028830caff9ee44b42d32ed","name":"Telinha","image":{"@type":"ImageObject","inLanguage":"pt-PT","@id":"https:\/\/portaltela.pt\/s.01k8rhncp4jt1\/2025\/11\/talking-bot-125x125.png","url":"https:\/\/portaltela.pt\/s.01k8rhncp4jt1\/2025\/11\/talking-bot-125x125.png","contentUrl":"https:\/\/portaltela.pt\/s.01k8rhncp4jt1\/2025\/11\/talking-bot-125x125.png","caption":"Telinha"},"sameAs":["https:\/\/portaltela.pt\/"],"url":"https:\/\/portaltela.pt\/por\/367410592786\/"}]}},"_links":{"self":[{"href":"https:\/\/portaltela.pt\/api\/wp\/v2\/posts\/398800","targetHints":{"allow":["GET"]}}],"collection":[{"href":"https:\/\/portaltela.pt\/api\/wp\/v2\/posts"}],"about":[{"href":"https:\/\/portaltela.pt\/api\/wp\/v2\/types\/post"}],"author":[{"embeddable":true,"href":"https:\/\/portaltela.pt\/api\/wp\/v2\/users\/2"}],"replies":[{"embeddable":true,"href":"https:\/\/portaltela.pt\/api\/wp\/v2\/comments?post=398800"}],"version-history":[{"count":0,"href":"https:\/\/portaltela.pt\/api\/wp\/v2\/posts\/398800\/revisions"}],"wp:featuredmedia":[{"embeddable":true,"href":"https:\/\/portaltela.pt\/api\/wp\/v2\/media\/398804"}],"wp:attachment":[{"href":"https:\/\/portaltela.pt\/api\/wp\/v2\/media?parent=398800"}],"wp:term":[{"taxonomy":"category","embeddable":true,"href":"https:\/\/portaltela.pt\/api\/wp\/v2\/categories?post=398800"},{"taxonomy":"post_tag","embeddable":true,"href":"https:\/\/portaltela.pt\/api\/wp\/v2\/tags?post=398800"}],"curies":[{"name":"wp","href":"https:\/\/api.w.org\/{rel}","templated":true}]}}