{"id":398779,"date":"2026-03-05T12:36:56","date_gmt":"2026-03-05T15:36:56","guid":{"rendered":"https:\/\/portaltela.pt\/noticias\/2026\/03\/05\/de-portugal-para-o-mundo-alcance-internacional\/"},"modified":"2026-03-05T12:36:56","modified_gmt":"2026-03-05T15:36:56","slug":"de-portugal-para-o-mundo-alcance-internacional","status":"publish","type":"post","link":"https:\/\/portaltela.pt\/noticias\/economia\/2026\/03\/05\/de-portugal-para-o-mundo-alcance-internacional\/","title":{"rendered":"De Portugal para o Mundo: alcance internacional"},"content":{"rendered":"<p>A s\u00e9rie De Portugal para o Mundo estreou recentemente com a colabora\u00e7\u00e3o entre a Medialivre e a Volkswagen. A apresenta\u00e7\u00e3o est\u00e1 a cargo de Diana Pereira, que guia cada epis\u00f3dio com os protagonistas nas suas f\u00e1bricas, campos e unidades de produ\u00e7\u00e3o. O objetivo \u00e9 mostrar como empresas portuguesas expandem o seu alcance al\u00e9m-fronteiras.<\/p>\n<p>A iniciativa funciona como um retrato do pa\u00eds produtivo, destacando PME que representam 99% do tecido empresarial portugu\u00eas e s\u00e3o decisivas nas exporta\u00e7\u00f5es. Ao longo de seis epis\u00f3dios, o projeto percorre regi\u00f5es e setores variados, refor\u00e7ando a imagem de Portugal como motor de inova\u00e7\u00e3o e exporta\u00e7\u00e3o.<\/p>\n<p>O primeiro epis\u00f3dio, dedicado \u00e0 Grestel, estreou a 22 de fevereiro. A Grestel exporta mais de 90% da produ\u00e7\u00e3o e \u00e9 respons\u00e1vel pela marca Costa Nova, reconhecida em mercados internacionais. Nas semanas seguintes, a s\u00e9rie vai abordar temas como inova\u00e7\u00e3o, tecnologia, agricultura, biotecnologia e ind\u00fastria transformadora.<\/p>\n<h3>T-Roc como s\u00edmbolo de Made in Portugal<\/h3>\n<p>O projeto inspira-se no modelo T-Roc, produzido na Volkswagen Autoeuropa, em Palmela, e comercializado mundialmente. O T-Roc \u00e9 apresentado como embaixador da capacidade produtiva nacional, acompanhando as hist\u00f3rias apresentadas pela s\u00e9rie.<\/p>\n<p>Ricardo Vieira, diretor-geral da Volkswagen em Portugal, afirma que o T-Roc representa a engenharia, qualidade e competitividade portuguesas. O modelo simboliza uma mobilidade moderna, eficiente e preparada para enfrentar mudan\u00e7as globais.<\/p>\n<h3>Estrutura do branded content<\/h3>\n<p>De Portugal para o Mundo \u00e9 um projeto de branded content desenvolvido pela Medialivre para a Volkswagen, com a Dentsu Portugal como ag\u00eancia parceira. Lu\u00eds Ferreira, diretor-geral comercial da Medialivre, explica que o objetivo \u00e9 dar visibilidade a empresas extraordin\u00e1rias que muitas vezes carecem de cobertura.<\/p>\n<p>Cada epis\u00f3dio tem cerca de cinco minutos na vers\u00e3o integral e \u00e9 publicado semanalmente \u00e0s segundas-feiras. Al\u00e9m da presen\u00e7a digital, a s\u00e9rie \u00e9 emitida em vers\u00e3o curta no canal NOW e integrada no ecossistema do Jornal de Neg\u00f3cios. O site oficial re\u00fane todos os epis\u00f3dios para acompanhamento semanal.<\/p>\n<h3>Objetivo e alcance<\/h3>\n<p>A iniciativa pretende valorizar o contributo das PME portuguesas para a economia, destacando o papel da produ\u00e7\u00e3o nacional e das exporta\u00e7\u00f5es. A s\u00e9rie refor\u00e7a que Portugal tem talento, tecnologia e capacidade para competir em mercados internacionais.<\/p>\n<p>Inspirar, reconhecer, projetar: a mensagem central \u00e9 que Portugal produz com ambi\u00e7\u00e3o e que o mundo reconhece o talento nacional. A s\u00e9rie busca aproximar marcas, media e consumidores, sem recorrer a alus\u00f5es ou opini\u00f5es.<\/p>\n","protected":false},"excerpt":{"rendered":"<ul>\n<li>A Medialivre estreou, em parceria com a Volkswagen, a s\u00e9rie branded content \u201cDe Portugal para o Mundo\u201d, com seis epis\u00f3dios que destacam empresas portuguesas com alcance internacional, conduzidos por Diana Pereira.<\/li>\n<li>O primeiro epis\u00f3dio, dedicado \u00e0 Grestel, estreou a 22 de fevereiro; a empresa exporta mais de noventa por cento da produ\u00e7\u00e3o e criou a marca Costa Nova.<\/li>\n<li>A s\u00e9rie percorre diferentes regi\u00f5es e setores, evidenciando as PME como motor da economia e o talento nacional a projetar-se globalmente.<\/li>\n<li>O modelo T-Roc, produzido na Volkswagen Autoeuropa em Palmela, funciona como s\u00edmbolo da capacidade produtiva de Portugal, acompanhando os protagonistas nos epis\u00f3dios.<\/li>\n<li>O projeto \u00e9 desenvolvido pela Medialivre para a Volkswagen, com a Dentsu Portugal como ag\u00eancia parceira; cada epis\u00f3dio tem cerca de cinco minutos, \u00e9 lan\u00e7ado semanalmente \u00e0s segundas-feiras, com vers\u00f5es no NOW e no Jornal de Neg\u00f3cios; mais informa\u00e7\u00f5es em deportugalparaomundo.negocios.pt.<\/li>\n<\/ul>\n","protected":false},"author":2,"featured_media":398783,"comment_status":"closed","ping_status":"closed","sticky":false,"template":"","format":"standard","meta":{"footnotes":""},"categories":[2,1],"tags":[28,2541,3892,4431,1033,1014],"class_list":["post-398779","post","type-post","status-publish","format-standard","has-post-thumbnail","hentry","category-economia","category-noticias","tag-economia","tag-exportacoes","tag-exportacoes-internacionais","tag-industria-transformadora","tag-made-in-portugal","tag-portugal"],"yoast_head":"<!-- This site is optimized with the Yoast SEO plugin v27.2 - https:\/\/yoast.com\/product\/yoast-seo-wordpress\/ -->\n<title>De Portugal para o Mundo: alcance internacional - Portal Tela Portugal<\/title>\n<meta name=\"robots\" content=\"index, follow, max-snippet:-1, max-image-preview:large, max-video-preview:-1\" \/>\n<meta property=\"og:locale\" content=\"pt_PT\" \/>\n<meta property=\"og:type\" content=\"article\" \/>\n<meta property=\"og:title\" content=\"De Portugal para o Mundo: alcance internacional - Portal Tela Portugal\" \/>\n<meta property=\"og:description\" content=\"A Medialivre estreou, em parceria com a Volkswagen, a s\u00e9rie branded content \u201cDe Portugal para o Mundo\u201d, com seis epis\u00f3dios que destacam empresas portuguesas com alcance internacional, conduzidos por Diana Pereira. O primeiro epis\u00f3dio, dedicado \u00e0 Grestel, estreou a 22 de fevereiro; a empresa exporta mais de noventa por cento da produ\u00e7\u00e3o e criou a marca Costa Nova. A s\u00e9rie percorre diferentes regi\u00f5es e setores, evidenciando as PME como motor da economia e o talento nacional a projetar-se globalmente. O modelo T-Roc, produzido na Volkswagen Autoeuropa em Palmela, funciona como s\u00edmbolo da capacidade produtiva de Portugal, acompanhando os protagonistas nos epis\u00f3dios. O projeto \u00e9 desenvolvido pela Medialivre para a Volkswagen, com a Dentsu Portugal como ag\u00eancia parceira; cada epis\u00f3dio tem cerca de cinco minutos, \u00e9 lan\u00e7ado semanalmente \u00e0s segundas-feiras, com vers\u00f5es no NOW e no Jornal de Neg\u00f3cios; mais informa\u00e7\u00f5es em deportugalparaomundo.negocios.pt.\" \/>\n<meta property=\"og:url\" content=\"https:\/\/portaltela.pt\/noticias\/2026\/03\/05\/de-portugal-para-o-mundo-alcance-internacional\/\" \/>\n<meta property=\"og:site_name\" content=\"Portal Tela Portugal\" \/>\n<meta property=\"article:published_time\" content=\"2026-03-05T15:36:56+00:00\" \/>\n<meta name=\"author\" content=\"Telinha\" \/>\n<meta name=\"twitter:card\" content=\"summary_large_image\" \/>\n<meta name=\"twitter:label1\" content=\"Escrito por\" \/>\n\t<meta name=\"twitter:data1\" content=\"Telinha\" \/>\n\t<meta name=\"twitter:label2\" content=\"Tempo estimado de leitura\" \/>\n\t<meta name=\"twitter:data2\" content=\"2 minutos\" \/>\n<script type=\"application\/ld+json\" class=\"yoast-schema-graph\">{\"@context\":\"https:\/\/schema.org\",\"@graph\":[{\"@type\":\"Article\",\"@id\":\"https:\/\/portaltela.pt\/noticias\/2026\/03\/05\/de-portugal-para-o-mundo-alcance-internacional\/#article\",\"isPartOf\":{\"@id\":\"https:\/\/portaltela.pt\/noticias\/2026\/03\/05\/de-portugal-para-o-mundo-alcance-internacional\/\"},\"author\":{\"name\":\"Telinha\",\"@id\":\"https:\/\/portaltela.pt\/#\/schema\/person\/c4278d4a6028830caff9ee44b42d32ed\"},\"headline\":\"De Portugal para o Mundo: alcance internacional\",\"datePublished\":\"2026-03-05T15:36:56+00:00\",\"mainEntityOfPage\":{\"@id\":\"https:\/\/portaltela.pt\/noticias\/2026\/03\/05\/de-portugal-para-o-mundo-alcance-internacional\/\"},\"wordCount\":426,\"image\":{\"@id\":\"https:\/\/portaltela.pt\/noticias\/2026\/03\/05\/de-portugal-para-o-mundo-alcance-internacional\/#primaryimage\"},\"thumbnailUrl\":\"https:\/\/portaltela.pt\/s.01k8rhncp4jt1\/2026\/03\/img_1280x721uu2026-03-05-15-36-45-2270553.jpg\",\"keywords\":[\"economia\",\"exporta\u00e7\u00f5es\",\"exporta\u00e7\u00f5es internacionais\",\"ind\u00fastria transformadora\",\"Made in Portugal\",\"Portugal\"],\"articleSection\":[\"Economia\",\"Not\u00edcias\"],\"inLanguage\":\"pt-PT\"},{\"@type\":\"WebPage\",\"@id\":\"https:\/\/portaltela.pt\/noticias\/2026\/03\/05\/de-portugal-para-o-mundo-alcance-internacional\/\",\"url\":\"https:\/\/portaltela.pt\/noticias\/2026\/03\/05\/de-portugal-para-o-mundo-alcance-internacional\/\",\"name\":\"De Portugal para o Mundo: alcance internacional - Portal Tela Portugal\",\"isPartOf\":{\"@id\":\"https:\/\/portaltela.pt\/#website\"},\"primaryImageOfPage\":{\"@id\":\"https:\/\/portaltela.pt\/noticias\/2026\/03\/05\/de-portugal-para-o-mundo-alcance-internacional\/#primaryimage\"},\"image\":{\"@id\":\"https:\/\/portaltela.pt\/noticias\/2026\/03\/05\/de-portugal-para-o-mundo-alcance-internacional\/#primaryimage\"},\"thumbnailUrl\":\"https:\/\/portaltela.pt\/s.01k8rhncp4jt1\/2026\/03\/img_1280x721uu2026-03-05-15-36-45-2270553.jpg\",\"datePublished\":\"2026-03-05T15:36:56+00:00\",\"author\":{\"@id\":\"https:\/\/portaltela.pt\/#\/schema\/person\/c4278d4a6028830caff9ee44b42d32ed\"},\"breadcrumb\":{\"@id\":\"https:\/\/portaltela.pt\/noticias\/2026\/03\/05\/de-portugal-para-o-mundo-alcance-internacional\/#breadcrumb\"},\"inLanguage\":\"pt-PT\",\"potentialAction\":[{\"@type\":\"ReadAction\",\"target\":[\"https:\/\/portaltela.pt\/noticias\/2026\/03\/05\/de-portugal-para-o-mundo-alcance-internacional\/\"]}]},{\"@type\":\"ImageObject\",\"inLanguage\":\"pt-PT\",\"@id\":\"https:\/\/portaltela.pt\/noticias\/2026\/03\/05\/de-portugal-para-o-mundo-alcance-internacional\/#primaryimage\",\"url\":\"https:\/\/portaltela.pt\/s.01k8rhncp4jt1\/2026\/03\/img_1280x721uu2026-03-05-15-36-45-2270553.jpg\",\"contentUrl\":\"https:\/\/portaltela.pt\/s.01k8rhncp4jt1\/2026\/03\/img_1280x721uu2026-03-05-15-36-45-2270553.jpg\",\"width\":796,\"height\":448,\"caption\":\"Mulher posa junto a um Volkswagen el\u00e9trico com o Aqueduto de Vila do Conde em fundo\"},{\"@type\":\"BreadcrumbList\",\"@id\":\"https:\/\/portaltela.pt\/noticias\/2026\/03\/05\/de-portugal-para-o-mundo-alcance-internacional\/#breadcrumb\",\"itemListElement\":[{\"@type\":\"ListItem\",\"position\":1,\"name\":\"In\u00edcio\",\"item\":\"https:\/\/portaltela.pt\/\"},{\"@type\":\"ListItem\",\"position\":2,\"name\":\"De Portugal para o Mundo: alcance internacional\"}]},{\"@type\":\"WebSite\",\"@id\":\"https:\/\/portaltela.pt\/#website\",\"url\":\"https:\/\/portaltela.pt\/\",\"name\":\"Portal Tela Portugal\",\"description\":\"\",\"potentialAction\":[{\"@type\":\"SearchAction\",\"target\":{\"@type\":\"EntryPoint\",\"urlTemplate\":\"https:\/\/portaltela.pt\/?s={search_term_string}\"},\"query-input\":{\"@type\":\"PropertyValueSpecification\",\"valueRequired\":true,\"valueName\":\"search_term_string\"}}],\"inLanguage\":\"pt-PT\"},{\"@type\":\"Person\",\"@id\":\"https:\/\/portaltela.pt\/#\/schema\/person\/c4278d4a6028830caff9ee44b42d32ed\",\"name\":\"Telinha\",\"image\":{\"@type\":\"ImageObject\",\"inLanguage\":\"pt-PT\",\"@id\":\"https:\/\/portaltela.pt\/s.01k8rhncp4jt1\/2025\/11\/talking-bot-125x125.png\",\"url\":\"https:\/\/portaltela.pt\/s.01k8rhncp4jt1\/2025\/11\/talking-bot-125x125.png\",\"contentUrl\":\"https:\/\/portaltela.pt\/s.01k8rhncp4jt1\/2025\/11\/talking-bot-125x125.png\",\"caption\":\"Telinha\"},\"sameAs\":[\"https:\/\/portaltela.pt\/\"],\"url\":\"https:\/\/portaltela.pt\/por\/367410592786\/\"}]}<\/script>\n<!-- \/ Yoast SEO plugin. -->","yoast_head_json":{"title":"De Portugal para o Mundo: alcance internacional - Portal Tela Portugal","robots":{"index":"index","follow":"follow","max-snippet":"max-snippet:-1","max-image-preview":"max-image-preview:large","max-video-preview":"max-video-preview:-1"},"og_locale":"pt_PT","og_type":"article","og_title":"De Portugal para o Mundo: alcance internacional - Portal Tela Portugal","og_description":"A Medialivre estreou, em parceria com a Volkswagen, a s\u00e9rie branded content \u201cDe Portugal para o Mundo\u201d, com seis epis\u00f3dios que destacam empresas portuguesas com alcance internacional, conduzidos por Diana Pereira. O primeiro epis\u00f3dio, dedicado \u00e0 Grestel, estreou a 22 de fevereiro; a empresa exporta mais de noventa por cento da produ\u00e7\u00e3o e criou a marca Costa Nova. A s\u00e9rie percorre diferentes regi\u00f5es e setores, evidenciando as PME como motor da economia e o talento nacional a projetar-se globalmente. O modelo T-Roc, produzido na Volkswagen Autoeuropa em Palmela, funciona como s\u00edmbolo da capacidade produtiva de Portugal, acompanhando os protagonistas nos epis\u00f3dios. O projeto \u00e9 desenvolvido pela Medialivre para a Volkswagen, com a Dentsu Portugal como ag\u00eancia parceira; cada epis\u00f3dio tem cerca de cinco minutos, \u00e9 lan\u00e7ado semanalmente \u00e0s segundas-feiras, com vers\u00f5es no NOW e no Jornal de Neg\u00f3cios; mais informa\u00e7\u00f5es em deportugalparaomundo.negocios.pt.","og_url":"https:\/\/portaltela.pt\/noticias\/2026\/03\/05\/de-portugal-para-o-mundo-alcance-internacional\/","og_site_name":"Portal Tela Portugal","article_published_time":"2026-03-05T15:36:56+00:00","author":"Telinha","twitter_card":"summary_large_image","twitter_misc":{"Escrito por":"Telinha","Tempo estimado de leitura":"2 minutos"},"schema":{"@context":"https:\/\/schema.org","@graph":[{"@type":"Article","@id":"https:\/\/portaltela.pt\/noticias\/2026\/03\/05\/de-portugal-para-o-mundo-alcance-internacional\/#article","isPartOf":{"@id":"https:\/\/portaltela.pt\/noticias\/2026\/03\/05\/de-portugal-para-o-mundo-alcance-internacional\/"},"author":{"name":"Telinha","@id":"https:\/\/portaltela.pt\/#\/schema\/person\/c4278d4a6028830caff9ee44b42d32ed"},"headline":"De Portugal para o Mundo: alcance internacional","datePublished":"2026-03-05T15:36:56+00:00","mainEntityOfPage":{"@id":"https:\/\/portaltela.pt\/noticias\/2026\/03\/05\/de-portugal-para-o-mundo-alcance-internacional\/"},"wordCount":426,"image":{"@id":"https:\/\/portaltela.pt\/noticias\/2026\/03\/05\/de-portugal-para-o-mundo-alcance-internacional\/#primaryimage"},"thumbnailUrl":"https:\/\/portaltela.pt\/s.01k8rhncp4jt1\/2026\/03\/img_1280x721uu2026-03-05-15-36-45-2270553.jpg","keywords":["economia","exporta\u00e7\u00f5es","exporta\u00e7\u00f5es internacionais","ind\u00fastria transformadora","Made in Portugal","Portugal"],"articleSection":["Economia","Not\u00edcias"],"inLanguage":"pt-PT"},{"@type":"WebPage","@id":"https:\/\/portaltela.pt\/noticias\/2026\/03\/05\/de-portugal-para-o-mundo-alcance-internacional\/","url":"https:\/\/portaltela.pt\/noticias\/2026\/03\/05\/de-portugal-para-o-mundo-alcance-internacional\/","name":"De Portugal para o Mundo: alcance internacional - Portal Tela Portugal","isPartOf":{"@id":"https:\/\/portaltela.pt\/#website"},"primaryImageOfPage":{"@id":"https:\/\/portaltela.pt\/noticias\/2026\/03\/05\/de-portugal-para-o-mundo-alcance-internacional\/#primaryimage"},"image":{"@id":"https:\/\/portaltela.pt\/noticias\/2026\/03\/05\/de-portugal-para-o-mundo-alcance-internacional\/#primaryimage"},"thumbnailUrl":"https:\/\/portaltela.pt\/s.01k8rhncp4jt1\/2026\/03\/img_1280x721uu2026-03-05-15-36-45-2270553.jpg","datePublished":"2026-03-05T15:36:56+00:00","author":{"@id":"https:\/\/portaltela.pt\/#\/schema\/person\/c4278d4a6028830caff9ee44b42d32ed"},"breadcrumb":{"@id":"https:\/\/portaltela.pt\/noticias\/2026\/03\/05\/de-portugal-para-o-mundo-alcance-internacional\/#breadcrumb"},"inLanguage":"pt-PT","potentialAction":[{"@type":"ReadAction","target":["https:\/\/portaltela.pt\/noticias\/2026\/03\/05\/de-portugal-para-o-mundo-alcance-internacional\/"]}]},{"@type":"ImageObject","inLanguage":"pt-PT","@id":"https:\/\/portaltela.pt\/noticias\/2026\/03\/05\/de-portugal-para-o-mundo-alcance-internacional\/#primaryimage","url":"https:\/\/portaltela.pt\/s.01k8rhncp4jt1\/2026\/03\/img_1280x721uu2026-03-05-15-36-45-2270553.jpg","contentUrl":"https:\/\/portaltela.pt\/s.01k8rhncp4jt1\/2026\/03\/img_1280x721uu2026-03-05-15-36-45-2270553.jpg","width":796,"height":448,"caption":"Mulher posa junto a um Volkswagen el\u00e9trico com o Aqueduto de Vila do Conde em fundo"},{"@type":"BreadcrumbList","@id":"https:\/\/portaltela.pt\/noticias\/2026\/03\/05\/de-portugal-para-o-mundo-alcance-internacional\/#breadcrumb","itemListElement":[{"@type":"ListItem","position":1,"name":"In\u00edcio","item":"https:\/\/portaltela.pt\/"},{"@type":"ListItem","position":2,"name":"De Portugal para o Mundo: alcance internacional"}]},{"@type":"WebSite","@id":"https:\/\/portaltela.pt\/#website","url":"https:\/\/portaltela.pt\/","name":"Portal Tela Portugal","description":"","potentialAction":[{"@type":"SearchAction","target":{"@type":"EntryPoint","urlTemplate":"https:\/\/portaltela.pt\/?s={search_term_string}"},"query-input":{"@type":"PropertyValueSpecification","valueRequired":true,"valueName":"search_term_string"}}],"inLanguage":"pt-PT"},{"@type":"Person","@id":"https:\/\/portaltela.pt\/#\/schema\/person\/c4278d4a6028830caff9ee44b42d32ed","name":"Telinha","image":{"@type":"ImageObject","inLanguage":"pt-PT","@id":"https:\/\/portaltela.pt\/s.01k8rhncp4jt1\/2025\/11\/talking-bot-125x125.png","url":"https:\/\/portaltela.pt\/s.01k8rhncp4jt1\/2025\/11\/talking-bot-125x125.png","contentUrl":"https:\/\/portaltela.pt\/s.01k8rhncp4jt1\/2025\/11\/talking-bot-125x125.png","caption":"Telinha"},"sameAs":["https:\/\/portaltela.pt\/"],"url":"https:\/\/portaltela.pt\/por\/367410592786\/"}]}},"_links":{"self":[{"href":"https:\/\/portaltela.pt\/api\/wp\/v2\/posts\/398779","targetHints":{"allow":["GET"]}}],"collection":[{"href":"https:\/\/portaltela.pt\/api\/wp\/v2\/posts"}],"about":[{"href":"https:\/\/portaltela.pt\/api\/wp\/v2\/types\/post"}],"author":[{"embeddable":true,"href":"https:\/\/portaltela.pt\/api\/wp\/v2\/users\/2"}],"replies":[{"embeddable":true,"href":"https:\/\/portaltela.pt\/api\/wp\/v2\/comments?post=398779"}],"version-history":[{"count":0,"href":"https:\/\/portaltela.pt\/api\/wp\/v2\/posts\/398779\/revisions"}],"wp:featuredmedia":[{"embeddable":true,"href":"https:\/\/portaltela.pt\/api\/wp\/v2\/media\/398783"}],"wp:attachment":[{"href":"https:\/\/portaltela.pt\/api\/wp\/v2\/media?parent=398779"}],"wp:term":[{"taxonomy":"category","embeddable":true,"href":"https:\/\/portaltela.pt\/api\/wp\/v2\/categories?post=398779"},{"taxonomy":"post_tag","embeddable":true,"href":"https:\/\/portaltela.pt\/api\/wp\/v2\/tags?post=398779"}],"curies":[{"name":"wp","href":"https:\/\/api.w.org\/{rel}","templated":true}]}}