{"id":398720,"date":"2026-03-05T11:47:25","date_gmt":"2026-03-05T14:47:25","guid":{"rendered":"https:\/\/portaltela.pt\/noticias\/2026\/03\/05\/metade-dos-pedidos-de-apoio-a-habitacao-por-mau-tempo-em-tres-municipios\/"},"modified":"2026-03-05T11:47:25","modified_gmt":"2026-03-05T14:47:25","slug":"metade-dos-pedidos-de-apoio-a-habitacao-por-mau-tempo-em-tres-municipios","status":"publish","type":"post","link":"https:\/\/portaltela.pt\/noticias\/economia\/2026\/03\/05\/metade-dos-pedidos-de-apoio-a-habitacao-por-mau-tempo-em-tres-municipios\/","title":{"rendered":"Metade dos pedidos de apoio \u00e0 habita\u00e7\u00e3o por mau tempo em tr\u00eas munic\u00edpios"},"content":{"rendered":"<p>Cerca de 60% do valor das ap\u00f3lices j\u00e1 acionadas para a reconstru\u00e7\u00e3o de casas devido ao mau tempo est\u00e1 concentrado no distrito de Leiria. A afirma\u00e7\u00e3o foi feita por Paulo Fernandes, coordenador da Estrutura de Miss\u00e3o para a Reconstru\u00e7\u00e3o do Centro do Pa\u00eds.<\/p>\n<p>Mais da metade das candidaturas recebidas, cerca de 22 mil, prov\u00eam dos concelhos de Leiria, Pombal, Marinha Grande e Our\u00e9m, segundo o respons\u00e1vel. Os n\u00fameros ajudam a tra\u00e7ar o eixo de dano nos distritos afetados.<\/p>\n<p>Paulo Fernandes revelou ainda que, nas linhas de apoio \u00e0 economia das empresas, cerca de 60% dos mais de 1,2 mil milh\u00f5es de pedidos tamb\u00e9m correspondem ao distrito de Leiria, num cen\u00e1rio de concentra\u00e7\u00e3o de ativos e necessidades.<\/p>\n<p>O coordenador participou na apresenta\u00e7\u00e3o do Programa Municipal de Recupera\u00e7\u00e3o e Transforma\u00e7\u00e3o Renascer e Avan\u00e7ar Pombal, realizada ao fim da manh\u00e3. O objetivo \u00e9 coordenar a reconstru\u00e7\u00e3o ap\u00f3s as cheias.<\/p>\n<p>Pela passagem das depress\u00f5es Kristin, Leonardo e Marta, morreram 18 pessoas em Portugal. Estas intemp\u00e9ries provocaram feridos, desalojados e danos alargados.<\/p>\n<p>As principais consequ\u00eancias materiais inclu\u00edram destrui\u00e7\u00e3o de casas, empresas, quedas de \u00e1rvores e estradas, bem como cortes de energia, \u00e1gua e comunica\u00e7\u00f5es. Regi\u00f5es Centro, Lisboa e Vale do Tejo e Alentejo foram as mais afetadas.<\/p>\n<h3>Desdobramentos<\/h3>\n<p>As informa\u00e7\u00f5es indicam uma concentra\u00e7\u00e3o de pedidos de apoio em tr\u00eas distritos, refor\u00e7ando a prioridade de a\u00e7\u00f5es de reconstru\u00e7\u00e3o nestas \u00e1reas. A avalia\u00e7\u00e3o das ap\u00f3lices em curso continua a decorrer junto das autoridades competentes.<\/p>\n","protected":false},"excerpt":{"rendered":"<ul>\n<li>Cerca de sessenta por cento do valor das ap\u00f3lices j\u00e1 acionadas est\u00e1 no distrito de Leiria.<\/li>\n<li>Aproximadamente metade dos vinte e dois mil pedidos de apoio para a reconstru\u00e7\u00e3o de casas \u00e9 de Leiria, Pombal e Marinha Grande; se incluir Our\u00e9m, estes quatro concelhos concentram mais de cinquenta por cento dos pedidos.<\/li>\n<li>Em termos de seguros, das mais de cento e quarenta mil ap\u00f3lices j\u00e1 acionadas, cerca de sessenta por cento do valor est\u00e1 em Leiria.<\/li>\n<li>Para as linhas de apoio \u00e0 economia das empresas, mais de metade do montante pedido \u2014 acima de 1,2 mil milh\u00f5es \u2014 tamb\u00e9m prov\u00e9m do distrito de Leiria.<\/li>\n<li>O temporal deixou dezoito mortos e provocou feridos, desalojados e danos significativos; as regi\u00f5es Centro, Lisboa e Vale do Tejo e Alentejo foram as mais afetadas.<\/li>\n<\/ul>\n","protected":false},"author":2,"featured_media":398722,"comment_status":"closed","ping_status":"closed","sticky":false,"template":"","format":"standard","meta":{"footnotes":""},"categories":[2,1],"tags":[150,2293,1385,4643,2357,2075],"class_list":["post-398720","post","type-post","status-publish","format-standard","has-post-thumbnail","hentry","category-economia","category-noticias","tag-habitacao","tag-inundacoes","tag-leiria","tag-marinha-grande","tag-ourem","tag-pombal"],"yoast_head":"<!-- This site is optimized with the Yoast SEO plugin v27.2 - https:\/\/yoast.com\/product\/yoast-seo-wordpress\/ -->\n<title>Metade dos pedidos de apoio \u00e0 habita\u00e7\u00e3o por mau tempo em tr\u00eas munic\u00edpios - Portal Tela Portugal<\/title>\n<meta name=\"robots\" content=\"index, follow, max-snippet:-1, max-image-preview:large, max-video-preview:-1\" \/>\n<meta property=\"og:locale\" content=\"pt_PT\" \/>\n<meta property=\"og:type\" content=\"article\" \/>\n<meta property=\"og:title\" content=\"Metade dos pedidos de apoio \u00e0 habita\u00e7\u00e3o por mau tempo em tr\u00eas munic\u00edpios - Portal Tela Portugal\" \/>\n<meta property=\"og:description\" content=\"Cerca de sessenta por cento do valor das ap\u00f3lices j\u00e1 acionadas est\u00e1 no distrito de Leiria. Aproximadamente metade dos vinte e dois mil pedidos de apoio para a reconstru\u00e7\u00e3o de casas \u00e9 de Leiria, Pombal e Marinha Grande; se incluir Our\u00e9m, estes quatro concelhos concentram mais de cinquenta por cento dos pedidos. Em termos de seguros, das mais de cento e quarenta mil ap\u00f3lices j\u00e1 acionadas, cerca de sessenta por cento do valor est\u00e1 em Leiria. Para as linhas de apoio \u00e0 economia das empresas, mais de metade do montante pedido \u2014 acima de 1,2 mil milh\u00f5es \u2014 tamb\u00e9m prov\u00e9m do distrito de Leiria. O temporal deixou dezoito mortos e provocou feridos, desalojados e danos significativos; as regi\u00f5es Centro, Lisboa e Vale do Tejo e Alentejo foram as mais afetadas.\" \/>\n<meta property=\"og:url\" content=\"https:\/\/portaltela.pt\/noticias\/2026\/03\/05\/metade-dos-pedidos-de-apoio-a-habitacao-por-mau-tempo-em-tres-municipios\/\" \/>\n<meta property=\"og:site_name\" content=\"Portal Tela Portugal\" \/>\n<meta property=\"article:published_time\" content=\"2026-03-05T14:47:25+00:00\" \/>\n<meta name=\"author\" content=\"Telinha\" \/>\n<meta name=\"twitter:card\" content=\"summary_large_image\" \/>\n<meta name=\"twitter:label1\" content=\"Escrito por\" \/>\n\t<meta name=\"twitter:data1\" content=\"Telinha\" \/>\n\t<meta name=\"twitter:label2\" content=\"Tempo estimado de leitura\" \/>\n\t<meta name=\"twitter:data2\" content=\"1 minuto\" \/>\n<script type=\"application\/ld+json\" class=\"yoast-schema-graph\">{\"@context\":\"https:\/\/schema.org\",\"@graph\":[{\"@type\":\"Article\",\"@id\":\"https:\/\/portaltela.pt\/noticias\/2026\/03\/05\/metade-dos-pedidos-de-apoio-a-habitacao-por-mau-tempo-em-tres-municipios\/#article\",\"isPartOf\":{\"@id\":\"https:\/\/portaltela.pt\/noticias\/2026\/03\/05\/metade-dos-pedidos-de-apoio-a-habitacao-por-mau-tempo-em-tres-municipios\/\"},\"author\":{\"name\":\"Telinha\",\"@id\":\"https:\/\/portaltela.pt\/#\/schema\/person\/c4278d4a6028830caff9ee44b42d32ed\"},\"headline\":\"Metade dos pedidos de apoio \u00e0 habita\u00e7\u00e3o por mau tempo em tr\u00eas munic\u00edpios\",\"datePublished\":\"2026-03-05T14:47:25+00:00\",\"mainEntityOfPage\":{\"@id\":\"https:\/\/portaltela.pt\/noticias\/2026\/03\/05\/metade-dos-pedidos-de-apoio-a-habitacao-por-mau-tempo-em-tres-municipios\/\"},\"wordCount\":281,\"image\":{\"@id\":\"https:\/\/portaltela.pt\/noticias\/2026\/03\/05\/metade-dos-pedidos-de-apoio-a-habitacao-por-mau-tempo-em-tres-municipios\/#primaryimage\"},\"thumbnailUrl\":\"https:\/\/portaltela.pt\/s.01k8rhncp4jt1\/2026\/03\/img_1280x721uu2026-02-05-14-33-01-2264966.jpg\",\"keywords\":[\"habita\u00e7\u00e3o\",\"inunda\u00e7\u00f5es\",\"Leiria\",\"Marinha Grande\",\"Our\u00e9m\",\"Pombal\"],\"articleSection\":[\"Economia\",\"Not\u00edcias\"],\"inLanguage\":\"pt-PT\"},{\"@type\":\"WebPage\",\"@id\":\"https:\/\/portaltela.pt\/noticias\/2026\/03\/05\/metade-dos-pedidos-de-apoio-a-habitacao-por-mau-tempo-em-tres-municipios\/\",\"url\":\"https:\/\/portaltela.pt\/noticias\/2026\/03\/05\/metade-dos-pedidos-de-apoio-a-habitacao-por-mau-tempo-em-tres-municipios\/\",\"name\":\"Metade dos pedidos de apoio \u00e0 habita\u00e7\u00e3o por mau tempo em tr\u00eas munic\u00edpios - Portal Tela Portugal\",\"isPartOf\":{\"@id\":\"https:\/\/portaltela.pt\/#website\"},\"primaryImageOfPage\":{\"@id\":\"https:\/\/portaltela.pt\/noticias\/2026\/03\/05\/metade-dos-pedidos-de-apoio-a-habitacao-por-mau-tempo-em-tres-municipios\/#primaryimage\"},\"image\":{\"@id\":\"https:\/\/portaltela.pt\/noticias\/2026\/03\/05\/metade-dos-pedidos-de-apoio-a-habitacao-por-mau-tempo-em-tres-municipios\/#primaryimage\"},\"thumbnailUrl\":\"https:\/\/portaltela.pt\/s.01k8rhncp4jt1\/2026\/03\/img_1280x721uu2026-02-05-14-33-01-2264966.jpg\",\"datePublished\":\"2026-03-05T14:47:25+00:00\",\"author\":{\"@id\":\"https:\/\/portaltela.pt\/#\/schema\/person\/c4278d4a6028830caff9ee44b42d32ed\"},\"breadcrumb\":{\"@id\":\"https:\/\/portaltela.pt\/noticias\/2026\/03\/05\/metade-dos-pedidos-de-apoio-a-habitacao-por-mau-tempo-em-tres-municipios\/#breadcrumb\"},\"inLanguage\":\"pt-PT\",\"potentialAction\":[{\"@type\":\"ReadAction\",\"target\":[\"https:\/\/portaltela.pt\/noticias\/2026\/03\/05\/metade-dos-pedidos-de-apoio-a-habitacao-por-mau-tempo-em-tres-municipios\/\"]}]},{\"@type\":\"ImageObject\",\"inLanguage\":\"pt-PT\",\"@id\":\"https:\/\/portaltela.pt\/noticias\/2026\/03\/05\/metade-dos-pedidos-de-apoio-a-habitacao-por-mau-tempo-em-tres-municipios\/#primaryimage\",\"url\":\"https:\/\/portaltela.pt\/s.01k8rhncp4jt1\/2026\/03\/img_1280x721uu2026-02-05-14-33-01-2264966.jpg\",\"contentUrl\":\"https:\/\/portaltela.pt\/s.01k8rhncp4jt1\/2026\/03\/img_1280x721uu2026-02-05-14-33-01-2264966.jpg\",\"width\":796,\"height\":448,\"caption\":\"Elementos da prote\u00e7\u00e3o civil passam com um bote pela zona que ficou submersa pela subida da \u00e1gua do Rio Liz devido ao mau tempo, em Leiria\"},{\"@type\":\"BreadcrumbList\",\"@id\":\"https:\/\/portaltela.pt\/noticias\/2026\/03\/05\/metade-dos-pedidos-de-apoio-a-habitacao-por-mau-tempo-em-tres-municipios\/#breadcrumb\",\"itemListElement\":[{\"@type\":\"ListItem\",\"position\":1,\"name\":\"In\u00edcio\",\"item\":\"https:\/\/portaltela.pt\/\"},{\"@type\":\"ListItem\",\"position\":2,\"name\":\"Metade dos pedidos de apoio \u00e0 habita\u00e7\u00e3o por mau tempo em tr\u00eas munic\u00edpios\"}]},{\"@type\":\"WebSite\",\"@id\":\"https:\/\/portaltela.pt\/#website\",\"url\":\"https:\/\/portaltela.pt\/\",\"name\":\"Portal Tela Portugal\",\"description\":\"\",\"potentialAction\":[{\"@type\":\"SearchAction\",\"target\":{\"@type\":\"EntryPoint\",\"urlTemplate\":\"https:\/\/portaltela.pt\/?s={search_term_string}\"},\"query-input\":{\"@type\":\"PropertyValueSpecification\",\"valueRequired\":true,\"valueName\":\"search_term_string\"}}],\"inLanguage\":\"pt-PT\"},{\"@type\":\"Person\",\"@id\":\"https:\/\/portaltela.pt\/#\/schema\/person\/c4278d4a6028830caff9ee44b42d32ed\",\"name\":\"Telinha\",\"image\":{\"@type\":\"ImageObject\",\"inLanguage\":\"pt-PT\",\"@id\":\"https:\/\/portaltela.pt\/s.01k8rhncp4jt1\/2025\/11\/talking-bot-125x125.png\",\"url\":\"https:\/\/portaltela.pt\/s.01k8rhncp4jt1\/2025\/11\/talking-bot-125x125.png\",\"contentUrl\":\"https:\/\/portaltela.pt\/s.01k8rhncp4jt1\/2025\/11\/talking-bot-125x125.png\",\"caption\":\"Telinha\"},\"sameAs\":[\"https:\/\/portaltela.pt\/\"],\"url\":\"https:\/\/portaltela.pt\/por\/367410592786\/\"}]}<\/script>\n<!-- \/ Yoast SEO plugin. -->","yoast_head_json":{"title":"Metade dos pedidos de apoio \u00e0 habita\u00e7\u00e3o por mau tempo em tr\u00eas munic\u00edpios - Portal Tela Portugal","robots":{"index":"index","follow":"follow","max-snippet":"max-snippet:-1","max-image-preview":"max-image-preview:large","max-video-preview":"max-video-preview:-1"},"og_locale":"pt_PT","og_type":"article","og_title":"Metade dos pedidos de apoio \u00e0 habita\u00e7\u00e3o por mau tempo em tr\u00eas munic\u00edpios - Portal Tela Portugal","og_description":"Cerca de sessenta por cento do valor das ap\u00f3lices j\u00e1 acionadas est\u00e1 no distrito de Leiria. Aproximadamente metade dos vinte e dois mil pedidos de apoio para a reconstru\u00e7\u00e3o de casas \u00e9 de Leiria, Pombal e Marinha Grande; se incluir Our\u00e9m, estes quatro concelhos concentram mais de cinquenta por cento dos pedidos. Em termos de seguros, das mais de cento e quarenta mil ap\u00f3lices j\u00e1 acionadas, cerca de sessenta por cento do valor est\u00e1 em Leiria. Para as linhas de apoio \u00e0 economia das empresas, mais de metade do montante pedido \u2014 acima de 1,2 mil milh\u00f5es \u2014 tamb\u00e9m prov\u00e9m do distrito de Leiria. O temporal deixou dezoito mortos e provocou feridos, desalojados e danos significativos; as regi\u00f5es Centro, Lisboa e Vale do Tejo e Alentejo foram as mais afetadas.","og_url":"https:\/\/portaltela.pt\/noticias\/2026\/03\/05\/metade-dos-pedidos-de-apoio-a-habitacao-por-mau-tempo-em-tres-municipios\/","og_site_name":"Portal Tela Portugal","article_published_time":"2026-03-05T14:47:25+00:00","author":"Telinha","twitter_card":"summary_large_image","twitter_misc":{"Escrito por":"Telinha","Tempo estimado de leitura":"1 minuto"},"schema":{"@context":"https:\/\/schema.org","@graph":[{"@type":"Article","@id":"https:\/\/portaltela.pt\/noticias\/2026\/03\/05\/metade-dos-pedidos-de-apoio-a-habitacao-por-mau-tempo-em-tres-municipios\/#article","isPartOf":{"@id":"https:\/\/portaltela.pt\/noticias\/2026\/03\/05\/metade-dos-pedidos-de-apoio-a-habitacao-por-mau-tempo-em-tres-municipios\/"},"author":{"name":"Telinha","@id":"https:\/\/portaltela.pt\/#\/schema\/person\/c4278d4a6028830caff9ee44b42d32ed"},"headline":"Metade dos pedidos de apoio \u00e0 habita\u00e7\u00e3o por mau tempo em tr\u00eas munic\u00edpios","datePublished":"2026-03-05T14:47:25+00:00","mainEntityOfPage":{"@id":"https:\/\/portaltela.pt\/noticias\/2026\/03\/05\/metade-dos-pedidos-de-apoio-a-habitacao-por-mau-tempo-em-tres-municipios\/"},"wordCount":281,"image":{"@id":"https:\/\/portaltela.pt\/noticias\/2026\/03\/05\/metade-dos-pedidos-de-apoio-a-habitacao-por-mau-tempo-em-tres-municipios\/#primaryimage"},"thumbnailUrl":"https:\/\/portaltela.pt\/s.01k8rhncp4jt1\/2026\/03\/img_1280x721uu2026-02-05-14-33-01-2264966.jpg","keywords":["habita\u00e7\u00e3o","inunda\u00e7\u00f5es","Leiria","Marinha Grande","Our\u00e9m","Pombal"],"articleSection":["Economia","Not\u00edcias"],"inLanguage":"pt-PT"},{"@type":"WebPage","@id":"https:\/\/portaltela.pt\/noticias\/2026\/03\/05\/metade-dos-pedidos-de-apoio-a-habitacao-por-mau-tempo-em-tres-municipios\/","url":"https:\/\/portaltela.pt\/noticias\/2026\/03\/05\/metade-dos-pedidos-de-apoio-a-habitacao-por-mau-tempo-em-tres-municipios\/","name":"Metade dos pedidos de apoio \u00e0 habita\u00e7\u00e3o por mau tempo em tr\u00eas munic\u00edpios - Portal Tela Portugal","isPartOf":{"@id":"https:\/\/portaltela.pt\/#website"},"primaryImageOfPage":{"@id":"https:\/\/portaltela.pt\/noticias\/2026\/03\/05\/metade-dos-pedidos-de-apoio-a-habitacao-por-mau-tempo-em-tres-municipios\/#primaryimage"},"image":{"@id":"https:\/\/portaltela.pt\/noticias\/2026\/03\/05\/metade-dos-pedidos-de-apoio-a-habitacao-por-mau-tempo-em-tres-municipios\/#primaryimage"},"thumbnailUrl":"https:\/\/portaltela.pt\/s.01k8rhncp4jt1\/2026\/03\/img_1280x721uu2026-02-05-14-33-01-2264966.jpg","datePublished":"2026-03-05T14:47:25+00:00","author":{"@id":"https:\/\/portaltela.pt\/#\/schema\/person\/c4278d4a6028830caff9ee44b42d32ed"},"breadcrumb":{"@id":"https:\/\/portaltela.pt\/noticias\/2026\/03\/05\/metade-dos-pedidos-de-apoio-a-habitacao-por-mau-tempo-em-tres-municipios\/#breadcrumb"},"inLanguage":"pt-PT","potentialAction":[{"@type":"ReadAction","target":["https:\/\/portaltela.pt\/noticias\/2026\/03\/05\/metade-dos-pedidos-de-apoio-a-habitacao-por-mau-tempo-em-tres-municipios\/"]}]},{"@type":"ImageObject","inLanguage":"pt-PT","@id":"https:\/\/portaltela.pt\/noticias\/2026\/03\/05\/metade-dos-pedidos-de-apoio-a-habitacao-por-mau-tempo-em-tres-municipios\/#primaryimage","url":"https:\/\/portaltela.pt\/s.01k8rhncp4jt1\/2026\/03\/img_1280x721uu2026-02-05-14-33-01-2264966.jpg","contentUrl":"https:\/\/portaltela.pt\/s.01k8rhncp4jt1\/2026\/03\/img_1280x721uu2026-02-05-14-33-01-2264966.jpg","width":796,"height":448,"caption":"Elementos da prote\u00e7\u00e3o civil passam com um bote pela zona que ficou submersa pela subida da \u00e1gua do Rio Liz devido ao mau tempo, em Leiria"},{"@type":"BreadcrumbList","@id":"https:\/\/portaltela.pt\/noticias\/2026\/03\/05\/metade-dos-pedidos-de-apoio-a-habitacao-por-mau-tempo-em-tres-municipios\/#breadcrumb","itemListElement":[{"@type":"ListItem","position":1,"name":"In\u00edcio","item":"https:\/\/portaltela.pt\/"},{"@type":"ListItem","position":2,"name":"Metade dos pedidos de apoio \u00e0 habita\u00e7\u00e3o por mau tempo em tr\u00eas munic\u00edpios"}]},{"@type":"WebSite","@id":"https:\/\/portaltela.pt\/#website","url":"https:\/\/portaltela.pt\/","name":"Portal Tela Portugal","description":"","potentialAction":[{"@type":"SearchAction","target":{"@type":"EntryPoint","urlTemplate":"https:\/\/portaltela.pt\/?s={search_term_string}"},"query-input":{"@type":"PropertyValueSpecification","valueRequired":true,"valueName":"search_term_string"}}],"inLanguage":"pt-PT"},{"@type":"Person","@id":"https:\/\/portaltela.pt\/#\/schema\/person\/c4278d4a6028830caff9ee44b42d32ed","name":"Telinha","image":{"@type":"ImageObject","inLanguage":"pt-PT","@id":"https:\/\/portaltela.pt\/s.01k8rhncp4jt1\/2025\/11\/talking-bot-125x125.png","url":"https:\/\/portaltela.pt\/s.01k8rhncp4jt1\/2025\/11\/talking-bot-125x125.png","contentUrl":"https:\/\/portaltela.pt\/s.01k8rhncp4jt1\/2025\/11\/talking-bot-125x125.png","caption":"Telinha"},"sameAs":["https:\/\/portaltela.pt\/"],"url":"https:\/\/portaltela.pt\/por\/367410592786\/"}]}},"_links":{"self":[{"href":"https:\/\/portaltela.pt\/api\/wp\/v2\/posts\/398720","targetHints":{"allow":["GET"]}}],"collection":[{"href":"https:\/\/portaltela.pt\/api\/wp\/v2\/posts"}],"about":[{"href":"https:\/\/portaltela.pt\/api\/wp\/v2\/types\/post"}],"author":[{"embeddable":true,"href":"https:\/\/portaltela.pt\/api\/wp\/v2\/users\/2"}],"replies":[{"embeddable":true,"href":"https:\/\/portaltela.pt\/api\/wp\/v2\/comments?post=398720"}],"version-history":[{"count":0,"href":"https:\/\/portaltela.pt\/api\/wp\/v2\/posts\/398720\/revisions"}],"wp:featuredmedia":[{"embeddable":true,"href":"https:\/\/portaltela.pt\/api\/wp\/v2\/media\/398722"}],"wp:attachment":[{"href":"https:\/\/portaltela.pt\/api\/wp\/v2\/media?parent=398720"}],"wp:term":[{"taxonomy":"category","embeddable":true,"href":"https:\/\/portaltela.pt\/api\/wp\/v2\/categories?post=398720"},{"taxonomy":"post_tag","embeddable":true,"href":"https:\/\/portaltela.pt\/api\/wp\/v2\/tags?post=398720"}],"curies":[{"name":"wp","href":"https:\/\/api.w.org\/{rel}","templated":true}]}}