{"id":398710,"date":"2026-03-05T11:55:00","date_gmt":"2026-03-05T14:55:00","guid":{"rendered":"https:\/\/portaltela.pt\/noticias\/2026\/03\/05\/recurso-de-montenegro-para-impedir-divulgacao-de-clientes-da-spinumviva-e-rejeitado\/"},"modified":"2026-03-05T11:55:00","modified_gmt":"2026-03-05T14:55:00","slug":"recurso-de-montenegro-para-impedir-divulgacao-de-clientes-da-spinumviva-e-rejeitado","status":"publish","type":"post","link":"https:\/\/portaltela.pt\/noticias\/politica\/2026\/03\/05\/recurso-de-montenegro-para-impedir-divulgacao-de-clientes-da-spinumviva-e-rejeitado\/","title":{"rendered":"Recurso de Montenegro para impedir divulga\u00e7\u00e3o de clientes da Spinumviva \u00e9 rejeitado"},"content":{"rendered":"<p>O Tribunal Constitucional rejeitou o recurso apresentado pelo primeiro-ministro para impedir a divulga\u00e7\u00e3o de clientes da Spinumviva no registo de interesses.<\/p>\n<p>A decis\u00e3o n\u00e3o \u00e9 definitiva, visto que foi pedido a anula\u00e7\u00e3o. O Pal\u00e1cio Ratton confirmou, \u00e0 Lusa, que o plen\u00e1rio j\u00e1 decidiu pelo n\u00e3o conhecimento do recurso, mas ainda n\u00e3o transitou em julgado.<\/p>\n<p>O ac\u00f3rd\u00e3o n\u00e3o foi publicado de imediato, por causa de um incidente de argui\u00e7\u00e3o de nulidade que dever\u00e1 ser apreciado pelo Tribunal Constitucional.<\/p>\n<p>O caso envolve a divulga\u00e7\u00e3o de informa\u00e7\u00f5es de rendimentos, patrim\u00f3nio e interesses, com aplica\u00e7\u00e3o das regras de publica\u00e7\u00e3o apenas ap\u00f3s o tr\u00e2nsito em julgado.<\/p>\n<p>A controv\u00e9rsia remonta a julho do ano passado, quando o primeiro-ministro contestou a divulga\u00e7\u00e3o de elementos das suas declara\u00e7\u00f5es entregues \u00e0 Entidade para Transpar\u00eancia (EpT).<\/p>\n<p>Entre os dados contestados estava a lista de clientes da Spinumviva, empresa fundada pelo l\u00edder em fun\u00e7\u00e3o p\u00fablica, atualmente detida pelos filhos.<\/p>\n<p>A EpT solicitou ao primeiro-ministro a apresenta\u00e7\u00e3o dessa informa\u00e7\u00e3o no \u00e2mbito das verifica\u00e7\u00f5es \u00e0s declara\u00e7\u00f5es.<\/p>\n","protected":false},"excerpt":{"rendered":"<ul>\n<li>O Tribunal Constitucional rejeitou o recurso apresentado pelo primeiro-ministro para impedir a divulga\u00e7\u00e3o dos clientes da Spinumviva no registo de interesses.<\/li>\n<li>A decis\u00e3o n\u00e3o \u00e9 definitiva, porque foi apresentada a anula\u00e7\u00e3o do ac\u00f3rd\u00e3o, mantendo o processo pendente de aprecia\u00e7\u00e3o.<\/li>\n<li>O Pal\u00e1cio Ratton informou que o plen\u00e1rio j\u00e1 votou no sentido de n\u00e3o conhecer o recurso, mas o veredito ainda n\u00e3o transitou em julgado devido a um incidente de argui\u00e7\u00e3o de nulidade.<\/li>\n<li>O tribunal explicou que, segundo a regra de publica\u00e7\u00e3o de rendimentos, patrim\u00f3nio e interesses, a decis\u00e3o s\u00f3 fica p\u00fablica na p\u00e1gina eletr\u00f3nica ap\u00f3s o respetivo tr\u00e2nsito em julgado.<\/li>\n<li>O caso remonta a julho do ano passado, quando se tornou p\u00fablico que o primeiro-ministro contestou parte das informa\u00e7\u00f5es das suas declara\u00e7\u00f5es entregues \u00e0 Entidade para Transpar\u00eancia, incluindo a lista de clientes da Spinumviva.<\/li>\n<\/ul>\n","protected":false},"author":2,"featured_media":398715,"comment_status":"closed","ping_status":"closed","sticky":false,"template":"","format":"standard","meta":{"footnotes":""},"categories":[1,5],"tags":[4057,6337,1428,5563,2832,332],"class_list":["post-398710","post","type-post","status-publish","format-standard","has-post-thumbnail","hentry","category-noticias","category-politica","tag-constituicao","tag-direito","tag-direitos-publicos","tag-informacao-publica","tag-politica","tag-transparencia"],"yoast_head":"<!-- This site is optimized with the Yoast SEO plugin v27.2 - https:\/\/yoast.com\/product\/yoast-seo-wordpress\/ -->\n<title>Recurso de Montenegro para impedir divulga\u00e7\u00e3o de clientes da Spinumviva \u00e9 rejeitado - Portal Tela Portugal<\/title>\n<meta name=\"robots\" content=\"index, follow, max-snippet:-1, max-image-preview:large, max-video-preview:-1\" \/>\n<meta property=\"og:locale\" content=\"pt_PT\" \/>\n<meta property=\"og:type\" content=\"article\" \/>\n<meta property=\"og:title\" content=\"Recurso de Montenegro para impedir divulga\u00e7\u00e3o de clientes da Spinumviva \u00e9 rejeitado - Portal Tela Portugal\" \/>\n<meta property=\"og:description\" content=\"O Tribunal Constitucional rejeitou o recurso apresentado pelo primeiro-ministro para impedir a divulga\u00e7\u00e3o dos clientes da Spinumviva no registo de interesses. A decis\u00e3o n\u00e3o \u00e9 definitiva, porque foi apresentada a anula\u00e7\u00e3o do ac\u00f3rd\u00e3o, mantendo o processo pendente de aprecia\u00e7\u00e3o. O Pal\u00e1cio Ratton informou que o plen\u00e1rio j\u00e1 votou no sentido de n\u00e3o conhecer o recurso, mas o veredito ainda n\u00e3o transitou em julgado devido a um incidente de argui\u00e7\u00e3o de nulidade. O tribunal explicou que, segundo a regra de publica\u00e7\u00e3o de rendimentos, patrim\u00f3nio e interesses, a decis\u00e3o s\u00f3 fica p\u00fablica na p\u00e1gina eletr\u00f3nica ap\u00f3s o respetivo tr\u00e2nsito em julgado. O caso remonta a julho do ano passado, quando se tornou p\u00fablico que o primeiro-ministro contestou parte das informa\u00e7\u00f5es das suas declara\u00e7\u00f5es entregues \u00e0 Entidade para Transpar\u00eancia, incluindo a lista de clientes da Spinumviva.\" \/>\n<meta property=\"og:url\" content=\"https:\/\/portaltela.pt\/noticias\/2026\/03\/05\/recurso-de-montenegro-para-impedir-divulgacao-de-clientes-da-spinumviva-e-rejeitado\/\" \/>\n<meta property=\"og:site_name\" content=\"Portal Tela Portugal\" \/>\n<meta property=\"article:published_time\" content=\"2026-03-05T14:55:00+00:00\" \/>\n<meta name=\"author\" content=\"Telinha\" \/>\n<meta name=\"twitter:card\" content=\"summary_large_image\" \/>\n<meta name=\"twitter:label1\" content=\"Escrito por\" \/>\n\t<meta name=\"twitter:data1\" content=\"Telinha\" \/>\n\t<meta name=\"twitter:label2\" content=\"Tempo estimado de leitura\" \/>\n\t<meta name=\"twitter:data2\" content=\"1 minuto\" \/>\n<script type=\"application\/ld+json\" class=\"yoast-schema-graph\">{\"@context\":\"https:\/\/schema.org\",\"@graph\":[{\"@type\":\"Article\",\"@id\":\"https:\/\/portaltela.pt\/noticias\/2026\/03\/05\/recurso-de-montenegro-para-impedir-divulgacao-de-clientes-da-spinumviva-e-rejeitado\/#article\",\"isPartOf\":{\"@id\":\"https:\/\/portaltela.pt\/noticias\/2026\/03\/05\/recurso-de-montenegro-para-impedir-divulgacao-de-clientes-da-spinumviva-e-rejeitado\/\"},\"author\":{\"name\":\"Telinha\",\"@id\":\"https:\/\/portaltela.pt\/#\/schema\/person\/c4278d4a6028830caff9ee44b42d32ed\"},\"headline\":\"Recurso de Montenegro para impedir divulga\u00e7\u00e3o de clientes da Spinumviva \u00e9 rejeitado\",\"datePublished\":\"2026-03-05T14:55:00+00:00\",\"mainEntityOfPage\":{\"@id\":\"https:\/\/portaltela.pt\/noticias\/2026\/03\/05\/recurso-de-montenegro-para-impedir-divulgacao-de-clientes-da-spinumviva-e-rejeitado\/\"},\"wordCount\":202,\"image\":{\"@id\":\"https:\/\/portaltela.pt\/noticias\/2026\/03\/05\/recurso-de-montenegro-para-impedir-divulgacao-de-clientes-da-spinumviva-e-rejeitado\/#primaryimage\"},\"thumbnailUrl\":\"https:\/\/portaltela.pt\/s.01k8rhncp4jt1\/2026\/03\/b951bfa1-b494-46a8-b9f1-eb08e20d5b84_1200x675.jpg\",\"keywords\":[\"constitui\u00e7\u00e3o\",\"direito\",\"direitos p\u00fablicos\",\"informa\u00e7\u00e3o p\u00fablica\",\"pol\u00edtica\",\"transpar\u00eancia\"],\"articleSection\":[\"Not\u00edcias\",\"Pol\u00edtica\"],\"inLanguage\":\"pt-PT\"},{\"@type\":\"WebPage\",\"@id\":\"https:\/\/portaltela.pt\/noticias\/2026\/03\/05\/recurso-de-montenegro-para-impedir-divulgacao-de-clientes-da-spinumviva-e-rejeitado\/\",\"url\":\"https:\/\/portaltela.pt\/noticias\/2026\/03\/05\/recurso-de-montenegro-para-impedir-divulgacao-de-clientes-da-spinumviva-e-rejeitado\/\",\"name\":\"Recurso de Montenegro para impedir divulga\u00e7\u00e3o de clientes da Spinumviva \u00e9 rejeitado - Portal Tela Portugal\",\"isPartOf\":{\"@id\":\"https:\/\/portaltela.pt\/#website\"},\"primaryImageOfPage\":{\"@id\":\"https:\/\/portaltela.pt\/noticias\/2026\/03\/05\/recurso-de-montenegro-para-impedir-divulgacao-de-clientes-da-spinumviva-e-rejeitado\/#primaryimage\"},\"image\":{\"@id\":\"https:\/\/portaltela.pt\/noticias\/2026\/03\/05\/recurso-de-montenegro-para-impedir-divulgacao-de-clientes-da-spinumviva-e-rejeitado\/#primaryimage\"},\"thumbnailUrl\":\"https:\/\/portaltela.pt\/s.01k8rhncp4jt1\/2026\/03\/b951bfa1-b494-46a8-b9f1-eb08e20d5b84_1200x675.jpg\",\"datePublished\":\"2026-03-05T14:55:00+00:00\",\"author\":{\"@id\":\"https:\/\/portaltela.pt\/#\/schema\/person\/c4278d4a6028830caff9ee44b42d32ed\"},\"breadcrumb\":{\"@id\":\"https:\/\/portaltela.pt\/noticias\/2026\/03\/05\/recurso-de-montenegro-para-impedir-divulgacao-de-clientes-da-spinumviva-e-rejeitado\/#breadcrumb\"},\"inLanguage\":\"pt-PT\",\"potentialAction\":[{\"@type\":\"ReadAction\",\"target\":[\"https:\/\/portaltela.pt\/noticias\/2026\/03\/05\/recurso-de-montenegro-para-impedir-divulgacao-de-clientes-da-spinumviva-e-rejeitado\/\"]}]},{\"@type\":\"ImageObject\",\"inLanguage\":\"pt-PT\",\"@id\":\"https:\/\/portaltela.pt\/noticias\/2026\/03\/05\/recurso-de-montenegro-para-impedir-divulgacao-de-clientes-da-spinumviva-e-rejeitado\/#primaryimage\",\"url\":\"https:\/\/portaltela.pt\/s.01k8rhncp4jt1\/2026\/03\/b951bfa1-b494-46a8-b9f1-eb08e20d5b84_1200x675.jpg\",\"contentUrl\":\"https:\/\/portaltela.pt\/s.01k8rhncp4jt1\/2026\/03\/b951bfa1-b494-46a8-b9f1-eb08e20d5b84_1200x675.jpg\",\"width\":796,\"height\":448,\"caption\":\"Foto: Tiago Petinga\/Lusa\"},{\"@type\":\"BreadcrumbList\",\"@id\":\"https:\/\/portaltela.pt\/noticias\/2026\/03\/05\/recurso-de-montenegro-para-impedir-divulgacao-de-clientes-da-spinumviva-e-rejeitado\/#breadcrumb\",\"itemListElement\":[{\"@type\":\"ListItem\",\"position\":1,\"name\":\"In\u00edcio\",\"item\":\"https:\/\/portaltela.pt\/\"},{\"@type\":\"ListItem\",\"position\":2,\"name\":\"Recurso de Montenegro para impedir divulga\u00e7\u00e3o de clientes da Spinumviva \u00e9 rejeitado\"}]},{\"@type\":\"WebSite\",\"@id\":\"https:\/\/portaltela.pt\/#website\",\"url\":\"https:\/\/portaltela.pt\/\",\"name\":\"Portal Tela Portugal\",\"description\":\"\",\"potentialAction\":[{\"@type\":\"SearchAction\",\"target\":{\"@type\":\"EntryPoint\",\"urlTemplate\":\"https:\/\/portaltela.pt\/?s={search_term_string}\"},\"query-input\":{\"@type\":\"PropertyValueSpecification\",\"valueRequired\":true,\"valueName\":\"search_term_string\"}}],\"inLanguage\":\"pt-PT\"},{\"@type\":\"Person\",\"@id\":\"https:\/\/portaltela.pt\/#\/schema\/person\/c4278d4a6028830caff9ee44b42d32ed\",\"name\":\"Telinha\",\"image\":{\"@type\":\"ImageObject\",\"inLanguage\":\"pt-PT\",\"@id\":\"https:\/\/portaltela.pt\/s.01k8rhncp4jt1\/2025\/11\/talking-bot-125x125.png\",\"url\":\"https:\/\/portaltela.pt\/s.01k8rhncp4jt1\/2025\/11\/talking-bot-125x125.png\",\"contentUrl\":\"https:\/\/portaltela.pt\/s.01k8rhncp4jt1\/2025\/11\/talking-bot-125x125.png\",\"caption\":\"Telinha\"},\"sameAs\":[\"https:\/\/portaltela.pt\/\"],\"url\":\"https:\/\/portaltela.pt\/por\/367410592786\/\"}]}<\/script>\n<!-- \/ Yoast SEO plugin. -->","yoast_head_json":{"title":"Recurso de Montenegro para impedir divulga\u00e7\u00e3o de clientes da Spinumviva \u00e9 rejeitado - Portal Tela Portugal","robots":{"index":"index","follow":"follow","max-snippet":"max-snippet:-1","max-image-preview":"max-image-preview:large","max-video-preview":"max-video-preview:-1"},"og_locale":"pt_PT","og_type":"article","og_title":"Recurso de Montenegro para impedir divulga\u00e7\u00e3o de clientes da Spinumviva \u00e9 rejeitado - Portal Tela Portugal","og_description":"O Tribunal Constitucional rejeitou o recurso apresentado pelo primeiro-ministro para impedir a divulga\u00e7\u00e3o dos clientes da Spinumviva no registo de interesses. A decis\u00e3o n\u00e3o \u00e9 definitiva, porque foi apresentada a anula\u00e7\u00e3o do ac\u00f3rd\u00e3o, mantendo o processo pendente de aprecia\u00e7\u00e3o. O Pal\u00e1cio Ratton informou que o plen\u00e1rio j\u00e1 votou no sentido de n\u00e3o conhecer o recurso, mas o veredito ainda n\u00e3o transitou em julgado devido a um incidente de argui\u00e7\u00e3o de nulidade. O tribunal explicou que, segundo a regra de publica\u00e7\u00e3o de rendimentos, patrim\u00f3nio e interesses, a decis\u00e3o s\u00f3 fica p\u00fablica na p\u00e1gina eletr\u00f3nica ap\u00f3s o respetivo tr\u00e2nsito em julgado. O caso remonta a julho do ano passado, quando se tornou p\u00fablico que o primeiro-ministro contestou parte das informa\u00e7\u00f5es das suas declara\u00e7\u00f5es entregues \u00e0 Entidade para Transpar\u00eancia, incluindo a lista de clientes da Spinumviva.","og_url":"https:\/\/portaltela.pt\/noticias\/2026\/03\/05\/recurso-de-montenegro-para-impedir-divulgacao-de-clientes-da-spinumviva-e-rejeitado\/","og_site_name":"Portal Tela Portugal","article_published_time":"2026-03-05T14:55:00+00:00","author":"Telinha","twitter_card":"summary_large_image","twitter_misc":{"Escrito por":"Telinha","Tempo estimado de leitura":"1 minuto"},"schema":{"@context":"https:\/\/schema.org","@graph":[{"@type":"Article","@id":"https:\/\/portaltela.pt\/noticias\/2026\/03\/05\/recurso-de-montenegro-para-impedir-divulgacao-de-clientes-da-spinumviva-e-rejeitado\/#article","isPartOf":{"@id":"https:\/\/portaltela.pt\/noticias\/2026\/03\/05\/recurso-de-montenegro-para-impedir-divulgacao-de-clientes-da-spinumviva-e-rejeitado\/"},"author":{"name":"Telinha","@id":"https:\/\/portaltela.pt\/#\/schema\/person\/c4278d4a6028830caff9ee44b42d32ed"},"headline":"Recurso de Montenegro para impedir divulga\u00e7\u00e3o de clientes da Spinumviva \u00e9 rejeitado","datePublished":"2026-03-05T14:55:00+00:00","mainEntityOfPage":{"@id":"https:\/\/portaltela.pt\/noticias\/2026\/03\/05\/recurso-de-montenegro-para-impedir-divulgacao-de-clientes-da-spinumviva-e-rejeitado\/"},"wordCount":202,"image":{"@id":"https:\/\/portaltela.pt\/noticias\/2026\/03\/05\/recurso-de-montenegro-para-impedir-divulgacao-de-clientes-da-spinumviva-e-rejeitado\/#primaryimage"},"thumbnailUrl":"https:\/\/portaltela.pt\/s.01k8rhncp4jt1\/2026\/03\/b951bfa1-b494-46a8-b9f1-eb08e20d5b84_1200x675.jpg","keywords":["constitui\u00e7\u00e3o","direito","direitos p\u00fablicos","informa\u00e7\u00e3o p\u00fablica","pol\u00edtica","transpar\u00eancia"],"articleSection":["Not\u00edcias","Pol\u00edtica"],"inLanguage":"pt-PT"},{"@type":"WebPage","@id":"https:\/\/portaltela.pt\/noticias\/2026\/03\/05\/recurso-de-montenegro-para-impedir-divulgacao-de-clientes-da-spinumviva-e-rejeitado\/","url":"https:\/\/portaltela.pt\/noticias\/2026\/03\/05\/recurso-de-montenegro-para-impedir-divulgacao-de-clientes-da-spinumviva-e-rejeitado\/","name":"Recurso de Montenegro para impedir divulga\u00e7\u00e3o de clientes da Spinumviva \u00e9 rejeitado - Portal Tela Portugal","isPartOf":{"@id":"https:\/\/portaltela.pt\/#website"},"primaryImageOfPage":{"@id":"https:\/\/portaltela.pt\/noticias\/2026\/03\/05\/recurso-de-montenegro-para-impedir-divulgacao-de-clientes-da-spinumviva-e-rejeitado\/#primaryimage"},"image":{"@id":"https:\/\/portaltela.pt\/noticias\/2026\/03\/05\/recurso-de-montenegro-para-impedir-divulgacao-de-clientes-da-spinumviva-e-rejeitado\/#primaryimage"},"thumbnailUrl":"https:\/\/portaltela.pt\/s.01k8rhncp4jt1\/2026\/03\/b951bfa1-b494-46a8-b9f1-eb08e20d5b84_1200x675.jpg","datePublished":"2026-03-05T14:55:00+00:00","author":{"@id":"https:\/\/portaltela.pt\/#\/schema\/person\/c4278d4a6028830caff9ee44b42d32ed"},"breadcrumb":{"@id":"https:\/\/portaltela.pt\/noticias\/2026\/03\/05\/recurso-de-montenegro-para-impedir-divulgacao-de-clientes-da-spinumviva-e-rejeitado\/#breadcrumb"},"inLanguage":"pt-PT","potentialAction":[{"@type":"ReadAction","target":["https:\/\/portaltela.pt\/noticias\/2026\/03\/05\/recurso-de-montenegro-para-impedir-divulgacao-de-clientes-da-spinumviva-e-rejeitado\/"]}]},{"@type":"ImageObject","inLanguage":"pt-PT","@id":"https:\/\/portaltela.pt\/noticias\/2026\/03\/05\/recurso-de-montenegro-para-impedir-divulgacao-de-clientes-da-spinumviva-e-rejeitado\/#primaryimage","url":"https:\/\/portaltela.pt\/s.01k8rhncp4jt1\/2026\/03\/b951bfa1-b494-46a8-b9f1-eb08e20d5b84_1200x675.jpg","contentUrl":"https:\/\/portaltela.pt\/s.01k8rhncp4jt1\/2026\/03\/b951bfa1-b494-46a8-b9f1-eb08e20d5b84_1200x675.jpg","width":796,"height":448,"caption":"Foto: Tiago Petinga\/Lusa"},{"@type":"BreadcrumbList","@id":"https:\/\/portaltela.pt\/noticias\/2026\/03\/05\/recurso-de-montenegro-para-impedir-divulgacao-de-clientes-da-spinumviva-e-rejeitado\/#breadcrumb","itemListElement":[{"@type":"ListItem","position":1,"name":"In\u00edcio","item":"https:\/\/portaltela.pt\/"},{"@type":"ListItem","position":2,"name":"Recurso de Montenegro para impedir divulga\u00e7\u00e3o de clientes da Spinumviva \u00e9 rejeitado"}]},{"@type":"WebSite","@id":"https:\/\/portaltela.pt\/#website","url":"https:\/\/portaltela.pt\/","name":"Portal Tela Portugal","description":"","potentialAction":[{"@type":"SearchAction","target":{"@type":"EntryPoint","urlTemplate":"https:\/\/portaltela.pt\/?s={search_term_string}"},"query-input":{"@type":"PropertyValueSpecification","valueRequired":true,"valueName":"search_term_string"}}],"inLanguage":"pt-PT"},{"@type":"Person","@id":"https:\/\/portaltela.pt\/#\/schema\/person\/c4278d4a6028830caff9ee44b42d32ed","name":"Telinha","image":{"@type":"ImageObject","inLanguage":"pt-PT","@id":"https:\/\/portaltela.pt\/s.01k8rhncp4jt1\/2025\/11\/talking-bot-125x125.png","url":"https:\/\/portaltela.pt\/s.01k8rhncp4jt1\/2025\/11\/talking-bot-125x125.png","contentUrl":"https:\/\/portaltela.pt\/s.01k8rhncp4jt1\/2025\/11\/talking-bot-125x125.png","caption":"Telinha"},"sameAs":["https:\/\/portaltela.pt\/"],"url":"https:\/\/portaltela.pt\/por\/367410592786\/"}]}},"_links":{"self":[{"href":"https:\/\/portaltela.pt\/api\/wp\/v2\/posts\/398710","targetHints":{"allow":["GET"]}}],"collection":[{"href":"https:\/\/portaltela.pt\/api\/wp\/v2\/posts"}],"about":[{"href":"https:\/\/portaltela.pt\/api\/wp\/v2\/types\/post"}],"author":[{"embeddable":true,"href":"https:\/\/portaltela.pt\/api\/wp\/v2\/users\/2"}],"replies":[{"embeddable":true,"href":"https:\/\/portaltela.pt\/api\/wp\/v2\/comments?post=398710"}],"version-history":[{"count":0,"href":"https:\/\/portaltela.pt\/api\/wp\/v2\/posts\/398710\/revisions"}],"wp:featuredmedia":[{"embeddable":true,"href":"https:\/\/portaltela.pt\/api\/wp\/v2\/media\/398715"}],"wp:attachment":[{"href":"https:\/\/portaltela.pt\/api\/wp\/v2\/media?parent=398710"}],"wp:term":[{"taxonomy":"category","embeddable":true,"href":"https:\/\/portaltela.pt\/api\/wp\/v2\/categories?post=398710"},{"taxonomy":"post_tag","embeddable":true,"href":"https:\/\/portaltela.pt\/api\/wp\/v2\/tags?post=398710"}],"curies":[{"name":"wp","href":"https:\/\/api.w.org\/{rel}","templated":true}]}}