{"id":398703,"date":"2026-03-05T11:59:00","date_gmt":"2026-03-05T14:59:00","guid":{"rendered":"https:\/\/portaltela.pt\/noticias\/2026\/03\/05\/via-verde-aumenta-precos-a-partir-de-10-de-abril\/"},"modified":"2026-03-05T11:59:00","modified_gmt":"2026-03-05T14:59:00","slug":"via-verde-aumenta-precos-a-partir-de-10-de-abril","status":"publish","type":"post","link":"https:\/\/portaltela.pt\/noticias\/economia\/2026\/03\/05\/via-verde-aumenta-precos-a-partir-de-10-de-abril\/","title":{"rendered":"Via Verde aumenta pre\u00e7os a partir de 10 de abril"},"content":{"rendered":"<p>A Via Verde anunciou uma atualiza\u00e7\u00e3o de tarifas que entra em vigor a partir de 10 de abril. Os aumentos divulgados chegam a tr\u00eas euros por ano, conforme a tabela publicada no site da empresa.<\/p>\n<p>Segundo a publica\u00e7\u00e3o, as altera\u00e7\u00f5es afetam as tarifas anuais associadas aos servi\u00e7os da Via Verde. A empresa n\u00e3o detalhou, de imediato, compensa\u00e7\u00f5es ou exce\u00e7\u00f5es espec\u00edficas para cada tipo de utilizador.<\/p>\n<p>A informa\u00e7\u00e3o foi tornada p\u00fablica na \u00edntegra pela Via Verde atrav\u00e9s do seu portal oficial. O an\u00fancio surge num momento de revis\u00e3o de custos de opera\u00e7\u00e3o para o servi\u00e7o de pagamento autom\u00e1tico de portagens.<\/p>\n<p>Ainda n\u00e3o foram reveladas altera\u00e7\u00f5es adicionais al\u00e9m do aumento indicado na tabela, nem prazos para implementa\u00e7\u00e3o pr\u00e1tica das novas tarifas. As autoridades reguladoras n\u00e3o foram mencionadas no comunicado.<\/p>\n<p>O que muda para os utilizadores ser\u00e1 definido pela Via Verde nos pr\u00f3ximos dias, com orienta\u00e7\u00f5es sobre como proceder para manter ou ajustar os res\u00edduos de pagamento. O objetivo da empresa \u00e9 manter a continuidade do servi\u00e7o.<\/p>\n","protected":false},"excerpt":{"rendered":"<ul>\n<li>A Via Verde anunciou aumento de pre\u00e7os que entra em vigor a 10 de abril.<\/li>\n<li>O aumento m\u00e1ximo indicado \u00e9 de at\u00e9 3 euros por ano.<\/li>\n<li>As novas tarifas aparecem numa tabela publicada no site da Via Verde.<\/li>\n<li>O conte\u00fado completo da not\u00edcia est\u00e1 dispon\u00edvel apenas para subscritores.<\/li>\n<li>A divulga\u00e7\u00e3o foi feita atrav\u00e9s da p\u00e1gina da empresa.<\/li>\n<\/ul>\n","protected":false},"author":2,"featured_media":398706,"comment_status":"closed","ping_status":"closed","sticky":false,"template":"","format":"standard","meta":{"footnotes":""},"categories":[2,1],"tags":[6115,4693,1994,1549,192,4988],"class_list":["post-398703","post","type-post","status-publish","format-standard","has-post-thumbnail","hentry","category-economia","category-noticias","tag-_economia","tag-pagamentos","tag-portagens","tag-tarifas","tag-transporte","tag-transporte-rodoviarios"],"yoast_head":"<!-- This site is optimized with the Yoast SEO plugin v27.2 - https:\/\/yoast.com\/product\/yoast-seo-wordpress\/ -->\n<title>Via Verde aumenta pre\u00e7os a partir de 10 de abril - Portal Tela Portugal<\/title>\n<meta name=\"robots\" content=\"index, follow, max-snippet:-1, max-image-preview:large, max-video-preview:-1\" \/>\n<meta property=\"og:locale\" content=\"pt_PT\" \/>\n<meta property=\"og:type\" content=\"article\" \/>\n<meta property=\"og:title\" content=\"Via Verde aumenta pre\u00e7os a partir de 10 de abril - Portal Tela Portugal\" \/>\n<meta property=\"og:description\" content=\"A Via Verde anunciou aumento de pre\u00e7os que entra em vigor a 10 de abril. O aumento m\u00e1ximo indicado \u00e9 de at\u00e9 3 euros por ano. As novas tarifas aparecem numa tabela publicada no site da Via Verde. O conte\u00fado completo da not\u00edcia est\u00e1 dispon\u00edvel apenas para subscritores. A divulga\u00e7\u00e3o foi feita atrav\u00e9s da p\u00e1gina da empresa.\" \/>\n<meta property=\"og:url\" content=\"https:\/\/portaltela.pt\/noticias\/2026\/03\/05\/via-verde-aumenta-precos-a-partir-de-10-de-abril\/\" \/>\n<meta property=\"og:site_name\" content=\"Portal Tela Portugal\" \/>\n<meta property=\"article:published_time\" content=\"2026-03-05T14:59:00+00:00\" \/>\n<meta name=\"author\" content=\"Telinha\" \/>\n<meta name=\"twitter:card\" content=\"summary_large_image\" \/>\n<meta name=\"twitter:label1\" content=\"Escrito por\" \/>\n\t<meta name=\"twitter:data1\" content=\"Telinha\" \/>\n\t<meta name=\"twitter:label2\" content=\"Tempo estimado de leitura\" \/>\n\t<meta name=\"twitter:data2\" content=\"1 minuto\" \/>\n<script type=\"application\/ld+json\" class=\"yoast-schema-graph\">{\"@context\":\"https:\/\/schema.org\",\"@graph\":[{\"@type\":\"Article\",\"@id\":\"https:\/\/portaltela.pt\/noticias\/2026\/03\/05\/via-verde-aumenta-precos-a-partir-de-10-de-abril\/#article\",\"isPartOf\":{\"@id\":\"https:\/\/portaltela.pt\/noticias\/2026\/03\/05\/via-verde-aumenta-precos-a-partir-de-10-de-abril\/\"},\"author\":{\"name\":\"Telinha\",\"@id\":\"https:\/\/portaltela.pt\/#\/schema\/person\/c4278d4a6028830caff9ee44b42d32ed\"},\"headline\":\"Via Verde aumenta pre\u00e7os a partir de 10 de abril\",\"datePublished\":\"2026-03-05T14:59:00+00:00\",\"mainEntityOfPage\":{\"@id\":\"https:\/\/portaltela.pt\/noticias\/2026\/03\/05\/via-verde-aumenta-precos-a-partir-de-10-de-abril\/\"},\"wordCount\":199,\"image\":{\"@id\":\"https:\/\/portaltela.pt\/noticias\/2026\/03\/05\/via-verde-aumenta-precos-a-partir-de-10-de-abril\/#primaryimage\"},\"thumbnailUrl\":\"https:\/\/portaltela.pt\/s.01k8rhncp4jt1\/2026\/03\/CACHE_780X1200_ANALOG_WATERMARKED_41127277_2038256_02072023052152.jpg\",\"keywords\":[\"_economia\",\"pagamentos\",\"portagens\",\"tarifas\",\"transporte\",\"Transporte Rodovi\u00e1rios\"],\"articleSection\":[\"Economia\",\"Not\u00edcias\"],\"inLanguage\":\"pt-PT\"},{\"@type\":\"WebPage\",\"@id\":\"https:\/\/portaltela.pt\/noticias\/2026\/03\/05\/via-verde-aumenta-precos-a-partir-de-10-de-abril\/\",\"url\":\"https:\/\/portaltela.pt\/noticias\/2026\/03\/05\/via-verde-aumenta-precos-a-partir-de-10-de-abril\/\",\"name\":\"Via Verde aumenta pre\u00e7os a partir de 10 de abril - Portal Tela Portugal\",\"isPartOf\":{\"@id\":\"https:\/\/portaltela.pt\/#website\"},\"primaryImageOfPage\":{\"@id\":\"https:\/\/portaltela.pt\/noticias\/2026\/03\/05\/via-verde-aumenta-precos-a-partir-de-10-de-abril\/#primaryimage\"},\"image\":{\"@id\":\"https:\/\/portaltela.pt\/noticias\/2026\/03\/05\/via-verde-aumenta-precos-a-partir-de-10-de-abril\/#primaryimage\"},\"thumbnailUrl\":\"https:\/\/portaltela.pt\/s.01k8rhncp4jt1\/2026\/03\/CACHE_780X1200_ANALOG_WATERMARKED_41127277_2038256_02072023052152.jpg\",\"datePublished\":\"2026-03-05T14:59:00+00:00\",\"author\":{\"@id\":\"https:\/\/portaltela.pt\/#\/schema\/person\/c4278d4a6028830caff9ee44b42d32ed\"},\"breadcrumb\":{\"@id\":\"https:\/\/portaltela.pt\/noticias\/2026\/03\/05\/via-verde-aumenta-precos-a-partir-de-10-de-abril\/#breadcrumb\"},\"inLanguage\":\"pt-PT\",\"potentialAction\":[{\"@type\":\"ReadAction\",\"target\":[\"https:\/\/portaltela.pt\/noticias\/2026\/03\/05\/via-verde-aumenta-precos-a-partir-de-10-de-abril\/\"]}]},{\"@type\":\"ImageObject\",\"inLanguage\":\"pt-PT\",\"@id\":\"https:\/\/portaltela.pt\/noticias\/2026\/03\/05\/via-verde-aumenta-precos-a-partir-de-10-de-abril\/#primaryimage\",\"url\":\"https:\/\/portaltela.pt\/s.01k8rhncp4jt1\/2026\/03\/CACHE_780X1200_ANALOG_WATERMARKED_41127277_2038256_02072023052152.jpg\",\"contentUrl\":\"https:\/\/portaltela.pt\/s.01k8rhncp4jt1\/2026\/03\/CACHE_780X1200_ANALOG_WATERMARKED_41127277_2038256_02072023052152.jpg\",\"width\":796,\"height\":448,\"caption\":\"Via Verde aumenta pre\u00e7os a partir de 10 de abril\"},{\"@type\":\"BreadcrumbList\",\"@id\":\"https:\/\/portaltela.pt\/noticias\/2026\/03\/05\/via-verde-aumenta-precos-a-partir-de-10-de-abril\/#breadcrumb\",\"itemListElement\":[{\"@type\":\"ListItem\",\"position\":1,\"name\":\"In\u00edcio\",\"item\":\"https:\/\/portaltela.pt\/\"},{\"@type\":\"ListItem\",\"position\":2,\"name\":\"Via Verde aumenta pre\u00e7os a partir de 10 de abril\"}]},{\"@type\":\"WebSite\",\"@id\":\"https:\/\/portaltela.pt\/#website\",\"url\":\"https:\/\/portaltela.pt\/\",\"name\":\"Portal Tela Portugal\",\"description\":\"\",\"potentialAction\":[{\"@type\":\"SearchAction\",\"target\":{\"@type\":\"EntryPoint\",\"urlTemplate\":\"https:\/\/portaltela.pt\/?s={search_term_string}\"},\"query-input\":{\"@type\":\"PropertyValueSpecification\",\"valueRequired\":true,\"valueName\":\"search_term_string\"}}],\"inLanguage\":\"pt-PT\"},{\"@type\":\"Person\",\"@id\":\"https:\/\/portaltela.pt\/#\/schema\/person\/c4278d4a6028830caff9ee44b42d32ed\",\"name\":\"Telinha\",\"image\":{\"@type\":\"ImageObject\",\"inLanguage\":\"pt-PT\",\"@id\":\"https:\/\/portaltela.pt\/s.01k8rhncp4jt1\/2025\/11\/talking-bot-125x125.png\",\"url\":\"https:\/\/portaltela.pt\/s.01k8rhncp4jt1\/2025\/11\/talking-bot-125x125.png\",\"contentUrl\":\"https:\/\/portaltela.pt\/s.01k8rhncp4jt1\/2025\/11\/talking-bot-125x125.png\",\"caption\":\"Telinha\"},\"sameAs\":[\"https:\/\/portaltela.pt\/\"],\"url\":\"https:\/\/portaltela.pt\/por\/367410592786\/\"}]}<\/script>\n<!-- \/ Yoast SEO plugin. -->","yoast_head_json":{"title":"Via Verde aumenta pre\u00e7os a partir de 10 de abril - Portal Tela Portugal","robots":{"index":"index","follow":"follow","max-snippet":"max-snippet:-1","max-image-preview":"max-image-preview:large","max-video-preview":"max-video-preview:-1"},"og_locale":"pt_PT","og_type":"article","og_title":"Via Verde aumenta pre\u00e7os a partir de 10 de abril - Portal Tela Portugal","og_description":"A Via Verde anunciou aumento de pre\u00e7os que entra em vigor a 10 de abril. O aumento m\u00e1ximo indicado \u00e9 de at\u00e9 3 euros por ano. As novas tarifas aparecem numa tabela publicada no site da Via Verde. O conte\u00fado completo da not\u00edcia est\u00e1 dispon\u00edvel apenas para subscritores. A divulga\u00e7\u00e3o foi feita atrav\u00e9s da p\u00e1gina da empresa.","og_url":"https:\/\/portaltela.pt\/noticias\/2026\/03\/05\/via-verde-aumenta-precos-a-partir-de-10-de-abril\/","og_site_name":"Portal Tela Portugal","article_published_time":"2026-03-05T14:59:00+00:00","author":"Telinha","twitter_card":"summary_large_image","twitter_misc":{"Escrito por":"Telinha","Tempo estimado de leitura":"1 minuto"},"schema":{"@context":"https:\/\/schema.org","@graph":[{"@type":"Article","@id":"https:\/\/portaltela.pt\/noticias\/2026\/03\/05\/via-verde-aumenta-precos-a-partir-de-10-de-abril\/#article","isPartOf":{"@id":"https:\/\/portaltela.pt\/noticias\/2026\/03\/05\/via-verde-aumenta-precos-a-partir-de-10-de-abril\/"},"author":{"name":"Telinha","@id":"https:\/\/portaltela.pt\/#\/schema\/person\/c4278d4a6028830caff9ee44b42d32ed"},"headline":"Via Verde aumenta pre\u00e7os a partir de 10 de abril","datePublished":"2026-03-05T14:59:00+00:00","mainEntityOfPage":{"@id":"https:\/\/portaltela.pt\/noticias\/2026\/03\/05\/via-verde-aumenta-precos-a-partir-de-10-de-abril\/"},"wordCount":199,"image":{"@id":"https:\/\/portaltela.pt\/noticias\/2026\/03\/05\/via-verde-aumenta-precos-a-partir-de-10-de-abril\/#primaryimage"},"thumbnailUrl":"https:\/\/portaltela.pt\/s.01k8rhncp4jt1\/2026\/03\/CACHE_780X1200_ANALOG_WATERMARKED_41127277_2038256_02072023052152.jpg","keywords":["_economia","pagamentos","portagens","tarifas","transporte","Transporte Rodovi\u00e1rios"],"articleSection":["Economia","Not\u00edcias"],"inLanguage":"pt-PT"},{"@type":"WebPage","@id":"https:\/\/portaltela.pt\/noticias\/2026\/03\/05\/via-verde-aumenta-precos-a-partir-de-10-de-abril\/","url":"https:\/\/portaltela.pt\/noticias\/2026\/03\/05\/via-verde-aumenta-precos-a-partir-de-10-de-abril\/","name":"Via Verde aumenta pre\u00e7os a partir de 10 de abril - Portal Tela Portugal","isPartOf":{"@id":"https:\/\/portaltela.pt\/#website"},"primaryImageOfPage":{"@id":"https:\/\/portaltela.pt\/noticias\/2026\/03\/05\/via-verde-aumenta-precos-a-partir-de-10-de-abril\/#primaryimage"},"image":{"@id":"https:\/\/portaltela.pt\/noticias\/2026\/03\/05\/via-verde-aumenta-precos-a-partir-de-10-de-abril\/#primaryimage"},"thumbnailUrl":"https:\/\/portaltela.pt\/s.01k8rhncp4jt1\/2026\/03\/CACHE_780X1200_ANALOG_WATERMARKED_41127277_2038256_02072023052152.jpg","datePublished":"2026-03-05T14:59:00+00:00","author":{"@id":"https:\/\/portaltela.pt\/#\/schema\/person\/c4278d4a6028830caff9ee44b42d32ed"},"breadcrumb":{"@id":"https:\/\/portaltela.pt\/noticias\/2026\/03\/05\/via-verde-aumenta-precos-a-partir-de-10-de-abril\/#breadcrumb"},"inLanguage":"pt-PT","potentialAction":[{"@type":"ReadAction","target":["https:\/\/portaltela.pt\/noticias\/2026\/03\/05\/via-verde-aumenta-precos-a-partir-de-10-de-abril\/"]}]},{"@type":"ImageObject","inLanguage":"pt-PT","@id":"https:\/\/portaltela.pt\/noticias\/2026\/03\/05\/via-verde-aumenta-precos-a-partir-de-10-de-abril\/#primaryimage","url":"https:\/\/portaltela.pt\/s.01k8rhncp4jt1\/2026\/03\/CACHE_780X1200_ANALOG_WATERMARKED_41127277_2038256_02072023052152.jpg","contentUrl":"https:\/\/portaltela.pt\/s.01k8rhncp4jt1\/2026\/03\/CACHE_780X1200_ANALOG_WATERMARKED_41127277_2038256_02072023052152.jpg","width":796,"height":448,"caption":"Via Verde aumenta pre\u00e7os a partir de 10 de abril"},{"@type":"BreadcrumbList","@id":"https:\/\/portaltela.pt\/noticias\/2026\/03\/05\/via-verde-aumenta-precos-a-partir-de-10-de-abril\/#breadcrumb","itemListElement":[{"@type":"ListItem","position":1,"name":"In\u00edcio","item":"https:\/\/portaltela.pt\/"},{"@type":"ListItem","position":2,"name":"Via Verde aumenta pre\u00e7os a partir de 10 de abril"}]},{"@type":"WebSite","@id":"https:\/\/portaltela.pt\/#website","url":"https:\/\/portaltela.pt\/","name":"Portal Tela Portugal","description":"","potentialAction":[{"@type":"SearchAction","target":{"@type":"EntryPoint","urlTemplate":"https:\/\/portaltela.pt\/?s={search_term_string}"},"query-input":{"@type":"PropertyValueSpecification","valueRequired":true,"valueName":"search_term_string"}}],"inLanguage":"pt-PT"},{"@type":"Person","@id":"https:\/\/portaltela.pt\/#\/schema\/person\/c4278d4a6028830caff9ee44b42d32ed","name":"Telinha","image":{"@type":"ImageObject","inLanguage":"pt-PT","@id":"https:\/\/portaltela.pt\/s.01k8rhncp4jt1\/2025\/11\/talking-bot-125x125.png","url":"https:\/\/portaltela.pt\/s.01k8rhncp4jt1\/2025\/11\/talking-bot-125x125.png","contentUrl":"https:\/\/portaltela.pt\/s.01k8rhncp4jt1\/2025\/11\/talking-bot-125x125.png","caption":"Telinha"},"sameAs":["https:\/\/portaltela.pt\/"],"url":"https:\/\/portaltela.pt\/por\/367410592786\/"}]}},"_links":{"self":[{"href":"https:\/\/portaltela.pt\/api\/wp\/v2\/posts\/398703","targetHints":{"allow":["GET"]}}],"collection":[{"href":"https:\/\/portaltela.pt\/api\/wp\/v2\/posts"}],"about":[{"href":"https:\/\/portaltela.pt\/api\/wp\/v2\/types\/post"}],"author":[{"embeddable":true,"href":"https:\/\/portaltela.pt\/api\/wp\/v2\/users\/2"}],"replies":[{"embeddable":true,"href":"https:\/\/portaltela.pt\/api\/wp\/v2\/comments?post=398703"}],"version-history":[{"count":0,"href":"https:\/\/portaltela.pt\/api\/wp\/v2\/posts\/398703\/revisions"}],"wp:featuredmedia":[{"embeddable":true,"href":"https:\/\/portaltela.pt\/api\/wp\/v2\/media\/398706"}],"wp:attachment":[{"href":"https:\/\/portaltela.pt\/api\/wp\/v2\/media?parent=398703"}],"wp:term":[{"taxonomy":"category","embeddable":true,"href":"https:\/\/portaltela.pt\/api\/wp\/v2\/categories?post=398703"},{"taxonomy":"post_tag","embeddable":true,"href":"https:\/\/portaltela.pt\/api\/wp\/v2\/tags?post=398703"}],"curies":[{"name":"wp","href":"https:\/\/api.w.org\/{rel}","templated":true}]}}