{"id":398701,"date":"2026-03-05T11:45:00","date_gmt":"2026-03-05T14:45:00","guid":{"rendered":"https:\/\/portaltela.pt\/noticias\/2026\/03\/05\/bednarek-nao-apresenta-fratura-nas-costelas-apos-avaliacao\/"},"modified":"2026-03-05T11:45:00","modified_gmt":"2026-03-05T14:45:00","slug":"bednarek-nao-apresenta-fratura-nas-costelas-apos-avaliacao","status":"publish","type":"post","link":"https:\/\/portaltela.pt\/desporto\/futebol\/2026\/03\/05\/bednarek-nao-apresenta-fratura-nas-costelas-apos-avaliacao\/","title":{"rendered":"Bednarek n\u00e3o apresenta fratura nas costelas ap\u00f3s avalia\u00e7\u00e3o"},"content":{"rendered":"<p>Diagn\u00f3stico de traumatismo na costela levou \u00e0 substitui\u00e7\u00e3o de Jan Bednarek ainda na primeira parte do jogo com o Sporting, na ter\u00e7a-feira. O central polaco sofreu o golpe durante o encontro.<\/p>\n<p>Exames complementares conclu\u00edram que n\u00e3o existe fratura nem fissura nas costelas, segundo o jornal Record. Assim, mant\u00e9m-se a esperan\u00e7a de poder estar dispon\u00edvel para o cl\u00e1ssico no Est\u00e1dio da Luz.<\/p>\n<p>Para j\u00e1, Bednarek continua com dor intensa e trabalha sob tratamento espec\u00edfico para acelerar a recupera\u00e7\u00e3o. O defesa est\u00e1 a bed-in contrarrel\u00f3gio para estar apto para enfrentar o Benfica no domingo.<\/p>\n<p>A expectativa em Alvalade \u00e9 manter a condi\u00e7\u00e3o cl\u00ednica est\u00e1vel at\u00e9 \u00e0 hora do jogo, com o objetivo de confirmar a participa\u00e7\u00e3o do jogador no onze titular ou no banco.<\/p>\n","protected":false},"excerpt":{"rendered":"<ul>\n<li>Bednarek sofreu traumatismo na grade costal no jogo com o Sporting e foi substitu\u00eddo na primeira parte.<\/li>\n<li>Exames complementares excluiram fratura ou fissura das costelas.<\/li>\n<li>A not\u00edcia \u00e9 positiva para os azuis e brancos e para o defesa polaco.<\/li>\n<li>O jogador continua com dor e permanece em d\u00favida para o cl\u00e1ssico de domingo.<\/li>\n<li>Trabalha em contrarrel\u00f3gio com o objetivo de estar apto para enfrentar o Benfica no Est\u00e1dio da Luz.<\/li>\n<\/ul>\n","protected":false},"author":2,"featured_media":398705,"comment_status":"closed","ping_status":"closed","sticky":false,"template":"","format":"standard","meta":{"footnotes":""},"categories":[21,24],"tags":[1588,3160,1946,3449,32,1652],"class_list":["post-398701","post","type-post","status-publish","format-standard","has-post-thumbnail","hentry","category-desporto","category-futebol","tag-alvalade","tag-bednarek","tag-benfica","tag-feridos","tag-futebol","tag-sporting"],"yoast_head":"<!-- This site is optimized with the Yoast SEO plugin v27.2 - https:\/\/yoast.com\/product\/yoast-seo-wordpress\/ -->\n<title>Bednarek n\u00e3o apresenta fratura nas costelas ap\u00f3s avalia\u00e7\u00e3o - Portal Tela Portugal<\/title>\n<meta name=\"robots\" content=\"index, follow, max-snippet:-1, max-image-preview:large, max-video-preview:-1\" \/>\n<meta property=\"og:locale\" content=\"pt_PT\" \/>\n<meta property=\"og:type\" content=\"article\" \/>\n<meta property=\"og:title\" content=\"Bednarek n\u00e3o apresenta fratura nas costelas ap\u00f3s avalia\u00e7\u00e3o - Portal Tela Portugal\" \/>\n<meta property=\"og:description\" content=\"Bednarek sofreu traumatismo na grade costal no jogo com o Sporting e foi substitu\u00eddo na primeira parte. Exames complementares excluiram fratura ou fissura das costelas. A not\u00edcia \u00e9 positiva para os azuis e brancos e para o defesa polaco. O jogador continua com dor e permanece em d\u00favida para o cl\u00e1ssico de domingo. Trabalha em contrarrel\u00f3gio com o objetivo de estar apto para enfrentar o Benfica no Est\u00e1dio da Luz.\" \/>\n<meta property=\"og:url\" content=\"https:\/\/portaltela.pt\/noticias\/2026\/03\/05\/bednarek-nao-apresenta-fratura-nas-costelas-apos-avaliacao\/\" \/>\n<meta property=\"og:site_name\" content=\"Portal Tela Portugal\" \/>\n<meta property=\"article:published_time\" content=\"2026-03-05T14:45:00+00:00\" \/>\n<meta name=\"author\" content=\"Telinha\" \/>\n<meta name=\"twitter:card\" content=\"summary_large_image\" \/>\n<meta name=\"twitter:label1\" content=\"Escrito por\" \/>\n\t<meta name=\"twitter:data1\" content=\"Telinha\" \/>\n\t<meta name=\"twitter:label2\" content=\"Tempo estimado de leitura\" \/>\n\t<meta name=\"twitter:data2\" content=\"1 minuto\" \/>\n<script type=\"application\/ld+json\" class=\"yoast-schema-graph\">{\"@context\":\"https:\/\/schema.org\",\"@graph\":[{\"@type\":\"Article\",\"@id\":\"https:\/\/portaltela.pt\/noticias\/2026\/03\/05\/bednarek-nao-apresenta-fratura-nas-costelas-apos-avaliacao\/#article\",\"isPartOf\":{\"@id\":\"https:\/\/portaltela.pt\/noticias\/2026\/03\/05\/bednarek-nao-apresenta-fratura-nas-costelas-apos-avaliacao\/\"},\"author\":{\"name\":\"Telinha\",\"@id\":\"https:\/\/portaltela.pt\/#\/schema\/person\/c4278d4a6028830caff9ee44b42d32ed\"},\"headline\":\"Bednarek n\u00e3o apresenta fratura nas costelas ap\u00f3s avalia\u00e7\u00e3o\",\"datePublished\":\"2026-03-05T14:45:00+00:00\",\"mainEntityOfPage\":{\"@id\":\"https:\/\/portaltela.pt\/noticias\/2026\/03\/05\/bednarek-nao-apresenta-fratura-nas-costelas-apos-avaliacao\/\"},\"wordCount\":147,\"image\":{\"@id\":\"https:\/\/portaltela.pt\/noticias\/2026\/03\/05\/bednarek-nao-apresenta-fratura-nas-costelas-apos-avaliacao\/#primaryimage\"},\"thumbnailUrl\":\"https:\/\/portaltela.pt\/s.01k8rhncp4jt1\/2026\/03\/img_920x518uu2026-03-03-23-48-03-2424803-im-639083185292765866.jpg\",\"keywords\":[\"Alvalade\",\"Bednarek\",\"Benfica\",\"feridos\",\"futebol\",\"Sporting\"],\"articleSection\":[\"Desporto\",\"Futebol\"],\"inLanguage\":\"pt-PT\"},{\"@type\":\"WebPage\",\"@id\":\"https:\/\/portaltela.pt\/noticias\/2026\/03\/05\/bednarek-nao-apresenta-fratura-nas-costelas-apos-avaliacao\/\",\"url\":\"https:\/\/portaltela.pt\/noticias\/2026\/03\/05\/bednarek-nao-apresenta-fratura-nas-costelas-apos-avaliacao\/\",\"name\":\"Bednarek n\u00e3o apresenta fratura nas costelas ap\u00f3s avalia\u00e7\u00e3o - Portal Tela Portugal\",\"isPartOf\":{\"@id\":\"https:\/\/portaltela.pt\/#website\"},\"primaryImageOfPage\":{\"@id\":\"https:\/\/portaltela.pt\/noticias\/2026\/03\/05\/bednarek-nao-apresenta-fratura-nas-costelas-apos-avaliacao\/#primaryimage\"},\"image\":{\"@id\":\"https:\/\/portaltela.pt\/noticias\/2026\/03\/05\/bednarek-nao-apresenta-fratura-nas-costelas-apos-avaliacao\/#primaryimage\"},\"thumbnailUrl\":\"https:\/\/portaltela.pt\/s.01k8rhncp4jt1\/2026\/03\/img_920x518uu2026-03-03-23-48-03-2424803-im-639083185292765866.jpg\",\"datePublished\":\"2026-03-05T14:45:00+00:00\",\"author\":{\"@id\":\"https:\/\/portaltela.pt\/#\/schema\/person\/c4278d4a6028830caff9ee44b42d32ed\"},\"breadcrumb\":{\"@id\":\"https:\/\/portaltela.pt\/noticias\/2026\/03\/05\/bednarek-nao-apresenta-fratura-nas-costelas-apos-avaliacao\/#breadcrumb\"},\"inLanguage\":\"pt-PT\",\"potentialAction\":[{\"@type\":\"ReadAction\",\"target\":[\"https:\/\/portaltela.pt\/noticias\/2026\/03\/05\/bednarek-nao-apresenta-fratura-nas-costelas-apos-avaliacao\/\"]}]},{\"@type\":\"ImageObject\",\"inLanguage\":\"pt-PT\",\"@id\":\"https:\/\/portaltela.pt\/noticias\/2026\/03\/05\/bednarek-nao-apresenta-fratura-nas-costelas-apos-avaliacao\/#primaryimage\",\"url\":\"https:\/\/portaltela.pt\/s.01k8rhncp4jt1\/2026\/03\/img_920x518uu2026-03-03-23-48-03-2424803-im-639083185292765866.jpg\",\"contentUrl\":\"https:\/\/portaltela.pt\/s.01k8rhncp4jt1\/2026\/03\/img_920x518uu2026-03-03-23-48-03-2424803-im-639083185292765866.jpg\",\"width\":796,\"height\":448,\"caption\":\"Bednarek lesionado no Est\u00e1dio de Alvalade\"},{\"@type\":\"BreadcrumbList\",\"@id\":\"https:\/\/portaltela.pt\/noticias\/2026\/03\/05\/bednarek-nao-apresenta-fratura-nas-costelas-apos-avaliacao\/#breadcrumb\",\"itemListElement\":[{\"@type\":\"ListItem\",\"position\":1,\"name\":\"In\u00edcio\",\"item\":\"https:\/\/portaltela.pt\/\"},{\"@type\":\"ListItem\",\"position\":2,\"name\":\"Bednarek n\u00e3o apresenta fratura nas costelas ap\u00f3s avalia\u00e7\u00e3o\"}]},{\"@type\":\"WebSite\",\"@id\":\"https:\/\/portaltela.pt\/#website\",\"url\":\"https:\/\/portaltela.pt\/\",\"name\":\"Portal Tela Portugal\",\"description\":\"\",\"potentialAction\":[{\"@type\":\"SearchAction\",\"target\":{\"@type\":\"EntryPoint\",\"urlTemplate\":\"https:\/\/portaltela.pt\/?s={search_term_string}\"},\"query-input\":{\"@type\":\"PropertyValueSpecification\",\"valueRequired\":true,\"valueName\":\"search_term_string\"}}],\"inLanguage\":\"pt-PT\"},{\"@type\":\"Person\",\"@id\":\"https:\/\/portaltela.pt\/#\/schema\/person\/c4278d4a6028830caff9ee44b42d32ed\",\"name\":\"Telinha\",\"image\":{\"@type\":\"ImageObject\",\"inLanguage\":\"pt-PT\",\"@id\":\"https:\/\/portaltela.pt\/s.01k8rhncp4jt1\/2025\/11\/talking-bot-125x125.png\",\"url\":\"https:\/\/portaltela.pt\/s.01k8rhncp4jt1\/2025\/11\/talking-bot-125x125.png\",\"contentUrl\":\"https:\/\/portaltela.pt\/s.01k8rhncp4jt1\/2025\/11\/talking-bot-125x125.png\",\"caption\":\"Telinha\"},\"sameAs\":[\"https:\/\/portaltela.pt\/\"],\"url\":\"https:\/\/portaltela.pt\/por\/367410592786\/\"}]}<\/script>\n<!-- \/ Yoast SEO plugin. -->","yoast_head_json":{"title":"Bednarek n\u00e3o apresenta fratura nas costelas ap\u00f3s avalia\u00e7\u00e3o - Portal Tela Portugal","robots":{"index":"index","follow":"follow","max-snippet":"max-snippet:-1","max-image-preview":"max-image-preview:large","max-video-preview":"max-video-preview:-1"},"og_locale":"pt_PT","og_type":"article","og_title":"Bednarek n\u00e3o apresenta fratura nas costelas ap\u00f3s avalia\u00e7\u00e3o - Portal Tela Portugal","og_description":"Bednarek sofreu traumatismo na grade costal no jogo com o Sporting e foi substitu\u00eddo na primeira parte. Exames complementares excluiram fratura ou fissura das costelas. A not\u00edcia \u00e9 positiva para os azuis e brancos e para o defesa polaco. O jogador continua com dor e permanece em d\u00favida para o cl\u00e1ssico de domingo. Trabalha em contrarrel\u00f3gio com o objetivo de estar apto para enfrentar o Benfica no Est\u00e1dio da Luz.","og_url":"https:\/\/portaltela.pt\/noticias\/2026\/03\/05\/bednarek-nao-apresenta-fratura-nas-costelas-apos-avaliacao\/","og_site_name":"Portal Tela Portugal","article_published_time":"2026-03-05T14:45:00+00:00","author":"Telinha","twitter_card":"summary_large_image","twitter_misc":{"Escrito por":"Telinha","Tempo estimado de leitura":"1 minuto"},"schema":{"@context":"https:\/\/schema.org","@graph":[{"@type":"Article","@id":"https:\/\/portaltela.pt\/noticias\/2026\/03\/05\/bednarek-nao-apresenta-fratura-nas-costelas-apos-avaliacao\/#article","isPartOf":{"@id":"https:\/\/portaltela.pt\/noticias\/2026\/03\/05\/bednarek-nao-apresenta-fratura-nas-costelas-apos-avaliacao\/"},"author":{"name":"Telinha","@id":"https:\/\/portaltela.pt\/#\/schema\/person\/c4278d4a6028830caff9ee44b42d32ed"},"headline":"Bednarek n\u00e3o apresenta fratura nas costelas ap\u00f3s avalia\u00e7\u00e3o","datePublished":"2026-03-05T14:45:00+00:00","mainEntityOfPage":{"@id":"https:\/\/portaltela.pt\/noticias\/2026\/03\/05\/bednarek-nao-apresenta-fratura-nas-costelas-apos-avaliacao\/"},"wordCount":147,"image":{"@id":"https:\/\/portaltela.pt\/noticias\/2026\/03\/05\/bednarek-nao-apresenta-fratura-nas-costelas-apos-avaliacao\/#primaryimage"},"thumbnailUrl":"https:\/\/portaltela.pt\/s.01k8rhncp4jt1\/2026\/03\/img_920x518uu2026-03-03-23-48-03-2424803-im-639083185292765866.jpg","keywords":["Alvalade","Bednarek","Benfica","feridos","futebol","Sporting"],"articleSection":["Desporto","Futebol"],"inLanguage":"pt-PT"},{"@type":"WebPage","@id":"https:\/\/portaltela.pt\/noticias\/2026\/03\/05\/bednarek-nao-apresenta-fratura-nas-costelas-apos-avaliacao\/","url":"https:\/\/portaltela.pt\/noticias\/2026\/03\/05\/bednarek-nao-apresenta-fratura-nas-costelas-apos-avaliacao\/","name":"Bednarek n\u00e3o apresenta fratura nas costelas ap\u00f3s avalia\u00e7\u00e3o - Portal Tela Portugal","isPartOf":{"@id":"https:\/\/portaltela.pt\/#website"},"primaryImageOfPage":{"@id":"https:\/\/portaltela.pt\/noticias\/2026\/03\/05\/bednarek-nao-apresenta-fratura-nas-costelas-apos-avaliacao\/#primaryimage"},"image":{"@id":"https:\/\/portaltela.pt\/noticias\/2026\/03\/05\/bednarek-nao-apresenta-fratura-nas-costelas-apos-avaliacao\/#primaryimage"},"thumbnailUrl":"https:\/\/portaltela.pt\/s.01k8rhncp4jt1\/2026\/03\/img_920x518uu2026-03-03-23-48-03-2424803-im-639083185292765866.jpg","datePublished":"2026-03-05T14:45:00+00:00","author":{"@id":"https:\/\/portaltela.pt\/#\/schema\/person\/c4278d4a6028830caff9ee44b42d32ed"},"breadcrumb":{"@id":"https:\/\/portaltela.pt\/noticias\/2026\/03\/05\/bednarek-nao-apresenta-fratura-nas-costelas-apos-avaliacao\/#breadcrumb"},"inLanguage":"pt-PT","potentialAction":[{"@type":"ReadAction","target":["https:\/\/portaltela.pt\/noticias\/2026\/03\/05\/bednarek-nao-apresenta-fratura-nas-costelas-apos-avaliacao\/"]}]},{"@type":"ImageObject","inLanguage":"pt-PT","@id":"https:\/\/portaltela.pt\/noticias\/2026\/03\/05\/bednarek-nao-apresenta-fratura-nas-costelas-apos-avaliacao\/#primaryimage","url":"https:\/\/portaltela.pt\/s.01k8rhncp4jt1\/2026\/03\/img_920x518uu2026-03-03-23-48-03-2424803-im-639083185292765866.jpg","contentUrl":"https:\/\/portaltela.pt\/s.01k8rhncp4jt1\/2026\/03\/img_920x518uu2026-03-03-23-48-03-2424803-im-639083185292765866.jpg","width":796,"height":448,"caption":"Bednarek lesionado no Est\u00e1dio de Alvalade"},{"@type":"BreadcrumbList","@id":"https:\/\/portaltela.pt\/noticias\/2026\/03\/05\/bednarek-nao-apresenta-fratura-nas-costelas-apos-avaliacao\/#breadcrumb","itemListElement":[{"@type":"ListItem","position":1,"name":"In\u00edcio","item":"https:\/\/portaltela.pt\/"},{"@type":"ListItem","position":2,"name":"Bednarek n\u00e3o apresenta fratura nas costelas ap\u00f3s avalia\u00e7\u00e3o"}]},{"@type":"WebSite","@id":"https:\/\/portaltela.pt\/#website","url":"https:\/\/portaltela.pt\/","name":"Portal Tela Portugal","description":"","potentialAction":[{"@type":"SearchAction","target":{"@type":"EntryPoint","urlTemplate":"https:\/\/portaltela.pt\/?s={search_term_string}"},"query-input":{"@type":"PropertyValueSpecification","valueRequired":true,"valueName":"search_term_string"}}],"inLanguage":"pt-PT"},{"@type":"Person","@id":"https:\/\/portaltela.pt\/#\/schema\/person\/c4278d4a6028830caff9ee44b42d32ed","name":"Telinha","image":{"@type":"ImageObject","inLanguage":"pt-PT","@id":"https:\/\/portaltela.pt\/s.01k8rhncp4jt1\/2025\/11\/talking-bot-125x125.png","url":"https:\/\/portaltela.pt\/s.01k8rhncp4jt1\/2025\/11\/talking-bot-125x125.png","contentUrl":"https:\/\/portaltela.pt\/s.01k8rhncp4jt1\/2025\/11\/talking-bot-125x125.png","caption":"Telinha"},"sameAs":["https:\/\/portaltela.pt\/"],"url":"https:\/\/portaltela.pt\/por\/367410592786\/"}]}},"_links":{"self":[{"href":"https:\/\/portaltela.pt\/api\/wp\/v2\/posts\/398701","targetHints":{"allow":["GET"]}}],"collection":[{"href":"https:\/\/portaltela.pt\/api\/wp\/v2\/posts"}],"about":[{"href":"https:\/\/portaltela.pt\/api\/wp\/v2\/types\/post"}],"author":[{"embeddable":true,"href":"https:\/\/portaltela.pt\/api\/wp\/v2\/users\/2"}],"replies":[{"embeddable":true,"href":"https:\/\/portaltela.pt\/api\/wp\/v2\/comments?post=398701"}],"version-history":[{"count":0,"href":"https:\/\/portaltela.pt\/api\/wp\/v2\/posts\/398701\/revisions"}],"wp:featuredmedia":[{"embeddable":true,"href":"https:\/\/portaltela.pt\/api\/wp\/v2\/media\/398705"}],"wp:attachment":[{"href":"https:\/\/portaltela.pt\/api\/wp\/v2\/media?parent=398701"}],"wp:term":[{"taxonomy":"category","embeddable":true,"href":"https:\/\/portaltela.pt\/api\/wp\/v2\/categories?post=398701"},{"taxonomy":"post_tag","embeddable":true,"href":"https:\/\/portaltela.pt\/api\/wp\/v2\/tags?post=398701"}],"curies":[{"name":"wp","href":"https:\/\/api.w.org\/{rel}","templated":true}]}}