{"id":398696,"date":"2026-03-05T11:50:00","date_gmt":"2026-03-05T14:50:00","guid":{"rendered":"https:\/\/portaltela.pt\/noticias\/2026\/03\/05\/birras-com-hugo-van-der-ding-agradece-liberdade-dos-pais-e-firmeza-da-avo\/"},"modified":"2026-03-05T11:50:00","modified_gmt":"2026-03-05T14:50:00","slug":"birras-com-hugo-van-der-ding-agradece-liberdade-dos-pais-e-firmeza-da-avo","status":"publish","type":"post","link":"https:\/\/portaltela.pt\/celebridades\/2026\/03\/05\/birras-com-hugo-van-der-ding-agradece-liberdade-dos-pais-e-firmeza-da-avo\/","title":{"rendered":"Birras com Hugo Van Der Ding: agradece liberdade dos pais e firmeza da av\u00f3"},"content":{"rendered":"<p>O podcast Birras com Hugo Van Der Ding, apresentado na primeira quinta-feira de cada m\u00eas, recebeu esta semana Hugo Van Der Ding como convidado. O formato envolve entrevistas em que se exploram temas de admira\u00e7\u00e3o, criatividade e experi\u00eancias pessoais, com presen\u00e7a de Isabel e Ana Stilwell na sala.<\/p>\n<p>Hugo Van Der Ding \u00e9 apresentado como autor, artista, locutor e cartoonista. O epis\u00f3dio aborda a forma como cresceu numa casa onde permaneceu tempo sozinho para pensar, criar e recarregar baterias antes de enfrentar o mundo. O programa insere ainda as perspetivas sobre a adolesc\u00eancia, a vida fora de Portugal e a conviv\u00eancia com a bipolaridade.<\/p>\n<p>No relato, a rela\u00e7\u00e3o com a m\u00e3e, a terapia, os amigos e a medica\u00e7\u00e3o surgem como elementos que ajudaram a encontrar equil\u00edbrio entre capacidades criativas e fragilidades. A av\u00f3 materna surge como uma \u00e2ncora importante no percurso. O epis\u00f3dio destina-se a um p\u00fablico interessado em hist\u00f3rias de vida e processo criativo.<\/p>\n<p>Birras com M\u00e3e est\u00e1 dispon\u00edvel nas principais plataformas de podcasts, incluindo Apple Podcasts e Spotify, bem como em outras apps de \u00e1udio. A produ\u00e7\u00e3o mant\u00e9m a linha de entrevistas com personalidades reconhecidas, sem incluir opini\u00f5es adicionais no relato.<\/p>\n","protected":false},"excerpt":{"rendered":"<ul>\n<li>O programa Birras com sente a primeira quinta-feira de cada m\u00eas, apresentando as \u201cbirras\u201d de pessoas que admiramos; desta vez, o convidado \u00e9 Hugo Van Der Ding.<\/li>\n<li>Hugo Van Der Ding \u00e9 autor, artista, locutor e cartoonista, e partilha as suas perspetivas no formato do podcast.<\/li>\n<li>O epis\u00f3dio aborda a inf\u00e2ncia de Hugo, o lugar onde cresceu, a rela\u00e7\u00e3o com a m\u00e3e, a terapia, os amigos e a medica\u00e7\u00e3o que o ajudaram a equilibrar a bipolaridade.<\/li>\n<li>A av\u00f3 materna surge como a maior \u00e2ncora na vida dele, numa rela\u00e7\u00e3o que acabou por n\u00e3o deixar Isabel Stilwell mais feliz, segundo o relato.<\/li>\n<li>O Birras de M\u00e3e est\u00e1 dispon\u00edvel em plataformas como Apple Podcasts e Spotify, entre outras aplica\u00e7\u00f5es de podcasts.<\/li>\n<\/ul>\n","protected":false},"author":2,"featured_media":398698,"comment_status":"closed","ping_status":"closed","sticky":false,"template":"","format":"standard","meta":{"footnotes":""},"categories":[6675],"tags":[6512,1001,6101,64,2249,1196],"class_list":["post-398696","post","type-post","status-publish","format-standard","has-post-thumbnail","hentry","category-celebridades","tag-ideias","tag-adolescencia","tag-entrevistas","tag-familia","tag-psicologia","tag-vida-privada"],"yoast_head":"<!-- This site is optimized with the Yoast SEO plugin v27.2 - https:\/\/yoast.com\/product\/yoast-seo-wordpress\/ -->\n<title>Birras com Hugo Van Der Ding: agradece liberdade dos pais e firmeza da av\u00f3 - Portal Tela Portugal<\/title>\n<meta name=\"robots\" content=\"index, follow, max-snippet:-1, max-image-preview:large, max-video-preview:-1\" \/>\n<meta property=\"og:locale\" content=\"pt_PT\" \/>\n<meta property=\"og:type\" content=\"article\" \/>\n<meta property=\"og:title\" content=\"Birras com Hugo Van Der Ding: agradece liberdade dos pais e firmeza da av\u00f3 - Portal Tela Portugal\" \/>\n<meta property=\"og:description\" content=\"O programa Birras com sente a primeira quinta-feira de cada m\u00eas, apresentando as \u201cbirras\u201d de pessoas que admiramos; desta vez, o convidado \u00e9 Hugo Van Der Ding. Hugo Van Der Ding \u00e9 autor, artista, locutor e cartoonista, e partilha as suas perspetivas no formato do podcast. O epis\u00f3dio aborda a inf\u00e2ncia de Hugo, o lugar onde cresceu, a rela\u00e7\u00e3o com a m\u00e3e, a terapia, os amigos e a medica\u00e7\u00e3o que o ajudaram a equilibrar a bipolaridade. A av\u00f3 materna surge como a maior \u00e2ncora na vida dele, numa rela\u00e7\u00e3o que acabou por n\u00e3o deixar Isabel Stilwell mais feliz, segundo o relato. O Birras de M\u00e3e est\u00e1 dispon\u00edvel em plataformas como Apple Podcasts e Spotify, entre outras aplica\u00e7\u00f5es de podcasts.\" \/>\n<meta property=\"og:url\" content=\"https:\/\/portaltela.pt\/noticias\/2026\/03\/05\/birras-com-hugo-van-der-ding-agradece-liberdade-dos-pais-e-firmeza-da-avo\/\" \/>\n<meta property=\"og:site_name\" content=\"Portal Tela Portugal\" \/>\n<meta property=\"article:published_time\" content=\"2026-03-05T14:50:00+00:00\" \/>\n<meta name=\"author\" content=\"Telinha\" \/>\n<meta name=\"twitter:card\" content=\"summary_large_image\" \/>\n<meta name=\"twitter:label1\" content=\"Escrito por\" \/>\n\t<meta name=\"twitter:data1\" content=\"Telinha\" \/>\n\t<meta name=\"twitter:label2\" content=\"Tempo estimado de leitura\" \/>\n\t<meta name=\"twitter:data2\" content=\"1 minuto\" \/>\n<script type=\"application\/ld+json\" class=\"yoast-schema-graph\">{\"@context\":\"https:\/\/schema.org\",\"@graph\":[{\"@type\":\"Article\",\"@id\":\"https:\/\/portaltela.pt\/noticias\/2026\/03\/05\/birras-com-hugo-van-der-ding-agradece-liberdade-dos-pais-e-firmeza-da-avo\/#article\",\"isPartOf\":{\"@id\":\"https:\/\/portaltela.pt\/noticias\/2026\/03\/05\/birras-com-hugo-van-der-ding-agradece-liberdade-dos-pais-e-firmeza-da-avo\/\"},\"author\":{\"name\":\"Telinha\",\"@id\":\"https:\/\/portaltela.pt\/#\/schema\/person\/c4278d4a6028830caff9ee44b42d32ed\"},\"headline\":\"Birras com Hugo Van Der Ding: agradece liberdade dos pais e firmeza da av\u00f3\",\"datePublished\":\"2026-03-05T14:50:00+00:00\",\"mainEntityOfPage\":{\"@id\":\"https:\/\/portaltela.pt\/noticias\/2026\/03\/05\/birras-com-hugo-van-der-ding-agradece-liberdade-dos-pais-e-firmeza-da-avo\/\"},\"wordCount\":225,\"image\":{\"@id\":\"https:\/\/portaltela.pt\/noticias\/2026\/03\/05\/birras-com-hugo-van-der-ding-agradece-liberdade-dos-pais-e-firmeza-da-avo\/#primaryimage\"},\"thumbnailUrl\":\"https:\/\/portaltela.pt\/s.01k8rhncp4jt1\/2026\/03\/2072016.jpg\",\"keywords\":[\"+Ideias\",\"Adolesc\u00eancia\",\"entrevistas\",\"fam\u00edlia\",\"psicologia\",\"Vida Privada\"],\"articleSection\":[\"Celebridades\"],\"inLanguage\":\"pt-PT\"},{\"@type\":\"WebPage\",\"@id\":\"https:\/\/portaltela.pt\/noticias\/2026\/03\/05\/birras-com-hugo-van-der-ding-agradece-liberdade-dos-pais-e-firmeza-da-avo\/\",\"url\":\"https:\/\/portaltela.pt\/noticias\/2026\/03\/05\/birras-com-hugo-van-der-ding-agradece-liberdade-dos-pais-e-firmeza-da-avo\/\",\"name\":\"Birras com Hugo Van Der Ding: agradece liberdade dos pais e firmeza da av\u00f3 - Portal Tela Portugal\",\"isPartOf\":{\"@id\":\"https:\/\/portaltela.pt\/#website\"},\"primaryImageOfPage\":{\"@id\":\"https:\/\/portaltela.pt\/noticias\/2026\/03\/05\/birras-com-hugo-van-der-ding-agradece-liberdade-dos-pais-e-firmeza-da-avo\/#primaryimage\"},\"image\":{\"@id\":\"https:\/\/portaltela.pt\/noticias\/2026\/03\/05\/birras-com-hugo-van-der-ding-agradece-liberdade-dos-pais-e-firmeza-da-avo\/#primaryimage\"},\"thumbnailUrl\":\"https:\/\/portaltela.pt\/s.01k8rhncp4jt1\/2026\/03\/2072016.jpg\",\"datePublished\":\"2026-03-05T14:50:00+00:00\",\"author\":{\"@id\":\"https:\/\/portaltela.pt\/#\/schema\/person\/c4278d4a6028830caff9ee44b42d32ed\"},\"breadcrumb\":{\"@id\":\"https:\/\/portaltela.pt\/noticias\/2026\/03\/05\/birras-com-hugo-van-der-ding-agradece-liberdade-dos-pais-e-firmeza-da-avo\/#breadcrumb\"},\"inLanguage\":\"pt-PT\",\"potentialAction\":[{\"@type\":\"ReadAction\",\"target\":[\"https:\/\/portaltela.pt\/noticias\/2026\/03\/05\/birras-com-hugo-van-der-ding-agradece-liberdade-dos-pais-e-firmeza-da-avo\/\"]}]},{\"@type\":\"ImageObject\",\"inLanguage\":\"pt-PT\",\"@id\":\"https:\/\/portaltela.pt\/noticias\/2026\/03\/05\/birras-com-hugo-van-der-ding-agradece-liberdade-dos-pais-e-firmeza-da-avo\/#primaryimage\",\"url\":\"https:\/\/portaltela.pt\/s.01k8rhncp4jt1\/2026\/03\/2072016.jpg\",\"contentUrl\":\"https:\/\/portaltela.pt\/s.01k8rhncp4jt1\/2026\/03\/2072016.jpg\",\"width\":796,\"height\":448,\"caption\":\"Photo\"},{\"@type\":\"BreadcrumbList\",\"@id\":\"https:\/\/portaltela.pt\/noticias\/2026\/03\/05\/birras-com-hugo-van-der-ding-agradece-liberdade-dos-pais-e-firmeza-da-avo\/#breadcrumb\",\"itemListElement\":[{\"@type\":\"ListItem\",\"position\":1,\"name\":\"In\u00edcio\",\"item\":\"https:\/\/portaltela.pt\/\"},{\"@type\":\"ListItem\",\"position\":2,\"name\":\"Birras com Hugo Van Der Ding: agradece liberdade dos pais e firmeza da av\u00f3\"}]},{\"@type\":\"WebSite\",\"@id\":\"https:\/\/portaltela.pt\/#website\",\"url\":\"https:\/\/portaltela.pt\/\",\"name\":\"Portal Tela Portugal\",\"description\":\"\",\"potentialAction\":[{\"@type\":\"SearchAction\",\"target\":{\"@type\":\"EntryPoint\",\"urlTemplate\":\"https:\/\/portaltela.pt\/?s={search_term_string}\"},\"query-input\":{\"@type\":\"PropertyValueSpecification\",\"valueRequired\":true,\"valueName\":\"search_term_string\"}}],\"inLanguage\":\"pt-PT\"},{\"@type\":\"Person\",\"@id\":\"https:\/\/portaltela.pt\/#\/schema\/person\/c4278d4a6028830caff9ee44b42d32ed\",\"name\":\"Telinha\",\"image\":{\"@type\":\"ImageObject\",\"inLanguage\":\"pt-PT\",\"@id\":\"https:\/\/portaltela.pt\/s.01k8rhncp4jt1\/2025\/11\/talking-bot-125x125.png\",\"url\":\"https:\/\/portaltela.pt\/s.01k8rhncp4jt1\/2025\/11\/talking-bot-125x125.png\",\"contentUrl\":\"https:\/\/portaltela.pt\/s.01k8rhncp4jt1\/2025\/11\/talking-bot-125x125.png\",\"caption\":\"Telinha\"},\"sameAs\":[\"https:\/\/portaltela.pt\/\"],\"url\":\"https:\/\/portaltela.pt\/por\/367410592786\/\"}]}<\/script>\n<!-- \/ Yoast SEO plugin. -->","yoast_head_json":{"title":"Birras com Hugo Van Der Ding: agradece liberdade dos pais e firmeza da av\u00f3 - Portal Tela Portugal","robots":{"index":"index","follow":"follow","max-snippet":"max-snippet:-1","max-image-preview":"max-image-preview:large","max-video-preview":"max-video-preview:-1"},"og_locale":"pt_PT","og_type":"article","og_title":"Birras com Hugo Van Der Ding: agradece liberdade dos pais e firmeza da av\u00f3 - Portal Tela Portugal","og_description":"O programa Birras com sente a primeira quinta-feira de cada m\u00eas, apresentando as \u201cbirras\u201d de pessoas que admiramos; desta vez, o convidado \u00e9 Hugo Van Der Ding. Hugo Van Der Ding \u00e9 autor, artista, locutor e cartoonista, e partilha as suas perspetivas no formato do podcast. O epis\u00f3dio aborda a inf\u00e2ncia de Hugo, o lugar onde cresceu, a rela\u00e7\u00e3o com a m\u00e3e, a terapia, os amigos e a medica\u00e7\u00e3o que o ajudaram a equilibrar a bipolaridade. A av\u00f3 materna surge como a maior \u00e2ncora na vida dele, numa rela\u00e7\u00e3o que acabou por n\u00e3o deixar Isabel Stilwell mais feliz, segundo o relato. O Birras de M\u00e3e est\u00e1 dispon\u00edvel em plataformas como Apple Podcasts e Spotify, entre outras aplica\u00e7\u00f5es de podcasts.","og_url":"https:\/\/portaltela.pt\/noticias\/2026\/03\/05\/birras-com-hugo-van-der-ding-agradece-liberdade-dos-pais-e-firmeza-da-avo\/","og_site_name":"Portal Tela Portugal","article_published_time":"2026-03-05T14:50:00+00:00","author":"Telinha","twitter_card":"summary_large_image","twitter_misc":{"Escrito por":"Telinha","Tempo estimado de leitura":"1 minuto"},"schema":{"@context":"https:\/\/schema.org","@graph":[{"@type":"Article","@id":"https:\/\/portaltela.pt\/noticias\/2026\/03\/05\/birras-com-hugo-van-der-ding-agradece-liberdade-dos-pais-e-firmeza-da-avo\/#article","isPartOf":{"@id":"https:\/\/portaltela.pt\/noticias\/2026\/03\/05\/birras-com-hugo-van-der-ding-agradece-liberdade-dos-pais-e-firmeza-da-avo\/"},"author":{"name":"Telinha","@id":"https:\/\/portaltela.pt\/#\/schema\/person\/c4278d4a6028830caff9ee44b42d32ed"},"headline":"Birras com Hugo Van Der Ding: agradece liberdade dos pais e firmeza da av\u00f3","datePublished":"2026-03-05T14:50:00+00:00","mainEntityOfPage":{"@id":"https:\/\/portaltela.pt\/noticias\/2026\/03\/05\/birras-com-hugo-van-der-ding-agradece-liberdade-dos-pais-e-firmeza-da-avo\/"},"wordCount":225,"image":{"@id":"https:\/\/portaltela.pt\/noticias\/2026\/03\/05\/birras-com-hugo-van-der-ding-agradece-liberdade-dos-pais-e-firmeza-da-avo\/#primaryimage"},"thumbnailUrl":"https:\/\/portaltela.pt\/s.01k8rhncp4jt1\/2026\/03\/2072016.jpg","keywords":["+Ideias","Adolesc\u00eancia","entrevistas","fam\u00edlia","psicologia","Vida Privada"],"articleSection":["Celebridades"],"inLanguage":"pt-PT"},{"@type":"WebPage","@id":"https:\/\/portaltela.pt\/noticias\/2026\/03\/05\/birras-com-hugo-van-der-ding-agradece-liberdade-dos-pais-e-firmeza-da-avo\/","url":"https:\/\/portaltela.pt\/noticias\/2026\/03\/05\/birras-com-hugo-van-der-ding-agradece-liberdade-dos-pais-e-firmeza-da-avo\/","name":"Birras com Hugo Van Der Ding: agradece liberdade dos pais e firmeza da av\u00f3 - Portal Tela Portugal","isPartOf":{"@id":"https:\/\/portaltela.pt\/#website"},"primaryImageOfPage":{"@id":"https:\/\/portaltela.pt\/noticias\/2026\/03\/05\/birras-com-hugo-van-der-ding-agradece-liberdade-dos-pais-e-firmeza-da-avo\/#primaryimage"},"image":{"@id":"https:\/\/portaltela.pt\/noticias\/2026\/03\/05\/birras-com-hugo-van-der-ding-agradece-liberdade-dos-pais-e-firmeza-da-avo\/#primaryimage"},"thumbnailUrl":"https:\/\/portaltela.pt\/s.01k8rhncp4jt1\/2026\/03\/2072016.jpg","datePublished":"2026-03-05T14:50:00+00:00","author":{"@id":"https:\/\/portaltela.pt\/#\/schema\/person\/c4278d4a6028830caff9ee44b42d32ed"},"breadcrumb":{"@id":"https:\/\/portaltela.pt\/noticias\/2026\/03\/05\/birras-com-hugo-van-der-ding-agradece-liberdade-dos-pais-e-firmeza-da-avo\/#breadcrumb"},"inLanguage":"pt-PT","potentialAction":[{"@type":"ReadAction","target":["https:\/\/portaltela.pt\/noticias\/2026\/03\/05\/birras-com-hugo-van-der-ding-agradece-liberdade-dos-pais-e-firmeza-da-avo\/"]}]},{"@type":"ImageObject","inLanguage":"pt-PT","@id":"https:\/\/portaltela.pt\/noticias\/2026\/03\/05\/birras-com-hugo-van-der-ding-agradece-liberdade-dos-pais-e-firmeza-da-avo\/#primaryimage","url":"https:\/\/portaltela.pt\/s.01k8rhncp4jt1\/2026\/03\/2072016.jpg","contentUrl":"https:\/\/portaltela.pt\/s.01k8rhncp4jt1\/2026\/03\/2072016.jpg","width":796,"height":448,"caption":"Photo"},{"@type":"BreadcrumbList","@id":"https:\/\/portaltela.pt\/noticias\/2026\/03\/05\/birras-com-hugo-van-der-ding-agradece-liberdade-dos-pais-e-firmeza-da-avo\/#breadcrumb","itemListElement":[{"@type":"ListItem","position":1,"name":"In\u00edcio","item":"https:\/\/portaltela.pt\/"},{"@type":"ListItem","position":2,"name":"Birras com Hugo Van Der Ding: agradece liberdade dos pais e firmeza da av\u00f3"}]},{"@type":"WebSite","@id":"https:\/\/portaltela.pt\/#website","url":"https:\/\/portaltela.pt\/","name":"Portal Tela Portugal","description":"","potentialAction":[{"@type":"SearchAction","target":{"@type":"EntryPoint","urlTemplate":"https:\/\/portaltela.pt\/?s={search_term_string}"},"query-input":{"@type":"PropertyValueSpecification","valueRequired":true,"valueName":"search_term_string"}}],"inLanguage":"pt-PT"},{"@type":"Person","@id":"https:\/\/portaltela.pt\/#\/schema\/person\/c4278d4a6028830caff9ee44b42d32ed","name":"Telinha","image":{"@type":"ImageObject","inLanguage":"pt-PT","@id":"https:\/\/portaltela.pt\/s.01k8rhncp4jt1\/2025\/11\/talking-bot-125x125.png","url":"https:\/\/portaltela.pt\/s.01k8rhncp4jt1\/2025\/11\/talking-bot-125x125.png","contentUrl":"https:\/\/portaltela.pt\/s.01k8rhncp4jt1\/2025\/11\/talking-bot-125x125.png","caption":"Telinha"},"sameAs":["https:\/\/portaltela.pt\/"],"url":"https:\/\/portaltela.pt\/por\/367410592786\/"}]}},"_links":{"self":[{"href":"https:\/\/portaltela.pt\/api\/wp\/v2\/posts\/398696","targetHints":{"allow":["GET"]}}],"collection":[{"href":"https:\/\/portaltela.pt\/api\/wp\/v2\/posts"}],"about":[{"href":"https:\/\/portaltela.pt\/api\/wp\/v2\/types\/post"}],"author":[{"embeddable":true,"href":"https:\/\/portaltela.pt\/api\/wp\/v2\/users\/2"}],"replies":[{"embeddable":true,"href":"https:\/\/portaltela.pt\/api\/wp\/v2\/comments?post=398696"}],"version-history":[{"count":0,"href":"https:\/\/portaltela.pt\/api\/wp\/v2\/posts\/398696\/revisions"}],"wp:featuredmedia":[{"embeddable":true,"href":"https:\/\/portaltela.pt\/api\/wp\/v2\/media\/398698"}],"wp:attachment":[{"href":"https:\/\/portaltela.pt\/api\/wp\/v2\/media?parent=398696"}],"wp:term":[{"taxonomy":"category","embeddable":true,"href":"https:\/\/portaltela.pt\/api\/wp\/v2\/categories?post=398696"},{"taxonomy":"post_tag","embeddable":true,"href":"https:\/\/portaltela.pt\/api\/wp\/v2\/tags?post=398696"}],"curies":[{"name":"wp","href":"https:\/\/api.w.org\/{rel}","templated":true}]}}