{"id":398693,"date":"2026-03-05T11:37:00","date_gmt":"2026-03-05T14:37:00","guid":{"rendered":"https:\/\/portaltela.pt\/noticias\/2026\/03\/05\/editora-de-lobo-antunes-recorda-escritor-que-nao-gostava-de-contradicoes-e-nobel\/"},"modified":"2026-03-05T11:37:00","modified_gmt":"2026-03-05T14:37:00","slug":"editora-de-lobo-antunes-recorda-escritor-que-nao-gostava-de-contradicoes-e-nobel","status":"publish","type":"post","link":"https:\/\/portaltela.pt\/noticias\/internacional\/2026\/03\/05\/editora-de-lobo-antunes-recorda-escritor-que-nao-gostava-de-contradicoes-e-nobel\/","title":{"rendered":"Editora de Lobo Antunes recorda escritor que n\u00e3o gostava de contradi\u00e7\u00f5es e Nobel"},"content":{"rendered":"<p>Ant\u00f3nio Lobo Antunes morreu aos 83 anos, em Lisboa, conforme confirmou a sua editora. O escritor, figura central da literatura portuguesa, deixou uma obra marcada pela interven\u00e7\u00e3o na vida dos personagens e pela abordagem da guerra colonial.<\/p>\n<p>A editora Maria da Piedade Ferreira recorda o romancista como algu\u00e9m que preferia corrigir pessoalmente os textos e entregava os manuscritos escrito \u00e0 m\u00e3o. Entre discuss\u00f5es e concord\u00e2ncias, manteve uma rela\u00e7\u00e3o de grande amizade e respeito.<\/p>\n<p>Lobo Antunes tornou-se uma refer\u00eancia pela evolu\u00e7\u00e3o da literatura em Portugal, rompendo com o neorrealismo pol\u00edtico e ampliando o foco para as vidas \u00edntimas, sentimentos e conflitos. A obra influenciou outros autores na liga\u00e7\u00e3o entre vida e escrita.<\/p>\n<p>A editora destaca que o autor n\u00e3o escrevia \u00e0 m\u00e1quina e que ela era a primeira a ler os manuscritos antes de avan\u00e7ar para a edi\u00e7\u00e3o. Ainda hoje guarda v\u00e1rios manuscritos, incluindo cr\u00f3nicas e romances dedicados pelo escritor.<\/p>\n<p>Segundo a editora, o legado de Lobo Antunes permanece com base numa produ\u00e7\u00e3o extensa e relevante para a literatura portuguesa, com repercuss\u00f5es em edi\u00e7\u00f5es internacionais, incluindo tradu\u00e7\u00f5es em v\u00e1rios pa\u00edses.<\/p>\n<p>Relativamente ao Pr\u00e9mio Nobel, a editora recorda que o autor n\u00e3o recebeu o galard\u00e3o, considerado por muitos merecido, mesmo que, ao longo dos anos, tenha mantido rela\u00e7\u00e3o de preocupa\u00e7\u00e3o com esse aspeto.<\/p>\n<p>Nascido em Lisboa a 1 de setembro de 1942, formou-se em Medicina e especializou-se em Psiquiatria, atividade exercida no Hospital Miguel Bombarda. Foi mobilizado em 1970 e serviu em Angola at\u00e9 1973.<\/p>\n<p>Optou pela escrita a tempo inteiro em 1985, para enfrentar a depress\u00e3o que dizia afectar v\u00e1rias pessoas. O seu primeiro romance, Mem\u00f3ria de Elefante, surgiu em 1979, seguido de obras que abordam a guerra, a psiquiatria e a vida humana.<\/p>\n<p>Ao longo da carreira, recebeu o Pr\u00e9mio Cam\u00f5es em 2007, reconhecendo a import\u00e2ncia da sua obra para a literatura mundial. A editora refor\u00e7a que o legado de Lobo Antunes permanece vivo, mesmo com o falecimento ocorrido hoje.<\/p>\n","protected":false},"excerpt":{"rendered":"<ul>\n<li>A editora Maria da Piedade Ferreira recorda Ant\u00f3nio Lobo Antunes, morto aos 83 anos, e diz que ele n\u00e3o gostava de ser contrariado.<\/li>\n<li>O escritor escrevia tudo \u00e0 m\u00e3o e entregava-lhe os manuscritos, sendo ela a primeira a l\u00ea-los antes da produ\u00e7\u00e3o do livro.<\/li>\n<li>Segundo a editora, o rompimento com o neorrealismo pol\u00edtico abriu caminho para uma literatura centrada na vida das pessoas, nos sentimentos e na guerra, influenciando a literatura portuguesa.<\/li>\n<li>Ferreira afirma ter ainda v\u00e1rios manuscritos de Lobo Antunes, incluindo cr\u00f3nicas e romances, e considera que dever\u00e3o ficar numa biblioteca dedicada ao autor.<\/li>\n<li>A editora revela que o escritor n\u00e3o escrevia h\u00e1 tr\u00eas ou quatro anos, considera o legado de uma obra vasta e importante, e recorda o desejo de que o Nobel de Literatura n\u00e3o lhe tenha sido atribu\u00eddo.<\/li>\n<\/ul>\n","protected":false},"author":2,"featured_media":398695,"comment_status":"closed","ping_status":"closed","sticky":false,"template":"","format":"standard","meta":{"footnotes":""},"categories":[4,1],"tags":[4837,2606,106,1014,6658,1404],"class_list":["post-398693","post","type-post","status-publish","format-standard","has-post-thumbnail","hentry","category-internacional","category-noticias","tag-angola","tag-camoes","tag-literatura","tag-portugal","tag-premio-camoes","tag-psiquiatria"],"yoast_head":"<!-- This site is optimized with the Yoast SEO plugin v27.2 - https:\/\/yoast.com\/product\/yoast-seo-wordpress\/ -->\n<title>Editora de Lobo Antunes recorda escritor que n\u00e3o gostava de contradi\u00e7\u00f5es e Nobel - Portal Tela Portugal<\/title>\n<meta name=\"robots\" content=\"index, follow, max-snippet:-1, max-image-preview:large, max-video-preview:-1\" \/>\n<meta property=\"og:locale\" content=\"pt_PT\" \/>\n<meta property=\"og:type\" content=\"article\" \/>\n<meta property=\"og:title\" content=\"Editora de Lobo Antunes recorda escritor que n\u00e3o gostava de contradi\u00e7\u00f5es e Nobel - Portal Tela Portugal\" \/>\n<meta property=\"og:description\" content=\"A editora Maria da Piedade Ferreira recorda Ant\u00f3nio Lobo Antunes, morto aos 83 anos, e diz que ele n\u00e3o gostava de ser contrariado. O escritor escrevia tudo \u00e0 m\u00e3o e entregava-lhe os manuscritos, sendo ela a primeira a l\u00ea-los antes da produ\u00e7\u00e3o do livro. Segundo a editora, o rompimento com o neorrealismo pol\u00edtico abriu caminho para uma literatura centrada na vida das pessoas, nos sentimentos e na guerra, influenciando a literatura portuguesa. Ferreira afirma ter ainda v\u00e1rios manuscritos de Lobo Antunes, incluindo cr\u00f3nicas e romances, e considera que dever\u00e3o ficar numa biblioteca dedicada ao autor. A editora revela que o escritor n\u00e3o escrevia h\u00e1 tr\u00eas ou quatro anos, considera o legado de uma obra vasta e importante, e recorda o desejo de que o Nobel de Literatura n\u00e3o lhe tenha sido atribu\u00eddo.\" \/>\n<meta property=\"og:url\" content=\"https:\/\/portaltela.pt\/noticias\/2026\/03\/05\/editora-de-lobo-antunes-recorda-escritor-que-nao-gostava-de-contradicoes-e-nobel\/\" \/>\n<meta property=\"og:site_name\" content=\"Portal Tela Portugal\" \/>\n<meta property=\"article:published_time\" content=\"2026-03-05T14:37:00+00:00\" \/>\n<meta name=\"author\" content=\"Telinha\" \/>\n<meta name=\"twitter:card\" content=\"summary_large_image\" \/>\n<meta name=\"twitter:label1\" content=\"Escrito por\" \/>\n\t<meta name=\"twitter:data1\" content=\"Telinha\" \/>\n\t<meta name=\"twitter:label2\" content=\"Tempo estimado de leitura\" \/>\n\t<meta name=\"twitter:data2\" content=\"2 minutos\" \/>\n<script type=\"application\/ld+json\" class=\"yoast-schema-graph\">{\"@context\":\"https:\/\/schema.org\",\"@graph\":[{\"@type\":\"Article\",\"@id\":\"https:\/\/portaltela.pt\/noticias\/2026\/03\/05\/editora-de-lobo-antunes-recorda-escritor-que-nao-gostava-de-contradicoes-e-nobel\/#article\",\"isPartOf\":{\"@id\":\"https:\/\/portaltela.pt\/noticias\/2026\/03\/05\/editora-de-lobo-antunes-recorda-escritor-que-nao-gostava-de-contradicoes-e-nobel\/\"},\"author\":{\"name\":\"Telinha\",\"@id\":\"https:\/\/portaltela.pt\/#\/schema\/person\/c4278d4a6028830caff9ee44b42d32ed\"},\"headline\":\"Editora de Lobo Antunes recorda escritor que n\u00e3o gostava de contradi\u00e7\u00f5es e Nobel\",\"datePublished\":\"2026-03-05T14:37:00+00:00\",\"mainEntityOfPage\":{\"@id\":\"https:\/\/portaltela.pt\/noticias\/2026\/03\/05\/editora-de-lobo-antunes-recorda-escritor-que-nao-gostava-de-contradicoes-e-nobel\/\"},\"wordCount\":360,\"image\":{\"@id\":\"https:\/\/portaltela.pt\/noticias\/2026\/03\/05\/editora-de-lobo-antunes-recorda-escritor-que-nao-gostava-de-contradicoes-e-nobel\/#primaryimage\"},\"thumbnailUrl\":\"https:\/\/portaltela.pt\/s.01k8rhncp4jt1\/2026\/03\/image-301.jpg\",\"keywords\":[\"Angola\",\"Cam\u00f5es\",\"literatura\",\"Portugal\",\"Pr\u00e9mio Cam\u00f5es\",\"Psiquiatria\"],\"articleSection\":[\"Internacional\",\"Not\u00edcias\"],\"inLanguage\":\"pt-PT\"},{\"@type\":\"WebPage\",\"@id\":\"https:\/\/portaltela.pt\/noticias\/2026\/03\/05\/editora-de-lobo-antunes-recorda-escritor-que-nao-gostava-de-contradicoes-e-nobel\/\",\"url\":\"https:\/\/portaltela.pt\/noticias\/2026\/03\/05\/editora-de-lobo-antunes-recorda-escritor-que-nao-gostava-de-contradicoes-e-nobel\/\",\"name\":\"Editora de Lobo Antunes recorda escritor que n\u00e3o gostava de contradi\u00e7\u00f5es e Nobel - Portal Tela Portugal\",\"isPartOf\":{\"@id\":\"https:\/\/portaltela.pt\/#website\"},\"primaryImageOfPage\":{\"@id\":\"https:\/\/portaltela.pt\/noticias\/2026\/03\/05\/editora-de-lobo-antunes-recorda-escritor-que-nao-gostava-de-contradicoes-e-nobel\/#primaryimage\"},\"image\":{\"@id\":\"https:\/\/portaltela.pt\/noticias\/2026\/03\/05\/editora-de-lobo-antunes-recorda-escritor-que-nao-gostava-de-contradicoes-e-nobel\/#primaryimage\"},\"thumbnailUrl\":\"https:\/\/portaltela.pt\/s.01k8rhncp4jt1\/2026\/03\/image-301.jpg\",\"datePublished\":\"2026-03-05T14:37:00+00:00\",\"author\":{\"@id\":\"https:\/\/portaltela.pt\/#\/schema\/person\/c4278d4a6028830caff9ee44b42d32ed\"},\"breadcrumb\":{\"@id\":\"https:\/\/portaltela.pt\/noticias\/2026\/03\/05\/editora-de-lobo-antunes-recorda-escritor-que-nao-gostava-de-contradicoes-e-nobel\/#breadcrumb\"},\"inLanguage\":\"pt-PT\",\"potentialAction\":[{\"@type\":\"ReadAction\",\"target\":[\"https:\/\/portaltela.pt\/noticias\/2026\/03\/05\/editora-de-lobo-antunes-recorda-escritor-que-nao-gostava-de-contradicoes-e-nobel\/\"]}]},{\"@type\":\"ImageObject\",\"inLanguage\":\"pt-PT\",\"@id\":\"https:\/\/portaltela.pt\/noticias\/2026\/03\/05\/editora-de-lobo-antunes-recorda-escritor-que-nao-gostava-de-contradicoes-e-nobel\/#primaryimage\",\"url\":\"https:\/\/portaltela.pt\/s.01k8rhncp4jt1\/2026\/03\/image-301.jpg\",\"contentUrl\":\"https:\/\/portaltela.pt\/s.01k8rhncp4jt1\/2026\/03\/image-301.jpg\",\"width\":796,\"height\":448,\"caption\":\"Ant\u00f3nio Lobo Antunes morreu aos 83 anos\"},{\"@type\":\"BreadcrumbList\",\"@id\":\"https:\/\/portaltela.pt\/noticias\/2026\/03\/05\/editora-de-lobo-antunes-recorda-escritor-que-nao-gostava-de-contradicoes-e-nobel\/#breadcrumb\",\"itemListElement\":[{\"@type\":\"ListItem\",\"position\":1,\"name\":\"In\u00edcio\",\"item\":\"https:\/\/portaltela.pt\/\"},{\"@type\":\"ListItem\",\"position\":2,\"name\":\"Editora de Lobo Antunes recorda escritor que n\u00e3o gostava de contradi\u00e7\u00f5es e Nobel\"}]},{\"@type\":\"WebSite\",\"@id\":\"https:\/\/portaltela.pt\/#website\",\"url\":\"https:\/\/portaltela.pt\/\",\"name\":\"Portal Tela Portugal\",\"description\":\"\",\"potentialAction\":[{\"@type\":\"SearchAction\",\"target\":{\"@type\":\"EntryPoint\",\"urlTemplate\":\"https:\/\/portaltela.pt\/?s={search_term_string}\"},\"query-input\":{\"@type\":\"PropertyValueSpecification\",\"valueRequired\":true,\"valueName\":\"search_term_string\"}}],\"inLanguage\":\"pt-PT\"},{\"@type\":\"Person\",\"@id\":\"https:\/\/portaltela.pt\/#\/schema\/person\/c4278d4a6028830caff9ee44b42d32ed\",\"name\":\"Telinha\",\"image\":{\"@type\":\"ImageObject\",\"inLanguage\":\"pt-PT\",\"@id\":\"https:\/\/portaltela.pt\/s.01k8rhncp4jt1\/2025\/11\/talking-bot-125x125.png\",\"url\":\"https:\/\/portaltela.pt\/s.01k8rhncp4jt1\/2025\/11\/talking-bot-125x125.png\",\"contentUrl\":\"https:\/\/portaltela.pt\/s.01k8rhncp4jt1\/2025\/11\/talking-bot-125x125.png\",\"caption\":\"Telinha\"},\"sameAs\":[\"https:\/\/portaltela.pt\/\"],\"url\":\"https:\/\/portaltela.pt\/por\/367410592786\/\"}]}<\/script>\n<!-- \/ Yoast SEO plugin. -->","yoast_head_json":{"title":"Editora de Lobo Antunes recorda escritor que n\u00e3o gostava de contradi\u00e7\u00f5es e Nobel - Portal Tela Portugal","robots":{"index":"index","follow":"follow","max-snippet":"max-snippet:-1","max-image-preview":"max-image-preview:large","max-video-preview":"max-video-preview:-1"},"og_locale":"pt_PT","og_type":"article","og_title":"Editora de Lobo Antunes recorda escritor que n\u00e3o gostava de contradi\u00e7\u00f5es e Nobel - Portal Tela Portugal","og_description":"A editora Maria da Piedade Ferreira recorda Ant\u00f3nio Lobo Antunes, morto aos 83 anos, e diz que ele n\u00e3o gostava de ser contrariado. O escritor escrevia tudo \u00e0 m\u00e3o e entregava-lhe os manuscritos, sendo ela a primeira a l\u00ea-los antes da produ\u00e7\u00e3o do livro. Segundo a editora, o rompimento com o neorrealismo pol\u00edtico abriu caminho para uma literatura centrada na vida das pessoas, nos sentimentos e na guerra, influenciando a literatura portuguesa. Ferreira afirma ter ainda v\u00e1rios manuscritos de Lobo Antunes, incluindo cr\u00f3nicas e romances, e considera que dever\u00e3o ficar numa biblioteca dedicada ao autor. A editora revela que o escritor n\u00e3o escrevia h\u00e1 tr\u00eas ou quatro anos, considera o legado de uma obra vasta e importante, e recorda o desejo de que o Nobel de Literatura n\u00e3o lhe tenha sido atribu\u00eddo.","og_url":"https:\/\/portaltela.pt\/noticias\/2026\/03\/05\/editora-de-lobo-antunes-recorda-escritor-que-nao-gostava-de-contradicoes-e-nobel\/","og_site_name":"Portal Tela Portugal","article_published_time":"2026-03-05T14:37:00+00:00","author":"Telinha","twitter_card":"summary_large_image","twitter_misc":{"Escrito por":"Telinha","Tempo estimado de leitura":"2 minutos"},"schema":{"@context":"https:\/\/schema.org","@graph":[{"@type":"Article","@id":"https:\/\/portaltela.pt\/noticias\/2026\/03\/05\/editora-de-lobo-antunes-recorda-escritor-que-nao-gostava-de-contradicoes-e-nobel\/#article","isPartOf":{"@id":"https:\/\/portaltela.pt\/noticias\/2026\/03\/05\/editora-de-lobo-antunes-recorda-escritor-que-nao-gostava-de-contradicoes-e-nobel\/"},"author":{"name":"Telinha","@id":"https:\/\/portaltela.pt\/#\/schema\/person\/c4278d4a6028830caff9ee44b42d32ed"},"headline":"Editora de Lobo Antunes recorda escritor que n\u00e3o gostava de contradi\u00e7\u00f5es e Nobel","datePublished":"2026-03-05T14:37:00+00:00","mainEntityOfPage":{"@id":"https:\/\/portaltela.pt\/noticias\/2026\/03\/05\/editora-de-lobo-antunes-recorda-escritor-que-nao-gostava-de-contradicoes-e-nobel\/"},"wordCount":360,"image":{"@id":"https:\/\/portaltela.pt\/noticias\/2026\/03\/05\/editora-de-lobo-antunes-recorda-escritor-que-nao-gostava-de-contradicoes-e-nobel\/#primaryimage"},"thumbnailUrl":"https:\/\/portaltela.pt\/s.01k8rhncp4jt1\/2026\/03\/image-301.jpg","keywords":["Angola","Cam\u00f5es","literatura","Portugal","Pr\u00e9mio Cam\u00f5es","Psiquiatria"],"articleSection":["Internacional","Not\u00edcias"],"inLanguage":"pt-PT"},{"@type":"WebPage","@id":"https:\/\/portaltela.pt\/noticias\/2026\/03\/05\/editora-de-lobo-antunes-recorda-escritor-que-nao-gostava-de-contradicoes-e-nobel\/","url":"https:\/\/portaltela.pt\/noticias\/2026\/03\/05\/editora-de-lobo-antunes-recorda-escritor-que-nao-gostava-de-contradicoes-e-nobel\/","name":"Editora de Lobo Antunes recorda escritor que n\u00e3o gostava de contradi\u00e7\u00f5es e Nobel - Portal Tela Portugal","isPartOf":{"@id":"https:\/\/portaltela.pt\/#website"},"primaryImageOfPage":{"@id":"https:\/\/portaltela.pt\/noticias\/2026\/03\/05\/editora-de-lobo-antunes-recorda-escritor-que-nao-gostava-de-contradicoes-e-nobel\/#primaryimage"},"image":{"@id":"https:\/\/portaltela.pt\/noticias\/2026\/03\/05\/editora-de-lobo-antunes-recorda-escritor-que-nao-gostava-de-contradicoes-e-nobel\/#primaryimage"},"thumbnailUrl":"https:\/\/portaltela.pt\/s.01k8rhncp4jt1\/2026\/03\/image-301.jpg","datePublished":"2026-03-05T14:37:00+00:00","author":{"@id":"https:\/\/portaltela.pt\/#\/schema\/person\/c4278d4a6028830caff9ee44b42d32ed"},"breadcrumb":{"@id":"https:\/\/portaltela.pt\/noticias\/2026\/03\/05\/editora-de-lobo-antunes-recorda-escritor-que-nao-gostava-de-contradicoes-e-nobel\/#breadcrumb"},"inLanguage":"pt-PT","potentialAction":[{"@type":"ReadAction","target":["https:\/\/portaltela.pt\/noticias\/2026\/03\/05\/editora-de-lobo-antunes-recorda-escritor-que-nao-gostava-de-contradicoes-e-nobel\/"]}]},{"@type":"ImageObject","inLanguage":"pt-PT","@id":"https:\/\/portaltela.pt\/noticias\/2026\/03\/05\/editora-de-lobo-antunes-recorda-escritor-que-nao-gostava-de-contradicoes-e-nobel\/#primaryimage","url":"https:\/\/portaltela.pt\/s.01k8rhncp4jt1\/2026\/03\/image-301.jpg","contentUrl":"https:\/\/portaltela.pt\/s.01k8rhncp4jt1\/2026\/03\/image-301.jpg","width":796,"height":448,"caption":"Ant\u00f3nio Lobo Antunes morreu aos 83 anos"},{"@type":"BreadcrumbList","@id":"https:\/\/portaltela.pt\/noticias\/2026\/03\/05\/editora-de-lobo-antunes-recorda-escritor-que-nao-gostava-de-contradicoes-e-nobel\/#breadcrumb","itemListElement":[{"@type":"ListItem","position":1,"name":"In\u00edcio","item":"https:\/\/portaltela.pt\/"},{"@type":"ListItem","position":2,"name":"Editora de Lobo Antunes recorda escritor que n\u00e3o gostava de contradi\u00e7\u00f5es e Nobel"}]},{"@type":"WebSite","@id":"https:\/\/portaltela.pt\/#website","url":"https:\/\/portaltela.pt\/","name":"Portal Tela Portugal","description":"","potentialAction":[{"@type":"SearchAction","target":{"@type":"EntryPoint","urlTemplate":"https:\/\/portaltela.pt\/?s={search_term_string}"},"query-input":{"@type":"PropertyValueSpecification","valueRequired":true,"valueName":"search_term_string"}}],"inLanguage":"pt-PT"},{"@type":"Person","@id":"https:\/\/portaltela.pt\/#\/schema\/person\/c4278d4a6028830caff9ee44b42d32ed","name":"Telinha","image":{"@type":"ImageObject","inLanguage":"pt-PT","@id":"https:\/\/portaltela.pt\/s.01k8rhncp4jt1\/2025\/11\/talking-bot-125x125.png","url":"https:\/\/portaltela.pt\/s.01k8rhncp4jt1\/2025\/11\/talking-bot-125x125.png","contentUrl":"https:\/\/portaltela.pt\/s.01k8rhncp4jt1\/2025\/11\/talking-bot-125x125.png","caption":"Telinha"},"sameAs":["https:\/\/portaltela.pt\/"],"url":"https:\/\/portaltela.pt\/por\/367410592786\/"}]}},"_links":{"self":[{"href":"https:\/\/portaltela.pt\/api\/wp\/v2\/posts\/398693","targetHints":{"allow":["GET"]}}],"collection":[{"href":"https:\/\/portaltela.pt\/api\/wp\/v2\/posts"}],"about":[{"href":"https:\/\/portaltela.pt\/api\/wp\/v2\/types\/post"}],"author":[{"embeddable":true,"href":"https:\/\/portaltela.pt\/api\/wp\/v2\/users\/2"}],"replies":[{"embeddable":true,"href":"https:\/\/portaltela.pt\/api\/wp\/v2\/comments?post=398693"}],"version-history":[{"count":0,"href":"https:\/\/portaltela.pt\/api\/wp\/v2\/posts\/398693\/revisions"}],"wp:featuredmedia":[{"embeddable":true,"href":"https:\/\/portaltela.pt\/api\/wp\/v2\/media\/398695"}],"wp:attachment":[{"href":"https:\/\/portaltela.pt\/api\/wp\/v2\/media?parent=398693"}],"wp:term":[{"taxonomy":"category","embeddable":true,"href":"https:\/\/portaltela.pt\/api\/wp\/v2\/categories?post=398693"},{"taxonomy":"post_tag","embeddable":true,"href":"https:\/\/portaltela.pt\/api\/wp\/v2\/tags?post=398693"}],"curies":[{"name":"wp","href":"https:\/\/api.w.org\/{rel}","templated":true}]}}