{"id":398678,"date":"2026-03-05T11:28:00","date_gmt":"2026-03-05T14:28:00","guid":{"rendered":"https:\/\/portaltela.pt\/noticias\/2026\/03\/05\/um-encruzado-permanece-fiel-aos-pergaminhos-da-casta\/"},"modified":"2026-03-05T11:28:00","modified_gmt":"2026-03-05T14:28:00","slug":"um-encruzado-permanece-fiel-aos-pergaminhos-da-casta","status":"publish","type":"post","link":"https:\/\/portaltela.pt\/noticias\/economia\/2026\/03\/05\/um-encruzado-permanece-fiel-aos-pergaminhos-da-casta\/","title":{"rendered":"Um Encruzado permanece fiel aos pergaminhos da casta"},"content":{"rendered":"<p>A casta Encruzado, do D\u00e3o, tem sido o motor de uma evolu\u00e7\u00e3o no ranking dos vinhos brancos nacionais. Com a procura a subir, surgem mais marcas e garrafas com esta variedade, incluindo vinhas jovens em zonas menos ideais. O cen\u00e1rio suscita d\u00favidas sobre qualidade e terroir.<\/p>\n<p>Para os apreciadores, a maioria dos brancos certificados de Encruzado cumpre o potencial da casta. O Encruzado pioneiro da Quinta dos Carvalhais mant\u00e9m a boa forma, enquanto brancos de altitude junto \u00e0 Estrela v\u00e3o ganhando eleg\u00e2ncia. Mangualde a T\u00e1bua aparecem como exemplos consistentes.<\/p>\n<p>Este Grande Reserva surge numa zona de transi\u00e7\u00e3o de solos entre granito e xisto no D\u00e3o. Nasce sob tutela da fam\u00edlia que o criou, com a participa\u00e7\u00e3o do en\u00f3logo Jo\u00e3o Cunha. O lote fermentou a baixa temperatura e metade estagiou um ano em barrica de carvalho franc\u00eas, a outra metade meio ano.<\/p>\n<p>No nariz, as notas florais associam-se \u00e0 madeira sem exageros. Na boca, revela peso e intensidade, com harmonia entre volume opulento e acidez viva. Um perfil que conjuga equil\u00edbrio entre o car\u00e1ter da casta e a express\u00e3o do terroir.<\/p>\n<p>Este encruzado \u00e9 indicado para mesa ou para guardar. Representa uma das grandes castas brancas nacionais, refletindo t\u00e9cnicas cuidadas e um terroir aut\u00eantico do D\u00e3o. O resultado \u00e9 um branco de express\u00e3o s\u00f3lida e potencial de evolu\u00e7\u00e3o.<\/p>\n","protected":false},"excerpt":{"rendered":"<ul>\n<li>O texto analisa a popularidade da casta Encruzado no D\u00e3o, tornando-a numa das brancas mais procuradas da nova gera\u00e7\u00e3o de vinhos portugueses e levando a mais marcas e garrafas com a casta.<\/li>\n<li>A expans\u00e3o gerou confus\u00e3o, com vinhos produzidos em zonas menos adequadas, vinhas jovens ou sem os cuidados enol\u00f3gicos recomendados, levantando a d\u00favida sobre o impacto na casta.<\/li>\n<li>A maioria dos brancos certificados de Encruzado cumpre o potencial da casta, destacando-se o Encruzado pioneiro, da Quinta dos Carvalhais, e brancos de altitude nas faldas da Estrela, incluindo cooperativas e produtores como Ladeira da Santa.<\/li>\n<li>\u00c9 descrito um Grande Reserva de Encruzado derivado de uma zona de transi\u00e7\u00e3o entre solos de granito e xisto, com fermenta\u00e7\u00e3o a baixa temperatura e metade do lote estagiando em barrica de carvalho franc\u00eas durante um ano e a outra metade durante meio ano.<\/li>\n<li>O perfil do vinho \u00e9 gordo e intenso, com acidez viva e sugest\u00f5es florais associadas \u00e0 barrica, evidenciando o terroir do D\u00e3o e os cuidados da fam\u00edlia, tornando-o adequado para mesa ou guarda.<\/li>\n<\/ul>\n","protected":false},"author":2,"featured_media":398680,"comment_status":"closed","ping_status":"closed","sticky":false,"template":"","format":"standard","meta":{"footnotes":""},"categories":[2,1],"tags":[5664,1201,5586,779,4103],"class_list":["post-398678","post","type-post","status-publish","format-standard","has-post-thumbnail","hentry","category-economia","category-noticias","tag-castas","tag-dao","tag-vinho","tag-vinhos","tag-viticultura"],"yoast_head":"<!-- This site is optimized with the Yoast SEO plugin v27.2 - https:\/\/yoast.com\/product\/yoast-seo-wordpress\/ -->\n<title>Um Encruzado permanece fiel aos pergaminhos da casta - Portal Tela Portugal<\/title>\n<meta name=\"robots\" content=\"index, follow, max-snippet:-1, max-image-preview:large, max-video-preview:-1\" \/>\n<meta property=\"og:locale\" content=\"pt_PT\" \/>\n<meta property=\"og:type\" content=\"article\" \/>\n<meta property=\"og:title\" content=\"Um Encruzado permanece fiel aos pergaminhos da casta - Portal Tela Portugal\" \/>\n<meta property=\"og:description\" content=\"O texto analisa a popularidade da casta Encruzado no D\u00e3o, tornando-a numa das brancas mais procuradas da nova gera\u00e7\u00e3o de vinhos portugueses e levando a mais marcas e garrafas com a casta. A expans\u00e3o gerou confus\u00e3o, com vinhos produzidos em zonas menos adequadas, vinhas jovens ou sem os cuidados enol\u00f3gicos recomendados, levantando a d\u00favida sobre o impacto na casta. A maioria dos brancos certificados de Encruzado cumpre o potencial da casta, destacando-se o Encruzado pioneiro, da Quinta dos Carvalhais, e brancos de altitude nas faldas da Estrela, incluindo cooperativas e produtores como Ladeira da Santa. \u00c9 descrito um Grande Reserva de Encruzado derivado de uma zona de transi\u00e7\u00e3o entre solos de granito e xisto, com fermenta\u00e7\u00e3o a baixa temperatura e metade do lote estagiando em barrica de carvalho franc\u00eas durante um ano e a outra metade durante meio ano. O perfil do vinho \u00e9 gordo e intenso, com acidez viva e sugest\u00f5es florais associadas \u00e0 barrica, evidenciando o terroir do D\u00e3o e os cuidados da fam\u00edlia, tornando-o adequado para mesa ou guarda.\" \/>\n<meta property=\"og:url\" content=\"https:\/\/portaltela.pt\/noticias\/2026\/03\/05\/um-encruzado-permanece-fiel-aos-pergaminhos-da-casta\/\" \/>\n<meta property=\"og:site_name\" content=\"Portal Tela Portugal\" \/>\n<meta property=\"article:published_time\" content=\"2026-03-05T14:28:00+00:00\" \/>\n<meta name=\"author\" content=\"Telinha\" \/>\n<meta name=\"twitter:card\" content=\"summary_large_image\" \/>\n<meta name=\"twitter:label1\" content=\"Escrito por\" \/>\n\t<meta name=\"twitter:data1\" content=\"Telinha\" \/>\n\t<meta name=\"twitter:label2\" content=\"Tempo estimado de leitura\" \/>\n\t<meta name=\"twitter:data2\" content=\"1 minuto\" \/>\n<script type=\"application\/ld+json\" class=\"yoast-schema-graph\">{\"@context\":\"https:\/\/schema.org\",\"@graph\":[{\"@type\":\"Article\",\"@id\":\"https:\/\/portaltela.pt\/noticias\/2026\/03\/05\/um-encruzado-permanece-fiel-aos-pergaminhos-da-casta\/#article\",\"isPartOf\":{\"@id\":\"https:\/\/portaltela.pt\/noticias\/2026\/03\/05\/um-encruzado-permanece-fiel-aos-pergaminhos-da-casta\/\"},\"author\":{\"name\":\"Telinha\",\"@id\":\"https:\/\/portaltela.pt\/#\/schema\/person\/c4278d4a6028830caff9ee44b42d32ed\"},\"headline\":\"Um Encruzado permanece fiel aos pergaminhos da casta\",\"datePublished\":\"2026-03-05T14:28:00+00:00\",\"mainEntityOfPage\":{\"@id\":\"https:\/\/portaltela.pt\/noticias\/2026\/03\/05\/um-encruzado-permanece-fiel-aos-pergaminhos-da-casta\/\"},\"wordCount\":245,\"image\":{\"@id\":\"https:\/\/portaltela.pt\/noticias\/2026\/03\/05\/um-encruzado-permanece-fiel-aos-pergaminhos-da-casta\/#primaryimage\"},\"thumbnailUrl\":\"https:\/\/portaltela.pt\/s.01k8rhncp4jt1\/2026\/03\/2071915.jpg\",\"keywords\":[\"castas\",\"D\u00e3o\",\"vinho\",\"vinhos\",\"viticultura\"],\"articleSection\":[\"Economia\",\"Not\u00edcias\"],\"inLanguage\":\"pt-PT\"},{\"@type\":\"WebPage\",\"@id\":\"https:\/\/portaltela.pt\/noticias\/2026\/03\/05\/um-encruzado-permanece-fiel-aos-pergaminhos-da-casta\/\",\"url\":\"https:\/\/portaltela.pt\/noticias\/2026\/03\/05\/um-encruzado-permanece-fiel-aos-pergaminhos-da-casta\/\",\"name\":\"Um Encruzado permanece fiel aos pergaminhos da casta - Portal Tela Portugal\",\"isPartOf\":{\"@id\":\"https:\/\/portaltela.pt\/#website\"},\"primaryImageOfPage\":{\"@id\":\"https:\/\/portaltela.pt\/noticias\/2026\/03\/05\/um-encruzado-permanece-fiel-aos-pergaminhos-da-casta\/#primaryimage\"},\"image\":{\"@id\":\"https:\/\/portaltela.pt\/noticias\/2026\/03\/05\/um-encruzado-permanece-fiel-aos-pergaminhos-da-casta\/#primaryimage\"},\"thumbnailUrl\":\"https:\/\/portaltela.pt\/s.01k8rhncp4jt1\/2026\/03\/2071915.jpg\",\"datePublished\":\"2026-03-05T14:28:00+00:00\",\"author\":{\"@id\":\"https:\/\/portaltela.pt\/#\/schema\/person\/c4278d4a6028830caff9ee44b42d32ed\"},\"breadcrumb\":{\"@id\":\"https:\/\/portaltela.pt\/noticias\/2026\/03\/05\/um-encruzado-permanece-fiel-aos-pergaminhos-da-casta\/#breadcrumb\"},\"inLanguage\":\"pt-PT\",\"potentialAction\":[{\"@type\":\"ReadAction\",\"target\":[\"https:\/\/portaltela.pt\/noticias\/2026\/03\/05\/um-encruzado-permanece-fiel-aos-pergaminhos-da-casta\/\"]}]},{\"@type\":\"ImageObject\",\"inLanguage\":\"pt-PT\",\"@id\":\"https:\/\/portaltela.pt\/noticias\/2026\/03\/05\/um-encruzado-permanece-fiel-aos-pergaminhos-da-casta\/#primaryimage\",\"url\":\"https:\/\/portaltela.pt\/s.01k8rhncp4jt1\/2026\/03\/2071915.jpg\",\"contentUrl\":\"https:\/\/portaltela.pt\/s.01k8rhncp4jt1\/2026\/03\/2071915.jpg\",\"width\":796,\"height\":448,\"caption\":\"Ladeira da Santa \u00e9 um projecto do ex-ministro da Agricultura Arlindo Cunha e do filho en\u00f3logo Jo\u00e3o Cunha (nesta fotografia)\"},{\"@type\":\"BreadcrumbList\",\"@id\":\"https:\/\/portaltela.pt\/noticias\/2026\/03\/05\/um-encruzado-permanece-fiel-aos-pergaminhos-da-casta\/#breadcrumb\",\"itemListElement\":[{\"@type\":\"ListItem\",\"position\":1,\"name\":\"In\u00edcio\",\"item\":\"https:\/\/portaltela.pt\/\"},{\"@type\":\"ListItem\",\"position\":2,\"name\":\"Um Encruzado permanece fiel aos pergaminhos da casta\"}]},{\"@type\":\"WebSite\",\"@id\":\"https:\/\/portaltela.pt\/#website\",\"url\":\"https:\/\/portaltela.pt\/\",\"name\":\"Portal Tela Portugal\",\"description\":\"\",\"potentialAction\":[{\"@type\":\"SearchAction\",\"target\":{\"@type\":\"EntryPoint\",\"urlTemplate\":\"https:\/\/portaltela.pt\/?s={search_term_string}\"},\"query-input\":{\"@type\":\"PropertyValueSpecification\",\"valueRequired\":true,\"valueName\":\"search_term_string\"}}],\"inLanguage\":\"pt-PT\"},{\"@type\":\"Person\",\"@id\":\"https:\/\/portaltela.pt\/#\/schema\/person\/c4278d4a6028830caff9ee44b42d32ed\",\"name\":\"Telinha\",\"image\":{\"@type\":\"ImageObject\",\"inLanguage\":\"pt-PT\",\"@id\":\"https:\/\/portaltela.pt\/s.01k8rhncp4jt1\/2025\/11\/talking-bot-125x125.png\",\"url\":\"https:\/\/portaltela.pt\/s.01k8rhncp4jt1\/2025\/11\/talking-bot-125x125.png\",\"contentUrl\":\"https:\/\/portaltela.pt\/s.01k8rhncp4jt1\/2025\/11\/talking-bot-125x125.png\",\"caption\":\"Telinha\"},\"sameAs\":[\"https:\/\/portaltela.pt\/\"],\"url\":\"https:\/\/portaltela.pt\/por\/367410592786\/\"}]}<\/script>\n<!-- \/ Yoast SEO plugin. -->","yoast_head_json":{"title":"Um Encruzado permanece fiel aos pergaminhos da casta - Portal Tela Portugal","robots":{"index":"index","follow":"follow","max-snippet":"max-snippet:-1","max-image-preview":"max-image-preview:large","max-video-preview":"max-video-preview:-1"},"og_locale":"pt_PT","og_type":"article","og_title":"Um Encruzado permanece fiel aos pergaminhos da casta - Portal Tela Portugal","og_description":"O texto analisa a popularidade da casta Encruzado no D\u00e3o, tornando-a numa das brancas mais procuradas da nova gera\u00e7\u00e3o de vinhos portugueses e levando a mais marcas e garrafas com a casta. A expans\u00e3o gerou confus\u00e3o, com vinhos produzidos em zonas menos adequadas, vinhas jovens ou sem os cuidados enol\u00f3gicos recomendados, levantando a d\u00favida sobre o impacto na casta. A maioria dos brancos certificados de Encruzado cumpre o potencial da casta, destacando-se o Encruzado pioneiro, da Quinta dos Carvalhais, e brancos de altitude nas faldas da Estrela, incluindo cooperativas e produtores como Ladeira da Santa. \u00c9 descrito um Grande Reserva de Encruzado derivado de uma zona de transi\u00e7\u00e3o entre solos de granito e xisto, com fermenta\u00e7\u00e3o a baixa temperatura e metade do lote estagiando em barrica de carvalho franc\u00eas durante um ano e a outra metade durante meio ano. O perfil do vinho \u00e9 gordo e intenso, com acidez viva e sugest\u00f5es florais associadas \u00e0 barrica, evidenciando o terroir do D\u00e3o e os cuidados da fam\u00edlia, tornando-o adequado para mesa ou guarda.","og_url":"https:\/\/portaltela.pt\/noticias\/2026\/03\/05\/um-encruzado-permanece-fiel-aos-pergaminhos-da-casta\/","og_site_name":"Portal Tela Portugal","article_published_time":"2026-03-05T14:28:00+00:00","author":"Telinha","twitter_card":"summary_large_image","twitter_misc":{"Escrito por":"Telinha","Tempo estimado de leitura":"1 minuto"},"schema":{"@context":"https:\/\/schema.org","@graph":[{"@type":"Article","@id":"https:\/\/portaltela.pt\/noticias\/2026\/03\/05\/um-encruzado-permanece-fiel-aos-pergaminhos-da-casta\/#article","isPartOf":{"@id":"https:\/\/portaltela.pt\/noticias\/2026\/03\/05\/um-encruzado-permanece-fiel-aos-pergaminhos-da-casta\/"},"author":{"name":"Telinha","@id":"https:\/\/portaltela.pt\/#\/schema\/person\/c4278d4a6028830caff9ee44b42d32ed"},"headline":"Um Encruzado permanece fiel aos pergaminhos da casta","datePublished":"2026-03-05T14:28:00+00:00","mainEntityOfPage":{"@id":"https:\/\/portaltela.pt\/noticias\/2026\/03\/05\/um-encruzado-permanece-fiel-aos-pergaminhos-da-casta\/"},"wordCount":245,"image":{"@id":"https:\/\/portaltela.pt\/noticias\/2026\/03\/05\/um-encruzado-permanece-fiel-aos-pergaminhos-da-casta\/#primaryimage"},"thumbnailUrl":"https:\/\/portaltela.pt\/s.01k8rhncp4jt1\/2026\/03\/2071915.jpg","keywords":["castas","D\u00e3o","vinho","vinhos","viticultura"],"articleSection":["Economia","Not\u00edcias"],"inLanguage":"pt-PT"},{"@type":"WebPage","@id":"https:\/\/portaltela.pt\/noticias\/2026\/03\/05\/um-encruzado-permanece-fiel-aos-pergaminhos-da-casta\/","url":"https:\/\/portaltela.pt\/noticias\/2026\/03\/05\/um-encruzado-permanece-fiel-aos-pergaminhos-da-casta\/","name":"Um Encruzado permanece fiel aos pergaminhos da casta - Portal Tela Portugal","isPartOf":{"@id":"https:\/\/portaltela.pt\/#website"},"primaryImageOfPage":{"@id":"https:\/\/portaltela.pt\/noticias\/2026\/03\/05\/um-encruzado-permanece-fiel-aos-pergaminhos-da-casta\/#primaryimage"},"image":{"@id":"https:\/\/portaltela.pt\/noticias\/2026\/03\/05\/um-encruzado-permanece-fiel-aos-pergaminhos-da-casta\/#primaryimage"},"thumbnailUrl":"https:\/\/portaltela.pt\/s.01k8rhncp4jt1\/2026\/03\/2071915.jpg","datePublished":"2026-03-05T14:28:00+00:00","author":{"@id":"https:\/\/portaltela.pt\/#\/schema\/person\/c4278d4a6028830caff9ee44b42d32ed"},"breadcrumb":{"@id":"https:\/\/portaltela.pt\/noticias\/2026\/03\/05\/um-encruzado-permanece-fiel-aos-pergaminhos-da-casta\/#breadcrumb"},"inLanguage":"pt-PT","potentialAction":[{"@type":"ReadAction","target":["https:\/\/portaltela.pt\/noticias\/2026\/03\/05\/um-encruzado-permanece-fiel-aos-pergaminhos-da-casta\/"]}]},{"@type":"ImageObject","inLanguage":"pt-PT","@id":"https:\/\/portaltela.pt\/noticias\/2026\/03\/05\/um-encruzado-permanece-fiel-aos-pergaminhos-da-casta\/#primaryimage","url":"https:\/\/portaltela.pt\/s.01k8rhncp4jt1\/2026\/03\/2071915.jpg","contentUrl":"https:\/\/portaltela.pt\/s.01k8rhncp4jt1\/2026\/03\/2071915.jpg","width":796,"height":448,"caption":"Ladeira da Santa \u00e9 um projecto do ex-ministro da Agricultura Arlindo Cunha e do filho en\u00f3logo Jo\u00e3o Cunha (nesta fotografia)"},{"@type":"BreadcrumbList","@id":"https:\/\/portaltela.pt\/noticias\/2026\/03\/05\/um-encruzado-permanece-fiel-aos-pergaminhos-da-casta\/#breadcrumb","itemListElement":[{"@type":"ListItem","position":1,"name":"In\u00edcio","item":"https:\/\/portaltela.pt\/"},{"@type":"ListItem","position":2,"name":"Um Encruzado permanece fiel aos pergaminhos da casta"}]},{"@type":"WebSite","@id":"https:\/\/portaltela.pt\/#website","url":"https:\/\/portaltela.pt\/","name":"Portal Tela Portugal","description":"","potentialAction":[{"@type":"SearchAction","target":{"@type":"EntryPoint","urlTemplate":"https:\/\/portaltela.pt\/?s={search_term_string}"},"query-input":{"@type":"PropertyValueSpecification","valueRequired":true,"valueName":"search_term_string"}}],"inLanguage":"pt-PT"},{"@type":"Person","@id":"https:\/\/portaltela.pt\/#\/schema\/person\/c4278d4a6028830caff9ee44b42d32ed","name":"Telinha","image":{"@type":"ImageObject","inLanguage":"pt-PT","@id":"https:\/\/portaltela.pt\/s.01k8rhncp4jt1\/2025\/11\/talking-bot-125x125.png","url":"https:\/\/portaltela.pt\/s.01k8rhncp4jt1\/2025\/11\/talking-bot-125x125.png","contentUrl":"https:\/\/portaltela.pt\/s.01k8rhncp4jt1\/2025\/11\/talking-bot-125x125.png","caption":"Telinha"},"sameAs":["https:\/\/portaltela.pt\/"],"url":"https:\/\/portaltela.pt\/por\/367410592786\/"}]}},"_links":{"self":[{"href":"https:\/\/portaltela.pt\/api\/wp\/v2\/posts\/398678","targetHints":{"allow":["GET"]}}],"collection":[{"href":"https:\/\/portaltela.pt\/api\/wp\/v2\/posts"}],"about":[{"href":"https:\/\/portaltela.pt\/api\/wp\/v2\/types\/post"}],"author":[{"embeddable":true,"href":"https:\/\/portaltela.pt\/api\/wp\/v2\/users\/2"}],"replies":[{"embeddable":true,"href":"https:\/\/portaltela.pt\/api\/wp\/v2\/comments?post=398678"}],"version-history":[{"count":0,"href":"https:\/\/portaltela.pt\/api\/wp\/v2\/posts\/398678\/revisions"}],"wp:featuredmedia":[{"embeddable":true,"href":"https:\/\/portaltela.pt\/api\/wp\/v2\/media\/398680"}],"wp:attachment":[{"href":"https:\/\/portaltela.pt\/api\/wp\/v2\/media?parent=398678"}],"wp:term":[{"taxonomy":"category","embeddable":true,"href":"https:\/\/portaltela.pt\/api\/wp\/v2\/categories?post=398678"},{"taxonomy":"post_tag","embeddable":true,"href":"https:\/\/portaltela.pt\/api\/wp\/v2\/tags?post=398678"}],"curies":[{"name":"wp","href":"https:\/\/api.w.org\/{rel}","templated":true}]}}