{"id":398674,"date":"2026-03-05T11:25:00","date_gmt":"2026-03-05T14:25:00","guid":{"rendered":"https:\/\/portaltela.pt\/noticias\/2026\/03\/05\/falta-de-passagens-sob-a-linha-do-norte-e-intoleravel-gaia-exige-correcao-ip\/"},"modified":"2026-03-05T11:25:00","modified_gmt":"2026-03-05T14:25:00","slug":"falta-de-passagens-sob-a-linha-do-norte-e-intoleravel-gaia-exige-correcao-ip","status":"publish","type":"post","link":"https:\/\/portaltela.pt\/noticias\/politica\/2026\/03\/05\/falta-de-passagens-sob-a-linha-do-norte-e-intoleravel-gaia-exige-correcao-ip\/","title":{"rendered":"Falta de passagens sob a linha do Norte \u00e9 intoler\u00e1vel; Gaia exige corre\u00e7\u00e3o IP"},"content":{"rendered":"<p>A C\u00e2mara de Gaia exige \u00e0 Infraestruturas de Portugal (IP) a corre\u00e7\u00e3o de uma \u201cmancha urban\u00edstica\u201d nas passagens junto \u00e0 linha do Norte, entre a Aguda e a Granja. O estudo de viabilidade para passagens inferiores arrasta-se desde 2022 e pode superar os quatro anos, segundo dados da IP.<\/p>\n<p>A posi\u00e7\u00e3o foi defendida pelo vice-presidente da C\u00e2mara, Firmino Pereira, que considerou intoler\u00e1vel a falta de um projeto concreto. A autarquia pretende que as passagens inferiores substituam as estruturas existentes, consideradas de dif\u00edcil acesso e geradoras de estigma na zona.<\/p>\n<p>O acordo entre IP e a C\u00e2mara de Vila Nova de Gaia, assinado em julho de 2022, deu in\u00edcio a v\u00e1rios procedimentos. Os moradores criticaram as passagens superiores e as barreiras instaladas na interven\u00e7\u00e3o de requalifica\u00e7\u00e3o da linha.<\/p>\n<h3>Propostas e pr\u00f3ximos passos<\/h3>\n<p>Pereira informou que a C\u00e2mara vai requerer \u00e0 IP a constru\u00e7\u00e3o de passagens desniveladas e subterr\u00e2neas, para eliminar as barreiras e melhorar a acessibilidade. A autarquia tamb\u00e9m aponta problemas de manuten\u00e7\u00e3o dos elevadores nas passagens superiores, defendendo solu\u00e7\u00f5es estruturais definitivas.<\/p>\n<p>Al\u00e9m disso, o autarca destacou a necessidade de aumentar a dimens\u00e3o dos abrigos para passageiros, assegurando condi\u00e7\u00f5es adequadas de uso. A IP dever\u00e1 avaliar o redimensionamento, j\u00e1 que h\u00e1 diferen\u00e7as relevantes entre as esta\u00e7\u00f5es da \u00e1rea metropolitana de Lisboa e do Porto.<\/p>\n<p>A reuni\u00e3o entre a C\u00e2mara de Gaia e a IP est\u00e1 agendada para segunda-feira, com foco na continuidade do processo de viabiliza\u00e7\u00e3o das passagens inferiores. Tamb\u00e9m se discute a montagem do Mirante da Madalena, cuja reconstru\u00e7\u00e3o depende de condi\u00e7\u00f5es t\u00e9cnicas e de custos.<\/p>\n","protected":false},"excerpt":{"rendered":"<ul>\n<li>O estudo de viabilidade para passagens inferiores \u00e0 linha do Norte na Aguda e Granja, Gaia, arrasta-se desde 2022 e pode ultrapassar quatro anos.<\/li>\n<li>O vice-presidente da C\u00e2mara de Gaia, Firmino Pereira, considera a falta de um projecto \u201cintoler\u00e1vel\u201d e solicita corre\u00e7\u00e3o junto da Infra-Estruturas de Portugal (IP) para eliminar a mancha urban\u00edstica.<\/li>\n<li>A autarquia pretende que as passagens sejam subterr\u00e2neas e desniveladas, substituindo as atuais, e vai abordar o tema numa reuni\u00e3o com a IP na segunda-feira.<\/li>\n<li>Tamb\u00e9m foi enfatizada a necessidade de manuten\u00e7\u00e3o regular dos elevadores existentes e de ampliar os abrigos para passageiros nas esta\u00e7\u00f5es da regi\u00e3o.<\/li>\n<li>Sobre o mirante da Madalena, a c\u00e2mara aponta para a sua reconstru\u00e7\u00e3o, existindo registos de desmontagem e acondicionamento das pe\u00e7as nos terrenos da Miseric\u00f3rdia de Gaia, segundo a IP.<\/li>\n<\/ul>\n","protected":false},"author":2,"featured_media":398679,"comment_status":"closed","ping_status":"closed","sticky":false,"template":"","format":"standard","meta":{"footnotes":""},"categories":[1,5],"tags":[3772,1761,2698,5795,2944,2433],"class_list":["post-398674","post","type-post","status-publish","format-standard","has-post-thumbnail","hentry","category-noticias","category-politica","tag-acessibilidade","tag-gaia","tag-infraestruturas-de-portugal","tag-linha","tag-passagens","tag-requalificacao-urbana"],"yoast_head":"<!-- This site is optimized with the Yoast SEO plugin v27.2 - https:\/\/yoast.com\/product\/yoast-seo-wordpress\/ -->\n<title>Falta de passagens sob a linha do Norte \u00e9 intoler\u00e1vel; Gaia exige corre\u00e7\u00e3o IP - Portal Tela Portugal<\/title>\n<meta name=\"robots\" content=\"index, follow, max-snippet:-1, max-image-preview:large, max-video-preview:-1\" \/>\n<meta property=\"og:locale\" content=\"pt_PT\" \/>\n<meta property=\"og:type\" content=\"article\" \/>\n<meta property=\"og:title\" content=\"Falta de passagens sob a linha do Norte \u00e9 intoler\u00e1vel; Gaia exige corre\u00e7\u00e3o IP - Portal Tela Portugal\" \/>\n<meta property=\"og:description\" content=\"O estudo de viabilidade para passagens inferiores \u00e0 linha do Norte na Aguda e Granja, Gaia, arrasta-se desde 2022 e pode ultrapassar quatro anos. O vice-presidente da C\u00e2mara de Gaia, Firmino Pereira, considera a falta de um projecto \u201cintoler\u00e1vel\u201d e solicita corre\u00e7\u00e3o junto da Infra-Estruturas de Portugal (IP) para eliminar a mancha urban\u00edstica. A autarquia pretende que as passagens sejam subterr\u00e2neas e desniveladas, substituindo as atuais, e vai abordar o tema numa reuni\u00e3o com a IP na segunda-feira. Tamb\u00e9m foi enfatizada a necessidade de manuten\u00e7\u00e3o regular dos elevadores existentes e de ampliar os abrigos para passageiros nas esta\u00e7\u00f5es da regi\u00e3o. Sobre o mirante da Madalena, a c\u00e2mara aponta para a sua reconstru\u00e7\u00e3o, existindo registos de desmontagem e acondicionamento das pe\u00e7as nos terrenos da Miseric\u00f3rdia de Gaia, segundo a IP.\" \/>\n<meta property=\"og:url\" content=\"https:\/\/portaltela.pt\/noticias\/2026\/03\/05\/falta-de-passagens-sob-a-linha-do-norte-e-intoleravel-gaia-exige-correcao-ip\/\" \/>\n<meta property=\"og:site_name\" content=\"Portal Tela Portugal\" \/>\n<meta property=\"article:published_time\" content=\"2026-03-05T14:25:00+00:00\" \/>\n<meta name=\"author\" content=\"Telinha\" \/>\n<meta name=\"twitter:card\" content=\"summary_large_image\" \/>\n<meta name=\"twitter:label1\" content=\"Escrito por\" \/>\n\t<meta name=\"twitter:data1\" content=\"Telinha\" \/>\n\t<meta name=\"twitter:label2\" content=\"Tempo estimado de leitura\" \/>\n\t<meta name=\"twitter:data2\" content=\"1 minuto\" \/>\n<script type=\"application\/ld+json\" class=\"yoast-schema-graph\">{\"@context\":\"https:\/\/schema.org\",\"@graph\":[{\"@type\":\"Article\",\"@id\":\"https:\/\/portaltela.pt\/noticias\/2026\/03\/05\/falta-de-passagens-sob-a-linha-do-norte-e-intoleravel-gaia-exige-correcao-ip\/#article\",\"isPartOf\":{\"@id\":\"https:\/\/portaltela.pt\/noticias\/2026\/03\/05\/falta-de-passagens-sob-a-linha-do-norte-e-intoleravel-gaia-exige-correcao-ip\/\"},\"author\":{\"name\":\"Telinha\",\"@id\":\"https:\/\/portaltela.pt\/#\/schema\/person\/c4278d4a6028830caff9ee44b42d32ed\"},\"headline\":\"Falta de passagens sob a linha do Norte \u00e9 intoler\u00e1vel; Gaia exige corre\u00e7\u00e3o IP\",\"datePublished\":\"2026-03-05T14:25:00+00:00\",\"mainEntityOfPage\":{\"@id\":\"https:\/\/portaltela.pt\/noticias\/2026\/03\/05\/falta-de-passagens-sob-a-linha-do-norte-e-intoleravel-gaia-exige-correcao-ip\/\"},\"wordCount\":297,\"image\":{\"@id\":\"https:\/\/portaltela.pt\/noticias\/2026\/03\/05\/falta-de-passagens-sob-a-linha-do-norte-e-intoleravel-gaia-exige-correcao-ip\/#primaryimage\"},\"thumbnailUrl\":\"https:\/\/portaltela.pt\/s.01k8rhncp4jt1\/2026\/03\/2072014.jpg\",\"keywords\":[\"acessibilidade\",\"Gaia\",\"Infraestruturas de Portugal\",\"Linha\",\"passagens\",\"requalifica\u00e7\u00e3o urbana\"],\"articleSection\":[\"Not\u00edcias\",\"Pol\u00edtica\"],\"inLanguage\":\"pt-PT\"},{\"@type\":\"WebPage\",\"@id\":\"https:\/\/portaltela.pt\/noticias\/2026\/03\/05\/falta-de-passagens-sob-a-linha-do-norte-e-intoleravel-gaia-exige-correcao-ip\/\",\"url\":\"https:\/\/portaltela.pt\/noticias\/2026\/03\/05\/falta-de-passagens-sob-a-linha-do-norte-e-intoleravel-gaia-exige-correcao-ip\/\",\"name\":\"Falta de passagens sob a linha do Norte \u00e9 intoler\u00e1vel; Gaia exige corre\u00e7\u00e3o IP - Portal Tela Portugal\",\"isPartOf\":{\"@id\":\"https:\/\/portaltela.pt\/#website\"},\"primaryImageOfPage\":{\"@id\":\"https:\/\/portaltela.pt\/noticias\/2026\/03\/05\/falta-de-passagens-sob-a-linha-do-norte-e-intoleravel-gaia-exige-correcao-ip\/#primaryimage\"},\"image\":{\"@id\":\"https:\/\/portaltela.pt\/noticias\/2026\/03\/05\/falta-de-passagens-sob-a-linha-do-norte-e-intoleravel-gaia-exige-correcao-ip\/#primaryimage\"},\"thumbnailUrl\":\"https:\/\/portaltela.pt\/s.01k8rhncp4jt1\/2026\/03\/2072014.jpg\",\"datePublished\":\"2026-03-05T14:25:00+00:00\",\"author\":{\"@id\":\"https:\/\/portaltela.pt\/#\/schema\/person\/c4278d4a6028830caff9ee44b42d32ed\"},\"breadcrumb\":{\"@id\":\"https:\/\/portaltela.pt\/noticias\/2026\/03\/05\/falta-de-passagens-sob-a-linha-do-norte-e-intoleravel-gaia-exige-correcao-ip\/#breadcrumb\"},\"inLanguage\":\"pt-PT\",\"potentialAction\":[{\"@type\":\"ReadAction\",\"target\":[\"https:\/\/portaltela.pt\/noticias\/2026\/03\/05\/falta-de-passagens-sob-a-linha-do-norte-e-intoleravel-gaia-exige-correcao-ip\/\"]}]},{\"@type\":\"ImageObject\",\"inLanguage\":\"pt-PT\",\"@id\":\"https:\/\/portaltela.pt\/noticias\/2026\/03\/05\/falta-de-passagens-sob-a-linha-do-norte-e-intoleravel-gaia-exige-correcao-ip\/#primaryimage\",\"url\":\"https:\/\/portaltela.pt\/s.01k8rhncp4jt1\/2026\/03\/2072014.jpg\",\"contentUrl\":\"https:\/\/portaltela.pt\/s.01k8rhncp4jt1\/2026\/03\/2072014.jpg\",\"width\":796,\"height\":448,\"caption\":\"Houve muitas cr\u00edticas das popula\u00e7\u00f5es da Granja e Aguda \u00e0s passagens superiores e barreiras constru\u00eddas nas obras de requalifica\u00e7\u00e3o da linha do Norte\"},{\"@type\":\"BreadcrumbList\",\"@id\":\"https:\/\/portaltela.pt\/noticias\/2026\/03\/05\/falta-de-passagens-sob-a-linha-do-norte-e-intoleravel-gaia-exige-correcao-ip\/#breadcrumb\",\"itemListElement\":[{\"@type\":\"ListItem\",\"position\":1,\"name\":\"In\u00edcio\",\"item\":\"https:\/\/portaltela.pt\/\"},{\"@type\":\"ListItem\",\"position\":2,\"name\":\"Falta de passagens sob a linha do Norte \u00e9 intoler\u00e1vel; Gaia exige corre\u00e7\u00e3o IP\"}]},{\"@type\":\"WebSite\",\"@id\":\"https:\/\/portaltela.pt\/#website\",\"url\":\"https:\/\/portaltela.pt\/\",\"name\":\"Portal Tela Portugal\",\"description\":\"\",\"potentialAction\":[{\"@type\":\"SearchAction\",\"target\":{\"@type\":\"EntryPoint\",\"urlTemplate\":\"https:\/\/portaltela.pt\/?s={search_term_string}\"},\"query-input\":{\"@type\":\"PropertyValueSpecification\",\"valueRequired\":true,\"valueName\":\"search_term_string\"}}],\"inLanguage\":\"pt-PT\"},{\"@type\":\"Person\",\"@id\":\"https:\/\/portaltela.pt\/#\/schema\/person\/c4278d4a6028830caff9ee44b42d32ed\",\"name\":\"Telinha\",\"image\":{\"@type\":\"ImageObject\",\"inLanguage\":\"pt-PT\",\"@id\":\"https:\/\/portaltela.pt\/s.01k8rhncp4jt1\/2025\/11\/talking-bot-125x125.png\",\"url\":\"https:\/\/portaltela.pt\/s.01k8rhncp4jt1\/2025\/11\/talking-bot-125x125.png\",\"contentUrl\":\"https:\/\/portaltela.pt\/s.01k8rhncp4jt1\/2025\/11\/talking-bot-125x125.png\",\"caption\":\"Telinha\"},\"sameAs\":[\"https:\/\/portaltela.pt\/\"],\"url\":\"https:\/\/portaltela.pt\/por\/367410592786\/\"}]}<\/script>\n<!-- \/ Yoast SEO plugin. -->","yoast_head_json":{"title":"Falta de passagens sob a linha do Norte \u00e9 intoler\u00e1vel; Gaia exige corre\u00e7\u00e3o IP - Portal Tela Portugal","robots":{"index":"index","follow":"follow","max-snippet":"max-snippet:-1","max-image-preview":"max-image-preview:large","max-video-preview":"max-video-preview:-1"},"og_locale":"pt_PT","og_type":"article","og_title":"Falta de passagens sob a linha do Norte \u00e9 intoler\u00e1vel; Gaia exige corre\u00e7\u00e3o IP - Portal Tela Portugal","og_description":"O estudo de viabilidade para passagens inferiores \u00e0 linha do Norte na Aguda e Granja, Gaia, arrasta-se desde 2022 e pode ultrapassar quatro anos. O vice-presidente da C\u00e2mara de Gaia, Firmino Pereira, considera a falta de um projecto \u201cintoler\u00e1vel\u201d e solicita corre\u00e7\u00e3o junto da Infra-Estruturas de Portugal (IP) para eliminar a mancha urban\u00edstica. A autarquia pretende que as passagens sejam subterr\u00e2neas e desniveladas, substituindo as atuais, e vai abordar o tema numa reuni\u00e3o com a IP na segunda-feira. Tamb\u00e9m foi enfatizada a necessidade de manuten\u00e7\u00e3o regular dos elevadores existentes e de ampliar os abrigos para passageiros nas esta\u00e7\u00f5es da regi\u00e3o. Sobre o mirante da Madalena, a c\u00e2mara aponta para a sua reconstru\u00e7\u00e3o, existindo registos de desmontagem e acondicionamento das pe\u00e7as nos terrenos da Miseric\u00f3rdia de Gaia, segundo a IP.","og_url":"https:\/\/portaltela.pt\/noticias\/2026\/03\/05\/falta-de-passagens-sob-a-linha-do-norte-e-intoleravel-gaia-exige-correcao-ip\/","og_site_name":"Portal Tela Portugal","article_published_time":"2026-03-05T14:25:00+00:00","author":"Telinha","twitter_card":"summary_large_image","twitter_misc":{"Escrito por":"Telinha","Tempo estimado de leitura":"1 minuto"},"schema":{"@context":"https:\/\/schema.org","@graph":[{"@type":"Article","@id":"https:\/\/portaltela.pt\/noticias\/2026\/03\/05\/falta-de-passagens-sob-a-linha-do-norte-e-intoleravel-gaia-exige-correcao-ip\/#article","isPartOf":{"@id":"https:\/\/portaltela.pt\/noticias\/2026\/03\/05\/falta-de-passagens-sob-a-linha-do-norte-e-intoleravel-gaia-exige-correcao-ip\/"},"author":{"name":"Telinha","@id":"https:\/\/portaltela.pt\/#\/schema\/person\/c4278d4a6028830caff9ee44b42d32ed"},"headline":"Falta de passagens sob a linha do Norte \u00e9 intoler\u00e1vel; Gaia exige corre\u00e7\u00e3o IP","datePublished":"2026-03-05T14:25:00+00:00","mainEntityOfPage":{"@id":"https:\/\/portaltela.pt\/noticias\/2026\/03\/05\/falta-de-passagens-sob-a-linha-do-norte-e-intoleravel-gaia-exige-correcao-ip\/"},"wordCount":297,"image":{"@id":"https:\/\/portaltela.pt\/noticias\/2026\/03\/05\/falta-de-passagens-sob-a-linha-do-norte-e-intoleravel-gaia-exige-correcao-ip\/#primaryimage"},"thumbnailUrl":"https:\/\/portaltela.pt\/s.01k8rhncp4jt1\/2026\/03\/2072014.jpg","keywords":["acessibilidade","Gaia","Infraestruturas de Portugal","Linha","passagens","requalifica\u00e7\u00e3o urbana"],"articleSection":["Not\u00edcias","Pol\u00edtica"],"inLanguage":"pt-PT"},{"@type":"WebPage","@id":"https:\/\/portaltela.pt\/noticias\/2026\/03\/05\/falta-de-passagens-sob-a-linha-do-norte-e-intoleravel-gaia-exige-correcao-ip\/","url":"https:\/\/portaltela.pt\/noticias\/2026\/03\/05\/falta-de-passagens-sob-a-linha-do-norte-e-intoleravel-gaia-exige-correcao-ip\/","name":"Falta de passagens sob a linha do Norte \u00e9 intoler\u00e1vel; Gaia exige corre\u00e7\u00e3o IP - Portal Tela Portugal","isPartOf":{"@id":"https:\/\/portaltela.pt\/#website"},"primaryImageOfPage":{"@id":"https:\/\/portaltela.pt\/noticias\/2026\/03\/05\/falta-de-passagens-sob-a-linha-do-norte-e-intoleravel-gaia-exige-correcao-ip\/#primaryimage"},"image":{"@id":"https:\/\/portaltela.pt\/noticias\/2026\/03\/05\/falta-de-passagens-sob-a-linha-do-norte-e-intoleravel-gaia-exige-correcao-ip\/#primaryimage"},"thumbnailUrl":"https:\/\/portaltela.pt\/s.01k8rhncp4jt1\/2026\/03\/2072014.jpg","datePublished":"2026-03-05T14:25:00+00:00","author":{"@id":"https:\/\/portaltela.pt\/#\/schema\/person\/c4278d4a6028830caff9ee44b42d32ed"},"breadcrumb":{"@id":"https:\/\/portaltela.pt\/noticias\/2026\/03\/05\/falta-de-passagens-sob-a-linha-do-norte-e-intoleravel-gaia-exige-correcao-ip\/#breadcrumb"},"inLanguage":"pt-PT","potentialAction":[{"@type":"ReadAction","target":["https:\/\/portaltela.pt\/noticias\/2026\/03\/05\/falta-de-passagens-sob-a-linha-do-norte-e-intoleravel-gaia-exige-correcao-ip\/"]}]},{"@type":"ImageObject","inLanguage":"pt-PT","@id":"https:\/\/portaltela.pt\/noticias\/2026\/03\/05\/falta-de-passagens-sob-a-linha-do-norte-e-intoleravel-gaia-exige-correcao-ip\/#primaryimage","url":"https:\/\/portaltela.pt\/s.01k8rhncp4jt1\/2026\/03\/2072014.jpg","contentUrl":"https:\/\/portaltela.pt\/s.01k8rhncp4jt1\/2026\/03\/2072014.jpg","width":796,"height":448,"caption":"Houve muitas cr\u00edticas das popula\u00e7\u00f5es da Granja e Aguda \u00e0s passagens superiores e barreiras constru\u00eddas nas obras de requalifica\u00e7\u00e3o da linha do Norte"},{"@type":"BreadcrumbList","@id":"https:\/\/portaltela.pt\/noticias\/2026\/03\/05\/falta-de-passagens-sob-a-linha-do-norte-e-intoleravel-gaia-exige-correcao-ip\/#breadcrumb","itemListElement":[{"@type":"ListItem","position":1,"name":"In\u00edcio","item":"https:\/\/portaltela.pt\/"},{"@type":"ListItem","position":2,"name":"Falta de passagens sob a linha do Norte \u00e9 intoler\u00e1vel; Gaia exige corre\u00e7\u00e3o IP"}]},{"@type":"WebSite","@id":"https:\/\/portaltela.pt\/#website","url":"https:\/\/portaltela.pt\/","name":"Portal Tela Portugal","description":"","potentialAction":[{"@type":"SearchAction","target":{"@type":"EntryPoint","urlTemplate":"https:\/\/portaltela.pt\/?s={search_term_string}"},"query-input":{"@type":"PropertyValueSpecification","valueRequired":true,"valueName":"search_term_string"}}],"inLanguage":"pt-PT"},{"@type":"Person","@id":"https:\/\/portaltela.pt\/#\/schema\/person\/c4278d4a6028830caff9ee44b42d32ed","name":"Telinha","image":{"@type":"ImageObject","inLanguage":"pt-PT","@id":"https:\/\/portaltela.pt\/s.01k8rhncp4jt1\/2025\/11\/talking-bot-125x125.png","url":"https:\/\/portaltela.pt\/s.01k8rhncp4jt1\/2025\/11\/talking-bot-125x125.png","contentUrl":"https:\/\/portaltela.pt\/s.01k8rhncp4jt1\/2025\/11\/talking-bot-125x125.png","caption":"Telinha"},"sameAs":["https:\/\/portaltela.pt\/"],"url":"https:\/\/portaltela.pt\/por\/367410592786\/"}]}},"_links":{"self":[{"href":"https:\/\/portaltela.pt\/api\/wp\/v2\/posts\/398674","targetHints":{"allow":["GET"]}}],"collection":[{"href":"https:\/\/portaltela.pt\/api\/wp\/v2\/posts"}],"about":[{"href":"https:\/\/portaltela.pt\/api\/wp\/v2\/types\/post"}],"author":[{"embeddable":true,"href":"https:\/\/portaltela.pt\/api\/wp\/v2\/users\/2"}],"replies":[{"embeddable":true,"href":"https:\/\/portaltela.pt\/api\/wp\/v2\/comments?post=398674"}],"version-history":[{"count":0,"href":"https:\/\/portaltela.pt\/api\/wp\/v2\/posts\/398674\/revisions"}],"wp:featuredmedia":[{"embeddable":true,"href":"https:\/\/portaltela.pt\/api\/wp\/v2\/media\/398679"}],"wp:attachment":[{"href":"https:\/\/portaltela.pt\/api\/wp\/v2\/media?parent=398674"}],"wp:term":[{"taxonomy":"category","embeddable":true,"href":"https:\/\/portaltela.pt\/api\/wp\/v2\/categories?post=398674"},{"taxonomy":"post_tag","embeddable":true,"href":"https:\/\/portaltela.pt\/api\/wp\/v2\/tags?post=398674"}],"curies":[{"name":"wp","href":"https:\/\/api.w.org\/{rel}","templated":true}]}}