{"id":398662,"date":"2026-03-05T11:30:00","date_gmt":"2026-03-05T14:30:00","guid":{"rendered":"https:\/\/portaltela.pt\/noticias\/2026\/03\/05\/montenegro-diz-que-relacao-com-marcelo-foi-feliz-e-eficaz\/"},"modified":"2026-03-05T11:30:00","modified_gmt":"2026-03-05T14:30:00","slug":"montenegro-diz-que-relacao-com-marcelo-foi-feliz-e-eficaz","status":"publish","type":"post","link":"https:\/\/portaltela.pt\/noticias\/politica\/2026\/03\/05\/montenegro-diz-que-relacao-com-marcelo-foi-feliz-e-eficaz\/","title":{"rendered":"Montenegro diz que rela\u00e7\u00e3o com Marcelo foi feliz e eficaz"},"content":{"rendered":"<p>Marcelo Rebelo de Sousa reuniu-se com o Governo PSD\/CDS-PP. Na resid\u00eancia oficial de S\u00e3o Bento, o Presidente recebeu todos os ministros e secret\u00e1rios de Estado antes do final do mandato.<\/p>\n<p>O primeiro-ministro Lu\u00eds Montenegro elogiou a coopera\u00e7\u00e3o institucional entre o Governo e o Presidente ao longo de quase dois anos, destacando que a colabora\u00e7\u00e3o foi marcada por resultados pr\u00e1ticos e pela capacidade de antecipar problemas.<\/p>\n<p>Montenegro, que preside a reuni\u00e3o do Conselho de Ministros, afirmou aos jornalistas que a rela\u00e7\u00e3o foi feliz e eficaz, sublinhando que houve resolu\u00e7\u00e3o de quest\u00f5es relevantes. O Presidente acompanhou a conversa sentado, num tom informal.<\/p>\n<p>Antes do encontro, houve uma sess\u00e3o de cumprimentos ao Presidente cessante pelos membros do Executivo, seguida de uma foto de fam\u00edlia junto \u00e0 Sala da Lareira.<\/p>\n<p>O momento ocorre quatro dias antes do t\u00e9rmino do segundo mandato consecutivo de Marcelo Rebelo de Sousa, que anunciou a inten\u00e7\u00e3o de \u201cvirar a p\u00e1gina\u201d na pol\u00edtica nacional ap\u00f3s concluir o ciclo.<\/p>\n<p>A cerim\u00f3nia come\u00e7ou com cumprimentos ao chefe de Estado e terminou com uma conversa entre os dois l\u00edderes sobre a coopera\u00e7\u00e3o anterior, em tom reservado e informal.<\/p>\n","protected":false},"excerpt":{"rendered":"<ul>\n<li>Lu\u00eds Montenegro agradeceu ao Presidente da Rep\u00fablica, Marcelo Rebelo de Sousa, pela colabora\u00e7\u00e3o institucional, dizendo que foram felizes e eficazes, muitas vezes antecipando problemas.<\/li>\n<li>O primeiro-ministro reuniu-se com todos os ministros e secret\u00e1rios de Estado do Governo PSD\/CDS-PP na resid\u00eancia oficial de S\u00e3o Bento em Lisboa.<\/li>\n<li>Montenegro afirmou que os dois foram capazes de \u201cresolver todos os problemas\u201d que precisavam ultrapassar, mantendo a coopera\u00e7\u00e3o ao longo de quase dois anos, quatro dias antes do fim do segundo mandato consecutivo de Rebelo de Sousa.<\/li>\n<li>A conversa decorreu informalmente, com os dois sentados em cadeir\u00f5es na Sala da Lareira, ap\u00f3s uma sess\u00e3o de cumprimentos e uma foto de fam\u00edlia.<\/li>\n<li>Rebelo de Sousa lembra anos de coopera\u00e7\u00e3o com o Governo antes de virar a p\u00e1gina na pol\u00edtica do pa\u00eds.<\/li>\n<\/ul>\n","protected":false},"author":2,"featured_media":398663,"comment_status":"closed","ping_status":"closed","sticky":false,"template":"","format":"standard","meta":{"footnotes":""},"categories":[1,5],"tags":[4654,34,2832,1014,30,27],"class_list":["post-398662","post","type-post","status-publish","format-standard","has-post-thumbnail","hentry","category-noticias","category-politica","tag-cooperacao-institucional","tag-governo","tag-politica","tag-portugal","tag-presidente","tag-relacoes-internacionais"],"yoast_head":"<!-- This site is optimized with the Yoast SEO plugin v27.2 - https:\/\/yoast.com\/product\/yoast-seo-wordpress\/ -->\n<title>Montenegro diz que rela\u00e7\u00e3o com Marcelo foi feliz e eficaz - Portal Tela Portugal<\/title>\n<meta name=\"robots\" content=\"index, follow, max-snippet:-1, max-image-preview:large, max-video-preview:-1\" \/>\n<meta property=\"og:locale\" content=\"pt_PT\" \/>\n<meta property=\"og:type\" content=\"article\" \/>\n<meta property=\"og:title\" content=\"Montenegro diz que rela\u00e7\u00e3o com Marcelo foi feliz e eficaz - Portal Tela Portugal\" \/>\n<meta property=\"og:description\" content=\"Lu\u00eds Montenegro agradeceu ao Presidente da Rep\u00fablica, Marcelo Rebelo de Sousa, pela colabora\u00e7\u00e3o institucional, dizendo que foram felizes e eficazes, muitas vezes antecipando problemas. O primeiro-ministro reuniu-se com todos os ministros e secret\u00e1rios de Estado do Governo PSD\/CDS-PP na resid\u00eancia oficial de S\u00e3o Bento em Lisboa. Montenegro afirmou que os dois foram capazes de \u201cresolver todos os problemas\u201d que precisavam ultrapassar, mantendo a coopera\u00e7\u00e3o ao longo de quase dois anos, quatro dias antes do fim do segundo mandato consecutivo de Rebelo de Sousa. A conversa decorreu informalmente, com os dois sentados em cadeir\u00f5es na Sala da Lareira, ap\u00f3s uma sess\u00e3o de cumprimentos e uma foto de fam\u00edlia. Rebelo de Sousa lembra anos de coopera\u00e7\u00e3o com o Governo antes de virar a p\u00e1gina na pol\u00edtica do pa\u00eds.\" \/>\n<meta property=\"og:url\" content=\"https:\/\/portaltela.pt\/noticias\/2026\/03\/05\/montenegro-diz-que-relacao-com-marcelo-foi-feliz-e-eficaz\/\" \/>\n<meta property=\"og:site_name\" content=\"Portal Tela Portugal\" \/>\n<meta property=\"article:published_time\" content=\"2026-03-05T14:30:00+00:00\" \/>\n<meta name=\"author\" content=\"Telinha\" \/>\n<meta name=\"twitter:card\" content=\"summary_large_image\" \/>\n<meta name=\"twitter:label1\" content=\"Escrito por\" \/>\n\t<meta name=\"twitter:data1\" content=\"Telinha\" \/>\n\t<meta name=\"twitter:label2\" content=\"Tempo estimado de leitura\" \/>\n\t<meta name=\"twitter:data2\" content=\"1 minuto\" \/>\n<script type=\"application\/ld+json\" class=\"yoast-schema-graph\">{\"@context\":\"https:\/\/schema.org\",\"@graph\":[{\"@type\":\"Article\",\"@id\":\"https:\/\/portaltela.pt\/noticias\/2026\/03\/05\/montenegro-diz-que-relacao-com-marcelo-foi-feliz-e-eficaz\/#article\",\"isPartOf\":{\"@id\":\"https:\/\/portaltela.pt\/noticias\/2026\/03\/05\/montenegro-diz-que-relacao-com-marcelo-foi-feliz-e-eficaz\/\"},\"author\":{\"name\":\"Telinha\",\"@id\":\"https:\/\/portaltela.pt\/#\/schema\/person\/c4278d4a6028830caff9ee44b42d32ed\"},\"headline\":\"Montenegro diz que rela\u00e7\u00e3o com Marcelo foi feliz e eficaz\",\"datePublished\":\"2026-03-05T14:30:00+00:00\",\"mainEntityOfPage\":{\"@id\":\"https:\/\/portaltela.pt\/noticias\/2026\/03\/05\/montenegro-diz-que-relacao-com-marcelo-foi-feliz-e-eficaz\/\"},\"wordCount\":218,\"image\":{\"@id\":\"https:\/\/portaltela.pt\/noticias\/2026\/03\/05\/montenegro-diz-que-relacao-com-marcelo-foi-feliz-e-eficaz\/#primaryimage\"},\"thumbnailUrl\":\"https:\/\/portaltela.pt\/s.01k8rhncp4jt1\/2026\/03\/img_1500x1000uu2026-03-05-14-29-04-2270545.jpg\",\"keywords\":[\"coopera\u00e7\u00e3o institucional\",\"governo\",\"pol\u00edtica\",\"Portugal\",\"presidente\",\"rela\u00e7\u00f5es internacionais\"],\"articleSection\":[\"Not\u00edcias\",\"Pol\u00edtica\"],\"inLanguage\":\"pt-PT\"},{\"@type\":\"WebPage\",\"@id\":\"https:\/\/portaltela.pt\/noticias\/2026\/03\/05\/montenegro-diz-que-relacao-com-marcelo-foi-feliz-e-eficaz\/\",\"url\":\"https:\/\/portaltela.pt\/noticias\/2026\/03\/05\/montenegro-diz-que-relacao-com-marcelo-foi-feliz-e-eficaz\/\",\"name\":\"Montenegro diz que rela\u00e7\u00e3o com Marcelo foi feliz e eficaz - Portal Tela Portugal\",\"isPartOf\":{\"@id\":\"https:\/\/portaltela.pt\/#website\"},\"primaryImageOfPage\":{\"@id\":\"https:\/\/portaltela.pt\/noticias\/2026\/03\/05\/montenegro-diz-que-relacao-com-marcelo-foi-feliz-e-eficaz\/#primaryimage\"},\"image\":{\"@id\":\"https:\/\/portaltela.pt\/noticias\/2026\/03\/05\/montenegro-diz-que-relacao-com-marcelo-foi-feliz-e-eficaz\/#primaryimage\"},\"thumbnailUrl\":\"https:\/\/portaltela.pt\/s.01k8rhncp4jt1\/2026\/03\/img_1500x1000uu2026-03-05-14-29-04-2270545.jpg\",\"datePublished\":\"2026-03-05T14:30:00+00:00\",\"author\":{\"@id\":\"https:\/\/portaltela.pt\/#\/schema\/person\/c4278d4a6028830caff9ee44b42d32ed\"},\"breadcrumb\":{\"@id\":\"https:\/\/portaltela.pt\/noticias\/2026\/03\/05\/montenegro-diz-que-relacao-com-marcelo-foi-feliz-e-eficaz\/#breadcrumb\"},\"inLanguage\":\"pt-PT\",\"potentialAction\":[{\"@type\":\"ReadAction\",\"target\":[\"https:\/\/portaltela.pt\/noticias\/2026\/03\/05\/montenegro-diz-que-relacao-com-marcelo-foi-feliz-e-eficaz\/\"]}]},{\"@type\":\"ImageObject\",\"inLanguage\":\"pt-PT\",\"@id\":\"https:\/\/portaltela.pt\/noticias\/2026\/03\/05\/montenegro-diz-que-relacao-com-marcelo-foi-feliz-e-eficaz\/#primaryimage\",\"url\":\"https:\/\/portaltela.pt\/s.01k8rhncp4jt1\/2026\/03\/img_1500x1000uu2026-03-05-14-29-04-2270545.jpg\",\"contentUrl\":\"https:\/\/portaltela.pt\/s.01k8rhncp4jt1\/2026\/03\/img_1500x1000uu2026-03-05-14-29-04-2270545.jpg\",\"width\":796,\"height\":448,\"caption\":\"Presidente da Rep\u00fablica, Marcelo Rebelo de Sousa, ao lado do primeiro-ministro, Lu\u00eds Montenegro\"},{\"@type\":\"BreadcrumbList\",\"@id\":\"https:\/\/portaltela.pt\/noticias\/2026\/03\/05\/montenegro-diz-que-relacao-com-marcelo-foi-feliz-e-eficaz\/#breadcrumb\",\"itemListElement\":[{\"@type\":\"ListItem\",\"position\":1,\"name\":\"In\u00edcio\",\"item\":\"https:\/\/portaltela.pt\/\"},{\"@type\":\"ListItem\",\"position\":2,\"name\":\"Montenegro diz que rela\u00e7\u00e3o com Marcelo foi feliz e eficaz\"}]},{\"@type\":\"WebSite\",\"@id\":\"https:\/\/portaltela.pt\/#website\",\"url\":\"https:\/\/portaltela.pt\/\",\"name\":\"Portal Tela Portugal\",\"description\":\"\",\"potentialAction\":[{\"@type\":\"SearchAction\",\"target\":{\"@type\":\"EntryPoint\",\"urlTemplate\":\"https:\/\/portaltela.pt\/?s={search_term_string}\"},\"query-input\":{\"@type\":\"PropertyValueSpecification\",\"valueRequired\":true,\"valueName\":\"search_term_string\"}}],\"inLanguage\":\"pt-PT\"},{\"@type\":\"Person\",\"@id\":\"https:\/\/portaltela.pt\/#\/schema\/person\/c4278d4a6028830caff9ee44b42d32ed\",\"name\":\"Telinha\",\"image\":{\"@type\":\"ImageObject\",\"inLanguage\":\"pt-PT\",\"@id\":\"https:\/\/portaltela.pt\/s.01k8rhncp4jt1\/2025\/11\/talking-bot-125x125.png\",\"url\":\"https:\/\/portaltela.pt\/s.01k8rhncp4jt1\/2025\/11\/talking-bot-125x125.png\",\"contentUrl\":\"https:\/\/portaltela.pt\/s.01k8rhncp4jt1\/2025\/11\/talking-bot-125x125.png\",\"caption\":\"Telinha\"},\"sameAs\":[\"https:\/\/portaltela.pt\/\"],\"url\":\"https:\/\/portaltela.pt\/por\/367410592786\/\"}]}<\/script>\n<!-- \/ Yoast SEO plugin. -->","yoast_head_json":{"title":"Montenegro diz que rela\u00e7\u00e3o com Marcelo foi feliz e eficaz - Portal Tela Portugal","robots":{"index":"index","follow":"follow","max-snippet":"max-snippet:-1","max-image-preview":"max-image-preview:large","max-video-preview":"max-video-preview:-1"},"og_locale":"pt_PT","og_type":"article","og_title":"Montenegro diz que rela\u00e7\u00e3o com Marcelo foi feliz e eficaz - Portal Tela Portugal","og_description":"Lu\u00eds Montenegro agradeceu ao Presidente da Rep\u00fablica, Marcelo Rebelo de Sousa, pela colabora\u00e7\u00e3o institucional, dizendo que foram felizes e eficazes, muitas vezes antecipando problemas. O primeiro-ministro reuniu-se com todos os ministros e secret\u00e1rios de Estado do Governo PSD\/CDS-PP na resid\u00eancia oficial de S\u00e3o Bento em Lisboa. Montenegro afirmou que os dois foram capazes de \u201cresolver todos os problemas\u201d que precisavam ultrapassar, mantendo a coopera\u00e7\u00e3o ao longo de quase dois anos, quatro dias antes do fim do segundo mandato consecutivo de Rebelo de Sousa. A conversa decorreu informalmente, com os dois sentados em cadeir\u00f5es na Sala da Lareira, ap\u00f3s uma sess\u00e3o de cumprimentos e uma foto de fam\u00edlia. Rebelo de Sousa lembra anos de coopera\u00e7\u00e3o com o Governo antes de virar a p\u00e1gina na pol\u00edtica do pa\u00eds.","og_url":"https:\/\/portaltela.pt\/noticias\/2026\/03\/05\/montenegro-diz-que-relacao-com-marcelo-foi-feliz-e-eficaz\/","og_site_name":"Portal Tela Portugal","article_published_time":"2026-03-05T14:30:00+00:00","author":"Telinha","twitter_card":"summary_large_image","twitter_misc":{"Escrito por":"Telinha","Tempo estimado de leitura":"1 minuto"},"schema":{"@context":"https:\/\/schema.org","@graph":[{"@type":"Article","@id":"https:\/\/portaltela.pt\/noticias\/2026\/03\/05\/montenegro-diz-que-relacao-com-marcelo-foi-feliz-e-eficaz\/#article","isPartOf":{"@id":"https:\/\/portaltela.pt\/noticias\/2026\/03\/05\/montenegro-diz-que-relacao-com-marcelo-foi-feliz-e-eficaz\/"},"author":{"name":"Telinha","@id":"https:\/\/portaltela.pt\/#\/schema\/person\/c4278d4a6028830caff9ee44b42d32ed"},"headline":"Montenegro diz que rela\u00e7\u00e3o com Marcelo foi feliz e eficaz","datePublished":"2026-03-05T14:30:00+00:00","mainEntityOfPage":{"@id":"https:\/\/portaltela.pt\/noticias\/2026\/03\/05\/montenegro-diz-que-relacao-com-marcelo-foi-feliz-e-eficaz\/"},"wordCount":218,"image":{"@id":"https:\/\/portaltela.pt\/noticias\/2026\/03\/05\/montenegro-diz-que-relacao-com-marcelo-foi-feliz-e-eficaz\/#primaryimage"},"thumbnailUrl":"https:\/\/portaltela.pt\/s.01k8rhncp4jt1\/2026\/03\/img_1500x1000uu2026-03-05-14-29-04-2270545.jpg","keywords":["coopera\u00e7\u00e3o institucional","governo","pol\u00edtica","Portugal","presidente","rela\u00e7\u00f5es internacionais"],"articleSection":["Not\u00edcias","Pol\u00edtica"],"inLanguage":"pt-PT"},{"@type":"WebPage","@id":"https:\/\/portaltela.pt\/noticias\/2026\/03\/05\/montenegro-diz-que-relacao-com-marcelo-foi-feliz-e-eficaz\/","url":"https:\/\/portaltela.pt\/noticias\/2026\/03\/05\/montenegro-diz-que-relacao-com-marcelo-foi-feliz-e-eficaz\/","name":"Montenegro diz que rela\u00e7\u00e3o com Marcelo foi feliz e eficaz - Portal Tela Portugal","isPartOf":{"@id":"https:\/\/portaltela.pt\/#website"},"primaryImageOfPage":{"@id":"https:\/\/portaltela.pt\/noticias\/2026\/03\/05\/montenegro-diz-que-relacao-com-marcelo-foi-feliz-e-eficaz\/#primaryimage"},"image":{"@id":"https:\/\/portaltela.pt\/noticias\/2026\/03\/05\/montenegro-diz-que-relacao-com-marcelo-foi-feliz-e-eficaz\/#primaryimage"},"thumbnailUrl":"https:\/\/portaltela.pt\/s.01k8rhncp4jt1\/2026\/03\/img_1500x1000uu2026-03-05-14-29-04-2270545.jpg","datePublished":"2026-03-05T14:30:00+00:00","author":{"@id":"https:\/\/portaltela.pt\/#\/schema\/person\/c4278d4a6028830caff9ee44b42d32ed"},"breadcrumb":{"@id":"https:\/\/portaltela.pt\/noticias\/2026\/03\/05\/montenegro-diz-que-relacao-com-marcelo-foi-feliz-e-eficaz\/#breadcrumb"},"inLanguage":"pt-PT","potentialAction":[{"@type":"ReadAction","target":["https:\/\/portaltela.pt\/noticias\/2026\/03\/05\/montenegro-diz-que-relacao-com-marcelo-foi-feliz-e-eficaz\/"]}]},{"@type":"ImageObject","inLanguage":"pt-PT","@id":"https:\/\/portaltela.pt\/noticias\/2026\/03\/05\/montenegro-diz-que-relacao-com-marcelo-foi-feliz-e-eficaz\/#primaryimage","url":"https:\/\/portaltela.pt\/s.01k8rhncp4jt1\/2026\/03\/img_1500x1000uu2026-03-05-14-29-04-2270545.jpg","contentUrl":"https:\/\/portaltela.pt\/s.01k8rhncp4jt1\/2026\/03\/img_1500x1000uu2026-03-05-14-29-04-2270545.jpg","width":796,"height":448,"caption":"Presidente da Rep\u00fablica, Marcelo Rebelo de Sousa, ao lado do primeiro-ministro, Lu\u00eds Montenegro"},{"@type":"BreadcrumbList","@id":"https:\/\/portaltela.pt\/noticias\/2026\/03\/05\/montenegro-diz-que-relacao-com-marcelo-foi-feliz-e-eficaz\/#breadcrumb","itemListElement":[{"@type":"ListItem","position":1,"name":"In\u00edcio","item":"https:\/\/portaltela.pt\/"},{"@type":"ListItem","position":2,"name":"Montenegro diz que rela\u00e7\u00e3o com Marcelo foi feliz e eficaz"}]},{"@type":"WebSite","@id":"https:\/\/portaltela.pt\/#website","url":"https:\/\/portaltela.pt\/","name":"Portal Tela Portugal","description":"","potentialAction":[{"@type":"SearchAction","target":{"@type":"EntryPoint","urlTemplate":"https:\/\/portaltela.pt\/?s={search_term_string}"},"query-input":{"@type":"PropertyValueSpecification","valueRequired":true,"valueName":"search_term_string"}}],"inLanguage":"pt-PT"},{"@type":"Person","@id":"https:\/\/portaltela.pt\/#\/schema\/person\/c4278d4a6028830caff9ee44b42d32ed","name":"Telinha","image":{"@type":"ImageObject","inLanguage":"pt-PT","@id":"https:\/\/portaltela.pt\/s.01k8rhncp4jt1\/2025\/11\/talking-bot-125x125.png","url":"https:\/\/portaltela.pt\/s.01k8rhncp4jt1\/2025\/11\/talking-bot-125x125.png","contentUrl":"https:\/\/portaltela.pt\/s.01k8rhncp4jt1\/2025\/11\/talking-bot-125x125.png","caption":"Telinha"},"sameAs":["https:\/\/portaltela.pt\/"],"url":"https:\/\/portaltela.pt\/por\/367410592786\/"}]}},"_links":{"self":[{"href":"https:\/\/portaltela.pt\/api\/wp\/v2\/posts\/398662","targetHints":{"allow":["GET"]}}],"collection":[{"href":"https:\/\/portaltela.pt\/api\/wp\/v2\/posts"}],"about":[{"href":"https:\/\/portaltela.pt\/api\/wp\/v2\/types\/post"}],"author":[{"embeddable":true,"href":"https:\/\/portaltela.pt\/api\/wp\/v2\/users\/2"}],"replies":[{"embeddable":true,"href":"https:\/\/portaltela.pt\/api\/wp\/v2\/comments?post=398662"}],"version-history":[{"count":0,"href":"https:\/\/portaltela.pt\/api\/wp\/v2\/posts\/398662\/revisions"}],"wp:featuredmedia":[{"embeddable":true,"href":"https:\/\/portaltela.pt\/api\/wp\/v2\/media\/398663"}],"wp:attachment":[{"href":"https:\/\/portaltela.pt\/api\/wp\/v2\/media?parent=398662"}],"wp:term":[{"taxonomy":"category","embeddable":true,"href":"https:\/\/portaltela.pt\/api\/wp\/v2\/categories?post=398662"},{"taxonomy":"post_tag","embeddable":true,"href":"https:\/\/portaltela.pt\/api\/wp\/v2\/tags?post=398662"}],"curies":[{"name":"wp","href":"https:\/\/api.w.org\/{rel}","templated":true}]}}