{"id":398613,"date":"2026-03-05T10:43:59","date_gmt":"2026-03-05T13:43:59","guid":{"rendered":"https:\/\/portaltela.pt\/noticias\/2026\/03\/05\/tres-estruturas-em-coimbra-tem-apoio-a-programacao-ate-2029\/"},"modified":"2026-03-05T10:43:59","modified_gmt":"2026-03-05T13:43:59","slug":"tres-estruturas-em-coimbra-tem-apoio-a-programacao-ate-2029","status":"publish","type":"post","link":"https:\/\/portaltela.pt\/noticias\/2026\/03\/05\/tres-estruturas-em-coimbra-tem-apoio-a-programacao-ate-2029\/","title":{"rendered":"Tr\u00eas estruturas em Coimbra t\u00eam apoio \u00e0 programa\u00e7\u00e3o at\u00e9 2029"},"content":{"rendered":"<p>A Dire\u00e7\u00e3o-Geral das Artes (DGArtes) aprovou o apoio \u00e0 programa\u00e7\u00e3o de 42 equipamentos da Rede Teatros e Cineteatros Portugueses (RTCP) para o per\u00edodo 2026-2029, num total de 23,2 milh\u00f5es de euros. Em Coimbra, tr\u00eas estruturas viram candidaturas aprovadas para continuar a atividade at\u00e9 2029.<\/p>\n<p>Entre as institui\u00e7\u00f5es de Coimbra, o Teatr\u00e3o, o Teatro Acad\u00e9mico de Gil Vicente (TAGV) e a Escola da Noite obtiveram confirma\u00e7\u00e3o oficial dos seus projetos. A DGArtes divulgou, em fevereiro, que iria divulgar, posteriormente, os resultados finais ap\u00f3s audi\u00eancia de interessados.<\/p>\n<h3>Apoio financeiro e impactos<\/h3>\n<p>O Teatr\u00e3o viu a sua candidatura ficar em primeiro lugar na RTCP, o que traduz uma duplica\u00e7\u00e3o do apoio anual, de 100 mil para 200 mil euros. A dire\u00e7\u00e3o art\u00edstica, Isabel Craveiro, destacou que a classifica\u00e7\u00e3o confirma a qualidade do trabalho da companhia e a relev\u00e2ncia da programa\u00e7\u00e3o para Coimbra e regi\u00e3o.<\/p>\n<p>O TAGV obteve financiamento de 600 mil euros para a programa\u00e7\u00e3o de 2026 a 2029, com o projeto Futuros Poss\u00edveis: Reimaginar o Teatro na Pra\u00e7a a centrar-se na arte como processo capaz de promover regenera\u00e7\u00e3o social e cultural, a partir da participa\u00e7\u00e3o do p\u00fablico. A dire\u00e7\u00e3o salientou o valor da liga\u00e7\u00e3o entre academia, cidade e mediaci\u00f3n com a comunidade.<\/p>\n<p>A Escola da Noite ainda n\u00e3o respondeu publicamente ao pedido de confirma\u00e7\u00e3o do seu projeto, mantido em an\u00e1lise pela DGArtes at\u00e9 ser divulgado o conjunto de resultados finais. A DGArtes explicita que o apoio visa refor\u00e7ar a liga\u00e7\u00e3o entre programa\u00e7\u00e3o, produ\u00e7\u00e3o art\u00edstica e parques culturais regionais.<\/p>\n<p>A DGArtes prev\u00ea ainda que o conjunto de decis\u00f5es do j\u00fari seja seguidamente acompanhado por uma audi\u00eancia de interessados, antes da divulga\u00e7\u00e3o final dos resultados. O Centro do pa\u00eds mant\u00e9m, assim, o maior n\u00famero de refor\u00e7os de apoio no \u00e2mbito desta edi\u00e7\u00e3o.<\/p>\n","protected":false},"excerpt":{"rendered":"<ul>\n<li>Tr\u00eas estruturas de Coimbra \u2013 Teatr\u00e3o, Teatro Acad\u00e9mico de Gil Vicente (TAGV) e Escola da Noite \u2013 tiveram candidaturas aprovadas no concurso de apoio \u00e0 programa\u00e7\u00e3o da DGArtes at\u00e9 2029.<\/li>\n<li>A DGArtes vai apoiar 42 equipamentos da Rede Teatros e Cineteatros Portugueses (RTCP) com 23,2 milh\u00f5es de euros entre 2026 e 2029.<\/li>\n<li>O Teatr\u00e3o ficou em primeiro lugar no concurso RTCP, aumentando o financiamento de 100 mil euros para 200 mil euros por ano.<\/li>\n<li>O TAGV ficou classificado em oitavo lugar, com financiamento de 600 mil euros para a programa\u00e7\u00e3o entre 2026 e 2029.<\/li>\n<li>A Escola da Noite ainda n\u00e3o teve o projeto divulgado, estando a data de publica\u00e7\u00e3o dos resultados finais dependente da audi\u00eancia de interessados.<\/li>\n<\/ul>\n","protected":false},"author":2,"featured_media":398628,"comment_status":"closed","ping_status":"closed","sticky":false,"template":"","format":"standard","meta":{"footnotes":""},"categories":[1],"tags":[1975,1070,145,6009,119],"class_list":["post-398613","post","type-post","status-publish","format-standard","has-post-thumbnail","hentry","category-noticias","tag-arte-teatro-concertos","tag-coimbra","tag-cultura","tag-dgartes","tag-teatro"],"yoast_head":"<!-- This site is optimized with the Yoast SEO plugin v27.2 - https:\/\/yoast.com\/product\/yoast-seo-wordpress\/ -->\n<title>Tr\u00eas estruturas em Coimbra t\u00eam apoio \u00e0 programa\u00e7\u00e3o at\u00e9 2029 - Portal Tela Portugal<\/title>\n<meta name=\"robots\" content=\"index, follow, max-snippet:-1, max-image-preview:large, max-video-preview:-1\" \/>\n<meta property=\"og:locale\" content=\"pt_PT\" \/>\n<meta property=\"og:type\" content=\"article\" \/>\n<meta property=\"og:title\" content=\"Tr\u00eas estruturas em Coimbra t\u00eam apoio \u00e0 programa\u00e7\u00e3o at\u00e9 2029 - Portal Tela Portugal\" \/>\n<meta property=\"og:description\" content=\"Tr\u00eas estruturas de Coimbra \u2013 Teatr\u00e3o, Teatro Acad\u00e9mico de Gil Vicente (TAGV) e Escola da Noite \u2013 tiveram candidaturas aprovadas no concurso de apoio \u00e0 programa\u00e7\u00e3o da DGArtes at\u00e9 2029. A DGArtes vai apoiar 42 equipamentos da Rede Teatros e Cineteatros Portugueses (RTCP) com 23,2 milh\u00f5es de euros entre 2026 e 2029. O Teatr\u00e3o ficou em primeiro lugar no concurso RTCP, aumentando o financiamento de 100 mil euros para 200 mil euros por ano. O TAGV ficou classificado em oitavo lugar, com financiamento de 600 mil euros para a programa\u00e7\u00e3o entre 2026 e 2029. A Escola da Noite ainda n\u00e3o teve o projeto divulgado, estando a data de publica\u00e7\u00e3o dos resultados finais dependente da audi\u00eancia de interessados.\" \/>\n<meta property=\"og:url\" content=\"https:\/\/portaltela.pt\/noticias\/2026\/03\/05\/tres-estruturas-em-coimbra-tem-apoio-a-programacao-ate-2029\/\" \/>\n<meta property=\"og:site_name\" content=\"Portal Tela Portugal\" \/>\n<meta property=\"article:published_time\" content=\"2026-03-05T13:43:59+00:00\" \/>\n<meta name=\"author\" content=\"Telinha\" \/>\n<meta name=\"twitter:card\" content=\"summary_large_image\" \/>\n<meta name=\"twitter:label1\" content=\"Escrito por\" \/>\n\t<meta name=\"twitter:data1\" content=\"Telinha\" \/>\n\t<meta name=\"twitter:label2\" content=\"Tempo estimado de leitura\" \/>\n\t<meta name=\"twitter:data2\" content=\"2 minutos\" \/>\n<script type=\"application\/ld+json\" class=\"yoast-schema-graph\">{\"@context\":\"https:\/\/schema.org\",\"@graph\":[{\"@type\":\"Article\",\"@id\":\"https:\/\/portaltela.pt\/noticias\/2026\/03\/05\/tres-estruturas-em-coimbra-tem-apoio-a-programacao-ate-2029\/#article\",\"isPartOf\":{\"@id\":\"https:\/\/portaltela.pt\/noticias\/2026\/03\/05\/tres-estruturas-em-coimbra-tem-apoio-a-programacao-ate-2029\/\"},\"author\":{\"name\":\"Telinha\",\"@id\":\"https:\/\/portaltela.pt\/#\/schema\/person\/c4278d4a6028830caff9ee44b42d32ed\"},\"headline\":\"Tr\u00eas estruturas em Coimbra t\u00eam apoio \u00e0 programa\u00e7\u00e3o at\u00e9 2029\",\"datePublished\":\"2026-03-05T13:43:59+00:00\",\"mainEntityOfPage\":{\"@id\":\"https:\/\/portaltela.pt\/noticias\/2026\/03\/05\/tres-estruturas-em-coimbra-tem-apoio-a-programacao-ate-2029\/\"},\"wordCount\":335,\"image\":{\"@id\":\"https:\/\/portaltela.pt\/noticias\/2026\/03\/05\/tres-estruturas-em-coimbra-tem-apoio-a-programacao-ate-2029\/#primaryimage\"},\"thumbnailUrl\":\"https:\/\/portaltela.pt\/s.01k8rhncp4jt1\/2026\/03\/img_1500x1000uu2015-01-07-10-24-00-428321.jpg\",\"keywords\":[\"arte\/teatro\/concertos\",\"Coimbra\",\"cultura\",\"DGArtes\",\"teatro\"],\"articleSection\":[\"Not\u00edcias\"],\"inLanguage\":\"pt-PT\"},{\"@type\":\"WebPage\",\"@id\":\"https:\/\/portaltela.pt\/noticias\/2026\/03\/05\/tres-estruturas-em-coimbra-tem-apoio-a-programacao-ate-2029\/\",\"url\":\"https:\/\/portaltela.pt\/noticias\/2026\/03\/05\/tres-estruturas-em-coimbra-tem-apoio-a-programacao-ate-2029\/\",\"name\":\"Tr\u00eas estruturas em Coimbra t\u00eam apoio \u00e0 programa\u00e7\u00e3o at\u00e9 2029 - Portal Tela Portugal\",\"isPartOf\":{\"@id\":\"https:\/\/portaltela.pt\/#website\"},\"primaryImageOfPage\":{\"@id\":\"https:\/\/portaltela.pt\/noticias\/2026\/03\/05\/tres-estruturas-em-coimbra-tem-apoio-a-programacao-ate-2029\/#primaryimage\"},\"image\":{\"@id\":\"https:\/\/portaltela.pt\/noticias\/2026\/03\/05\/tres-estruturas-em-coimbra-tem-apoio-a-programacao-ate-2029\/#primaryimage\"},\"thumbnailUrl\":\"https:\/\/portaltela.pt\/s.01k8rhncp4jt1\/2026\/03\/img_1500x1000uu2015-01-07-10-24-00-428321.jpg\",\"datePublished\":\"2026-03-05T13:43:59+00:00\",\"author\":{\"@id\":\"https:\/\/portaltela.pt\/#\/schema\/person\/c4278d4a6028830caff9ee44b42d32ed\"},\"breadcrumb\":{\"@id\":\"https:\/\/portaltela.pt\/noticias\/2026\/03\/05\/tres-estruturas-em-coimbra-tem-apoio-a-programacao-ate-2029\/#breadcrumb\"},\"inLanguage\":\"pt-PT\",\"potentialAction\":[{\"@type\":\"ReadAction\",\"target\":[\"https:\/\/portaltela.pt\/noticias\/2026\/03\/05\/tres-estruturas-em-coimbra-tem-apoio-a-programacao-ate-2029\/\"]}]},{\"@type\":\"ImageObject\",\"inLanguage\":\"pt-PT\",\"@id\":\"https:\/\/portaltela.pt\/noticias\/2026\/03\/05\/tres-estruturas-em-coimbra-tem-apoio-a-programacao-ate-2029\/#primaryimage\",\"url\":\"https:\/\/portaltela.pt\/s.01k8rhncp4jt1\/2026\/03\/img_1500x1000uu2015-01-07-10-24-00-428321.jpg\",\"contentUrl\":\"https:\/\/portaltela.pt\/s.01k8rhncp4jt1\/2026\/03\/img_1500x1000uu2015-01-07-10-24-00-428321.jpg\",\"width\":796,\"height\":448,\"caption\":\"Teatro Acad\u00e9mico de Gil Vicente, Coimbra\"},{\"@type\":\"BreadcrumbList\",\"@id\":\"https:\/\/portaltela.pt\/noticias\/2026\/03\/05\/tres-estruturas-em-coimbra-tem-apoio-a-programacao-ate-2029\/#breadcrumb\",\"itemListElement\":[{\"@type\":\"ListItem\",\"position\":1,\"name\":\"In\u00edcio\",\"item\":\"https:\/\/portaltela.pt\/\"},{\"@type\":\"ListItem\",\"position\":2,\"name\":\"Tr\u00eas estruturas em Coimbra t\u00eam apoio \u00e0 programa\u00e7\u00e3o at\u00e9 2029\"}]},{\"@type\":\"WebSite\",\"@id\":\"https:\/\/portaltela.pt\/#website\",\"url\":\"https:\/\/portaltela.pt\/\",\"name\":\"Portal Tela Portugal\",\"description\":\"\",\"potentialAction\":[{\"@type\":\"SearchAction\",\"target\":{\"@type\":\"EntryPoint\",\"urlTemplate\":\"https:\/\/portaltela.pt\/?s={search_term_string}\"},\"query-input\":{\"@type\":\"PropertyValueSpecification\",\"valueRequired\":true,\"valueName\":\"search_term_string\"}}],\"inLanguage\":\"pt-PT\"},{\"@type\":\"Person\",\"@id\":\"https:\/\/portaltela.pt\/#\/schema\/person\/c4278d4a6028830caff9ee44b42d32ed\",\"name\":\"Telinha\",\"image\":{\"@type\":\"ImageObject\",\"inLanguage\":\"pt-PT\",\"@id\":\"https:\/\/portaltela.pt\/s.01k8rhncp4jt1\/2025\/11\/talking-bot-125x125.png\",\"url\":\"https:\/\/portaltela.pt\/s.01k8rhncp4jt1\/2025\/11\/talking-bot-125x125.png\",\"contentUrl\":\"https:\/\/portaltela.pt\/s.01k8rhncp4jt1\/2025\/11\/talking-bot-125x125.png\",\"caption\":\"Telinha\"},\"sameAs\":[\"https:\/\/portaltela.pt\/\"],\"url\":\"https:\/\/portaltela.pt\/por\/367410592786\/\"}]}<\/script>\n<!-- \/ Yoast SEO plugin. -->","yoast_head_json":{"title":"Tr\u00eas estruturas em Coimbra t\u00eam apoio \u00e0 programa\u00e7\u00e3o at\u00e9 2029 - Portal Tela Portugal","robots":{"index":"index","follow":"follow","max-snippet":"max-snippet:-1","max-image-preview":"max-image-preview:large","max-video-preview":"max-video-preview:-1"},"og_locale":"pt_PT","og_type":"article","og_title":"Tr\u00eas estruturas em Coimbra t\u00eam apoio \u00e0 programa\u00e7\u00e3o at\u00e9 2029 - Portal Tela Portugal","og_description":"Tr\u00eas estruturas de Coimbra \u2013 Teatr\u00e3o, Teatro Acad\u00e9mico de Gil Vicente (TAGV) e Escola da Noite \u2013 tiveram candidaturas aprovadas no concurso de apoio \u00e0 programa\u00e7\u00e3o da DGArtes at\u00e9 2029. A DGArtes vai apoiar 42 equipamentos da Rede Teatros e Cineteatros Portugueses (RTCP) com 23,2 milh\u00f5es de euros entre 2026 e 2029. O Teatr\u00e3o ficou em primeiro lugar no concurso RTCP, aumentando o financiamento de 100 mil euros para 200 mil euros por ano. O TAGV ficou classificado em oitavo lugar, com financiamento de 600 mil euros para a programa\u00e7\u00e3o entre 2026 e 2029. A Escola da Noite ainda n\u00e3o teve o projeto divulgado, estando a data de publica\u00e7\u00e3o dos resultados finais dependente da audi\u00eancia de interessados.","og_url":"https:\/\/portaltela.pt\/noticias\/2026\/03\/05\/tres-estruturas-em-coimbra-tem-apoio-a-programacao-ate-2029\/","og_site_name":"Portal Tela Portugal","article_published_time":"2026-03-05T13:43:59+00:00","author":"Telinha","twitter_card":"summary_large_image","twitter_misc":{"Escrito por":"Telinha","Tempo estimado de leitura":"2 minutos"},"schema":{"@context":"https:\/\/schema.org","@graph":[{"@type":"Article","@id":"https:\/\/portaltela.pt\/noticias\/2026\/03\/05\/tres-estruturas-em-coimbra-tem-apoio-a-programacao-ate-2029\/#article","isPartOf":{"@id":"https:\/\/portaltela.pt\/noticias\/2026\/03\/05\/tres-estruturas-em-coimbra-tem-apoio-a-programacao-ate-2029\/"},"author":{"name":"Telinha","@id":"https:\/\/portaltela.pt\/#\/schema\/person\/c4278d4a6028830caff9ee44b42d32ed"},"headline":"Tr\u00eas estruturas em Coimbra t\u00eam apoio \u00e0 programa\u00e7\u00e3o at\u00e9 2029","datePublished":"2026-03-05T13:43:59+00:00","mainEntityOfPage":{"@id":"https:\/\/portaltela.pt\/noticias\/2026\/03\/05\/tres-estruturas-em-coimbra-tem-apoio-a-programacao-ate-2029\/"},"wordCount":335,"image":{"@id":"https:\/\/portaltela.pt\/noticias\/2026\/03\/05\/tres-estruturas-em-coimbra-tem-apoio-a-programacao-ate-2029\/#primaryimage"},"thumbnailUrl":"https:\/\/portaltela.pt\/s.01k8rhncp4jt1\/2026\/03\/img_1500x1000uu2015-01-07-10-24-00-428321.jpg","keywords":["arte\/teatro\/concertos","Coimbra","cultura","DGArtes","teatro"],"articleSection":["Not\u00edcias"],"inLanguage":"pt-PT"},{"@type":"WebPage","@id":"https:\/\/portaltela.pt\/noticias\/2026\/03\/05\/tres-estruturas-em-coimbra-tem-apoio-a-programacao-ate-2029\/","url":"https:\/\/portaltela.pt\/noticias\/2026\/03\/05\/tres-estruturas-em-coimbra-tem-apoio-a-programacao-ate-2029\/","name":"Tr\u00eas estruturas em Coimbra t\u00eam apoio \u00e0 programa\u00e7\u00e3o at\u00e9 2029 - Portal Tela Portugal","isPartOf":{"@id":"https:\/\/portaltela.pt\/#website"},"primaryImageOfPage":{"@id":"https:\/\/portaltela.pt\/noticias\/2026\/03\/05\/tres-estruturas-em-coimbra-tem-apoio-a-programacao-ate-2029\/#primaryimage"},"image":{"@id":"https:\/\/portaltela.pt\/noticias\/2026\/03\/05\/tres-estruturas-em-coimbra-tem-apoio-a-programacao-ate-2029\/#primaryimage"},"thumbnailUrl":"https:\/\/portaltela.pt\/s.01k8rhncp4jt1\/2026\/03\/img_1500x1000uu2015-01-07-10-24-00-428321.jpg","datePublished":"2026-03-05T13:43:59+00:00","author":{"@id":"https:\/\/portaltela.pt\/#\/schema\/person\/c4278d4a6028830caff9ee44b42d32ed"},"breadcrumb":{"@id":"https:\/\/portaltela.pt\/noticias\/2026\/03\/05\/tres-estruturas-em-coimbra-tem-apoio-a-programacao-ate-2029\/#breadcrumb"},"inLanguage":"pt-PT","potentialAction":[{"@type":"ReadAction","target":["https:\/\/portaltela.pt\/noticias\/2026\/03\/05\/tres-estruturas-em-coimbra-tem-apoio-a-programacao-ate-2029\/"]}]},{"@type":"ImageObject","inLanguage":"pt-PT","@id":"https:\/\/portaltela.pt\/noticias\/2026\/03\/05\/tres-estruturas-em-coimbra-tem-apoio-a-programacao-ate-2029\/#primaryimage","url":"https:\/\/portaltela.pt\/s.01k8rhncp4jt1\/2026\/03\/img_1500x1000uu2015-01-07-10-24-00-428321.jpg","contentUrl":"https:\/\/portaltela.pt\/s.01k8rhncp4jt1\/2026\/03\/img_1500x1000uu2015-01-07-10-24-00-428321.jpg","width":796,"height":448,"caption":"Teatro Acad\u00e9mico de Gil Vicente, Coimbra"},{"@type":"BreadcrumbList","@id":"https:\/\/portaltela.pt\/noticias\/2026\/03\/05\/tres-estruturas-em-coimbra-tem-apoio-a-programacao-ate-2029\/#breadcrumb","itemListElement":[{"@type":"ListItem","position":1,"name":"In\u00edcio","item":"https:\/\/portaltela.pt\/"},{"@type":"ListItem","position":2,"name":"Tr\u00eas estruturas em Coimbra t\u00eam apoio \u00e0 programa\u00e7\u00e3o at\u00e9 2029"}]},{"@type":"WebSite","@id":"https:\/\/portaltela.pt\/#website","url":"https:\/\/portaltela.pt\/","name":"Portal Tela Portugal","description":"","potentialAction":[{"@type":"SearchAction","target":{"@type":"EntryPoint","urlTemplate":"https:\/\/portaltela.pt\/?s={search_term_string}"},"query-input":{"@type":"PropertyValueSpecification","valueRequired":true,"valueName":"search_term_string"}}],"inLanguage":"pt-PT"},{"@type":"Person","@id":"https:\/\/portaltela.pt\/#\/schema\/person\/c4278d4a6028830caff9ee44b42d32ed","name":"Telinha","image":{"@type":"ImageObject","inLanguage":"pt-PT","@id":"https:\/\/portaltela.pt\/s.01k8rhncp4jt1\/2025\/11\/talking-bot-125x125.png","url":"https:\/\/portaltela.pt\/s.01k8rhncp4jt1\/2025\/11\/talking-bot-125x125.png","contentUrl":"https:\/\/portaltela.pt\/s.01k8rhncp4jt1\/2025\/11\/talking-bot-125x125.png","caption":"Telinha"},"sameAs":["https:\/\/portaltela.pt\/"],"url":"https:\/\/portaltela.pt\/por\/367410592786\/"}]}},"_links":{"self":[{"href":"https:\/\/portaltela.pt\/api\/wp\/v2\/posts\/398613","targetHints":{"allow":["GET"]}}],"collection":[{"href":"https:\/\/portaltela.pt\/api\/wp\/v2\/posts"}],"about":[{"href":"https:\/\/portaltela.pt\/api\/wp\/v2\/types\/post"}],"author":[{"embeddable":true,"href":"https:\/\/portaltela.pt\/api\/wp\/v2\/users\/2"}],"replies":[{"embeddable":true,"href":"https:\/\/portaltela.pt\/api\/wp\/v2\/comments?post=398613"}],"version-history":[{"count":0,"href":"https:\/\/portaltela.pt\/api\/wp\/v2\/posts\/398613\/revisions"}],"wp:featuredmedia":[{"embeddable":true,"href":"https:\/\/portaltela.pt\/api\/wp\/v2\/media\/398628"}],"wp:attachment":[{"href":"https:\/\/portaltela.pt\/api\/wp\/v2\/media?parent=398613"}],"wp:term":[{"taxonomy":"category","embeddable":true,"href":"https:\/\/portaltela.pt\/api\/wp\/v2\/categories?post=398613"},{"taxonomy":"post_tag","embeddable":true,"href":"https:\/\/portaltela.pt\/api\/wp\/v2\/tags?post=398613"}],"curies":[{"name":"wp","href":"https:\/\/api.w.org\/{rel}","templated":true}]}}