{"id":398596,"date":"2026-03-05T10:32:13","date_gmt":"2026-03-05T13:32:13","guid":{"rendered":"https:\/\/portaltela.pt\/noticias\/2026\/03\/05\/maiorca-novo-trilho-revela-o-lado-oriental-mais-selvagem-da-ilha\/"},"modified":"2026-03-05T10:32:13","modified_gmt":"2026-03-05T13:32:13","slug":"maiorca-novo-trilho-revela-o-lado-oriental-mais-selvagem-da-ilha","status":"publish","type":"post","link":"https:\/\/portaltela.pt\/noticias\/2026\/03\/05\/maiorca-novo-trilho-revela-o-lado-oriental-mais-selvagem-da-ilha\/","title":{"rendered":"Maiorca: novo trilho revela o lado oriental mais selvagem da ilha"},"content":{"rendered":"<p>Foi aberto em Maiorca um novo trilho de longa dist\u00e2ncia, com 104 quil\u00f3metros, que explora a costa leste da ilha. O percurso pretende oferecer uma alternativa \u00e0s praias, est\u00e2ncias e vida nocturna, em plena press\u00e3o de turismo.<\/p>\n<p>O tra\u00e7ado, dividido em quatro etapas, anda entre caminhos de terra batida, veredas de montanha e tro\u00e7os costeiros na regi\u00e3o de Llevant. O objetivo \u00e9 proporcionar uma experi\u00eancia de contacto com a natureza e o patrim\u00f3nio local.<\/p>\n<p>Ao longo do trajeto surgem atra\u00e7\u00f5es culturais, como um castelo do s\u00e9culo XIV e um museu de bordados. Os caminhantes encontram ainda vest\u00edgios hist\u00f3ricos ao passar por v\u00e1rias localidades.<\/p>\n<h3>Novo percurso pedestre de 100 km<\/h3>\n<p>A primeira etapa come\u00e7a em Cales de Mallorca, seguindo para o interior atrav\u00e9s de pinhais, carvalhais e vinhas at\u00e9 Manacor. A segunda etapa atravessa o cora\u00e7\u00e3o rural bale\u00e1rico, com amendoeiras e campos cultivados.<\/p>\n<p>A terceira etapa destaca-se pelo patrim\u00f3nio cultural, passando por S\u2019Illot, um s\u00edtio arqueol\u00f3gico de 3.000 anos, e pelo Monestir de Bellpuig, perto de Art\u00e0. A etapa termina em Art\u00e0, com v\u00e1rias op\u00e7\u00f5es patrimoniais.<\/p>\n<p>Na etapa final, o itiner\u00e1rio segue para Capdepera, onde se destaca o castelo do s\u00e9culo XIV, com vistas para o canal de Menorca, antes de descer para Cala Rajada e Cala Agulla, praias de areia clara.<\/p>\n<h3>Pontos de acesso e final<\/h3>\n<p>Para quem prefere percursos mais curtos, existem op\u00e7\u00f5es em Son Maci\u00e0 e na Costa dels Pins. O novo trilho utiliza a Serra de Llevant como refer\u00eancia geogr\u00e1fica e pretende atrair visitantes interessados em natureza e patrim\u00f3nio.<\/p>\n","protected":false},"excerpt":{"rendered":"<ul>\n<li>Novo percurso pedestre de 104 quil\u00f3metros em Maiorca explora a costa leste, com vistas selvagens, pinhais e cadeias montanhosas, dividido em quatro etapas.<\/li>\n<li>O trilho, designado Gran Recorrido del Llevant, sobe at\u00e9 um desn\u00edvel m\u00e1ximo de 248 metros num \u00fanico dia e percorre zonas da serra de Llevant.<\/li>\n<li>A primeira etapa parte de Calas de Mallorca e segue para Manacor, passando por pinhais, carvalhais e vinhas.<\/li>\n<li>A terceira etapa destaca-se pelo patrim\u00f3nio, com paragens em S\u2019Illot (s\u00edtio talai\u00f3tico de 3.000 anos) e Monestir de Bellpuig, entre outros pontos hist\u00f3ricos.<\/li>\n<li>A etapa final atravessa Capdepera at\u00e9 Cala Rajada e Cala Agulla, com acessos adicionais em Son Maci\u00e0 e Costa dels Pins para op\u00e7\u00f5es mais curtas.<\/li>\n<\/ul>\n","protected":false},"author":2,"featured_media":398606,"comment_status":"closed","ping_status":"closed","sticky":false,"template":"","format":"standard","meta":{"footnotes":""},"categories":[1],"tags":[145,3568,4399,1175,4388,169],"class_list":["post-398596","post","type-post","status-publish","format-standard","has-post-thumbnail","hentry","category-noticias","tag-cultura","tag-natureza","tag-paisagens","tag-patrimonio-cultural","tag-percurso-pedestres","tag-turismo"],"yoast_head":"<!-- This site is optimized with the Yoast SEO plugin v27.2 - https:\/\/yoast.com\/product\/yoast-seo-wordpress\/ -->\n<title>Maiorca: novo trilho revela o lado oriental mais selvagem da ilha - Portal Tela Portugal<\/title>\n<meta name=\"robots\" content=\"index, follow, max-snippet:-1, max-image-preview:large, max-video-preview:-1\" \/>\n<meta property=\"og:locale\" content=\"pt_PT\" \/>\n<meta property=\"og:type\" content=\"article\" \/>\n<meta property=\"og:title\" content=\"Maiorca: novo trilho revela o lado oriental mais selvagem da ilha - Portal Tela Portugal\" \/>\n<meta property=\"og:description\" content=\"Novo percurso pedestre de 104 quil\u00f3metros em Maiorca explora a costa leste, com vistas selvagens, pinhais e cadeias montanhosas, dividido em quatro etapas. O trilho, designado Gran Recorrido del Llevant, sobe at\u00e9 um desn\u00edvel m\u00e1ximo de 248 metros num \u00fanico dia e percorre zonas da serra de Llevant. A primeira etapa parte de Calas de Mallorca e segue para Manacor, passando por pinhais, carvalhais e vinhas. A terceira etapa destaca-se pelo patrim\u00f3nio, com paragens em S\u2019Illot (s\u00edtio talai\u00f3tico de 3.000 anos) e Monestir de Bellpuig, entre outros pontos hist\u00f3ricos. A etapa final atravessa Capdepera at\u00e9 Cala Rajada e Cala Agulla, com acessos adicionais em Son Maci\u00e0 e Costa dels Pins para op\u00e7\u00f5es mais curtas.\" \/>\n<meta property=\"og:url\" content=\"https:\/\/portaltela.pt\/noticias\/2026\/03\/05\/maiorca-novo-trilho-revela-o-lado-oriental-mais-selvagem-da-ilha\/\" \/>\n<meta property=\"og:site_name\" content=\"Portal Tela Portugal\" \/>\n<meta property=\"article:published_time\" content=\"2026-03-05T13:32:13+00:00\" \/>\n<meta name=\"author\" content=\"Telinha\" \/>\n<meta name=\"twitter:card\" content=\"summary_large_image\" \/>\n<meta name=\"twitter:label1\" content=\"Escrito por\" \/>\n\t<meta name=\"twitter:data1\" content=\"Telinha\" \/>\n\t<meta name=\"twitter:label2\" content=\"Tempo estimado de leitura\" \/>\n\t<meta name=\"twitter:data2\" content=\"1 minuto\" \/>\n<script type=\"application\/ld+json\" class=\"yoast-schema-graph\">{\"@context\":\"https:\/\/schema.org\",\"@graph\":[{\"@type\":\"Article\",\"@id\":\"https:\/\/portaltela.pt\/noticias\/2026\/03\/05\/maiorca-novo-trilho-revela-o-lado-oriental-mais-selvagem-da-ilha\/#article\",\"isPartOf\":{\"@id\":\"https:\/\/portaltela.pt\/noticias\/2026\/03\/05\/maiorca-novo-trilho-revela-o-lado-oriental-mais-selvagem-da-ilha\/\"},\"author\":{\"name\":\"Telinha\",\"@id\":\"https:\/\/portaltela.pt\/#\/schema\/person\/c4278d4a6028830caff9ee44b42d32ed\"},\"headline\":\"Maiorca: novo trilho revela o lado oriental mais selvagem da ilha\",\"datePublished\":\"2026-03-05T13:32:13+00:00\",\"mainEntityOfPage\":{\"@id\":\"https:\/\/portaltela.pt\/noticias\/2026\/03\/05\/maiorca-novo-trilho-revela-o-lado-oriental-mais-selvagem-da-ilha\/\"},\"wordCount\":289,\"image\":{\"@id\":\"https:\/\/portaltela.pt\/noticias\/2026\/03\/05\/maiorca-novo-trilho-revela-o-lado-oriental-mais-selvagem-da-ilha\/#primaryimage\"},\"thumbnailUrl\":\"https:\/\/portaltela.pt\/s.01k8rhncp4jt1\/2026\/03\/1536x864_cmsv2_7ba7714b-2de9-588d-8f3e-4940093a432e-9674827.jpg\",\"keywords\":[\"cultura\",\"natureza\",\"Paisagens\",\"Patrim\u00f3nio Cultural\",\"percurso pedestres\",\"turismo\"],\"articleSection\":[\"Not\u00edcias\"],\"inLanguage\":\"pt-PT\"},{\"@type\":\"WebPage\",\"@id\":\"https:\/\/portaltela.pt\/noticias\/2026\/03\/05\/maiorca-novo-trilho-revela-o-lado-oriental-mais-selvagem-da-ilha\/\",\"url\":\"https:\/\/portaltela.pt\/noticias\/2026\/03\/05\/maiorca-novo-trilho-revela-o-lado-oriental-mais-selvagem-da-ilha\/\",\"name\":\"Maiorca: novo trilho revela o lado oriental mais selvagem da ilha - Portal Tela Portugal\",\"isPartOf\":{\"@id\":\"https:\/\/portaltela.pt\/#website\"},\"primaryImageOfPage\":{\"@id\":\"https:\/\/portaltela.pt\/noticias\/2026\/03\/05\/maiorca-novo-trilho-revela-o-lado-oriental-mais-selvagem-da-ilha\/#primaryimage\"},\"image\":{\"@id\":\"https:\/\/portaltela.pt\/noticias\/2026\/03\/05\/maiorca-novo-trilho-revela-o-lado-oriental-mais-selvagem-da-ilha\/#primaryimage\"},\"thumbnailUrl\":\"https:\/\/portaltela.pt\/s.01k8rhncp4jt1\/2026\/03\/1536x864_cmsv2_7ba7714b-2de9-588d-8f3e-4940093a432e-9674827.jpg\",\"datePublished\":\"2026-03-05T13:32:13+00:00\",\"author\":{\"@id\":\"https:\/\/portaltela.pt\/#\/schema\/person\/c4278d4a6028830caff9ee44b42d32ed\"},\"breadcrumb\":{\"@id\":\"https:\/\/portaltela.pt\/noticias\/2026\/03\/05\/maiorca-novo-trilho-revela-o-lado-oriental-mais-selvagem-da-ilha\/#breadcrumb\"},\"inLanguage\":\"pt-PT\",\"potentialAction\":[{\"@type\":\"ReadAction\",\"target\":[\"https:\/\/portaltela.pt\/noticias\/2026\/03\/05\/maiorca-novo-trilho-revela-o-lado-oriental-mais-selvagem-da-ilha\/\"]}]},{\"@type\":\"ImageObject\",\"inLanguage\":\"pt-PT\",\"@id\":\"https:\/\/portaltela.pt\/noticias\/2026\/03\/05\/maiorca-novo-trilho-revela-o-lado-oriental-mais-selvagem-da-ilha\/#primaryimage\",\"url\":\"https:\/\/portaltela.pt\/s.01k8rhncp4jt1\/2026\/03\/1536x864_cmsv2_7ba7714b-2de9-588d-8f3e-4940093a432e-9674827.jpg\",\"contentUrl\":\"https:\/\/portaltela.pt\/s.01k8rhncp4jt1\/2026\/03\/1536x864_cmsv2_7ba7714b-2de9-588d-8f3e-4940093a432e-9674827.jpg\",\"width\":796,\"height\":448,\"caption\":\"Novo trilho de trekking permite aos visitantes explorar a costa leste mais selvagem, com pinhais e cadeias montanhosas\"},{\"@type\":\"BreadcrumbList\",\"@id\":\"https:\/\/portaltela.pt\/noticias\/2026\/03\/05\/maiorca-novo-trilho-revela-o-lado-oriental-mais-selvagem-da-ilha\/#breadcrumb\",\"itemListElement\":[{\"@type\":\"ListItem\",\"position\":1,\"name\":\"In\u00edcio\",\"item\":\"https:\/\/portaltela.pt\/\"},{\"@type\":\"ListItem\",\"position\":2,\"name\":\"Maiorca: novo trilho revela o lado oriental mais selvagem da ilha\"}]},{\"@type\":\"WebSite\",\"@id\":\"https:\/\/portaltela.pt\/#website\",\"url\":\"https:\/\/portaltela.pt\/\",\"name\":\"Portal Tela Portugal\",\"description\":\"\",\"potentialAction\":[{\"@type\":\"SearchAction\",\"target\":{\"@type\":\"EntryPoint\",\"urlTemplate\":\"https:\/\/portaltela.pt\/?s={search_term_string}\"},\"query-input\":{\"@type\":\"PropertyValueSpecification\",\"valueRequired\":true,\"valueName\":\"search_term_string\"}}],\"inLanguage\":\"pt-PT\"},{\"@type\":\"Person\",\"@id\":\"https:\/\/portaltela.pt\/#\/schema\/person\/c4278d4a6028830caff9ee44b42d32ed\",\"name\":\"Telinha\",\"image\":{\"@type\":\"ImageObject\",\"inLanguage\":\"pt-PT\",\"@id\":\"https:\/\/portaltela.pt\/s.01k8rhncp4jt1\/2025\/11\/talking-bot-125x125.png\",\"url\":\"https:\/\/portaltela.pt\/s.01k8rhncp4jt1\/2025\/11\/talking-bot-125x125.png\",\"contentUrl\":\"https:\/\/portaltela.pt\/s.01k8rhncp4jt1\/2025\/11\/talking-bot-125x125.png\",\"caption\":\"Telinha\"},\"sameAs\":[\"https:\/\/portaltela.pt\/\"],\"url\":\"https:\/\/portaltela.pt\/por\/367410592786\/\"}]}<\/script>\n<!-- \/ Yoast SEO plugin. -->","yoast_head_json":{"title":"Maiorca: novo trilho revela o lado oriental mais selvagem da ilha - Portal Tela Portugal","robots":{"index":"index","follow":"follow","max-snippet":"max-snippet:-1","max-image-preview":"max-image-preview:large","max-video-preview":"max-video-preview:-1"},"og_locale":"pt_PT","og_type":"article","og_title":"Maiorca: novo trilho revela o lado oriental mais selvagem da ilha - Portal Tela Portugal","og_description":"Novo percurso pedestre de 104 quil\u00f3metros em Maiorca explora a costa leste, com vistas selvagens, pinhais e cadeias montanhosas, dividido em quatro etapas. O trilho, designado Gran Recorrido del Llevant, sobe at\u00e9 um desn\u00edvel m\u00e1ximo de 248 metros num \u00fanico dia e percorre zonas da serra de Llevant. A primeira etapa parte de Calas de Mallorca e segue para Manacor, passando por pinhais, carvalhais e vinhas. A terceira etapa destaca-se pelo patrim\u00f3nio, com paragens em S\u2019Illot (s\u00edtio talai\u00f3tico de 3.000 anos) e Monestir de Bellpuig, entre outros pontos hist\u00f3ricos. A etapa final atravessa Capdepera at\u00e9 Cala Rajada e Cala Agulla, com acessos adicionais em Son Maci\u00e0 e Costa dels Pins para op\u00e7\u00f5es mais curtas.","og_url":"https:\/\/portaltela.pt\/noticias\/2026\/03\/05\/maiorca-novo-trilho-revela-o-lado-oriental-mais-selvagem-da-ilha\/","og_site_name":"Portal Tela Portugal","article_published_time":"2026-03-05T13:32:13+00:00","author":"Telinha","twitter_card":"summary_large_image","twitter_misc":{"Escrito por":"Telinha","Tempo estimado de leitura":"1 minuto"},"schema":{"@context":"https:\/\/schema.org","@graph":[{"@type":"Article","@id":"https:\/\/portaltela.pt\/noticias\/2026\/03\/05\/maiorca-novo-trilho-revela-o-lado-oriental-mais-selvagem-da-ilha\/#article","isPartOf":{"@id":"https:\/\/portaltela.pt\/noticias\/2026\/03\/05\/maiorca-novo-trilho-revela-o-lado-oriental-mais-selvagem-da-ilha\/"},"author":{"name":"Telinha","@id":"https:\/\/portaltela.pt\/#\/schema\/person\/c4278d4a6028830caff9ee44b42d32ed"},"headline":"Maiorca: novo trilho revela o lado oriental mais selvagem da ilha","datePublished":"2026-03-05T13:32:13+00:00","mainEntityOfPage":{"@id":"https:\/\/portaltela.pt\/noticias\/2026\/03\/05\/maiorca-novo-trilho-revela-o-lado-oriental-mais-selvagem-da-ilha\/"},"wordCount":289,"image":{"@id":"https:\/\/portaltela.pt\/noticias\/2026\/03\/05\/maiorca-novo-trilho-revela-o-lado-oriental-mais-selvagem-da-ilha\/#primaryimage"},"thumbnailUrl":"https:\/\/portaltela.pt\/s.01k8rhncp4jt1\/2026\/03\/1536x864_cmsv2_7ba7714b-2de9-588d-8f3e-4940093a432e-9674827.jpg","keywords":["cultura","natureza","Paisagens","Patrim\u00f3nio Cultural","percurso pedestres","turismo"],"articleSection":["Not\u00edcias"],"inLanguage":"pt-PT"},{"@type":"WebPage","@id":"https:\/\/portaltela.pt\/noticias\/2026\/03\/05\/maiorca-novo-trilho-revela-o-lado-oriental-mais-selvagem-da-ilha\/","url":"https:\/\/portaltela.pt\/noticias\/2026\/03\/05\/maiorca-novo-trilho-revela-o-lado-oriental-mais-selvagem-da-ilha\/","name":"Maiorca: novo trilho revela o lado oriental mais selvagem da ilha - Portal Tela Portugal","isPartOf":{"@id":"https:\/\/portaltela.pt\/#website"},"primaryImageOfPage":{"@id":"https:\/\/portaltela.pt\/noticias\/2026\/03\/05\/maiorca-novo-trilho-revela-o-lado-oriental-mais-selvagem-da-ilha\/#primaryimage"},"image":{"@id":"https:\/\/portaltela.pt\/noticias\/2026\/03\/05\/maiorca-novo-trilho-revela-o-lado-oriental-mais-selvagem-da-ilha\/#primaryimage"},"thumbnailUrl":"https:\/\/portaltela.pt\/s.01k8rhncp4jt1\/2026\/03\/1536x864_cmsv2_7ba7714b-2de9-588d-8f3e-4940093a432e-9674827.jpg","datePublished":"2026-03-05T13:32:13+00:00","author":{"@id":"https:\/\/portaltela.pt\/#\/schema\/person\/c4278d4a6028830caff9ee44b42d32ed"},"breadcrumb":{"@id":"https:\/\/portaltela.pt\/noticias\/2026\/03\/05\/maiorca-novo-trilho-revela-o-lado-oriental-mais-selvagem-da-ilha\/#breadcrumb"},"inLanguage":"pt-PT","potentialAction":[{"@type":"ReadAction","target":["https:\/\/portaltela.pt\/noticias\/2026\/03\/05\/maiorca-novo-trilho-revela-o-lado-oriental-mais-selvagem-da-ilha\/"]}]},{"@type":"ImageObject","inLanguage":"pt-PT","@id":"https:\/\/portaltela.pt\/noticias\/2026\/03\/05\/maiorca-novo-trilho-revela-o-lado-oriental-mais-selvagem-da-ilha\/#primaryimage","url":"https:\/\/portaltela.pt\/s.01k8rhncp4jt1\/2026\/03\/1536x864_cmsv2_7ba7714b-2de9-588d-8f3e-4940093a432e-9674827.jpg","contentUrl":"https:\/\/portaltela.pt\/s.01k8rhncp4jt1\/2026\/03\/1536x864_cmsv2_7ba7714b-2de9-588d-8f3e-4940093a432e-9674827.jpg","width":796,"height":448,"caption":"Novo trilho de trekking permite aos visitantes explorar a costa leste mais selvagem, com pinhais e cadeias montanhosas"},{"@type":"BreadcrumbList","@id":"https:\/\/portaltela.pt\/noticias\/2026\/03\/05\/maiorca-novo-trilho-revela-o-lado-oriental-mais-selvagem-da-ilha\/#breadcrumb","itemListElement":[{"@type":"ListItem","position":1,"name":"In\u00edcio","item":"https:\/\/portaltela.pt\/"},{"@type":"ListItem","position":2,"name":"Maiorca: novo trilho revela o lado oriental mais selvagem da ilha"}]},{"@type":"WebSite","@id":"https:\/\/portaltela.pt\/#website","url":"https:\/\/portaltela.pt\/","name":"Portal Tela Portugal","description":"","potentialAction":[{"@type":"SearchAction","target":{"@type":"EntryPoint","urlTemplate":"https:\/\/portaltela.pt\/?s={search_term_string}"},"query-input":{"@type":"PropertyValueSpecification","valueRequired":true,"valueName":"search_term_string"}}],"inLanguage":"pt-PT"},{"@type":"Person","@id":"https:\/\/portaltela.pt\/#\/schema\/person\/c4278d4a6028830caff9ee44b42d32ed","name":"Telinha","image":{"@type":"ImageObject","inLanguage":"pt-PT","@id":"https:\/\/portaltela.pt\/s.01k8rhncp4jt1\/2025\/11\/talking-bot-125x125.png","url":"https:\/\/portaltela.pt\/s.01k8rhncp4jt1\/2025\/11\/talking-bot-125x125.png","contentUrl":"https:\/\/portaltela.pt\/s.01k8rhncp4jt1\/2025\/11\/talking-bot-125x125.png","caption":"Telinha"},"sameAs":["https:\/\/portaltela.pt\/"],"url":"https:\/\/portaltela.pt\/por\/367410592786\/"}]}},"_links":{"self":[{"href":"https:\/\/portaltela.pt\/api\/wp\/v2\/posts\/398596","targetHints":{"allow":["GET"]}}],"collection":[{"href":"https:\/\/portaltela.pt\/api\/wp\/v2\/posts"}],"about":[{"href":"https:\/\/portaltela.pt\/api\/wp\/v2\/types\/post"}],"author":[{"embeddable":true,"href":"https:\/\/portaltela.pt\/api\/wp\/v2\/users\/2"}],"replies":[{"embeddable":true,"href":"https:\/\/portaltela.pt\/api\/wp\/v2\/comments?post=398596"}],"version-history":[{"count":0,"href":"https:\/\/portaltela.pt\/api\/wp\/v2\/posts\/398596\/revisions"}],"wp:featuredmedia":[{"embeddable":true,"href":"https:\/\/portaltela.pt\/api\/wp\/v2\/media\/398606"}],"wp:attachment":[{"href":"https:\/\/portaltela.pt\/api\/wp\/v2\/media?parent=398596"}],"wp:term":[{"taxonomy":"category","embeddable":true,"href":"https:\/\/portaltela.pt\/api\/wp\/v2\/categories?post=398596"},{"taxonomy":"post_tag","embeddable":true,"href":"https:\/\/portaltela.pt\/api\/wp\/v2\/tags?post=398596"}],"curies":[{"name":"wp","href":"https:\/\/api.w.org\/{rel}","templated":true}]}}