{"id":398591,"date":"2026-03-05T10:24:33","date_gmt":"2026-03-05T13:24:33","guid":{"rendered":"https:\/\/portaltela.pt\/noticias\/2026\/03\/05\/camara-da-amadora-multa-quem-deposita-entulho-na-via-publica\/"},"modified":"2026-03-05T10:24:33","modified_gmt":"2026-03-05T13:24:33","slug":"camara-da-amadora-multa-quem-deposita-entulho-na-via-publica","status":"publish","type":"post","link":"https:\/\/portaltela.pt\/noticias\/2026\/03\/05\/camara-da-amadora-multa-quem-deposita-entulho-na-via-publica\/","title":{"rendered":"C\u00e2mara da Amadora multa quem deposita entulho na via p\u00fablica"},"content":{"rendered":"<p>A C\u00e2mara Municipal da Amadora anunciou a aplica\u00e7\u00e3o de coimas a quem depositar entulho ou monos na via p\u00fablica. A medida integra uma campanha de sensibiliza\u00e7\u00e3o com o objetivo de promover a higiene urbana e a gest\u00e3o ambiental do concelho.<\/p>\n<p>A autarquia criou um formul\u00e1rio destinado aos cidad\u00e3os para comunicar situa\u00e7\u00f5es de dep\u00f3sito ilegal de res\u00edduos. A iniciativa \u00e9 acompanhada pela distribui\u00e7\u00e3o de um panfleto com o lema Miss\u00e3o: Cidade Limpa, enviado \u00e0s caixas de correio dos mun\u00edcipes.<\/p>\n<p>As coimas v\u00e3o variar entre 500 e 7.481,96 euros e dever\u00e3o ser aplicadas num prazo de 30 dias ap\u00f3s a dete\u00e7\u00e3o. A c\u00e2mara justifica a medida pela necessidade de proteger o ambiente, a sa\u00fade p\u00fablica e a qualidade de vida.<\/p>\n<h3>Medidas e como denunciar<\/h3>\n<p>A Amadora recorda que as juntas de freguesia disponibilizam um servi\u00e7o de recolha de res\u00edduos volumosos mediante agendamento pr\u00e9vio. Al\u00e9m de degradar a paisagem, o dep\u00f3sito ilegal compromete a higiene urbana e a seguran\u00e7a ambiental.<\/p>\n<p>Foi criado um formul\u00e1rio para comunicar dep\u00f3sitos ilegais de forma c\u00e9lere e eficiente. Os cidad\u00e3os devem indicar dia, hora, local e a matr\u00edcula do ve\u00edculo de transporte, acompanhando com fotografias ou v\u00eddeos.<\/p>\n","protected":false},"excerpt":{"rendered":"<ul>\n<li>A C\u00e2mara Municipal da Amadora vai multar quem deposite entulho e monos na via p\u00fablica, com coimas entre 500 e 7.481,96 euros, no prazo de 30 dias.<\/li>\n<li>Criou um formul\u00e1rio para os cidad\u00e3os comunicarem situa\u00e7\u00f5es de dep\u00f3sito ilegal de res\u00edduos na via p\u00fablica.<\/li>\n<li>Sob o lema &#8220;Miss\u00e3o: Cidade Limpa&#8221;, a autarquia distribui panfleto nas caixas de correio para sensibilizar a comunidade de que manter o espa\u00e7o p\u00fablico \u00e9 uma responsabilidade coletiva.<\/li>\n<li>Relembra que as juntas de freguesia disp\u00f5em de servi\u00e7o de recolha de res\u00edduos volumosos mediante agendamento e que a deposi\u00e7\u00e3o inadequada prejudica o ambiente, a sa\u00fade p\u00fablica e a qualidade de vida.<\/li>\n<li>O formul\u00e1rio permite apresentar provas como dia, hora, local, matr\u00edcula do ve\u00edculo e pode incluir fotografias e v\u00eddeos para sustentar a den\u00fancia.<\/li>\n<\/ul>\n","protected":false},"author":2,"featured_media":398602,"comment_status":"closed","ping_status":"closed","sticky":false,"template":"","format":"standard","meta":{"footnotes":""},"categories":[1],"tags":[1439,3021,2667,4851,1831,45],"class_list":["post-398591","post","type-post","status-publish","format-standard","has-post-thumbnail","hentry","category-noticias","tag-amadora","tag-depositos","tag-gestao-de-residuos","tag-higiene","tag-limpeza-urbana","tag-meio-ambiente"],"yoast_head":"<!-- This site is optimized with the Yoast SEO plugin v27.2 - https:\/\/yoast.com\/product\/yoast-seo-wordpress\/ -->\n<title>C\u00e2mara da Amadora multa quem deposita entulho na via p\u00fablica - Portal Tela Portugal<\/title>\n<meta name=\"robots\" content=\"index, follow, max-snippet:-1, max-image-preview:large, max-video-preview:-1\" \/>\n<meta property=\"og:locale\" content=\"pt_PT\" \/>\n<meta property=\"og:type\" content=\"article\" \/>\n<meta property=\"og:title\" content=\"C\u00e2mara da Amadora multa quem deposita entulho na via p\u00fablica - Portal Tela Portugal\" \/>\n<meta property=\"og:description\" content=\"A C\u00e2mara Municipal da Amadora vai multar quem deposite entulho e monos na via p\u00fablica, com coimas entre 500 e 7.481,96 euros, no prazo de 30 dias. Criou um formul\u00e1rio para os cidad\u00e3os comunicarem situa\u00e7\u00f5es de dep\u00f3sito ilegal de res\u00edduos na via p\u00fablica. Sob o lema &quot;Miss\u00e3o: Cidade Limpa&quot;, a autarquia distribui panfleto nas caixas de correio para sensibilizar a comunidade de que manter o espa\u00e7o p\u00fablico \u00e9 uma responsabilidade coletiva. Relembra que as juntas de freguesia disp\u00f5em de servi\u00e7o de recolha de res\u00edduos volumosos mediante agendamento e que a deposi\u00e7\u00e3o inadequada prejudica o ambiente, a sa\u00fade p\u00fablica e a qualidade de vida. O formul\u00e1rio permite apresentar provas como dia, hora, local, matr\u00edcula do ve\u00edculo e pode incluir fotografias e v\u00eddeos para sustentar a den\u00fancia.\" \/>\n<meta property=\"og:url\" content=\"https:\/\/portaltela.pt\/noticias\/2026\/03\/05\/camara-da-amadora-multa-quem-deposita-entulho-na-via-publica\/\" \/>\n<meta property=\"og:site_name\" content=\"Portal Tela Portugal\" \/>\n<meta property=\"article:published_time\" content=\"2026-03-05T13:24:33+00:00\" \/>\n<meta name=\"author\" content=\"Telinha\" \/>\n<meta name=\"twitter:card\" content=\"summary_large_image\" \/>\n<meta name=\"twitter:label1\" content=\"Escrito por\" \/>\n\t<meta name=\"twitter:data1\" content=\"Telinha\" \/>\n\t<meta name=\"twitter:label2\" content=\"Tempo estimado de leitura\" \/>\n\t<meta name=\"twitter:data2\" content=\"1 minuto\" \/>\n<script type=\"application\/ld+json\" class=\"yoast-schema-graph\">{\"@context\":\"https:\/\/schema.org\",\"@graph\":[{\"@type\":\"Article\",\"@id\":\"https:\/\/portaltela.pt\/noticias\/2026\/03\/05\/camara-da-amadora-multa-quem-deposita-entulho-na-via-publica\/#article\",\"isPartOf\":{\"@id\":\"https:\/\/portaltela.pt\/noticias\/2026\/03\/05\/camara-da-amadora-multa-quem-deposita-entulho-na-via-publica\/\"},\"author\":{\"name\":\"Telinha\",\"@id\":\"https:\/\/portaltela.pt\/#\/schema\/person\/c4278d4a6028830caff9ee44b42d32ed\"},\"headline\":\"C\u00e2mara da Amadora multa quem deposita entulho na via p\u00fablica\",\"datePublished\":\"2026-03-05T13:24:33+00:00\",\"mainEntityOfPage\":{\"@id\":\"https:\/\/portaltela.pt\/noticias\/2026\/03\/05\/camara-da-amadora-multa-quem-deposita-entulho-na-via-publica\/\"},\"wordCount\":230,\"image\":{\"@id\":\"https:\/\/portaltela.pt\/noticias\/2026\/03\/05\/camara-da-amadora-multa-quem-deposita-entulho-na-via-publica\/#primaryimage\"},\"thumbnailUrl\":\"https:\/\/portaltela.pt\/s.01k8rhncp4jt1\/2026\/03\/img_1500x1000uu2024-12-26-19-08-53-2184710.jpg\",\"keywords\":[\"Amadora\",\"dep\u00f3sitos\",\"gest\u00e3o de res\u00edduos\",\"higiene\",\"limpeza urbana\",\"meio-ambiente\"],\"articleSection\":[\"Not\u00edcias\"],\"inLanguage\":\"pt-PT\"},{\"@type\":\"WebPage\",\"@id\":\"https:\/\/portaltela.pt\/noticias\/2026\/03\/05\/camara-da-amadora-multa-quem-deposita-entulho-na-via-publica\/\",\"url\":\"https:\/\/portaltela.pt\/noticias\/2026\/03\/05\/camara-da-amadora-multa-quem-deposita-entulho-na-via-publica\/\",\"name\":\"C\u00e2mara da Amadora multa quem deposita entulho na via p\u00fablica - Portal Tela Portugal\",\"isPartOf\":{\"@id\":\"https:\/\/portaltela.pt\/#website\"},\"primaryImageOfPage\":{\"@id\":\"https:\/\/portaltela.pt\/noticias\/2026\/03\/05\/camara-da-amadora-multa-quem-deposita-entulho-na-via-publica\/#primaryimage\"},\"image\":{\"@id\":\"https:\/\/portaltela.pt\/noticias\/2026\/03\/05\/camara-da-amadora-multa-quem-deposita-entulho-na-via-publica\/#primaryimage\"},\"thumbnailUrl\":\"https:\/\/portaltela.pt\/s.01k8rhncp4jt1\/2026\/03\/img_1500x1000uu2024-12-26-19-08-53-2184710.jpg\",\"datePublished\":\"2026-03-05T13:24:33+00:00\",\"author\":{\"@id\":\"https:\/\/portaltela.pt\/#\/schema\/person\/c4278d4a6028830caff9ee44b42d32ed\"},\"breadcrumb\":{\"@id\":\"https:\/\/portaltela.pt\/noticias\/2026\/03\/05\/camara-da-amadora-multa-quem-deposita-entulho-na-via-publica\/#breadcrumb\"},\"inLanguage\":\"pt-PT\",\"potentialAction\":[{\"@type\":\"ReadAction\",\"target\":[\"https:\/\/portaltela.pt\/noticias\/2026\/03\/05\/camara-da-amadora-multa-quem-deposita-entulho-na-via-publica\/\"]}]},{\"@type\":\"ImageObject\",\"inLanguage\":\"pt-PT\",\"@id\":\"https:\/\/portaltela.pt\/noticias\/2026\/03\/05\/camara-da-amadora-multa-quem-deposita-entulho-na-via-publica\/#primaryimage\",\"url\":\"https:\/\/portaltela.pt\/s.01k8rhncp4jt1\/2026\/03\/img_1500x1000uu2024-12-26-19-08-53-2184710.jpg\",\"contentUrl\":\"https:\/\/portaltela.pt\/s.01k8rhncp4jt1\/2026\/03\/img_1500x1000uu2024-12-26-19-08-53-2184710.jpg\",\"width\":796,\"height\":448,\"caption\":\"Lixo acumulado na rua\"},{\"@type\":\"BreadcrumbList\",\"@id\":\"https:\/\/portaltela.pt\/noticias\/2026\/03\/05\/camara-da-amadora-multa-quem-deposita-entulho-na-via-publica\/#breadcrumb\",\"itemListElement\":[{\"@type\":\"ListItem\",\"position\":1,\"name\":\"In\u00edcio\",\"item\":\"https:\/\/portaltela.pt\/\"},{\"@type\":\"ListItem\",\"position\":2,\"name\":\"C\u00e2mara da Amadora multa quem deposita entulho na via p\u00fablica\"}]},{\"@type\":\"WebSite\",\"@id\":\"https:\/\/portaltela.pt\/#website\",\"url\":\"https:\/\/portaltela.pt\/\",\"name\":\"Portal Tela Portugal\",\"description\":\"\",\"potentialAction\":[{\"@type\":\"SearchAction\",\"target\":{\"@type\":\"EntryPoint\",\"urlTemplate\":\"https:\/\/portaltela.pt\/?s={search_term_string}\"},\"query-input\":{\"@type\":\"PropertyValueSpecification\",\"valueRequired\":true,\"valueName\":\"search_term_string\"}}],\"inLanguage\":\"pt-PT\"},{\"@type\":\"Person\",\"@id\":\"https:\/\/portaltela.pt\/#\/schema\/person\/c4278d4a6028830caff9ee44b42d32ed\",\"name\":\"Telinha\",\"image\":{\"@type\":\"ImageObject\",\"inLanguage\":\"pt-PT\",\"@id\":\"https:\/\/portaltela.pt\/s.01k8rhncp4jt1\/2025\/11\/talking-bot-125x125.png\",\"url\":\"https:\/\/portaltela.pt\/s.01k8rhncp4jt1\/2025\/11\/talking-bot-125x125.png\",\"contentUrl\":\"https:\/\/portaltela.pt\/s.01k8rhncp4jt1\/2025\/11\/talking-bot-125x125.png\",\"caption\":\"Telinha\"},\"sameAs\":[\"https:\/\/portaltela.pt\/\"],\"url\":\"https:\/\/portaltela.pt\/por\/367410592786\/\"}]}<\/script>\n<!-- \/ Yoast SEO plugin. -->","yoast_head_json":{"title":"C\u00e2mara da Amadora multa quem deposita entulho na via p\u00fablica - Portal Tela Portugal","robots":{"index":"index","follow":"follow","max-snippet":"max-snippet:-1","max-image-preview":"max-image-preview:large","max-video-preview":"max-video-preview:-1"},"og_locale":"pt_PT","og_type":"article","og_title":"C\u00e2mara da Amadora multa quem deposita entulho na via p\u00fablica - Portal Tela Portugal","og_description":"A C\u00e2mara Municipal da Amadora vai multar quem deposite entulho e monos na via p\u00fablica, com coimas entre 500 e 7.481,96 euros, no prazo de 30 dias. Criou um formul\u00e1rio para os cidad\u00e3os comunicarem situa\u00e7\u00f5es de dep\u00f3sito ilegal de res\u00edduos na via p\u00fablica. Sob o lema \"Miss\u00e3o: Cidade Limpa\", a autarquia distribui panfleto nas caixas de correio para sensibilizar a comunidade de que manter o espa\u00e7o p\u00fablico \u00e9 uma responsabilidade coletiva. Relembra que as juntas de freguesia disp\u00f5em de servi\u00e7o de recolha de res\u00edduos volumosos mediante agendamento e que a deposi\u00e7\u00e3o inadequada prejudica o ambiente, a sa\u00fade p\u00fablica e a qualidade de vida. O formul\u00e1rio permite apresentar provas como dia, hora, local, matr\u00edcula do ve\u00edculo e pode incluir fotografias e v\u00eddeos para sustentar a den\u00fancia.","og_url":"https:\/\/portaltela.pt\/noticias\/2026\/03\/05\/camara-da-amadora-multa-quem-deposita-entulho-na-via-publica\/","og_site_name":"Portal Tela Portugal","article_published_time":"2026-03-05T13:24:33+00:00","author":"Telinha","twitter_card":"summary_large_image","twitter_misc":{"Escrito por":"Telinha","Tempo estimado de leitura":"1 minuto"},"schema":{"@context":"https:\/\/schema.org","@graph":[{"@type":"Article","@id":"https:\/\/portaltela.pt\/noticias\/2026\/03\/05\/camara-da-amadora-multa-quem-deposita-entulho-na-via-publica\/#article","isPartOf":{"@id":"https:\/\/portaltela.pt\/noticias\/2026\/03\/05\/camara-da-amadora-multa-quem-deposita-entulho-na-via-publica\/"},"author":{"name":"Telinha","@id":"https:\/\/portaltela.pt\/#\/schema\/person\/c4278d4a6028830caff9ee44b42d32ed"},"headline":"C\u00e2mara da Amadora multa quem deposita entulho na via p\u00fablica","datePublished":"2026-03-05T13:24:33+00:00","mainEntityOfPage":{"@id":"https:\/\/portaltela.pt\/noticias\/2026\/03\/05\/camara-da-amadora-multa-quem-deposita-entulho-na-via-publica\/"},"wordCount":230,"image":{"@id":"https:\/\/portaltela.pt\/noticias\/2026\/03\/05\/camara-da-amadora-multa-quem-deposita-entulho-na-via-publica\/#primaryimage"},"thumbnailUrl":"https:\/\/portaltela.pt\/s.01k8rhncp4jt1\/2026\/03\/img_1500x1000uu2024-12-26-19-08-53-2184710.jpg","keywords":["Amadora","dep\u00f3sitos","gest\u00e3o de res\u00edduos","higiene","limpeza urbana","meio-ambiente"],"articleSection":["Not\u00edcias"],"inLanguage":"pt-PT"},{"@type":"WebPage","@id":"https:\/\/portaltela.pt\/noticias\/2026\/03\/05\/camara-da-amadora-multa-quem-deposita-entulho-na-via-publica\/","url":"https:\/\/portaltela.pt\/noticias\/2026\/03\/05\/camara-da-amadora-multa-quem-deposita-entulho-na-via-publica\/","name":"C\u00e2mara da Amadora multa quem deposita entulho na via p\u00fablica - Portal Tela Portugal","isPartOf":{"@id":"https:\/\/portaltela.pt\/#website"},"primaryImageOfPage":{"@id":"https:\/\/portaltela.pt\/noticias\/2026\/03\/05\/camara-da-amadora-multa-quem-deposita-entulho-na-via-publica\/#primaryimage"},"image":{"@id":"https:\/\/portaltela.pt\/noticias\/2026\/03\/05\/camara-da-amadora-multa-quem-deposita-entulho-na-via-publica\/#primaryimage"},"thumbnailUrl":"https:\/\/portaltela.pt\/s.01k8rhncp4jt1\/2026\/03\/img_1500x1000uu2024-12-26-19-08-53-2184710.jpg","datePublished":"2026-03-05T13:24:33+00:00","author":{"@id":"https:\/\/portaltela.pt\/#\/schema\/person\/c4278d4a6028830caff9ee44b42d32ed"},"breadcrumb":{"@id":"https:\/\/portaltela.pt\/noticias\/2026\/03\/05\/camara-da-amadora-multa-quem-deposita-entulho-na-via-publica\/#breadcrumb"},"inLanguage":"pt-PT","potentialAction":[{"@type":"ReadAction","target":["https:\/\/portaltela.pt\/noticias\/2026\/03\/05\/camara-da-amadora-multa-quem-deposita-entulho-na-via-publica\/"]}]},{"@type":"ImageObject","inLanguage":"pt-PT","@id":"https:\/\/portaltela.pt\/noticias\/2026\/03\/05\/camara-da-amadora-multa-quem-deposita-entulho-na-via-publica\/#primaryimage","url":"https:\/\/portaltela.pt\/s.01k8rhncp4jt1\/2026\/03\/img_1500x1000uu2024-12-26-19-08-53-2184710.jpg","contentUrl":"https:\/\/portaltela.pt\/s.01k8rhncp4jt1\/2026\/03\/img_1500x1000uu2024-12-26-19-08-53-2184710.jpg","width":796,"height":448,"caption":"Lixo acumulado na rua"},{"@type":"BreadcrumbList","@id":"https:\/\/portaltela.pt\/noticias\/2026\/03\/05\/camara-da-amadora-multa-quem-deposita-entulho-na-via-publica\/#breadcrumb","itemListElement":[{"@type":"ListItem","position":1,"name":"In\u00edcio","item":"https:\/\/portaltela.pt\/"},{"@type":"ListItem","position":2,"name":"C\u00e2mara da Amadora multa quem deposita entulho na via p\u00fablica"}]},{"@type":"WebSite","@id":"https:\/\/portaltela.pt\/#website","url":"https:\/\/portaltela.pt\/","name":"Portal Tela Portugal","description":"","potentialAction":[{"@type":"SearchAction","target":{"@type":"EntryPoint","urlTemplate":"https:\/\/portaltela.pt\/?s={search_term_string}"},"query-input":{"@type":"PropertyValueSpecification","valueRequired":true,"valueName":"search_term_string"}}],"inLanguage":"pt-PT"},{"@type":"Person","@id":"https:\/\/portaltela.pt\/#\/schema\/person\/c4278d4a6028830caff9ee44b42d32ed","name":"Telinha","image":{"@type":"ImageObject","inLanguage":"pt-PT","@id":"https:\/\/portaltela.pt\/s.01k8rhncp4jt1\/2025\/11\/talking-bot-125x125.png","url":"https:\/\/portaltela.pt\/s.01k8rhncp4jt1\/2025\/11\/talking-bot-125x125.png","contentUrl":"https:\/\/portaltela.pt\/s.01k8rhncp4jt1\/2025\/11\/talking-bot-125x125.png","caption":"Telinha"},"sameAs":["https:\/\/portaltela.pt\/"],"url":"https:\/\/portaltela.pt\/por\/367410592786\/"}]}},"_links":{"self":[{"href":"https:\/\/portaltela.pt\/api\/wp\/v2\/posts\/398591","targetHints":{"allow":["GET"]}}],"collection":[{"href":"https:\/\/portaltela.pt\/api\/wp\/v2\/posts"}],"about":[{"href":"https:\/\/portaltela.pt\/api\/wp\/v2\/types\/post"}],"author":[{"embeddable":true,"href":"https:\/\/portaltela.pt\/api\/wp\/v2\/users\/2"}],"replies":[{"embeddable":true,"href":"https:\/\/portaltela.pt\/api\/wp\/v2\/comments?post=398591"}],"version-history":[{"count":0,"href":"https:\/\/portaltela.pt\/api\/wp\/v2\/posts\/398591\/revisions"}],"wp:featuredmedia":[{"embeddable":true,"href":"https:\/\/portaltela.pt\/api\/wp\/v2\/media\/398602"}],"wp:attachment":[{"href":"https:\/\/portaltela.pt\/api\/wp\/v2\/media?parent=398591"}],"wp:term":[{"taxonomy":"category","embeddable":true,"href":"https:\/\/portaltela.pt\/api\/wp\/v2\/categories?post=398591"},{"taxonomy":"post_tag","embeddable":true,"href":"https:\/\/portaltela.pt\/api\/wp\/v2\/tags?post=398591"}],"curies":[{"name":"wp","href":"https:\/\/api.w.org\/{rel}","templated":true}]}}