{"id":398574,"date":"2026-03-05T10:12:36","date_gmt":"2026-03-05T13:12:36","guid":{"rendered":"https:\/\/portaltela.pt\/noticias\/2026\/03\/05\/lara-pintassilgo-vive-normalidade-na-turquia-e-diz-sentir-se-tranquila-e-segura\/"},"modified":"2026-03-05T10:12:36","modified_gmt":"2026-03-05T13:12:36","slug":"lara-pintassilgo-vive-normalidade-na-turquia-e-diz-sentir-se-tranquila-e-segura","status":"publish","type":"post","link":"https:\/\/portaltela.pt\/desporto\/futebol\/2026\/03\/05\/lara-pintassilgo-vive-normalidade-na-turquia-e-diz-sentir-se-tranquila-e-segura\/","title":{"rendered":"Lara Pintassilgo vive normalidade na Turquia e diz sentir-se tranquila e segura"},"content":{"rendered":"<p>A jogadora portuguesa Lara Pintassilgo, atacante do Besiktas, afirmou viver uma rotina de normalidade na Turquia, apesar da interce\u00e7\u00e3o de um m\u00edssil sobre o Mediterr\u00e2neo oriental e da escalada entre Estados Unidos e Ir\u00e3o. Ela disse que no clube n\u00e3o houve discuss\u00e3o significativa sobre o incidente e que o plantel, maioritariamente formado por turcas, n\u00e3o acompanha com preocupa\u00e7\u00e3o o conflito.<\/p>\n<p>A interven\u00e7\u00e3o das defesas da NATO na Turquia ocorreu na quarta-feira, com retalia\u00e7\u00f5es em curso e sem registo de v\u00edtimas no territ\u00f3rio turco, segundo informa\u00e7\u00f5es oficiais. O Ir\u00e3o negou ter lan\u00e7ado o m\u00edssil que ter\u00e1 provocado o incidente. Pintassilgo confirmou que a sua agenda di\u00e1ria manteve-se: treino, casa e rotina.<\/p>\n<p>A internacional portuguesa, em Istambul h\u00e1 duas temporadas, referiu que a perce\u00e7\u00e3o de risco chega sobretudo de Portugal, por familiares e redes sociais, dado que o meio turco n\u00e3o divulga amplamente as not\u00edcias. Tamb\u00e9m mencionou epis\u00f3dios de bloqueio informativo que j\u00e1 ocorreram em per\u00edodos de tens\u00e3o.<\/p>\n<h3>Contexto geopol\u00edtico e consequ\u00eancias<\/h3>\n<p>A ofensiva liderada pelos Estados Unidos e por Israel, lan\u00e7ada a 28 de fevereiro, intensificou a tens\u00e3o na regi\u00e3o. O Ir\u00e3 declarou retalia\u00e7\u00f5es dirigidas a alvos em Israel, bases norte-americanas e infraestruturas em v\u00e1rios pa\u00edses vizinhos, incluindo a Turquia. O balan\u00e7o inicial aponta para mais de mil mortos, em grande parte no Ir\u00e3o.<\/p>\n<p>Pintassilgo afirmou estar mais atenta \u00e0 proximidade com o Ir\u00e3o e garantiu que regressaria a Portugal se a situa\u00e7\u00e3o se degradar de forma insustent\u00e1vel. A atleta mant\u00e9m contacto com a sua representante, que j\u00e1 assegurou apoio log\u00edstico para eventual repatriamento, caso seja necess\u00e1rio. A federa\u00e7\u00e3o e o clube n\u00e3o colocaram entraves \u00e0 poss\u00edvel retirada, em cen\u00e1rio de emerg\u00eancia.<\/p>\n","protected":false},"excerpt":{"rendered":"<ul>\n<li>Lara Pintassilgo, jogadora do Besiktas, afirma viver uma rotina de normalidade na Turquia, apesar da tens\u00e3o regional.<\/li>\n<li>Intercep\u00e7\u00e3o de m\u00edssil iraniano sobre o Mediterr\u00e2neo oriental levou a queda de estilha\u00e7os no extremo sul da Turquia, sem v\u00edtimas.<\/li>\n<li>O Ir\u00e3o negou ter lan\u00e7ado o m\u00edssil contra a Turquia; a Turquia \u00e9 descrita como respeitando a soberania do pa\u00eds vizinho e aliado.<\/li>\n<li>A avan\u00e7ada portuguesa diz manter a rotina: acordar, treinar e regressar a casa; garante sentir-se tranquila e segura, com risco percebido sobretudo vindos de Portugal.<\/li>\n<li>Pintassilgo afirma estar mais alerta pela proximidade com o Ir\u00e3o e diz que voltaria a Portugal se a situa\u00e7\u00e3o agravasse; mant\u00e9m contacto com a representante para eventual repatria\u00e7\u00e3o.<\/li>\n<\/ul>\n","protected":false},"author":2,"featured_media":398582,"comment_status":"closed","ping_status":"closed","sticky":false,"template":"","format":"standard","meta":{"footnotes":""},"categories":[21,24],"tags":[3747,32,81,3153,1821,2126],"class_list":["post-398574","post","type-post","status-publish","format-standard","has-post-thumbnail","hentry","category-desporto","category-futebol","tag-besiktas","tag-futebol","tag-internacionais","tag-ira","tag-istambul","tag-turquia"],"yoast_head":"<!-- This site is optimized with the Yoast SEO plugin v27.2 - https:\/\/yoast.com\/product\/yoast-seo-wordpress\/ -->\n<title>Lara Pintassilgo vive normalidade na Turquia e diz sentir-se tranquila e segura - Portal Tela Portugal<\/title>\n<meta name=\"robots\" content=\"index, follow, max-snippet:-1, max-image-preview:large, max-video-preview:-1\" \/>\n<meta property=\"og:locale\" content=\"pt_PT\" \/>\n<meta property=\"og:type\" content=\"article\" \/>\n<meta property=\"og:title\" content=\"Lara Pintassilgo vive normalidade na Turquia e diz sentir-se tranquila e segura - Portal Tela Portugal\" \/>\n<meta property=\"og:description\" content=\"Lara Pintassilgo, jogadora do Besiktas, afirma viver uma rotina de normalidade na Turquia, apesar da tens\u00e3o regional. Intercep\u00e7\u00e3o de m\u00edssil iraniano sobre o Mediterr\u00e2neo oriental levou a queda de estilha\u00e7os no extremo sul da Turquia, sem v\u00edtimas. O Ir\u00e3o negou ter lan\u00e7ado o m\u00edssil contra a Turquia; a Turquia \u00e9 descrita como respeitando a soberania do pa\u00eds vizinho e aliado. A avan\u00e7ada portuguesa diz manter a rotina: acordar, treinar e regressar a casa; garante sentir-se tranquila e segura, com risco percebido sobretudo vindos de Portugal. Pintassilgo afirma estar mais alerta pela proximidade com o Ir\u00e3o e diz que voltaria a Portugal se a situa\u00e7\u00e3o agravasse; mant\u00e9m contacto com a representante para eventual repatria\u00e7\u00e3o.\" \/>\n<meta property=\"og:url\" content=\"https:\/\/portaltela.pt\/noticias\/2026\/03\/05\/lara-pintassilgo-vive-normalidade-na-turquia-e-diz-sentir-se-tranquila-e-segura\/\" \/>\n<meta property=\"og:site_name\" content=\"Portal Tela Portugal\" \/>\n<meta property=\"article:published_time\" content=\"2026-03-05T13:12:36+00:00\" \/>\n<meta name=\"author\" content=\"Telinha\" \/>\n<meta name=\"twitter:card\" content=\"summary_large_image\" \/>\n<meta name=\"twitter:label1\" content=\"Escrito por\" \/>\n\t<meta name=\"twitter:data1\" content=\"Telinha\" \/>\n\t<meta name=\"twitter:label2\" content=\"Tempo estimado de leitura\" \/>\n\t<meta name=\"twitter:data2\" content=\"2 minutos\" \/>\n<script type=\"application\/ld+json\" class=\"yoast-schema-graph\">{\"@context\":\"https:\/\/schema.org\",\"@graph\":[{\"@type\":\"Article\",\"@id\":\"https:\/\/portaltela.pt\/noticias\/2026\/03\/05\/lara-pintassilgo-vive-normalidade-na-turquia-e-diz-sentir-se-tranquila-e-segura\/#article\",\"isPartOf\":{\"@id\":\"https:\/\/portaltela.pt\/noticias\/2026\/03\/05\/lara-pintassilgo-vive-normalidade-na-turquia-e-diz-sentir-se-tranquila-e-segura\/\"},\"author\":{\"name\":\"Telinha\",\"@id\":\"https:\/\/portaltela.pt\/#\/schema\/person\/c4278d4a6028830caff9ee44b42d32ed\"},\"headline\":\"Lara Pintassilgo vive normalidade na Turquia e diz sentir-se tranquila e segura\",\"datePublished\":\"2026-03-05T13:12:36+00:00\",\"mainEntityOfPage\":{\"@id\":\"https:\/\/portaltela.pt\/noticias\/2026\/03\/05\/lara-pintassilgo-vive-normalidade-na-turquia-e-diz-sentir-se-tranquila-e-segura\/\"},\"wordCount\":325,\"image\":{\"@id\":\"https:\/\/portaltela.pt\/noticias\/2026\/03\/05\/lara-pintassilgo-vive-normalidade-na-turquia-e-diz-sentir-se-tranquila-e-segura\/#primaryimage\"},\"thumbnailUrl\":\"https:\/\/portaltela.pt\/s.01k8rhncp4jt1\/2026\/03\/img_920x518uu2026-03-05-13-11-50-2425064-im-639083131363057442.jpg\",\"keywords\":[\"Besiktas\",\"futebol\",\"internacionais\",\"Ir\u00e3\",\"Istambul\",\"Turquia\"],\"articleSection\":[\"Desporto\",\"Futebol\"],\"inLanguage\":\"pt-PT\"},{\"@type\":\"WebPage\",\"@id\":\"https:\/\/portaltela.pt\/noticias\/2026\/03\/05\/lara-pintassilgo-vive-normalidade-na-turquia-e-diz-sentir-se-tranquila-e-segura\/\",\"url\":\"https:\/\/portaltela.pt\/noticias\/2026\/03\/05\/lara-pintassilgo-vive-normalidade-na-turquia-e-diz-sentir-se-tranquila-e-segura\/\",\"name\":\"Lara Pintassilgo vive normalidade na Turquia e diz sentir-se tranquila e segura - Portal Tela Portugal\",\"isPartOf\":{\"@id\":\"https:\/\/portaltela.pt\/#website\"},\"primaryImageOfPage\":{\"@id\":\"https:\/\/portaltela.pt\/noticias\/2026\/03\/05\/lara-pintassilgo-vive-normalidade-na-turquia-e-diz-sentir-se-tranquila-e-segura\/#primaryimage\"},\"image\":{\"@id\":\"https:\/\/portaltela.pt\/noticias\/2026\/03\/05\/lara-pintassilgo-vive-normalidade-na-turquia-e-diz-sentir-se-tranquila-e-segura\/#primaryimage\"},\"thumbnailUrl\":\"https:\/\/portaltela.pt\/s.01k8rhncp4jt1\/2026\/03\/img_920x518uu2026-03-05-13-11-50-2425064-im-639083131363057442.jpg\",\"datePublished\":\"2026-03-05T13:12:36+00:00\",\"author\":{\"@id\":\"https:\/\/portaltela.pt\/#\/schema\/person\/c4278d4a6028830caff9ee44b42d32ed\"},\"breadcrumb\":{\"@id\":\"https:\/\/portaltela.pt\/noticias\/2026\/03\/05\/lara-pintassilgo-vive-normalidade-na-turquia-e-diz-sentir-se-tranquila-e-segura\/#breadcrumb\"},\"inLanguage\":\"pt-PT\",\"potentialAction\":[{\"@type\":\"ReadAction\",\"target\":[\"https:\/\/portaltela.pt\/noticias\/2026\/03\/05\/lara-pintassilgo-vive-normalidade-na-turquia-e-diz-sentir-se-tranquila-e-segura\/\"]}]},{\"@type\":\"ImageObject\",\"inLanguage\":\"pt-PT\",\"@id\":\"https:\/\/portaltela.pt\/noticias\/2026\/03\/05\/lara-pintassilgo-vive-normalidade-na-turquia-e-diz-sentir-se-tranquila-e-segura\/#primaryimage\",\"url\":\"https:\/\/portaltela.pt\/s.01k8rhncp4jt1\/2026\/03\/img_920x518uu2026-03-05-13-11-50-2425064-im-639083131363057442.jpg\",\"contentUrl\":\"https:\/\/portaltela.pt\/s.01k8rhncp4jt1\/2026\/03\/img_920x518uu2026-03-05-13-11-50-2425064-im-639083131363057442.jpg\",\"width\":796,\"height\":448,\"caption\":\"Lara Pintassilgo\"},{\"@type\":\"BreadcrumbList\",\"@id\":\"https:\/\/portaltela.pt\/noticias\/2026\/03\/05\/lara-pintassilgo-vive-normalidade-na-turquia-e-diz-sentir-se-tranquila-e-segura\/#breadcrumb\",\"itemListElement\":[{\"@type\":\"ListItem\",\"position\":1,\"name\":\"In\u00edcio\",\"item\":\"https:\/\/portaltela.pt\/\"},{\"@type\":\"ListItem\",\"position\":2,\"name\":\"Lara Pintassilgo vive normalidade na Turquia e diz sentir-se tranquila e segura\"}]},{\"@type\":\"WebSite\",\"@id\":\"https:\/\/portaltela.pt\/#website\",\"url\":\"https:\/\/portaltela.pt\/\",\"name\":\"Portal Tela Portugal\",\"description\":\"\",\"potentialAction\":[{\"@type\":\"SearchAction\",\"target\":{\"@type\":\"EntryPoint\",\"urlTemplate\":\"https:\/\/portaltela.pt\/?s={search_term_string}\"},\"query-input\":{\"@type\":\"PropertyValueSpecification\",\"valueRequired\":true,\"valueName\":\"search_term_string\"}}],\"inLanguage\":\"pt-PT\"},{\"@type\":\"Person\",\"@id\":\"https:\/\/portaltela.pt\/#\/schema\/person\/c4278d4a6028830caff9ee44b42d32ed\",\"name\":\"Telinha\",\"image\":{\"@type\":\"ImageObject\",\"inLanguage\":\"pt-PT\",\"@id\":\"https:\/\/portaltela.pt\/s.01k8rhncp4jt1\/2025\/11\/talking-bot-125x125.png\",\"url\":\"https:\/\/portaltela.pt\/s.01k8rhncp4jt1\/2025\/11\/talking-bot-125x125.png\",\"contentUrl\":\"https:\/\/portaltela.pt\/s.01k8rhncp4jt1\/2025\/11\/talking-bot-125x125.png\",\"caption\":\"Telinha\"},\"sameAs\":[\"https:\/\/portaltela.pt\/\"],\"url\":\"https:\/\/portaltela.pt\/por\/367410592786\/\"}]}<\/script>\n<!-- \/ Yoast SEO plugin. -->","yoast_head_json":{"title":"Lara Pintassilgo vive normalidade na Turquia e diz sentir-se tranquila e segura - Portal Tela Portugal","robots":{"index":"index","follow":"follow","max-snippet":"max-snippet:-1","max-image-preview":"max-image-preview:large","max-video-preview":"max-video-preview:-1"},"og_locale":"pt_PT","og_type":"article","og_title":"Lara Pintassilgo vive normalidade na Turquia e diz sentir-se tranquila e segura - Portal Tela Portugal","og_description":"Lara Pintassilgo, jogadora do Besiktas, afirma viver uma rotina de normalidade na Turquia, apesar da tens\u00e3o regional. Intercep\u00e7\u00e3o de m\u00edssil iraniano sobre o Mediterr\u00e2neo oriental levou a queda de estilha\u00e7os no extremo sul da Turquia, sem v\u00edtimas. O Ir\u00e3o negou ter lan\u00e7ado o m\u00edssil contra a Turquia; a Turquia \u00e9 descrita como respeitando a soberania do pa\u00eds vizinho e aliado. A avan\u00e7ada portuguesa diz manter a rotina: acordar, treinar e regressar a casa; garante sentir-se tranquila e segura, com risco percebido sobretudo vindos de Portugal. Pintassilgo afirma estar mais alerta pela proximidade com o Ir\u00e3o e diz que voltaria a Portugal se a situa\u00e7\u00e3o agravasse; mant\u00e9m contacto com a representante para eventual repatria\u00e7\u00e3o.","og_url":"https:\/\/portaltela.pt\/noticias\/2026\/03\/05\/lara-pintassilgo-vive-normalidade-na-turquia-e-diz-sentir-se-tranquila-e-segura\/","og_site_name":"Portal Tela Portugal","article_published_time":"2026-03-05T13:12:36+00:00","author":"Telinha","twitter_card":"summary_large_image","twitter_misc":{"Escrito por":"Telinha","Tempo estimado de leitura":"2 minutos"},"schema":{"@context":"https:\/\/schema.org","@graph":[{"@type":"Article","@id":"https:\/\/portaltela.pt\/noticias\/2026\/03\/05\/lara-pintassilgo-vive-normalidade-na-turquia-e-diz-sentir-se-tranquila-e-segura\/#article","isPartOf":{"@id":"https:\/\/portaltela.pt\/noticias\/2026\/03\/05\/lara-pintassilgo-vive-normalidade-na-turquia-e-diz-sentir-se-tranquila-e-segura\/"},"author":{"name":"Telinha","@id":"https:\/\/portaltela.pt\/#\/schema\/person\/c4278d4a6028830caff9ee44b42d32ed"},"headline":"Lara Pintassilgo vive normalidade na Turquia e diz sentir-se tranquila e segura","datePublished":"2026-03-05T13:12:36+00:00","mainEntityOfPage":{"@id":"https:\/\/portaltela.pt\/noticias\/2026\/03\/05\/lara-pintassilgo-vive-normalidade-na-turquia-e-diz-sentir-se-tranquila-e-segura\/"},"wordCount":325,"image":{"@id":"https:\/\/portaltela.pt\/noticias\/2026\/03\/05\/lara-pintassilgo-vive-normalidade-na-turquia-e-diz-sentir-se-tranquila-e-segura\/#primaryimage"},"thumbnailUrl":"https:\/\/portaltela.pt\/s.01k8rhncp4jt1\/2026\/03\/img_920x518uu2026-03-05-13-11-50-2425064-im-639083131363057442.jpg","keywords":["Besiktas","futebol","internacionais","Ir\u00e3","Istambul","Turquia"],"articleSection":["Desporto","Futebol"],"inLanguage":"pt-PT"},{"@type":"WebPage","@id":"https:\/\/portaltela.pt\/noticias\/2026\/03\/05\/lara-pintassilgo-vive-normalidade-na-turquia-e-diz-sentir-se-tranquila-e-segura\/","url":"https:\/\/portaltela.pt\/noticias\/2026\/03\/05\/lara-pintassilgo-vive-normalidade-na-turquia-e-diz-sentir-se-tranquila-e-segura\/","name":"Lara Pintassilgo vive normalidade na Turquia e diz sentir-se tranquila e segura - Portal Tela Portugal","isPartOf":{"@id":"https:\/\/portaltela.pt\/#website"},"primaryImageOfPage":{"@id":"https:\/\/portaltela.pt\/noticias\/2026\/03\/05\/lara-pintassilgo-vive-normalidade-na-turquia-e-diz-sentir-se-tranquila-e-segura\/#primaryimage"},"image":{"@id":"https:\/\/portaltela.pt\/noticias\/2026\/03\/05\/lara-pintassilgo-vive-normalidade-na-turquia-e-diz-sentir-se-tranquila-e-segura\/#primaryimage"},"thumbnailUrl":"https:\/\/portaltela.pt\/s.01k8rhncp4jt1\/2026\/03\/img_920x518uu2026-03-05-13-11-50-2425064-im-639083131363057442.jpg","datePublished":"2026-03-05T13:12:36+00:00","author":{"@id":"https:\/\/portaltela.pt\/#\/schema\/person\/c4278d4a6028830caff9ee44b42d32ed"},"breadcrumb":{"@id":"https:\/\/portaltela.pt\/noticias\/2026\/03\/05\/lara-pintassilgo-vive-normalidade-na-turquia-e-diz-sentir-se-tranquila-e-segura\/#breadcrumb"},"inLanguage":"pt-PT","potentialAction":[{"@type":"ReadAction","target":["https:\/\/portaltela.pt\/noticias\/2026\/03\/05\/lara-pintassilgo-vive-normalidade-na-turquia-e-diz-sentir-se-tranquila-e-segura\/"]}]},{"@type":"ImageObject","inLanguage":"pt-PT","@id":"https:\/\/portaltela.pt\/noticias\/2026\/03\/05\/lara-pintassilgo-vive-normalidade-na-turquia-e-diz-sentir-se-tranquila-e-segura\/#primaryimage","url":"https:\/\/portaltela.pt\/s.01k8rhncp4jt1\/2026\/03\/img_920x518uu2026-03-05-13-11-50-2425064-im-639083131363057442.jpg","contentUrl":"https:\/\/portaltela.pt\/s.01k8rhncp4jt1\/2026\/03\/img_920x518uu2026-03-05-13-11-50-2425064-im-639083131363057442.jpg","width":796,"height":448,"caption":"Lara Pintassilgo"},{"@type":"BreadcrumbList","@id":"https:\/\/portaltela.pt\/noticias\/2026\/03\/05\/lara-pintassilgo-vive-normalidade-na-turquia-e-diz-sentir-se-tranquila-e-segura\/#breadcrumb","itemListElement":[{"@type":"ListItem","position":1,"name":"In\u00edcio","item":"https:\/\/portaltela.pt\/"},{"@type":"ListItem","position":2,"name":"Lara Pintassilgo vive normalidade na Turquia e diz sentir-se tranquila e segura"}]},{"@type":"WebSite","@id":"https:\/\/portaltela.pt\/#website","url":"https:\/\/portaltela.pt\/","name":"Portal Tela Portugal","description":"","potentialAction":[{"@type":"SearchAction","target":{"@type":"EntryPoint","urlTemplate":"https:\/\/portaltela.pt\/?s={search_term_string}"},"query-input":{"@type":"PropertyValueSpecification","valueRequired":true,"valueName":"search_term_string"}}],"inLanguage":"pt-PT"},{"@type":"Person","@id":"https:\/\/portaltela.pt\/#\/schema\/person\/c4278d4a6028830caff9ee44b42d32ed","name":"Telinha","image":{"@type":"ImageObject","inLanguage":"pt-PT","@id":"https:\/\/portaltela.pt\/s.01k8rhncp4jt1\/2025\/11\/talking-bot-125x125.png","url":"https:\/\/portaltela.pt\/s.01k8rhncp4jt1\/2025\/11\/talking-bot-125x125.png","contentUrl":"https:\/\/portaltela.pt\/s.01k8rhncp4jt1\/2025\/11\/talking-bot-125x125.png","caption":"Telinha"},"sameAs":["https:\/\/portaltela.pt\/"],"url":"https:\/\/portaltela.pt\/por\/367410592786\/"}]}},"_links":{"self":[{"href":"https:\/\/portaltela.pt\/api\/wp\/v2\/posts\/398574","targetHints":{"allow":["GET"]}}],"collection":[{"href":"https:\/\/portaltela.pt\/api\/wp\/v2\/posts"}],"about":[{"href":"https:\/\/portaltela.pt\/api\/wp\/v2\/types\/post"}],"author":[{"embeddable":true,"href":"https:\/\/portaltela.pt\/api\/wp\/v2\/users\/2"}],"replies":[{"embeddable":true,"href":"https:\/\/portaltela.pt\/api\/wp\/v2\/comments?post=398574"}],"version-history":[{"count":0,"href":"https:\/\/portaltela.pt\/api\/wp\/v2\/posts\/398574\/revisions"}],"wp:featuredmedia":[{"embeddable":true,"href":"https:\/\/portaltela.pt\/api\/wp\/v2\/media\/398582"}],"wp:attachment":[{"href":"https:\/\/portaltela.pt\/api\/wp\/v2\/media?parent=398574"}],"wp:term":[{"taxonomy":"category","embeddable":true,"href":"https:\/\/portaltela.pt\/api\/wp\/v2\/categories?post=398574"},{"taxonomy":"post_tag","embeddable":true,"href":"https:\/\/portaltela.pt\/api\/wp\/v2\/tags?post=398574"}],"curies":[{"name":"wp","href":"https:\/\/api.w.org\/{rel}","templated":true}]}}