{"id":398572,"date":"2026-03-05T07:01:00","date_gmt":"2026-03-05T10:01:00","guid":{"rendered":"https:\/\/portaltela.pt\/noticias\/2026\/03\/05\/ue-multou-portugal-em-10-milhoes-de-euros-e-impoe-sancao-por-falhas-ambientais\/"},"modified":"2026-03-05T07:01:00","modified_gmt":"2026-03-05T10:01:00","slug":"ue-multou-portugal-em-10-milhoes-de-euros-e-impoe-sancao-por-falhas-ambientais","status":"publish","type":"post","link":"https:\/\/portaltela.pt\/noticias\/2026\/03\/05\/ue-multou-portugal-em-10-milhoes-de-euros-e-impoe-sancao-por-falhas-ambientais\/","title":{"rendered":"UE multou Portugal em 10 milh\u00f5es de euros e imp\u00f5e san\u00e7\u00e3o por falhas ambientais"},"content":{"rendered":"<p>O Tribunal da Uni\u00e3o Europeia decidiu impor a Portugal uma coima de 10 milh\u00f5es de euros. A decis\u00e3o inclui ainda uma san\u00e7\u00e3o di\u00e1ria por falhas ambientais n\u00e3o especificadas publicamente.<\/p>\n<p>Segundo a senten\u00e7a, as falhas em causa dizem respeito a incumprimentos ambientais cometidos pelo Estado. O montante inicial visa compensar o impacto ambiental identificado pela institui\u00e7\u00e3o.<\/p>\n<p>A institui\u00e7\u00e3o portuguesa enfrenta a obriga\u00e7\u00e3o de cumprir os padr\u00f5es exigidos pela legisla\u00e7\u00e3o europeia, sob pena de agravamento da san\u00e7\u00e3o di\u00e1ria. Detalhes adicionais n\u00e3o foram tornados p\u00fablicos at\u00e9 ao momento.<\/p>\n<p>O caso mant\u00e9m-se sob supervis\u00e3o do Tribunal da UE, que pode alterar ou ampliar as medidas com base em novos elementos apresentados pelas partes envolvidas.<\/p>\n","protected":false},"excerpt":{"rendered":"<ul>\n<li>O Tribunal da Uni\u00e3o Europeia condenou Portugal ao pagamento de uma multa de 10 milh\u00f5es de euros por falhas ambientais.<\/li>\n<li>Al\u00e9m da multa, foi imposta uma san\u00e7\u00e3o di\u00e1ria por incumprimentos ambientais.<\/li>\n<li>A decis\u00e3o decorre de falhas identificadas pela Uni\u00e3o Europeia no cumprimento de obriga\u00e7\u00f5es ambientais.<\/li>\n<li>O montante e a san\u00e7\u00e3o visam refor\u00e7ar o cumprimento de normas ambientais por parte de Portugal.<\/li>\n<\/ul>\n","protected":false},"author":2,"featured_media":398581,"comment_status":"closed","ping_status":"closed","sticky":false,"template":"","format":"standard","meta":{"footnotes":""},"categories":[1],"tags":[3100,5190,1014,1840,2055],"class_list":["post-398572","post","type-post","status-publish","format-standard","has-post-thumbnail","hentry","category-noticias","tag-ambiental","tag-legislacao-ambiental","tag-portugal","tag-sancoes-internacionais","tag-uniao-europeia"],"yoast_head":"<!-- This site is optimized with the Yoast SEO plugin v27.2 - https:\/\/yoast.com\/product\/yoast-seo-wordpress\/ -->\n<title>UE multou Portugal em 10 milh\u00f5es de euros e imp\u00f5e san\u00e7\u00e3o por falhas ambientais - Portal Tela Portugal<\/title>\n<meta name=\"robots\" content=\"index, follow, max-snippet:-1, max-image-preview:large, max-video-preview:-1\" \/>\n<meta property=\"og:locale\" content=\"pt_PT\" \/>\n<meta property=\"og:type\" content=\"article\" \/>\n<meta property=\"og:title\" content=\"UE multou Portugal em 10 milh\u00f5es de euros e imp\u00f5e san\u00e7\u00e3o por falhas ambientais - Portal Tela Portugal\" \/>\n<meta property=\"og:description\" content=\"O Tribunal da Uni\u00e3o Europeia condenou Portugal ao pagamento de uma multa de 10 milh\u00f5es de euros por falhas ambientais. Al\u00e9m da multa, foi imposta uma san\u00e7\u00e3o di\u00e1ria por incumprimentos ambientais. A decis\u00e3o decorre de falhas identificadas pela Uni\u00e3o Europeia no cumprimento de obriga\u00e7\u00f5es ambientais. O montante e a san\u00e7\u00e3o visam refor\u00e7ar o cumprimento de normas ambientais por parte de Portugal.\" \/>\n<meta property=\"og:url\" content=\"https:\/\/portaltela.pt\/noticias\/2026\/03\/05\/ue-multou-portugal-em-10-milhoes-de-euros-e-impoe-sancao-por-falhas-ambientais\/\" \/>\n<meta property=\"og:site_name\" content=\"Portal Tela Portugal\" \/>\n<meta property=\"article:published_time\" content=\"2026-03-05T10:01:00+00:00\" \/>\n<meta name=\"author\" content=\"Telinha\" \/>\n<meta name=\"twitter:card\" content=\"summary_large_image\" \/>\n<meta name=\"twitter:label1\" content=\"Escrito por\" \/>\n\t<meta name=\"twitter:data1\" content=\"Telinha\" \/>\n\t<meta name=\"twitter:label2\" content=\"Tempo estimado de leitura\" \/>\n\t<meta name=\"twitter:data2\" content=\"1 minuto\" \/>\n<script type=\"application\/ld+json\" class=\"yoast-schema-graph\">{\"@context\":\"https:\/\/schema.org\",\"@graph\":[{\"@type\":\"Article\",\"@id\":\"https:\/\/portaltela.pt\/noticias\/2026\/03\/05\/ue-multou-portugal-em-10-milhoes-de-euros-e-impoe-sancao-por-falhas-ambientais\/#article\",\"isPartOf\":{\"@id\":\"https:\/\/portaltela.pt\/noticias\/2026\/03\/05\/ue-multou-portugal-em-10-milhoes-de-euros-e-impoe-sancao-por-falhas-ambientais\/\"},\"author\":{\"name\":\"Telinha\",\"@id\":\"https:\/\/portaltela.pt\/#\/schema\/person\/c4278d4a6028830caff9ee44b42d32ed\"},\"headline\":\"UE multou Portugal em 10 milh\u00f5es de euros e imp\u00f5e san\u00e7\u00e3o por falhas ambientais\",\"datePublished\":\"2026-03-05T10:01:00+00:00\",\"mainEntityOfPage\":{\"@id\":\"https:\/\/portaltela.pt\/noticias\/2026\/03\/05\/ue-multou-portugal-em-10-milhoes-de-euros-e-impoe-sancao-por-falhas-ambientais\/\"},\"wordCount\":143,\"image\":{\"@id\":\"https:\/\/portaltela.pt\/noticias\/2026\/03\/05\/ue-multou-portugal-em-10-milhoes-de-euros-e-impoe-sancao-por-falhas-ambientais\/#primaryimage\"},\"thumbnailUrl\":\"https:\/\/portaltela.pt\/s.01k8rhncp4jt1\/2026\/03\/CACHE_780X1200_ANALOG_WATERMARKED_43673887_22710516000077.jpg\",\"keywords\":[\"ambiental\",\"legisla\u00e7\u00e3o ambiental\",\"Portugal\",\"san\u00e7\u00f5es internacionais\",\"Uni\u00e3o Europeia\"],\"articleSection\":[\"Not\u00edcias\"],\"inLanguage\":\"pt-PT\"},{\"@type\":\"WebPage\",\"@id\":\"https:\/\/portaltela.pt\/noticias\/2026\/03\/05\/ue-multou-portugal-em-10-milhoes-de-euros-e-impoe-sancao-por-falhas-ambientais\/\",\"url\":\"https:\/\/portaltela.pt\/noticias\/2026\/03\/05\/ue-multou-portugal-em-10-milhoes-de-euros-e-impoe-sancao-por-falhas-ambientais\/\",\"name\":\"UE multou Portugal em 10 milh\u00f5es de euros e imp\u00f5e san\u00e7\u00e3o por falhas ambientais - Portal Tela Portugal\",\"isPartOf\":{\"@id\":\"https:\/\/portaltela.pt\/#website\"},\"primaryImageOfPage\":{\"@id\":\"https:\/\/portaltela.pt\/noticias\/2026\/03\/05\/ue-multou-portugal-em-10-milhoes-de-euros-e-impoe-sancao-por-falhas-ambientais\/#primaryimage\"},\"image\":{\"@id\":\"https:\/\/portaltela.pt\/noticias\/2026\/03\/05\/ue-multou-portugal-em-10-milhoes-de-euros-e-impoe-sancao-por-falhas-ambientais\/#primaryimage\"},\"thumbnailUrl\":\"https:\/\/portaltela.pt\/s.01k8rhncp4jt1\/2026\/03\/CACHE_780X1200_ANALOG_WATERMARKED_43673887_22710516000077.jpg\",\"datePublished\":\"2026-03-05T10:01:00+00:00\",\"author\":{\"@id\":\"https:\/\/portaltela.pt\/#\/schema\/person\/c4278d4a6028830caff9ee44b42d32ed\"},\"breadcrumb\":{\"@id\":\"https:\/\/portaltela.pt\/noticias\/2026\/03\/05\/ue-multou-portugal-em-10-milhoes-de-euros-e-impoe-sancao-por-falhas-ambientais\/#breadcrumb\"},\"inLanguage\":\"pt-PT\",\"potentialAction\":[{\"@type\":\"ReadAction\",\"target\":[\"https:\/\/portaltela.pt\/noticias\/2026\/03\/05\/ue-multou-portugal-em-10-milhoes-de-euros-e-impoe-sancao-por-falhas-ambientais\/\"]}]},{\"@type\":\"ImageObject\",\"inLanguage\":\"pt-PT\",\"@id\":\"https:\/\/portaltela.pt\/noticias\/2026\/03\/05\/ue-multou-portugal-em-10-milhoes-de-euros-e-impoe-sancao-por-falhas-ambientais\/#primaryimage\",\"url\":\"https:\/\/portaltela.pt\/s.01k8rhncp4jt1\/2026\/03\/CACHE_780X1200_ANALOG_WATERMARKED_43673887_22710516000077.jpg\",\"contentUrl\":\"https:\/\/portaltela.pt\/s.01k8rhncp4jt1\/2026\/03\/CACHE_780X1200_ANALOG_WATERMARKED_43673887_22710516000077.jpg\",\"width\":796,\"height\":448,\"caption\":\"Photo\"},{\"@type\":\"BreadcrumbList\",\"@id\":\"https:\/\/portaltela.pt\/noticias\/2026\/03\/05\/ue-multou-portugal-em-10-milhoes-de-euros-e-impoe-sancao-por-falhas-ambientais\/#breadcrumb\",\"itemListElement\":[{\"@type\":\"ListItem\",\"position\":1,\"name\":\"In\u00edcio\",\"item\":\"https:\/\/portaltela.pt\/\"},{\"@type\":\"ListItem\",\"position\":2,\"name\":\"UE multou Portugal em 10 milh\u00f5es de euros e imp\u00f5e san\u00e7\u00e3o por falhas ambientais\"}]},{\"@type\":\"WebSite\",\"@id\":\"https:\/\/portaltela.pt\/#website\",\"url\":\"https:\/\/portaltela.pt\/\",\"name\":\"Portal Tela Portugal\",\"description\":\"\",\"potentialAction\":[{\"@type\":\"SearchAction\",\"target\":{\"@type\":\"EntryPoint\",\"urlTemplate\":\"https:\/\/portaltela.pt\/?s={search_term_string}\"},\"query-input\":{\"@type\":\"PropertyValueSpecification\",\"valueRequired\":true,\"valueName\":\"search_term_string\"}}],\"inLanguage\":\"pt-PT\"},{\"@type\":\"Person\",\"@id\":\"https:\/\/portaltela.pt\/#\/schema\/person\/c4278d4a6028830caff9ee44b42d32ed\",\"name\":\"Telinha\",\"image\":{\"@type\":\"ImageObject\",\"inLanguage\":\"pt-PT\",\"@id\":\"https:\/\/portaltela.pt\/s.01k8rhncp4jt1\/2025\/11\/talking-bot-125x125.png\",\"url\":\"https:\/\/portaltela.pt\/s.01k8rhncp4jt1\/2025\/11\/talking-bot-125x125.png\",\"contentUrl\":\"https:\/\/portaltela.pt\/s.01k8rhncp4jt1\/2025\/11\/talking-bot-125x125.png\",\"caption\":\"Telinha\"},\"sameAs\":[\"https:\/\/portaltela.pt\/\"],\"url\":\"https:\/\/portaltela.pt\/por\/367410592786\/\"}]}<\/script>\n<!-- \/ Yoast SEO plugin. -->","yoast_head_json":{"title":"UE multou Portugal em 10 milh\u00f5es de euros e imp\u00f5e san\u00e7\u00e3o por falhas ambientais - Portal Tela Portugal","robots":{"index":"index","follow":"follow","max-snippet":"max-snippet:-1","max-image-preview":"max-image-preview:large","max-video-preview":"max-video-preview:-1"},"og_locale":"pt_PT","og_type":"article","og_title":"UE multou Portugal em 10 milh\u00f5es de euros e imp\u00f5e san\u00e7\u00e3o por falhas ambientais - Portal Tela Portugal","og_description":"O Tribunal da Uni\u00e3o Europeia condenou Portugal ao pagamento de uma multa de 10 milh\u00f5es de euros por falhas ambientais. Al\u00e9m da multa, foi imposta uma san\u00e7\u00e3o di\u00e1ria por incumprimentos ambientais. A decis\u00e3o decorre de falhas identificadas pela Uni\u00e3o Europeia no cumprimento de obriga\u00e7\u00f5es ambientais. O montante e a san\u00e7\u00e3o visam refor\u00e7ar o cumprimento de normas ambientais por parte de Portugal.","og_url":"https:\/\/portaltela.pt\/noticias\/2026\/03\/05\/ue-multou-portugal-em-10-milhoes-de-euros-e-impoe-sancao-por-falhas-ambientais\/","og_site_name":"Portal Tela Portugal","article_published_time":"2026-03-05T10:01:00+00:00","author":"Telinha","twitter_card":"summary_large_image","twitter_misc":{"Escrito por":"Telinha","Tempo estimado de leitura":"1 minuto"},"schema":{"@context":"https:\/\/schema.org","@graph":[{"@type":"Article","@id":"https:\/\/portaltela.pt\/noticias\/2026\/03\/05\/ue-multou-portugal-em-10-milhoes-de-euros-e-impoe-sancao-por-falhas-ambientais\/#article","isPartOf":{"@id":"https:\/\/portaltela.pt\/noticias\/2026\/03\/05\/ue-multou-portugal-em-10-milhoes-de-euros-e-impoe-sancao-por-falhas-ambientais\/"},"author":{"name":"Telinha","@id":"https:\/\/portaltela.pt\/#\/schema\/person\/c4278d4a6028830caff9ee44b42d32ed"},"headline":"UE multou Portugal em 10 milh\u00f5es de euros e imp\u00f5e san\u00e7\u00e3o por falhas ambientais","datePublished":"2026-03-05T10:01:00+00:00","mainEntityOfPage":{"@id":"https:\/\/portaltela.pt\/noticias\/2026\/03\/05\/ue-multou-portugal-em-10-milhoes-de-euros-e-impoe-sancao-por-falhas-ambientais\/"},"wordCount":143,"image":{"@id":"https:\/\/portaltela.pt\/noticias\/2026\/03\/05\/ue-multou-portugal-em-10-milhoes-de-euros-e-impoe-sancao-por-falhas-ambientais\/#primaryimage"},"thumbnailUrl":"https:\/\/portaltela.pt\/s.01k8rhncp4jt1\/2026\/03\/CACHE_780X1200_ANALOG_WATERMARKED_43673887_22710516000077.jpg","keywords":["ambiental","legisla\u00e7\u00e3o ambiental","Portugal","san\u00e7\u00f5es internacionais","Uni\u00e3o Europeia"],"articleSection":["Not\u00edcias"],"inLanguage":"pt-PT"},{"@type":"WebPage","@id":"https:\/\/portaltela.pt\/noticias\/2026\/03\/05\/ue-multou-portugal-em-10-milhoes-de-euros-e-impoe-sancao-por-falhas-ambientais\/","url":"https:\/\/portaltela.pt\/noticias\/2026\/03\/05\/ue-multou-portugal-em-10-milhoes-de-euros-e-impoe-sancao-por-falhas-ambientais\/","name":"UE multou Portugal em 10 milh\u00f5es de euros e imp\u00f5e san\u00e7\u00e3o por falhas ambientais - Portal Tela Portugal","isPartOf":{"@id":"https:\/\/portaltela.pt\/#website"},"primaryImageOfPage":{"@id":"https:\/\/portaltela.pt\/noticias\/2026\/03\/05\/ue-multou-portugal-em-10-milhoes-de-euros-e-impoe-sancao-por-falhas-ambientais\/#primaryimage"},"image":{"@id":"https:\/\/portaltela.pt\/noticias\/2026\/03\/05\/ue-multou-portugal-em-10-milhoes-de-euros-e-impoe-sancao-por-falhas-ambientais\/#primaryimage"},"thumbnailUrl":"https:\/\/portaltela.pt\/s.01k8rhncp4jt1\/2026\/03\/CACHE_780X1200_ANALOG_WATERMARKED_43673887_22710516000077.jpg","datePublished":"2026-03-05T10:01:00+00:00","author":{"@id":"https:\/\/portaltela.pt\/#\/schema\/person\/c4278d4a6028830caff9ee44b42d32ed"},"breadcrumb":{"@id":"https:\/\/portaltela.pt\/noticias\/2026\/03\/05\/ue-multou-portugal-em-10-milhoes-de-euros-e-impoe-sancao-por-falhas-ambientais\/#breadcrumb"},"inLanguage":"pt-PT","potentialAction":[{"@type":"ReadAction","target":["https:\/\/portaltela.pt\/noticias\/2026\/03\/05\/ue-multou-portugal-em-10-milhoes-de-euros-e-impoe-sancao-por-falhas-ambientais\/"]}]},{"@type":"ImageObject","inLanguage":"pt-PT","@id":"https:\/\/portaltela.pt\/noticias\/2026\/03\/05\/ue-multou-portugal-em-10-milhoes-de-euros-e-impoe-sancao-por-falhas-ambientais\/#primaryimage","url":"https:\/\/portaltela.pt\/s.01k8rhncp4jt1\/2026\/03\/CACHE_780X1200_ANALOG_WATERMARKED_43673887_22710516000077.jpg","contentUrl":"https:\/\/portaltela.pt\/s.01k8rhncp4jt1\/2026\/03\/CACHE_780X1200_ANALOG_WATERMARKED_43673887_22710516000077.jpg","width":796,"height":448,"caption":"Photo"},{"@type":"BreadcrumbList","@id":"https:\/\/portaltela.pt\/noticias\/2026\/03\/05\/ue-multou-portugal-em-10-milhoes-de-euros-e-impoe-sancao-por-falhas-ambientais\/#breadcrumb","itemListElement":[{"@type":"ListItem","position":1,"name":"In\u00edcio","item":"https:\/\/portaltela.pt\/"},{"@type":"ListItem","position":2,"name":"UE multou Portugal em 10 milh\u00f5es de euros e imp\u00f5e san\u00e7\u00e3o por falhas ambientais"}]},{"@type":"WebSite","@id":"https:\/\/portaltela.pt\/#website","url":"https:\/\/portaltela.pt\/","name":"Portal Tela Portugal","description":"","potentialAction":[{"@type":"SearchAction","target":{"@type":"EntryPoint","urlTemplate":"https:\/\/portaltela.pt\/?s={search_term_string}"},"query-input":{"@type":"PropertyValueSpecification","valueRequired":true,"valueName":"search_term_string"}}],"inLanguage":"pt-PT"},{"@type":"Person","@id":"https:\/\/portaltela.pt\/#\/schema\/person\/c4278d4a6028830caff9ee44b42d32ed","name":"Telinha","image":{"@type":"ImageObject","inLanguage":"pt-PT","@id":"https:\/\/portaltela.pt\/s.01k8rhncp4jt1\/2025\/11\/talking-bot-125x125.png","url":"https:\/\/portaltela.pt\/s.01k8rhncp4jt1\/2025\/11\/talking-bot-125x125.png","contentUrl":"https:\/\/portaltela.pt\/s.01k8rhncp4jt1\/2025\/11\/talking-bot-125x125.png","caption":"Telinha"},"sameAs":["https:\/\/portaltela.pt\/"],"url":"https:\/\/portaltela.pt\/por\/367410592786\/"}]}},"_links":{"self":[{"href":"https:\/\/portaltela.pt\/api\/wp\/v2\/posts\/398572","targetHints":{"allow":["GET"]}}],"collection":[{"href":"https:\/\/portaltela.pt\/api\/wp\/v2\/posts"}],"about":[{"href":"https:\/\/portaltela.pt\/api\/wp\/v2\/types\/post"}],"author":[{"embeddable":true,"href":"https:\/\/portaltela.pt\/api\/wp\/v2\/users\/2"}],"replies":[{"embeddable":true,"href":"https:\/\/portaltela.pt\/api\/wp\/v2\/comments?post=398572"}],"version-history":[{"count":0,"href":"https:\/\/portaltela.pt\/api\/wp\/v2\/posts\/398572\/revisions"}],"wp:featuredmedia":[{"embeddable":true,"href":"https:\/\/portaltela.pt\/api\/wp\/v2\/media\/398581"}],"wp:attachment":[{"href":"https:\/\/portaltela.pt\/api\/wp\/v2\/media?parent=398572"}],"wp:term":[{"taxonomy":"category","embeddable":true,"href":"https:\/\/portaltela.pt\/api\/wp\/v2\/categories?post=398572"},{"taxonomy":"post_tag","embeddable":true,"href":"https:\/\/portaltela.pt\/api\/wp\/v2\/tags?post=398572"}],"curies":[{"name":"wp","href":"https:\/\/api.w.org\/{rel}","templated":true}]}}