{"id":398571,"date":"2026-03-05T09:59:00","date_gmt":"2026-03-05T12:59:00","guid":{"rendered":"https:\/\/portaltela.pt\/noticias\/2026\/03\/05\/festival-ddd-regressa-ao-porto-matosinhos-e-gaia-com-50-espetaculos\/"},"modified":"2026-03-05T09:59:00","modified_gmt":"2026-03-05T12:59:00","slug":"festival-ddd-regressa-ao-porto-matosinhos-e-gaia-com-50-espetaculos","status":"publish","type":"post","link":"https:\/\/portaltela.pt\/noticias\/2026\/03\/05\/festival-ddd-regressa-ao-porto-matosinhos-e-gaia-com-50-espetaculos\/","title":{"rendered":"Festival DDD regressa ao Porto, Matosinhos e Gaia com 50 espet\u00e1culos"},"content":{"rendered":"<p>O festival Dias da Dan\u00e7a (DDD) regressa ao Porto, Matosinhos e Gaia na sua 10.\u00aa edi\u00e7\u00e3o. A organiza\u00e7\u00e3o anunciou hoje que o programa compreende 50 apresenta\u00e7\u00f5es entre 08 e 19 de abril, com 13 estreias absolutas e cinco nacionais.<\/p>\n<p>A cidade do Porto acolhe a maior parte dos espet\u00e1culos, com Matosinhos e Gaia a receberem tamb\u00e9m parte da programa\u00e7\u00e3o. O objetivo \u00e9 manter o DDD como refer\u00eancia de dan\u00e7a contempor\u00e2nea na regi\u00e3o, sinaliza o promotor.<\/p>\n<p>Segundo a organiza\u00e7\u00e3o, a edi\u00e7\u00e3o celebra a diversidade criativa e inclui propostas de core\u00f3grafos nacionais e internacionais. A mostra promete exibir novos modos de linguagem e investiga\u00e7\u00e3o art\u00edstica.<\/p>\n<h3>Detalhes da programa\u00e7\u00e3o<\/h3>\n<ul>\n<li>Ao longo de 11 dias, as 50 performances v\u00e3o ocorrer em espa\u00e7os culturais de Porto, Matosinhos e Gaia, em hor\u00e1rios variados.<\/li>\n<li>Entre as estreias, destacam-se 13 propostas que chegam pela primeira vez ao p\u00fablico, bem como cinco produ\u00e7\u00f5es nacionais em primeira apresenta\u00e7\u00e3o.<\/li>\n<li>A edi\u00e7\u00e3o mant\u00e9m o foco em explorar caminhos da dan\u00e7a, com uma curadoria que privilegia experimenta\u00e7\u00e3o, corpo e movimento.<\/li>\n<\/ul>\n","protected":false},"excerpt":{"rendered":"<ul>\n<li>A 10.\u00aa edi\u00e7\u00e3o do festival Dias da Dan\u00e7a (Festival DDD) realiza-se no Porto, Matosinhos e Gaia entre 8 e 19 de abril.<\/li>\n<li>Ser\u00e3o 50 espet\u00e1culos apresentados, incluindo 13 estreias absolutas.<\/li>\n<li>Al\u00e9m disso, cinco estreias nacionais integram a programa\u00e7\u00e3o.<\/li>\n<li>A organiza\u00e7\u00e3o anunciou hoje os detalhes do evento.<\/li>\n<li>O festival acontece nas tr\u00eas cidades mencionadas, reunindo diversas propostas de dan\u00e7a.<\/li>\n<\/ul>\n","protected":false},"author":2,"featured_media":398580,"comment_status":"closed","ping_status":"closed","sticky":false,"template":"","format":"standard","meta":{"footnotes":""},"categories":[1],"tags":[1683,6670,3674,1761,1709,982],"class_list":["post-398571","post","type-post","status-publish","format-standard","has-post-thumbnail","hentry","category-noticias","tag-danca","tag-dias-da-danca","tag-festival","tag-gaia","tag-matosinhos","tag-porto"],"yoast_head":"<!-- This site is optimized with the Yoast SEO plugin v27.2 - https:\/\/yoast.com\/product\/yoast-seo-wordpress\/ -->\n<title>Festival DDD regressa ao Porto, Matosinhos e Gaia com 50 espet\u00e1culos - Portal Tela Portugal<\/title>\n<meta name=\"robots\" content=\"index, follow, max-snippet:-1, max-image-preview:large, max-video-preview:-1\" \/>\n<meta property=\"og:locale\" content=\"pt_PT\" \/>\n<meta property=\"og:type\" content=\"article\" \/>\n<meta property=\"og:title\" content=\"Festival DDD regressa ao Porto, Matosinhos e Gaia com 50 espet\u00e1culos - Portal Tela Portugal\" \/>\n<meta property=\"og:description\" content=\"A 10.\u00aa edi\u00e7\u00e3o do festival Dias da Dan\u00e7a (Festival DDD) realiza-se no Porto, Matosinhos e Gaia entre 8 e 19 de abril. Ser\u00e3o 50 espet\u00e1culos apresentados, incluindo 13 estreias absolutas. Al\u00e9m disso, cinco estreias nacionais integram a programa\u00e7\u00e3o. A organiza\u00e7\u00e3o anunciou hoje os detalhes do evento. O festival acontece nas tr\u00eas cidades mencionadas, reunindo diversas propostas de dan\u00e7a.\" \/>\n<meta property=\"og:url\" content=\"https:\/\/portaltela.pt\/noticias\/2026\/03\/05\/festival-ddd-regressa-ao-porto-matosinhos-e-gaia-com-50-espetaculos\/\" \/>\n<meta property=\"og:site_name\" content=\"Portal Tela Portugal\" \/>\n<meta property=\"article:published_time\" content=\"2026-03-05T12:59:00+00:00\" \/>\n<meta name=\"author\" content=\"Telinha\" \/>\n<meta name=\"twitter:card\" content=\"summary_large_image\" \/>\n<meta name=\"twitter:label1\" content=\"Escrito por\" \/>\n\t<meta name=\"twitter:data1\" content=\"Telinha\" \/>\n\t<meta name=\"twitter:label2\" content=\"Tempo estimado de leitura\" \/>\n\t<meta name=\"twitter:data2\" content=\"1 minuto\" \/>\n<script type=\"application\/ld+json\" class=\"yoast-schema-graph\">{\"@context\":\"https:\/\/schema.org\",\"@graph\":[{\"@type\":\"Article\",\"@id\":\"https:\/\/portaltela.pt\/noticias\/2026\/03\/05\/festival-ddd-regressa-ao-porto-matosinhos-e-gaia-com-50-espetaculos\/#article\",\"isPartOf\":{\"@id\":\"https:\/\/portaltela.pt\/noticias\/2026\/03\/05\/festival-ddd-regressa-ao-porto-matosinhos-e-gaia-com-50-espetaculos\/\"},\"author\":{\"name\":\"Telinha\",\"@id\":\"https:\/\/portaltela.pt\/#\/schema\/person\/c4278d4a6028830caff9ee44b42d32ed\"},\"headline\":\"Festival DDD regressa ao Porto, Matosinhos e Gaia com 50 espet\u00e1culos\",\"datePublished\":\"2026-03-05T12:59:00+00:00\",\"mainEntityOfPage\":{\"@id\":\"https:\/\/portaltela.pt\/noticias\/2026\/03\/05\/festival-ddd-regressa-ao-porto-matosinhos-e-gaia-com-50-espetaculos\/\"},\"wordCount\":196,\"image\":{\"@id\":\"https:\/\/portaltela.pt\/noticias\/2026\/03\/05\/festival-ddd-regressa-ao-porto-matosinhos-e-gaia-com-50-espetaculos\/#primaryimage\"},\"thumbnailUrl\":\"https:\/\/portaltela.pt\/s.01k8rhncp4jt1\/2026\/03\/CACHE_780X1200_ANALOG_WATERMARKED_30158735_41576729367261.jpg\",\"keywords\":[\"dan\u00e7a\",\"Dias da Dan\u00e7a\",\"festival\",\"Gaia\",\"Matosinhos\",\"Porto\"],\"articleSection\":[\"Not\u00edcias\"],\"inLanguage\":\"pt-PT\"},{\"@type\":\"WebPage\",\"@id\":\"https:\/\/portaltela.pt\/noticias\/2026\/03\/05\/festival-ddd-regressa-ao-porto-matosinhos-e-gaia-com-50-espetaculos\/\",\"url\":\"https:\/\/portaltela.pt\/noticias\/2026\/03\/05\/festival-ddd-regressa-ao-porto-matosinhos-e-gaia-com-50-espetaculos\/\",\"name\":\"Festival DDD regressa ao Porto, Matosinhos e Gaia com 50 espet\u00e1culos - Portal Tela Portugal\",\"isPartOf\":{\"@id\":\"https:\/\/portaltela.pt\/#website\"},\"primaryImageOfPage\":{\"@id\":\"https:\/\/portaltela.pt\/noticias\/2026\/03\/05\/festival-ddd-regressa-ao-porto-matosinhos-e-gaia-com-50-espetaculos\/#primaryimage\"},\"image\":{\"@id\":\"https:\/\/portaltela.pt\/noticias\/2026\/03\/05\/festival-ddd-regressa-ao-porto-matosinhos-e-gaia-com-50-espetaculos\/#primaryimage\"},\"thumbnailUrl\":\"https:\/\/portaltela.pt\/s.01k8rhncp4jt1\/2026\/03\/CACHE_780X1200_ANALOG_WATERMARKED_30158735_41576729367261.jpg\",\"datePublished\":\"2026-03-05T12:59:00+00:00\",\"author\":{\"@id\":\"https:\/\/portaltela.pt\/#\/schema\/person\/c4278d4a6028830caff9ee44b42d32ed\"},\"breadcrumb\":{\"@id\":\"https:\/\/portaltela.pt\/noticias\/2026\/03\/05\/festival-ddd-regressa-ao-porto-matosinhos-e-gaia-com-50-espetaculos\/#breadcrumb\"},\"inLanguage\":\"pt-PT\",\"potentialAction\":[{\"@type\":\"ReadAction\",\"target\":[\"https:\/\/portaltela.pt\/noticias\/2026\/03\/05\/festival-ddd-regressa-ao-porto-matosinhos-e-gaia-com-50-espetaculos\/\"]}]},{\"@type\":\"ImageObject\",\"inLanguage\":\"pt-PT\",\"@id\":\"https:\/\/portaltela.pt\/noticias\/2026\/03\/05\/festival-ddd-regressa-ao-porto-matosinhos-e-gaia-com-50-espetaculos\/#primaryimage\",\"url\":\"https:\/\/portaltela.pt\/s.01k8rhncp4jt1\/2026\/03\/CACHE_780X1200_ANALOG_WATERMARKED_30158735_41576729367261.jpg\",\"contentUrl\":\"https:\/\/portaltela.pt\/s.01k8rhncp4jt1\/2026\/03\/CACHE_780X1200_ANALOG_WATERMARKED_30158735_41576729367261.jpg\",\"width\":796,\"height\":448,\"caption\":\"Festival DDD regressa a Porto, Matosinhos e Gaia com 50 espet\u00e1culos\"},{\"@type\":\"BreadcrumbList\",\"@id\":\"https:\/\/portaltela.pt\/noticias\/2026\/03\/05\/festival-ddd-regressa-ao-porto-matosinhos-e-gaia-com-50-espetaculos\/#breadcrumb\",\"itemListElement\":[{\"@type\":\"ListItem\",\"position\":1,\"name\":\"In\u00edcio\",\"item\":\"https:\/\/portaltela.pt\/\"},{\"@type\":\"ListItem\",\"position\":2,\"name\":\"Festival DDD regressa ao Porto, Matosinhos e Gaia com 50 espet\u00e1culos\"}]},{\"@type\":\"WebSite\",\"@id\":\"https:\/\/portaltela.pt\/#website\",\"url\":\"https:\/\/portaltela.pt\/\",\"name\":\"Portal Tela Portugal\",\"description\":\"\",\"potentialAction\":[{\"@type\":\"SearchAction\",\"target\":{\"@type\":\"EntryPoint\",\"urlTemplate\":\"https:\/\/portaltela.pt\/?s={search_term_string}\"},\"query-input\":{\"@type\":\"PropertyValueSpecification\",\"valueRequired\":true,\"valueName\":\"search_term_string\"}}],\"inLanguage\":\"pt-PT\"},{\"@type\":\"Person\",\"@id\":\"https:\/\/portaltela.pt\/#\/schema\/person\/c4278d4a6028830caff9ee44b42d32ed\",\"name\":\"Telinha\",\"image\":{\"@type\":\"ImageObject\",\"inLanguage\":\"pt-PT\",\"@id\":\"https:\/\/portaltela.pt\/s.01k8rhncp4jt1\/2025\/11\/talking-bot-125x125.png\",\"url\":\"https:\/\/portaltela.pt\/s.01k8rhncp4jt1\/2025\/11\/talking-bot-125x125.png\",\"contentUrl\":\"https:\/\/portaltela.pt\/s.01k8rhncp4jt1\/2025\/11\/talking-bot-125x125.png\",\"caption\":\"Telinha\"},\"sameAs\":[\"https:\/\/portaltela.pt\/\"],\"url\":\"https:\/\/portaltela.pt\/por\/367410592786\/\"}]}<\/script>\n<!-- \/ Yoast SEO plugin. -->","yoast_head_json":{"title":"Festival DDD regressa ao Porto, Matosinhos e Gaia com 50 espet\u00e1culos - Portal Tela Portugal","robots":{"index":"index","follow":"follow","max-snippet":"max-snippet:-1","max-image-preview":"max-image-preview:large","max-video-preview":"max-video-preview:-1"},"og_locale":"pt_PT","og_type":"article","og_title":"Festival DDD regressa ao Porto, Matosinhos e Gaia com 50 espet\u00e1culos - Portal Tela Portugal","og_description":"A 10.\u00aa edi\u00e7\u00e3o do festival Dias da Dan\u00e7a (Festival DDD) realiza-se no Porto, Matosinhos e Gaia entre 8 e 19 de abril. Ser\u00e3o 50 espet\u00e1culos apresentados, incluindo 13 estreias absolutas. Al\u00e9m disso, cinco estreias nacionais integram a programa\u00e7\u00e3o. A organiza\u00e7\u00e3o anunciou hoje os detalhes do evento. O festival acontece nas tr\u00eas cidades mencionadas, reunindo diversas propostas de dan\u00e7a.","og_url":"https:\/\/portaltela.pt\/noticias\/2026\/03\/05\/festival-ddd-regressa-ao-porto-matosinhos-e-gaia-com-50-espetaculos\/","og_site_name":"Portal Tela Portugal","article_published_time":"2026-03-05T12:59:00+00:00","author":"Telinha","twitter_card":"summary_large_image","twitter_misc":{"Escrito por":"Telinha","Tempo estimado de leitura":"1 minuto"},"schema":{"@context":"https:\/\/schema.org","@graph":[{"@type":"Article","@id":"https:\/\/portaltela.pt\/noticias\/2026\/03\/05\/festival-ddd-regressa-ao-porto-matosinhos-e-gaia-com-50-espetaculos\/#article","isPartOf":{"@id":"https:\/\/portaltela.pt\/noticias\/2026\/03\/05\/festival-ddd-regressa-ao-porto-matosinhos-e-gaia-com-50-espetaculos\/"},"author":{"name":"Telinha","@id":"https:\/\/portaltela.pt\/#\/schema\/person\/c4278d4a6028830caff9ee44b42d32ed"},"headline":"Festival DDD regressa ao Porto, Matosinhos e Gaia com 50 espet\u00e1culos","datePublished":"2026-03-05T12:59:00+00:00","mainEntityOfPage":{"@id":"https:\/\/portaltela.pt\/noticias\/2026\/03\/05\/festival-ddd-regressa-ao-porto-matosinhos-e-gaia-com-50-espetaculos\/"},"wordCount":196,"image":{"@id":"https:\/\/portaltela.pt\/noticias\/2026\/03\/05\/festival-ddd-regressa-ao-porto-matosinhos-e-gaia-com-50-espetaculos\/#primaryimage"},"thumbnailUrl":"https:\/\/portaltela.pt\/s.01k8rhncp4jt1\/2026\/03\/CACHE_780X1200_ANALOG_WATERMARKED_30158735_41576729367261.jpg","keywords":["dan\u00e7a","Dias da Dan\u00e7a","festival","Gaia","Matosinhos","Porto"],"articleSection":["Not\u00edcias"],"inLanguage":"pt-PT"},{"@type":"WebPage","@id":"https:\/\/portaltela.pt\/noticias\/2026\/03\/05\/festival-ddd-regressa-ao-porto-matosinhos-e-gaia-com-50-espetaculos\/","url":"https:\/\/portaltela.pt\/noticias\/2026\/03\/05\/festival-ddd-regressa-ao-porto-matosinhos-e-gaia-com-50-espetaculos\/","name":"Festival DDD regressa ao Porto, Matosinhos e Gaia com 50 espet\u00e1culos - Portal Tela Portugal","isPartOf":{"@id":"https:\/\/portaltela.pt\/#website"},"primaryImageOfPage":{"@id":"https:\/\/portaltela.pt\/noticias\/2026\/03\/05\/festival-ddd-regressa-ao-porto-matosinhos-e-gaia-com-50-espetaculos\/#primaryimage"},"image":{"@id":"https:\/\/portaltela.pt\/noticias\/2026\/03\/05\/festival-ddd-regressa-ao-porto-matosinhos-e-gaia-com-50-espetaculos\/#primaryimage"},"thumbnailUrl":"https:\/\/portaltela.pt\/s.01k8rhncp4jt1\/2026\/03\/CACHE_780X1200_ANALOG_WATERMARKED_30158735_41576729367261.jpg","datePublished":"2026-03-05T12:59:00+00:00","author":{"@id":"https:\/\/portaltela.pt\/#\/schema\/person\/c4278d4a6028830caff9ee44b42d32ed"},"breadcrumb":{"@id":"https:\/\/portaltela.pt\/noticias\/2026\/03\/05\/festival-ddd-regressa-ao-porto-matosinhos-e-gaia-com-50-espetaculos\/#breadcrumb"},"inLanguage":"pt-PT","potentialAction":[{"@type":"ReadAction","target":["https:\/\/portaltela.pt\/noticias\/2026\/03\/05\/festival-ddd-regressa-ao-porto-matosinhos-e-gaia-com-50-espetaculos\/"]}]},{"@type":"ImageObject","inLanguage":"pt-PT","@id":"https:\/\/portaltela.pt\/noticias\/2026\/03\/05\/festival-ddd-regressa-ao-porto-matosinhos-e-gaia-com-50-espetaculos\/#primaryimage","url":"https:\/\/portaltela.pt\/s.01k8rhncp4jt1\/2026\/03\/CACHE_780X1200_ANALOG_WATERMARKED_30158735_41576729367261.jpg","contentUrl":"https:\/\/portaltela.pt\/s.01k8rhncp4jt1\/2026\/03\/CACHE_780X1200_ANALOG_WATERMARKED_30158735_41576729367261.jpg","width":796,"height":448,"caption":"Festival DDD regressa a Porto, Matosinhos e Gaia com 50 espet\u00e1culos"},{"@type":"BreadcrumbList","@id":"https:\/\/portaltela.pt\/noticias\/2026\/03\/05\/festival-ddd-regressa-ao-porto-matosinhos-e-gaia-com-50-espetaculos\/#breadcrumb","itemListElement":[{"@type":"ListItem","position":1,"name":"In\u00edcio","item":"https:\/\/portaltela.pt\/"},{"@type":"ListItem","position":2,"name":"Festival DDD regressa ao Porto, Matosinhos e Gaia com 50 espet\u00e1culos"}]},{"@type":"WebSite","@id":"https:\/\/portaltela.pt\/#website","url":"https:\/\/portaltela.pt\/","name":"Portal Tela Portugal","description":"","potentialAction":[{"@type":"SearchAction","target":{"@type":"EntryPoint","urlTemplate":"https:\/\/portaltela.pt\/?s={search_term_string}"},"query-input":{"@type":"PropertyValueSpecification","valueRequired":true,"valueName":"search_term_string"}}],"inLanguage":"pt-PT"},{"@type":"Person","@id":"https:\/\/portaltela.pt\/#\/schema\/person\/c4278d4a6028830caff9ee44b42d32ed","name":"Telinha","image":{"@type":"ImageObject","inLanguage":"pt-PT","@id":"https:\/\/portaltela.pt\/s.01k8rhncp4jt1\/2025\/11\/talking-bot-125x125.png","url":"https:\/\/portaltela.pt\/s.01k8rhncp4jt1\/2025\/11\/talking-bot-125x125.png","contentUrl":"https:\/\/portaltela.pt\/s.01k8rhncp4jt1\/2025\/11\/talking-bot-125x125.png","caption":"Telinha"},"sameAs":["https:\/\/portaltela.pt\/"],"url":"https:\/\/portaltela.pt\/por\/367410592786\/"}]}},"_links":{"self":[{"href":"https:\/\/portaltela.pt\/api\/wp\/v2\/posts\/398571","targetHints":{"allow":["GET"]}}],"collection":[{"href":"https:\/\/portaltela.pt\/api\/wp\/v2\/posts"}],"about":[{"href":"https:\/\/portaltela.pt\/api\/wp\/v2\/types\/post"}],"author":[{"embeddable":true,"href":"https:\/\/portaltela.pt\/api\/wp\/v2\/users\/2"}],"replies":[{"embeddable":true,"href":"https:\/\/portaltela.pt\/api\/wp\/v2\/comments?post=398571"}],"version-history":[{"count":0,"href":"https:\/\/portaltela.pt\/api\/wp\/v2\/posts\/398571\/revisions"}],"wp:featuredmedia":[{"embeddable":true,"href":"https:\/\/portaltela.pt\/api\/wp\/v2\/media\/398580"}],"wp:attachment":[{"href":"https:\/\/portaltela.pt\/api\/wp\/v2\/media?parent=398571"}],"wp:term":[{"taxonomy":"category","embeddable":true,"href":"https:\/\/portaltela.pt\/api\/wp\/v2\/categories?post=398571"},{"taxonomy":"post_tag","embeddable":true,"href":"https:\/\/portaltela.pt\/api\/wp\/v2\/tags?post=398571"}],"curies":[{"name":"wp","href":"https:\/\/api.w.org\/{rel}","templated":true}]}}