{"id":398569,"date":"2026-03-05T10:05:19","date_gmt":"2026-03-05T13:05:19","guid":{"rendered":"https:\/\/portaltela.pt\/noticias\/2026\/03\/05\/jovem-detido-no-porto-suspeito-de-importar-droga-dos-eua\/"},"modified":"2026-03-05T10:05:19","modified_gmt":"2026-03-05T13:05:19","slug":"jovem-detido-no-porto-suspeito-de-importar-droga-dos-eua","status":"publish","type":"post","link":"https:\/\/portaltela.pt\/noticias\/2026\/03\/05\/jovem-detido-no-porto-suspeito-de-importar-droga-dos-eua\/","title":{"rendered":"Jovem detido no Porto suspeito de importar droga dos EUA"},"content":{"rendered":"<p>Um homem de 26 anos foi detido no Porto suspeito de traficar droga atrav\u00e9s de encomendas enviadas a partir dos Estados Unidos. A a\u00e7\u00e3o ocorreu na quarta-feira e foi desencadeada por uma encomenda postal suspeita.<\/p>\n<p>A encomenda, declarada como equipamento para filtragem de \u00e1gua, escondia um inv\u00f3lucro com v\u00e1rios quilos de cannabis. A droga seria suficiente para produzir cerca de 4.400 doses.<\/p>\n<p>A deten\u00e7\u00e3o contou com a colabora\u00e7\u00e3o da Autoridade Tribut\u00e1ria e Aduaneira no Aeroporto do Porto. O suspeito n\u00e3o op\u00f4s resist\u00eancia durante a atua\u00e7\u00e3o policial.<\/p>\n<p>Al\u00e9m da cannabis, foram apreendidos utens\u00edlios de pesagem, algumas doses de coca\u00edna e haxixe, bem como cerca de 4.200 euros em dinheiro.<\/p>\n<p>O detido, residente no Porto, ser\u00e1 presente a juiz de instru\u00e7\u00e3o criminal para primeiro interrogat\u00f3rio e aplica\u00e7\u00e3o de medidas de coa\u00e7\u00e3o.<\/p>\n","protected":false},"excerpt":{"rendered":"<ul>\n<li>Um homem de 26 anos foi detido no Porto pela Pol\u00edcia Judici\u00e1ria, suspeito de importar droga via encomendas vindas dos EUA.<\/li>\n<li>A pris\u00e3o ocorreu ap\u00f3s a dete\u00e7\u00e3o de uma encomenda postal declarada como equipamento de filtragem de \u00e1gua, que escondia v\u00e1rios quilos de liamba.<\/li>\n<li>A opera\u00e7\u00e3o contou com a colabora\u00e7\u00e3o da Autoridade Tribut\u00e1ria e Aduaneira no Aeroporto do Porto.<\/li>\n<li>Entre os objetos apreendidos constam utens\u00edlios de pesagem, doses de coca\u00edna e haxixe, al\u00e9m de cerca de 4.200 euros em dinheiro.<\/li>\n<li>O detido ser\u00e1 presente a juiz de instru\u00e7\u00e3o criminal para primeiro interrogat\u00f3rio e aplica\u00e7\u00e3o de medidas de coa\u00e7\u00e3o.<\/li>\n<\/ul>\n","protected":false},"author":2,"featured_media":398577,"comment_status":"closed","ping_status":"closed","sticky":false,"template":"","format":"standard","meta":{"footnotes":""},"categories":[1],"tags":[6305,3699,4139,6294,982,96],"class_list":["post-398569","post","type-post","status-publish","format-standard","has-post-thumbnail","hentry","category-noticias","tag-aduaneiros","tag-cocaina","tag-detencao","tag-haxixe","tag-porto","tag-trafico-de-droga"],"yoast_head":"<!-- This site is optimized with the Yoast SEO plugin v27.2 - https:\/\/yoast.com\/product\/yoast-seo-wordpress\/ -->\n<title>Jovem detido no Porto suspeito de importar droga dos EUA - Portal Tela Portugal<\/title>\n<meta name=\"robots\" content=\"index, follow, max-snippet:-1, max-image-preview:large, max-video-preview:-1\" \/>\n<meta property=\"og:locale\" content=\"pt_PT\" \/>\n<meta property=\"og:type\" content=\"article\" \/>\n<meta property=\"og:title\" content=\"Jovem detido no Porto suspeito de importar droga dos EUA - Portal Tela Portugal\" \/>\n<meta property=\"og:description\" content=\"Um homem de 26 anos foi detido no Porto pela Pol\u00edcia Judici\u00e1ria, suspeito de importar droga via encomendas vindas dos EUA. A pris\u00e3o ocorreu ap\u00f3s a dete\u00e7\u00e3o de uma encomenda postal declarada como equipamento de filtragem de \u00e1gua, que escondia v\u00e1rios quilos de liamba. A opera\u00e7\u00e3o contou com a colabora\u00e7\u00e3o da Autoridade Tribut\u00e1ria e Aduaneira no Aeroporto do Porto. Entre os objetos apreendidos constam utens\u00edlios de pesagem, doses de coca\u00edna e haxixe, al\u00e9m de cerca de 4.200 euros em dinheiro. O detido ser\u00e1 presente a juiz de instru\u00e7\u00e3o criminal para primeiro interrogat\u00f3rio e aplica\u00e7\u00e3o de medidas de coa\u00e7\u00e3o.\" \/>\n<meta property=\"og:url\" content=\"https:\/\/portaltela.pt\/noticias\/2026\/03\/05\/jovem-detido-no-porto-suspeito-de-importar-droga-dos-eua\/\" \/>\n<meta property=\"og:site_name\" content=\"Portal Tela Portugal\" \/>\n<meta property=\"article:published_time\" content=\"2026-03-05T13:05:19+00:00\" \/>\n<meta name=\"author\" content=\"Telinha\" \/>\n<meta name=\"twitter:card\" content=\"summary_large_image\" \/>\n<meta name=\"twitter:label1\" content=\"Escrito por\" \/>\n\t<meta name=\"twitter:data1\" content=\"Telinha\" \/>\n\t<meta name=\"twitter:label2\" content=\"Tempo estimado de leitura\" \/>\n\t<meta name=\"twitter:data2\" content=\"1 minuto\" \/>\n<script type=\"application\/ld+json\" class=\"yoast-schema-graph\">{\"@context\":\"https:\/\/schema.org\",\"@graph\":[{\"@type\":\"Article\",\"@id\":\"https:\/\/portaltela.pt\/noticias\/2026\/03\/05\/jovem-detido-no-porto-suspeito-de-importar-droga-dos-eua\/#article\",\"isPartOf\":{\"@id\":\"https:\/\/portaltela.pt\/noticias\/2026\/03\/05\/jovem-detido-no-porto-suspeito-de-importar-droga-dos-eua\/\"},\"author\":{\"name\":\"Telinha\",\"@id\":\"https:\/\/portaltela.pt\/#\/schema\/person\/c4278d4a6028830caff9ee44b42d32ed\"},\"headline\":\"Jovem detido no Porto suspeito de importar droga dos EUA\",\"datePublished\":\"2026-03-05T13:05:19+00:00\",\"mainEntityOfPage\":{\"@id\":\"https:\/\/portaltela.pt\/noticias\/2026\/03\/05\/jovem-detido-no-porto-suspeito-de-importar-droga-dos-eua\/\"},\"wordCount\":154,\"image\":{\"@id\":\"https:\/\/portaltela.pt\/noticias\/2026\/03\/05\/jovem-detido-no-porto-suspeito-de-importar-droga-dos-eua\/#primaryimage\"},\"thumbnailUrl\":\"https:\/\/portaltela.pt\/s.01k8rhncp4jt1\/2026\/03\/img_1280x721uu2026-03-02-19-02-05-2269977.jpg\",\"keywords\":[\"aduaneiros\",\"coca\u00edna\",\"deten\u00e7\u00e3o\",\"haxixe\",\"Porto\",\"tr\u00e1fico de droga\"],\"articleSection\":[\"Not\u00edcias\"],\"inLanguage\":\"pt-PT\"},{\"@type\":\"WebPage\",\"@id\":\"https:\/\/portaltela.pt\/noticias\/2026\/03\/05\/jovem-detido-no-porto-suspeito-de-importar-droga-dos-eua\/\",\"url\":\"https:\/\/portaltela.pt\/noticias\/2026\/03\/05\/jovem-detido-no-porto-suspeito-de-importar-droga-dos-eua\/\",\"name\":\"Jovem detido no Porto suspeito de importar droga dos EUA - Portal Tela Portugal\",\"isPartOf\":{\"@id\":\"https:\/\/portaltela.pt\/#website\"},\"primaryImageOfPage\":{\"@id\":\"https:\/\/portaltela.pt\/noticias\/2026\/03\/05\/jovem-detido-no-porto-suspeito-de-importar-droga-dos-eua\/#primaryimage\"},\"image\":{\"@id\":\"https:\/\/portaltela.pt\/noticias\/2026\/03\/05\/jovem-detido-no-porto-suspeito-de-importar-droga-dos-eua\/#primaryimage\"},\"thumbnailUrl\":\"https:\/\/portaltela.pt\/s.01k8rhncp4jt1\/2026\/03\/img_1280x721uu2026-03-02-19-02-05-2269977.jpg\",\"datePublished\":\"2026-03-05T13:05:19+00:00\",\"author\":{\"@id\":\"https:\/\/portaltela.pt\/#\/schema\/person\/c4278d4a6028830caff9ee44b42d32ed\"},\"breadcrumb\":{\"@id\":\"https:\/\/portaltela.pt\/noticias\/2026\/03\/05\/jovem-detido-no-porto-suspeito-de-importar-droga-dos-eua\/#breadcrumb\"},\"inLanguage\":\"pt-PT\",\"potentialAction\":[{\"@type\":\"ReadAction\",\"target\":[\"https:\/\/portaltela.pt\/noticias\/2026\/03\/05\/jovem-detido-no-porto-suspeito-de-importar-droga-dos-eua\/\"]}]},{\"@type\":\"ImageObject\",\"inLanguage\":\"pt-PT\",\"@id\":\"https:\/\/portaltela.pt\/noticias\/2026\/03\/05\/jovem-detido-no-porto-suspeito-de-importar-droga-dos-eua\/#primaryimage\",\"url\":\"https:\/\/portaltela.pt\/s.01k8rhncp4jt1\/2026\/03\/img_1280x721uu2026-03-02-19-02-05-2269977.jpg\",\"contentUrl\":\"https:\/\/portaltela.pt\/s.01k8rhncp4jt1\/2026\/03\/img_1280x721uu2026-03-02-19-02-05-2269977.jpg\",\"width\":796,\"height\":448,\"caption\":\"PJ\"},{\"@type\":\"BreadcrumbList\",\"@id\":\"https:\/\/portaltela.pt\/noticias\/2026\/03\/05\/jovem-detido-no-porto-suspeito-de-importar-droga-dos-eua\/#breadcrumb\",\"itemListElement\":[{\"@type\":\"ListItem\",\"position\":1,\"name\":\"In\u00edcio\",\"item\":\"https:\/\/portaltela.pt\/\"},{\"@type\":\"ListItem\",\"position\":2,\"name\":\"Jovem detido no Porto suspeito de importar droga dos EUA\"}]},{\"@type\":\"WebSite\",\"@id\":\"https:\/\/portaltela.pt\/#website\",\"url\":\"https:\/\/portaltela.pt\/\",\"name\":\"Portal Tela Portugal\",\"description\":\"\",\"potentialAction\":[{\"@type\":\"SearchAction\",\"target\":{\"@type\":\"EntryPoint\",\"urlTemplate\":\"https:\/\/portaltela.pt\/?s={search_term_string}\"},\"query-input\":{\"@type\":\"PropertyValueSpecification\",\"valueRequired\":true,\"valueName\":\"search_term_string\"}}],\"inLanguage\":\"pt-PT\"},{\"@type\":\"Person\",\"@id\":\"https:\/\/portaltela.pt\/#\/schema\/person\/c4278d4a6028830caff9ee44b42d32ed\",\"name\":\"Telinha\",\"image\":{\"@type\":\"ImageObject\",\"inLanguage\":\"pt-PT\",\"@id\":\"https:\/\/portaltela.pt\/s.01k8rhncp4jt1\/2025\/11\/talking-bot-125x125.png\",\"url\":\"https:\/\/portaltela.pt\/s.01k8rhncp4jt1\/2025\/11\/talking-bot-125x125.png\",\"contentUrl\":\"https:\/\/portaltela.pt\/s.01k8rhncp4jt1\/2025\/11\/talking-bot-125x125.png\",\"caption\":\"Telinha\"},\"sameAs\":[\"https:\/\/portaltela.pt\/\"],\"url\":\"https:\/\/portaltela.pt\/por\/367410592786\/\"}]}<\/script>\n<!-- \/ Yoast SEO plugin. -->","yoast_head_json":{"title":"Jovem detido no Porto suspeito de importar droga dos EUA - Portal Tela Portugal","robots":{"index":"index","follow":"follow","max-snippet":"max-snippet:-1","max-image-preview":"max-image-preview:large","max-video-preview":"max-video-preview:-1"},"og_locale":"pt_PT","og_type":"article","og_title":"Jovem detido no Porto suspeito de importar droga dos EUA - Portal Tela Portugal","og_description":"Um homem de 26 anos foi detido no Porto pela Pol\u00edcia Judici\u00e1ria, suspeito de importar droga via encomendas vindas dos EUA. A pris\u00e3o ocorreu ap\u00f3s a dete\u00e7\u00e3o de uma encomenda postal declarada como equipamento de filtragem de \u00e1gua, que escondia v\u00e1rios quilos de liamba. A opera\u00e7\u00e3o contou com a colabora\u00e7\u00e3o da Autoridade Tribut\u00e1ria e Aduaneira no Aeroporto do Porto. Entre os objetos apreendidos constam utens\u00edlios de pesagem, doses de coca\u00edna e haxixe, al\u00e9m de cerca de 4.200 euros em dinheiro. O detido ser\u00e1 presente a juiz de instru\u00e7\u00e3o criminal para primeiro interrogat\u00f3rio e aplica\u00e7\u00e3o de medidas de coa\u00e7\u00e3o.","og_url":"https:\/\/portaltela.pt\/noticias\/2026\/03\/05\/jovem-detido-no-porto-suspeito-de-importar-droga-dos-eua\/","og_site_name":"Portal Tela Portugal","article_published_time":"2026-03-05T13:05:19+00:00","author":"Telinha","twitter_card":"summary_large_image","twitter_misc":{"Escrito por":"Telinha","Tempo estimado de leitura":"1 minuto"},"schema":{"@context":"https:\/\/schema.org","@graph":[{"@type":"Article","@id":"https:\/\/portaltela.pt\/noticias\/2026\/03\/05\/jovem-detido-no-porto-suspeito-de-importar-droga-dos-eua\/#article","isPartOf":{"@id":"https:\/\/portaltela.pt\/noticias\/2026\/03\/05\/jovem-detido-no-porto-suspeito-de-importar-droga-dos-eua\/"},"author":{"name":"Telinha","@id":"https:\/\/portaltela.pt\/#\/schema\/person\/c4278d4a6028830caff9ee44b42d32ed"},"headline":"Jovem detido no Porto suspeito de importar droga dos EUA","datePublished":"2026-03-05T13:05:19+00:00","mainEntityOfPage":{"@id":"https:\/\/portaltela.pt\/noticias\/2026\/03\/05\/jovem-detido-no-porto-suspeito-de-importar-droga-dos-eua\/"},"wordCount":154,"image":{"@id":"https:\/\/portaltela.pt\/noticias\/2026\/03\/05\/jovem-detido-no-porto-suspeito-de-importar-droga-dos-eua\/#primaryimage"},"thumbnailUrl":"https:\/\/portaltela.pt\/s.01k8rhncp4jt1\/2026\/03\/img_1280x721uu2026-03-02-19-02-05-2269977.jpg","keywords":["aduaneiros","coca\u00edna","deten\u00e7\u00e3o","haxixe","Porto","tr\u00e1fico de droga"],"articleSection":["Not\u00edcias"],"inLanguage":"pt-PT"},{"@type":"WebPage","@id":"https:\/\/portaltela.pt\/noticias\/2026\/03\/05\/jovem-detido-no-porto-suspeito-de-importar-droga-dos-eua\/","url":"https:\/\/portaltela.pt\/noticias\/2026\/03\/05\/jovem-detido-no-porto-suspeito-de-importar-droga-dos-eua\/","name":"Jovem detido no Porto suspeito de importar droga dos EUA - Portal Tela Portugal","isPartOf":{"@id":"https:\/\/portaltela.pt\/#website"},"primaryImageOfPage":{"@id":"https:\/\/portaltela.pt\/noticias\/2026\/03\/05\/jovem-detido-no-porto-suspeito-de-importar-droga-dos-eua\/#primaryimage"},"image":{"@id":"https:\/\/portaltela.pt\/noticias\/2026\/03\/05\/jovem-detido-no-porto-suspeito-de-importar-droga-dos-eua\/#primaryimage"},"thumbnailUrl":"https:\/\/portaltela.pt\/s.01k8rhncp4jt1\/2026\/03\/img_1280x721uu2026-03-02-19-02-05-2269977.jpg","datePublished":"2026-03-05T13:05:19+00:00","author":{"@id":"https:\/\/portaltela.pt\/#\/schema\/person\/c4278d4a6028830caff9ee44b42d32ed"},"breadcrumb":{"@id":"https:\/\/portaltela.pt\/noticias\/2026\/03\/05\/jovem-detido-no-porto-suspeito-de-importar-droga-dos-eua\/#breadcrumb"},"inLanguage":"pt-PT","potentialAction":[{"@type":"ReadAction","target":["https:\/\/portaltela.pt\/noticias\/2026\/03\/05\/jovem-detido-no-porto-suspeito-de-importar-droga-dos-eua\/"]}]},{"@type":"ImageObject","inLanguage":"pt-PT","@id":"https:\/\/portaltela.pt\/noticias\/2026\/03\/05\/jovem-detido-no-porto-suspeito-de-importar-droga-dos-eua\/#primaryimage","url":"https:\/\/portaltela.pt\/s.01k8rhncp4jt1\/2026\/03\/img_1280x721uu2026-03-02-19-02-05-2269977.jpg","contentUrl":"https:\/\/portaltela.pt\/s.01k8rhncp4jt1\/2026\/03\/img_1280x721uu2026-03-02-19-02-05-2269977.jpg","width":796,"height":448,"caption":"PJ"},{"@type":"BreadcrumbList","@id":"https:\/\/portaltela.pt\/noticias\/2026\/03\/05\/jovem-detido-no-porto-suspeito-de-importar-droga-dos-eua\/#breadcrumb","itemListElement":[{"@type":"ListItem","position":1,"name":"In\u00edcio","item":"https:\/\/portaltela.pt\/"},{"@type":"ListItem","position":2,"name":"Jovem detido no Porto suspeito de importar droga dos EUA"}]},{"@type":"WebSite","@id":"https:\/\/portaltela.pt\/#website","url":"https:\/\/portaltela.pt\/","name":"Portal Tela Portugal","description":"","potentialAction":[{"@type":"SearchAction","target":{"@type":"EntryPoint","urlTemplate":"https:\/\/portaltela.pt\/?s={search_term_string}"},"query-input":{"@type":"PropertyValueSpecification","valueRequired":true,"valueName":"search_term_string"}}],"inLanguage":"pt-PT"},{"@type":"Person","@id":"https:\/\/portaltela.pt\/#\/schema\/person\/c4278d4a6028830caff9ee44b42d32ed","name":"Telinha","image":{"@type":"ImageObject","inLanguage":"pt-PT","@id":"https:\/\/portaltela.pt\/s.01k8rhncp4jt1\/2025\/11\/talking-bot-125x125.png","url":"https:\/\/portaltela.pt\/s.01k8rhncp4jt1\/2025\/11\/talking-bot-125x125.png","contentUrl":"https:\/\/portaltela.pt\/s.01k8rhncp4jt1\/2025\/11\/talking-bot-125x125.png","caption":"Telinha"},"sameAs":["https:\/\/portaltela.pt\/"],"url":"https:\/\/portaltela.pt\/por\/367410592786\/"}]}},"_links":{"self":[{"href":"https:\/\/portaltela.pt\/api\/wp\/v2\/posts\/398569","targetHints":{"allow":["GET"]}}],"collection":[{"href":"https:\/\/portaltela.pt\/api\/wp\/v2\/posts"}],"about":[{"href":"https:\/\/portaltela.pt\/api\/wp\/v2\/types\/post"}],"author":[{"embeddable":true,"href":"https:\/\/portaltela.pt\/api\/wp\/v2\/users\/2"}],"replies":[{"embeddable":true,"href":"https:\/\/portaltela.pt\/api\/wp\/v2\/comments?post=398569"}],"version-history":[{"count":0,"href":"https:\/\/portaltela.pt\/api\/wp\/v2\/posts\/398569\/revisions"}],"wp:featuredmedia":[{"embeddable":true,"href":"https:\/\/portaltela.pt\/api\/wp\/v2\/media\/398577"}],"wp:attachment":[{"href":"https:\/\/portaltela.pt\/api\/wp\/v2\/media?parent=398569"}],"wp:term":[{"taxonomy":"category","embeddable":true,"href":"https:\/\/portaltela.pt\/api\/wp\/v2\/categories?post=398569"},{"taxonomy":"post_tag","embeddable":true,"href":"https:\/\/portaltela.pt\/api\/wp\/v2\/tags?post=398569"}],"curies":[{"name":"wp","href":"https:\/\/api.w.org\/{rel}","templated":true}]}}