{"id":398568,"date":"2026-03-05T10:08:00","date_gmt":"2026-03-05T13:08:00","guid":{"rendered":"https:\/\/portaltela.pt\/noticias\/2026\/03\/05\/empresarios-mocambicanos-apostam-em-cooperativas-de-pequenas-empresas\/"},"modified":"2026-03-05T10:08:00","modified_gmt":"2026-03-05T13:08:00","slug":"empresarios-mocambicanos-apostam-em-cooperativas-de-pequenas-empresas","status":"publish","type":"post","link":"https:\/\/portaltela.pt\/noticias\/2026\/03\/05\/empresarios-mocambicanos-apostam-em-cooperativas-de-pequenas-empresas\/","title":{"rendered":"Empres\u00e1rios mo\u00e7ambicanos apostam em cooperativas de pequenas empresas"},"content":{"rendered":"<p>Os empres\u00e1rios mo\u00e7ambicanos defendem apostar em cooperativas de pequenas empresas como estrat\u00e9gia de dinamiza\u00e7\u00e3o econ\u00f3mica no pa\u00eds. A proposta visa criar redes de coopera\u00e7\u00e3o entre micro e pequenas empresas para fortalecer produ\u00e7\u00e3o e retail.<\/p>\n<p>A ideia foi apresentada por agentes do setor privado, com objetivo de facilitar o acesso a cr\u00e9dito, mercados e capacita\u00e7\u00e3o, refor\u00e7ando empregabilidade local. O modelo publicado sugere sinergias entre v\u00e1rios setores.<\/p>\n<p>Ainda n\u00e3o foram divulgados nomes espec\u00edficos, cronogramas ou locais exatos de implementa\u00e7\u00e3o. O conte\u00fado completo encontra-se detr\u00e1s de registo de subscri\u00e7\u00e3o, conforme a refer\u00eancia da not\u00edcia original.<\/p>\n","protected":false},"excerpt":{"rendered":"<ul>\n<li>O t\u00edtulo indica que empres\u00e1rios mo\u00e7ambicanos querem apostar em cooperativas de pequenas empresas.<\/li>\n<li>A not\u00edcia completa n\u00e3o est\u00e1 acess\u00edvel no momento, apenas indicado que o conte\u00fado est\u00e1 dispon\u00edvel para subscritores.<\/li>\n<li>O gr\u00e1fico acompanha a not\u00edcia com uma imagem relacionada ao tema.<\/li>\n<li>N\u00e3o foram fornecidos dados adicionais, n\u00fameros ou declara\u00e7\u00f5es verific\u00e1veis no texto dispon\u00edvel.<\/li>\n<\/ul>\n","protected":false},"author":2,"featured_media":398578,"comment_status":"closed","ping_status":"closed","sticky":false,"template":"","format":"standard","meta":{"footnotes":""},"categories":[1],"tags":[256,1960,190,28,4904,2697],"class_list":["post-398568","post","type-post","status-publish","format-standard","has-post-thumbnail","hentry","category-noticias","tag-cooperacao-internacional","tag-credito","tag-desenvolvimento-economico","tag-economia","tag-empreendedores","tag-empresas"],"yoast_head":"<!-- This site is optimized with the Yoast SEO plugin v27.2 - https:\/\/yoast.com\/product\/yoast-seo-wordpress\/ -->\n<title>Empres\u00e1rios mo\u00e7ambicanos apostam em cooperativas de pequenas empresas - Portal Tela Portugal<\/title>\n<meta name=\"robots\" content=\"index, follow, max-snippet:-1, max-image-preview:large, max-video-preview:-1\" \/>\n<meta property=\"og:locale\" content=\"pt_PT\" \/>\n<meta property=\"og:type\" content=\"article\" \/>\n<meta property=\"og:title\" content=\"Empres\u00e1rios mo\u00e7ambicanos apostam em cooperativas de pequenas empresas - Portal Tela Portugal\" \/>\n<meta property=\"og:description\" content=\"O t\u00edtulo indica que empres\u00e1rios mo\u00e7ambicanos querem apostar em cooperativas de pequenas empresas. A not\u00edcia completa n\u00e3o est\u00e1 acess\u00edvel no momento, apenas indicado que o conte\u00fado est\u00e1 dispon\u00edvel para subscritores. O gr\u00e1fico acompanha a not\u00edcia com uma imagem relacionada ao tema. N\u00e3o foram fornecidos dados adicionais, n\u00fameros ou declara\u00e7\u00f5es verific\u00e1veis no texto dispon\u00edvel.\" \/>\n<meta property=\"og:url\" content=\"https:\/\/portaltela.pt\/noticias\/2026\/03\/05\/empresarios-mocambicanos-apostam-em-cooperativas-de-pequenas-empresas\/\" \/>\n<meta property=\"og:site_name\" content=\"Portal Tela Portugal\" \/>\n<meta property=\"article:published_time\" content=\"2026-03-05T13:08:00+00:00\" \/>\n<meta name=\"author\" content=\"Telinha\" \/>\n<meta name=\"twitter:card\" content=\"summary_large_image\" \/>\n<meta name=\"twitter:label1\" content=\"Escrito por\" \/>\n\t<meta name=\"twitter:data1\" content=\"Telinha\" \/>\n\t<meta name=\"twitter:label2\" content=\"Tempo estimado de leitura\" \/>\n\t<meta name=\"twitter:data2\" content=\"1 minuto\" \/>\n<script type=\"application\/ld+json\" class=\"yoast-schema-graph\">{\"@context\":\"https:\/\/schema.org\",\"@graph\":[{\"@type\":\"Article\",\"@id\":\"https:\/\/portaltela.pt\/noticias\/2026\/03\/05\/empresarios-mocambicanos-apostam-em-cooperativas-de-pequenas-empresas\/#article\",\"isPartOf\":{\"@id\":\"https:\/\/portaltela.pt\/noticias\/2026\/03\/05\/empresarios-mocambicanos-apostam-em-cooperativas-de-pequenas-empresas\/\"},\"author\":{\"name\":\"Telinha\",\"@id\":\"https:\/\/portaltela.pt\/#\/schema\/person\/c4278d4a6028830caff9ee44b42d32ed\"},\"headline\":\"Empres\u00e1rios mo\u00e7ambicanos apostam em cooperativas de pequenas empresas\",\"datePublished\":\"2026-03-05T13:08:00+00:00\",\"mainEntityOfPage\":{\"@id\":\"https:\/\/portaltela.pt\/noticias\/2026\/03\/05\/empresarios-mocambicanos-apostam-em-cooperativas-de-pequenas-empresas\/\"},\"wordCount\":122,\"image\":{\"@id\":\"https:\/\/portaltela.pt\/noticias\/2026\/03\/05\/empresarios-mocambicanos-apostam-em-cooperativas-de-pequenas-empresas\/#primaryimage\"},\"thumbnailUrl\":\"https:\/\/portaltela.pt\/s.01k8rhncp4jt1\/2026\/03\/CACHE_780X1200_ANALOG_WATERMARKED_28720172_2978515_12112020033232.jpg\",\"keywords\":[\"coopera\u00e7\u00e3o internacional\",\"cr\u00e9dito\",\"Desenvolvimento econ\u00f3mico\",\"economia\",\"empreendedores\",\"empresas\"],\"articleSection\":[\"Not\u00edcias\"],\"inLanguage\":\"pt-PT\"},{\"@type\":\"WebPage\",\"@id\":\"https:\/\/portaltela.pt\/noticias\/2026\/03\/05\/empresarios-mocambicanos-apostam-em-cooperativas-de-pequenas-empresas\/\",\"url\":\"https:\/\/portaltela.pt\/noticias\/2026\/03\/05\/empresarios-mocambicanos-apostam-em-cooperativas-de-pequenas-empresas\/\",\"name\":\"Empres\u00e1rios mo\u00e7ambicanos apostam em cooperativas de pequenas empresas - Portal Tela Portugal\",\"isPartOf\":{\"@id\":\"https:\/\/portaltela.pt\/#website\"},\"primaryImageOfPage\":{\"@id\":\"https:\/\/portaltela.pt\/noticias\/2026\/03\/05\/empresarios-mocambicanos-apostam-em-cooperativas-de-pequenas-empresas\/#primaryimage\"},\"image\":{\"@id\":\"https:\/\/portaltela.pt\/noticias\/2026\/03\/05\/empresarios-mocambicanos-apostam-em-cooperativas-de-pequenas-empresas\/#primaryimage\"},\"thumbnailUrl\":\"https:\/\/portaltela.pt\/s.01k8rhncp4jt1\/2026\/03\/CACHE_780X1200_ANALOG_WATERMARKED_28720172_2978515_12112020033232.jpg\",\"datePublished\":\"2026-03-05T13:08:00+00:00\",\"author\":{\"@id\":\"https:\/\/portaltela.pt\/#\/schema\/person\/c4278d4a6028830caff9ee44b42d32ed\"},\"breadcrumb\":{\"@id\":\"https:\/\/portaltela.pt\/noticias\/2026\/03\/05\/empresarios-mocambicanos-apostam-em-cooperativas-de-pequenas-empresas\/#breadcrumb\"},\"inLanguage\":\"pt-PT\",\"potentialAction\":[{\"@type\":\"ReadAction\",\"target\":[\"https:\/\/portaltela.pt\/noticias\/2026\/03\/05\/empresarios-mocambicanos-apostam-em-cooperativas-de-pequenas-empresas\/\"]}]},{\"@type\":\"ImageObject\",\"inLanguage\":\"pt-PT\",\"@id\":\"https:\/\/portaltela.pt\/noticias\/2026\/03\/05\/empresarios-mocambicanos-apostam-em-cooperativas-de-pequenas-empresas\/#primaryimage\",\"url\":\"https:\/\/portaltela.pt\/s.01k8rhncp4jt1\/2026\/03\/CACHE_780X1200_ANALOG_WATERMARKED_28720172_2978515_12112020033232.jpg\",\"contentUrl\":\"https:\/\/portaltela.pt\/s.01k8rhncp4jt1\/2026\/03\/CACHE_780X1200_ANALOG_WATERMARKED_28720172_2978515_12112020033232.jpg\",\"width\":796,\"height\":448,\"caption\":\"Empres\u00e1rios mo\u00e7ambicanos querem aposta em cooperativas de pequenas empresas\"},{\"@type\":\"BreadcrumbList\",\"@id\":\"https:\/\/portaltela.pt\/noticias\/2026\/03\/05\/empresarios-mocambicanos-apostam-em-cooperativas-de-pequenas-empresas\/#breadcrumb\",\"itemListElement\":[{\"@type\":\"ListItem\",\"position\":1,\"name\":\"In\u00edcio\",\"item\":\"https:\/\/portaltela.pt\/\"},{\"@type\":\"ListItem\",\"position\":2,\"name\":\"Empres\u00e1rios mo\u00e7ambicanos apostam em cooperativas de pequenas empresas\"}]},{\"@type\":\"WebSite\",\"@id\":\"https:\/\/portaltela.pt\/#website\",\"url\":\"https:\/\/portaltela.pt\/\",\"name\":\"Portal Tela Portugal\",\"description\":\"\",\"potentialAction\":[{\"@type\":\"SearchAction\",\"target\":{\"@type\":\"EntryPoint\",\"urlTemplate\":\"https:\/\/portaltela.pt\/?s={search_term_string}\"},\"query-input\":{\"@type\":\"PropertyValueSpecification\",\"valueRequired\":true,\"valueName\":\"search_term_string\"}}],\"inLanguage\":\"pt-PT\"},{\"@type\":\"Person\",\"@id\":\"https:\/\/portaltela.pt\/#\/schema\/person\/c4278d4a6028830caff9ee44b42d32ed\",\"name\":\"Telinha\",\"image\":{\"@type\":\"ImageObject\",\"inLanguage\":\"pt-PT\",\"@id\":\"https:\/\/portaltela.pt\/s.01k8rhncp4jt1\/2025\/11\/talking-bot-125x125.png\",\"url\":\"https:\/\/portaltela.pt\/s.01k8rhncp4jt1\/2025\/11\/talking-bot-125x125.png\",\"contentUrl\":\"https:\/\/portaltela.pt\/s.01k8rhncp4jt1\/2025\/11\/talking-bot-125x125.png\",\"caption\":\"Telinha\"},\"sameAs\":[\"https:\/\/portaltela.pt\/\"],\"url\":\"https:\/\/portaltela.pt\/por\/367410592786\/\"}]}<\/script>\n<!-- \/ Yoast SEO plugin. -->","yoast_head_json":{"title":"Empres\u00e1rios mo\u00e7ambicanos apostam em cooperativas de pequenas empresas - Portal Tela Portugal","robots":{"index":"index","follow":"follow","max-snippet":"max-snippet:-1","max-image-preview":"max-image-preview:large","max-video-preview":"max-video-preview:-1"},"og_locale":"pt_PT","og_type":"article","og_title":"Empres\u00e1rios mo\u00e7ambicanos apostam em cooperativas de pequenas empresas - Portal Tela Portugal","og_description":"O t\u00edtulo indica que empres\u00e1rios mo\u00e7ambicanos querem apostar em cooperativas de pequenas empresas. A not\u00edcia completa n\u00e3o est\u00e1 acess\u00edvel no momento, apenas indicado que o conte\u00fado est\u00e1 dispon\u00edvel para subscritores. O gr\u00e1fico acompanha a not\u00edcia com uma imagem relacionada ao tema. N\u00e3o foram fornecidos dados adicionais, n\u00fameros ou declara\u00e7\u00f5es verific\u00e1veis no texto dispon\u00edvel.","og_url":"https:\/\/portaltela.pt\/noticias\/2026\/03\/05\/empresarios-mocambicanos-apostam-em-cooperativas-de-pequenas-empresas\/","og_site_name":"Portal Tela Portugal","article_published_time":"2026-03-05T13:08:00+00:00","author":"Telinha","twitter_card":"summary_large_image","twitter_misc":{"Escrito por":"Telinha","Tempo estimado de leitura":"1 minuto"},"schema":{"@context":"https:\/\/schema.org","@graph":[{"@type":"Article","@id":"https:\/\/portaltela.pt\/noticias\/2026\/03\/05\/empresarios-mocambicanos-apostam-em-cooperativas-de-pequenas-empresas\/#article","isPartOf":{"@id":"https:\/\/portaltela.pt\/noticias\/2026\/03\/05\/empresarios-mocambicanos-apostam-em-cooperativas-de-pequenas-empresas\/"},"author":{"name":"Telinha","@id":"https:\/\/portaltela.pt\/#\/schema\/person\/c4278d4a6028830caff9ee44b42d32ed"},"headline":"Empres\u00e1rios mo\u00e7ambicanos apostam em cooperativas de pequenas empresas","datePublished":"2026-03-05T13:08:00+00:00","mainEntityOfPage":{"@id":"https:\/\/portaltela.pt\/noticias\/2026\/03\/05\/empresarios-mocambicanos-apostam-em-cooperativas-de-pequenas-empresas\/"},"wordCount":122,"image":{"@id":"https:\/\/portaltela.pt\/noticias\/2026\/03\/05\/empresarios-mocambicanos-apostam-em-cooperativas-de-pequenas-empresas\/#primaryimage"},"thumbnailUrl":"https:\/\/portaltela.pt\/s.01k8rhncp4jt1\/2026\/03\/CACHE_780X1200_ANALOG_WATERMARKED_28720172_2978515_12112020033232.jpg","keywords":["coopera\u00e7\u00e3o internacional","cr\u00e9dito","Desenvolvimento econ\u00f3mico","economia","empreendedores","empresas"],"articleSection":["Not\u00edcias"],"inLanguage":"pt-PT"},{"@type":"WebPage","@id":"https:\/\/portaltela.pt\/noticias\/2026\/03\/05\/empresarios-mocambicanos-apostam-em-cooperativas-de-pequenas-empresas\/","url":"https:\/\/portaltela.pt\/noticias\/2026\/03\/05\/empresarios-mocambicanos-apostam-em-cooperativas-de-pequenas-empresas\/","name":"Empres\u00e1rios mo\u00e7ambicanos apostam em cooperativas de pequenas empresas - Portal Tela Portugal","isPartOf":{"@id":"https:\/\/portaltela.pt\/#website"},"primaryImageOfPage":{"@id":"https:\/\/portaltela.pt\/noticias\/2026\/03\/05\/empresarios-mocambicanos-apostam-em-cooperativas-de-pequenas-empresas\/#primaryimage"},"image":{"@id":"https:\/\/portaltela.pt\/noticias\/2026\/03\/05\/empresarios-mocambicanos-apostam-em-cooperativas-de-pequenas-empresas\/#primaryimage"},"thumbnailUrl":"https:\/\/portaltela.pt\/s.01k8rhncp4jt1\/2026\/03\/CACHE_780X1200_ANALOG_WATERMARKED_28720172_2978515_12112020033232.jpg","datePublished":"2026-03-05T13:08:00+00:00","author":{"@id":"https:\/\/portaltela.pt\/#\/schema\/person\/c4278d4a6028830caff9ee44b42d32ed"},"breadcrumb":{"@id":"https:\/\/portaltela.pt\/noticias\/2026\/03\/05\/empresarios-mocambicanos-apostam-em-cooperativas-de-pequenas-empresas\/#breadcrumb"},"inLanguage":"pt-PT","potentialAction":[{"@type":"ReadAction","target":["https:\/\/portaltela.pt\/noticias\/2026\/03\/05\/empresarios-mocambicanos-apostam-em-cooperativas-de-pequenas-empresas\/"]}]},{"@type":"ImageObject","inLanguage":"pt-PT","@id":"https:\/\/portaltela.pt\/noticias\/2026\/03\/05\/empresarios-mocambicanos-apostam-em-cooperativas-de-pequenas-empresas\/#primaryimage","url":"https:\/\/portaltela.pt\/s.01k8rhncp4jt1\/2026\/03\/CACHE_780X1200_ANALOG_WATERMARKED_28720172_2978515_12112020033232.jpg","contentUrl":"https:\/\/portaltela.pt\/s.01k8rhncp4jt1\/2026\/03\/CACHE_780X1200_ANALOG_WATERMARKED_28720172_2978515_12112020033232.jpg","width":796,"height":448,"caption":"Empres\u00e1rios mo\u00e7ambicanos querem aposta em cooperativas de pequenas empresas"},{"@type":"BreadcrumbList","@id":"https:\/\/portaltela.pt\/noticias\/2026\/03\/05\/empresarios-mocambicanos-apostam-em-cooperativas-de-pequenas-empresas\/#breadcrumb","itemListElement":[{"@type":"ListItem","position":1,"name":"In\u00edcio","item":"https:\/\/portaltela.pt\/"},{"@type":"ListItem","position":2,"name":"Empres\u00e1rios mo\u00e7ambicanos apostam em cooperativas de pequenas empresas"}]},{"@type":"WebSite","@id":"https:\/\/portaltela.pt\/#website","url":"https:\/\/portaltela.pt\/","name":"Portal Tela Portugal","description":"","potentialAction":[{"@type":"SearchAction","target":{"@type":"EntryPoint","urlTemplate":"https:\/\/portaltela.pt\/?s={search_term_string}"},"query-input":{"@type":"PropertyValueSpecification","valueRequired":true,"valueName":"search_term_string"}}],"inLanguage":"pt-PT"},{"@type":"Person","@id":"https:\/\/portaltela.pt\/#\/schema\/person\/c4278d4a6028830caff9ee44b42d32ed","name":"Telinha","image":{"@type":"ImageObject","inLanguage":"pt-PT","@id":"https:\/\/portaltela.pt\/s.01k8rhncp4jt1\/2025\/11\/talking-bot-125x125.png","url":"https:\/\/portaltela.pt\/s.01k8rhncp4jt1\/2025\/11\/talking-bot-125x125.png","contentUrl":"https:\/\/portaltela.pt\/s.01k8rhncp4jt1\/2025\/11\/talking-bot-125x125.png","caption":"Telinha"},"sameAs":["https:\/\/portaltela.pt\/"],"url":"https:\/\/portaltela.pt\/por\/367410592786\/"}]}},"_links":{"self":[{"href":"https:\/\/portaltela.pt\/api\/wp\/v2\/posts\/398568","targetHints":{"allow":["GET"]}}],"collection":[{"href":"https:\/\/portaltela.pt\/api\/wp\/v2\/posts"}],"about":[{"href":"https:\/\/portaltela.pt\/api\/wp\/v2\/types\/post"}],"author":[{"embeddable":true,"href":"https:\/\/portaltela.pt\/api\/wp\/v2\/users\/2"}],"replies":[{"embeddable":true,"href":"https:\/\/portaltela.pt\/api\/wp\/v2\/comments?post=398568"}],"version-history":[{"count":0,"href":"https:\/\/portaltela.pt\/api\/wp\/v2\/posts\/398568\/revisions"}],"wp:featuredmedia":[{"embeddable":true,"href":"https:\/\/portaltela.pt\/api\/wp\/v2\/media\/398578"}],"wp:attachment":[{"href":"https:\/\/portaltela.pt\/api\/wp\/v2\/media?parent=398568"}],"wp:term":[{"taxonomy":"category","embeddable":true,"href":"https:\/\/portaltela.pt\/api\/wp\/v2\/categories?post=398568"},{"taxonomy":"post_tag","embeddable":true,"href":"https:\/\/portaltela.pt\/api\/wp\/v2\/tags?post=398568"}],"curies":[{"name":"wp","href":"https:\/\/api.w.org\/{rel}","templated":true}]}}