{"id":398566,"date":"2026-03-05T10:00:00","date_gmt":"2026-03-05T13:00:00","guid":{"rendered":"https:\/\/portaltela.pt\/noticias\/2026\/03\/05\/onde-viver-na-velhice-espacos-que-combinam-casa-e-lar\/"},"modified":"2026-03-05T10:00:00","modified_gmt":"2026-03-05T13:00:00","slug":"onde-viver-na-velhice-espacos-que-combinam-casa-e-lar","status":"publish","type":"post","link":"https:\/\/portaltela.pt\/noticias\/2026\/03\/05\/onde-viver-na-velhice-espacos-que-combinam-casa-e-lar\/","title":{"rendered":"Onde viver na velhice? Espa\u00e7os que combinam casa e lar"},"content":{"rendered":"<p>Maria Oliveira, de 89 anos, mudou-se h\u00e1 pouco mais de tr\u00eas semanas para uma das nove casas de habita\u00e7\u00e3o colaborativa do Lar da Felicidade, em Meirinhas, Pombal (Leiria). O processo demorou a avan\u00e7ar, mas, segundo a residente, teria aceitado mudar antes se n\u00e3o tivesse atrasos.<\/p>\n<p>A mudan\u00e7a ocorreu numa altura em que Maria vivia sozinha desde agosto, ap\u00f3s regressar de uma vida de emigrante em Fran\u00e7a e de v\u00e1rios anos sem o marido. Na nova casa, partilha um T1 com outra inquilina.<\/p>\n<p>Maria encontrou l\u00e1 Arminda Cordeiro, de 85 anos, com quem divide o mesmo apartamento. As duas tornaram-se as primeiras residentes da nova \u00e1rea do bairro da Rua Nova, dedicada \u00e0 habita\u00e7\u00e3o colaborativa.<\/p>\n<h3>Habita\u00e7\u00e3o colaborativa em Meirinhas<\/h3>\n<p>O projeto visa oferecer um modelo de moradia que combine aspetos positivos de casa tradicional e de lar comunit\u00e1rio, com foco no apoio m\u00fatuo entre idosos. As resid\u00eancias s\u00e3o geridas pela estrutura social do Lar da Felicidade, que planeia expandir o conceito.<\/p>\n<p>Quem participa descreve o espa\u00e7o como uma resposta a necessidades de conviv\u00eancia e apoio di\u00e1rio, procurando reduzir o isolamento e promover uma vida mais aut\u00f3noma entre pessoas com perfis semelhantes.<\/p>\n<p>As nove casas reunem moradores que, apesar de manterem a independ\u00eancia, beneficiam de uma rede de apoio local, com objetivo de facilitar o envelhecimento ativo na comunidade.<\/p>\n","protected":false},"excerpt":{"rendered":"<ul>\n<li>Maria Oliveira, de 89 anos, mudou-se para uma das nove casas de habita\u00e7\u00e3o colaborativa do Lar da Felicidade, em Meirinhas, Pombal (Leiria).<\/li>\n<li>A mudan\u00e7a ocorreu h\u00e1 pouco mais de tr\u00eas semanas, ap\u00f3s deixar a casa onde vivia sozinha desde agosto.<\/li>\n<li>Maria regressou de uma vida emigrada em Fran\u00e7a e de v\u00e1rios anos ap\u00f3s a morte do marido, passando a partilhar um T\u00b9 com Arminda Cordeiro, de 85 anos.<\/li>\n<li>Arminda e Maria foram as primeiras inquilinas a ocupar o bairro da Rua Nova.<\/li>\n<li>O projeto de habita\u00e7\u00e3o colaborativa em Portugal tem como objetivo oferecer espa\u00e7os que integrem aspetos positivos de casa e lar para a velhice.<\/li>\n<\/ul>\n","protected":false},"author":2,"featured_media":398573,"comment_status":"closed","ping_status":"closed","sticky":false,"template":"","format":"standard","meta":{"footnotes":""},"categories":[1],"tags":[4108,150,1167,2736,1385,1014],"class_list":["post-398566","post","type-post","status-publish","format-standard","has-post-thumbnail","hentry","category-noticias","tag-envelhecimento-ativo","tag-habitacao","tag-habitacao-social","tag-idosos","tag-leiria","tag-portugal"],"yoast_head":"<!-- This site is optimized with the Yoast SEO plugin v27.2 - https:\/\/yoast.com\/product\/yoast-seo-wordpress\/ -->\n<title>Onde viver na velhice? Espa\u00e7os que combinam casa e lar - Portal Tela Portugal<\/title>\n<meta name=\"robots\" content=\"index, follow, max-snippet:-1, max-image-preview:large, max-video-preview:-1\" \/>\n<meta property=\"og:locale\" content=\"pt_PT\" \/>\n<meta property=\"og:type\" content=\"article\" \/>\n<meta property=\"og:title\" content=\"Onde viver na velhice? Espa\u00e7os que combinam casa e lar - Portal Tela Portugal\" \/>\n<meta property=\"og:description\" content=\"Maria Oliveira, de 89 anos, mudou-se para uma das nove casas de habita\u00e7\u00e3o colaborativa do Lar da Felicidade, em Meirinhas, Pombal (Leiria). A mudan\u00e7a ocorreu h\u00e1 pouco mais de tr\u00eas semanas, ap\u00f3s deixar a casa onde vivia sozinha desde agosto. Maria regressou de uma vida emigrada em Fran\u00e7a e de v\u00e1rios anos ap\u00f3s a morte do marido, passando a partilhar um T\u00b9 com Arminda Cordeiro, de 85 anos. Arminda e Maria foram as primeiras inquilinas a ocupar o bairro da Rua Nova. O projeto de habita\u00e7\u00e3o colaborativa em Portugal tem como objetivo oferecer espa\u00e7os que integrem aspetos positivos de casa e lar para a velhice.\" \/>\n<meta property=\"og:url\" content=\"https:\/\/portaltela.pt\/noticias\/2026\/03\/05\/onde-viver-na-velhice-espacos-que-combinam-casa-e-lar\/\" \/>\n<meta property=\"og:site_name\" content=\"Portal Tela Portugal\" \/>\n<meta property=\"article:published_time\" content=\"2026-03-05T13:00:00+00:00\" \/>\n<meta name=\"author\" content=\"Telinha\" \/>\n<meta name=\"twitter:card\" content=\"summary_large_image\" \/>\n<meta name=\"twitter:label1\" content=\"Escrito por\" \/>\n\t<meta name=\"twitter:data1\" content=\"Telinha\" \/>\n\t<meta name=\"twitter:label2\" content=\"Tempo estimado de leitura\" \/>\n\t<meta name=\"twitter:data2\" content=\"1 minuto\" \/>\n<script type=\"application\/ld+json\" class=\"yoast-schema-graph\">{\"@context\":\"https:\/\/schema.org\",\"@graph\":[{\"@type\":\"Article\",\"@id\":\"https:\/\/portaltela.pt\/noticias\/2026\/03\/05\/onde-viver-na-velhice-espacos-que-combinam-casa-e-lar\/#article\",\"isPartOf\":{\"@id\":\"https:\/\/portaltela.pt\/noticias\/2026\/03\/05\/onde-viver-na-velhice-espacos-que-combinam-casa-e-lar\/\"},\"author\":{\"name\":\"Telinha\",\"@id\":\"https:\/\/portaltela.pt\/#\/schema\/person\/c4278d4a6028830caff9ee44b42d32ed\"},\"headline\":\"Onde viver na velhice? Espa\u00e7os que combinam casa e lar\",\"datePublished\":\"2026-03-05T13:00:00+00:00\",\"mainEntityOfPage\":{\"@id\":\"https:\/\/portaltela.pt\/noticias\/2026\/03\/05\/onde-viver-na-velhice-espacos-que-combinam-casa-e-lar\/\"},\"wordCount\":244,\"image\":{\"@id\":\"https:\/\/portaltela.pt\/noticias\/2026\/03\/05\/onde-viver-na-velhice-espacos-que-combinam-casa-e-lar\/#primaryimage\"},\"thumbnailUrl\":\"https:\/\/portaltela.pt\/s.01k8rhncp4jt1\/2026\/03\/2071856.jpg\",\"keywords\":[\"envelhecimento ativo\",\"habita\u00e7\u00e3o\",\"habita\u00e7\u00e3o social\",\"idosos\",\"Leiria\",\"Portugal\"],\"articleSection\":[\"Not\u00edcias\"],\"inLanguage\":\"pt-PT\"},{\"@type\":\"WebPage\",\"@id\":\"https:\/\/portaltela.pt\/noticias\/2026\/03\/05\/onde-viver-na-velhice-espacos-que-combinam-casa-e-lar\/\",\"url\":\"https:\/\/portaltela.pt\/noticias\/2026\/03\/05\/onde-viver-na-velhice-espacos-que-combinam-casa-e-lar\/\",\"name\":\"Onde viver na velhice? Espa\u00e7os que combinam casa e lar - Portal Tela Portugal\",\"isPartOf\":{\"@id\":\"https:\/\/portaltela.pt\/#website\"},\"primaryImageOfPage\":{\"@id\":\"https:\/\/portaltela.pt\/noticias\/2026\/03\/05\/onde-viver-na-velhice-espacos-que-combinam-casa-e-lar\/#primaryimage\"},\"image\":{\"@id\":\"https:\/\/portaltela.pt\/noticias\/2026\/03\/05\/onde-viver-na-velhice-espacos-que-combinam-casa-e-lar\/#primaryimage\"},\"thumbnailUrl\":\"https:\/\/portaltela.pt\/s.01k8rhncp4jt1\/2026\/03\/2071856.jpg\",\"datePublished\":\"2026-03-05T13:00:00+00:00\",\"author\":{\"@id\":\"https:\/\/portaltela.pt\/#\/schema\/person\/c4278d4a6028830caff9ee44b42d32ed\"},\"breadcrumb\":{\"@id\":\"https:\/\/portaltela.pt\/noticias\/2026\/03\/05\/onde-viver-na-velhice-espacos-que-combinam-casa-e-lar\/#breadcrumb\"},\"inLanguage\":\"pt-PT\",\"potentialAction\":[{\"@type\":\"ReadAction\",\"target\":[\"https:\/\/portaltela.pt\/noticias\/2026\/03\/05\/onde-viver-na-velhice-espacos-que-combinam-casa-e-lar\/\"]}]},{\"@type\":\"ImageObject\",\"inLanguage\":\"pt-PT\",\"@id\":\"https:\/\/portaltela.pt\/noticias\/2026\/03\/05\/onde-viver-na-velhice-espacos-que-combinam-casa-e-lar\/#primaryimage\",\"url\":\"https:\/\/portaltela.pt\/s.01k8rhncp4jt1\/2026\/03\/2071856.jpg\",\"contentUrl\":\"https:\/\/portaltela.pt\/s.01k8rhncp4jt1\/2026\/03\/2071856.jpg\",\"width\":796,\"height\":448,\"caption\":\"Constan\u00e7a e Nelson Lopes vivem numa moradia do Centro Social de Vilar de Ma\u00e7ada h\u00e1 quatro anos,Constan\u00e7a e Nelson Lopes vivem numa moradia do Centro Social de Vilar de Ma\u00e7ada h\u00e1 quatro anos\"},{\"@type\":\"BreadcrumbList\",\"@id\":\"https:\/\/portaltela.pt\/noticias\/2026\/03\/05\/onde-viver-na-velhice-espacos-que-combinam-casa-e-lar\/#breadcrumb\",\"itemListElement\":[{\"@type\":\"ListItem\",\"position\":1,\"name\":\"In\u00edcio\",\"item\":\"https:\/\/portaltela.pt\/\"},{\"@type\":\"ListItem\",\"position\":2,\"name\":\"Onde viver na velhice? Espa\u00e7os que combinam casa e lar\"}]},{\"@type\":\"WebSite\",\"@id\":\"https:\/\/portaltela.pt\/#website\",\"url\":\"https:\/\/portaltela.pt\/\",\"name\":\"Portal Tela Portugal\",\"description\":\"\",\"potentialAction\":[{\"@type\":\"SearchAction\",\"target\":{\"@type\":\"EntryPoint\",\"urlTemplate\":\"https:\/\/portaltela.pt\/?s={search_term_string}\"},\"query-input\":{\"@type\":\"PropertyValueSpecification\",\"valueRequired\":true,\"valueName\":\"search_term_string\"}}],\"inLanguage\":\"pt-PT\"},{\"@type\":\"Person\",\"@id\":\"https:\/\/portaltela.pt\/#\/schema\/person\/c4278d4a6028830caff9ee44b42d32ed\",\"name\":\"Telinha\",\"image\":{\"@type\":\"ImageObject\",\"inLanguage\":\"pt-PT\",\"@id\":\"https:\/\/portaltela.pt\/s.01k8rhncp4jt1\/2025\/11\/talking-bot-125x125.png\",\"url\":\"https:\/\/portaltela.pt\/s.01k8rhncp4jt1\/2025\/11\/talking-bot-125x125.png\",\"contentUrl\":\"https:\/\/portaltela.pt\/s.01k8rhncp4jt1\/2025\/11\/talking-bot-125x125.png\",\"caption\":\"Telinha\"},\"sameAs\":[\"https:\/\/portaltela.pt\/\"],\"url\":\"https:\/\/portaltela.pt\/por\/367410592786\/\"}]}<\/script>\n<!-- \/ Yoast SEO plugin. -->","yoast_head_json":{"title":"Onde viver na velhice? Espa\u00e7os que combinam casa e lar - Portal Tela Portugal","robots":{"index":"index","follow":"follow","max-snippet":"max-snippet:-1","max-image-preview":"max-image-preview:large","max-video-preview":"max-video-preview:-1"},"og_locale":"pt_PT","og_type":"article","og_title":"Onde viver na velhice? Espa\u00e7os que combinam casa e lar - Portal Tela Portugal","og_description":"Maria Oliveira, de 89 anos, mudou-se para uma das nove casas de habita\u00e7\u00e3o colaborativa do Lar da Felicidade, em Meirinhas, Pombal (Leiria). A mudan\u00e7a ocorreu h\u00e1 pouco mais de tr\u00eas semanas, ap\u00f3s deixar a casa onde vivia sozinha desde agosto. Maria regressou de uma vida emigrada em Fran\u00e7a e de v\u00e1rios anos ap\u00f3s a morte do marido, passando a partilhar um T\u00b9 com Arminda Cordeiro, de 85 anos. Arminda e Maria foram as primeiras inquilinas a ocupar o bairro da Rua Nova. O projeto de habita\u00e7\u00e3o colaborativa em Portugal tem como objetivo oferecer espa\u00e7os que integrem aspetos positivos de casa e lar para a velhice.","og_url":"https:\/\/portaltela.pt\/noticias\/2026\/03\/05\/onde-viver-na-velhice-espacos-que-combinam-casa-e-lar\/","og_site_name":"Portal Tela Portugal","article_published_time":"2026-03-05T13:00:00+00:00","author":"Telinha","twitter_card":"summary_large_image","twitter_misc":{"Escrito por":"Telinha","Tempo estimado de leitura":"1 minuto"},"schema":{"@context":"https:\/\/schema.org","@graph":[{"@type":"Article","@id":"https:\/\/portaltela.pt\/noticias\/2026\/03\/05\/onde-viver-na-velhice-espacos-que-combinam-casa-e-lar\/#article","isPartOf":{"@id":"https:\/\/portaltela.pt\/noticias\/2026\/03\/05\/onde-viver-na-velhice-espacos-que-combinam-casa-e-lar\/"},"author":{"name":"Telinha","@id":"https:\/\/portaltela.pt\/#\/schema\/person\/c4278d4a6028830caff9ee44b42d32ed"},"headline":"Onde viver na velhice? Espa\u00e7os que combinam casa e lar","datePublished":"2026-03-05T13:00:00+00:00","mainEntityOfPage":{"@id":"https:\/\/portaltela.pt\/noticias\/2026\/03\/05\/onde-viver-na-velhice-espacos-que-combinam-casa-e-lar\/"},"wordCount":244,"image":{"@id":"https:\/\/portaltela.pt\/noticias\/2026\/03\/05\/onde-viver-na-velhice-espacos-que-combinam-casa-e-lar\/#primaryimage"},"thumbnailUrl":"https:\/\/portaltela.pt\/s.01k8rhncp4jt1\/2026\/03\/2071856.jpg","keywords":["envelhecimento ativo","habita\u00e7\u00e3o","habita\u00e7\u00e3o social","idosos","Leiria","Portugal"],"articleSection":["Not\u00edcias"],"inLanguage":"pt-PT"},{"@type":"WebPage","@id":"https:\/\/portaltela.pt\/noticias\/2026\/03\/05\/onde-viver-na-velhice-espacos-que-combinam-casa-e-lar\/","url":"https:\/\/portaltela.pt\/noticias\/2026\/03\/05\/onde-viver-na-velhice-espacos-que-combinam-casa-e-lar\/","name":"Onde viver na velhice? Espa\u00e7os que combinam casa e lar - Portal Tela Portugal","isPartOf":{"@id":"https:\/\/portaltela.pt\/#website"},"primaryImageOfPage":{"@id":"https:\/\/portaltela.pt\/noticias\/2026\/03\/05\/onde-viver-na-velhice-espacos-que-combinam-casa-e-lar\/#primaryimage"},"image":{"@id":"https:\/\/portaltela.pt\/noticias\/2026\/03\/05\/onde-viver-na-velhice-espacos-que-combinam-casa-e-lar\/#primaryimage"},"thumbnailUrl":"https:\/\/portaltela.pt\/s.01k8rhncp4jt1\/2026\/03\/2071856.jpg","datePublished":"2026-03-05T13:00:00+00:00","author":{"@id":"https:\/\/portaltela.pt\/#\/schema\/person\/c4278d4a6028830caff9ee44b42d32ed"},"breadcrumb":{"@id":"https:\/\/portaltela.pt\/noticias\/2026\/03\/05\/onde-viver-na-velhice-espacos-que-combinam-casa-e-lar\/#breadcrumb"},"inLanguage":"pt-PT","potentialAction":[{"@type":"ReadAction","target":["https:\/\/portaltela.pt\/noticias\/2026\/03\/05\/onde-viver-na-velhice-espacos-que-combinam-casa-e-lar\/"]}]},{"@type":"ImageObject","inLanguage":"pt-PT","@id":"https:\/\/portaltela.pt\/noticias\/2026\/03\/05\/onde-viver-na-velhice-espacos-que-combinam-casa-e-lar\/#primaryimage","url":"https:\/\/portaltela.pt\/s.01k8rhncp4jt1\/2026\/03\/2071856.jpg","contentUrl":"https:\/\/portaltela.pt\/s.01k8rhncp4jt1\/2026\/03\/2071856.jpg","width":796,"height":448,"caption":"Constan\u00e7a e Nelson Lopes vivem numa moradia do Centro Social de Vilar de Ma\u00e7ada h\u00e1 quatro anos,Constan\u00e7a e Nelson Lopes vivem numa moradia do Centro Social de Vilar de Ma\u00e7ada h\u00e1 quatro anos"},{"@type":"BreadcrumbList","@id":"https:\/\/portaltela.pt\/noticias\/2026\/03\/05\/onde-viver-na-velhice-espacos-que-combinam-casa-e-lar\/#breadcrumb","itemListElement":[{"@type":"ListItem","position":1,"name":"In\u00edcio","item":"https:\/\/portaltela.pt\/"},{"@type":"ListItem","position":2,"name":"Onde viver na velhice? Espa\u00e7os que combinam casa e lar"}]},{"@type":"WebSite","@id":"https:\/\/portaltela.pt\/#website","url":"https:\/\/portaltela.pt\/","name":"Portal Tela Portugal","description":"","potentialAction":[{"@type":"SearchAction","target":{"@type":"EntryPoint","urlTemplate":"https:\/\/portaltela.pt\/?s={search_term_string}"},"query-input":{"@type":"PropertyValueSpecification","valueRequired":true,"valueName":"search_term_string"}}],"inLanguage":"pt-PT"},{"@type":"Person","@id":"https:\/\/portaltela.pt\/#\/schema\/person\/c4278d4a6028830caff9ee44b42d32ed","name":"Telinha","image":{"@type":"ImageObject","inLanguage":"pt-PT","@id":"https:\/\/portaltela.pt\/s.01k8rhncp4jt1\/2025\/11\/talking-bot-125x125.png","url":"https:\/\/portaltela.pt\/s.01k8rhncp4jt1\/2025\/11\/talking-bot-125x125.png","contentUrl":"https:\/\/portaltela.pt\/s.01k8rhncp4jt1\/2025\/11\/talking-bot-125x125.png","caption":"Telinha"},"sameAs":["https:\/\/portaltela.pt\/"],"url":"https:\/\/portaltela.pt\/por\/367410592786\/"}]}},"_links":{"self":[{"href":"https:\/\/portaltela.pt\/api\/wp\/v2\/posts\/398566","targetHints":{"allow":["GET"]}}],"collection":[{"href":"https:\/\/portaltela.pt\/api\/wp\/v2\/posts"}],"about":[{"href":"https:\/\/portaltela.pt\/api\/wp\/v2\/types\/post"}],"author":[{"embeddable":true,"href":"https:\/\/portaltela.pt\/api\/wp\/v2\/users\/2"}],"replies":[{"embeddable":true,"href":"https:\/\/portaltela.pt\/api\/wp\/v2\/comments?post=398566"}],"version-history":[{"count":0,"href":"https:\/\/portaltela.pt\/api\/wp\/v2\/posts\/398566\/revisions"}],"wp:featuredmedia":[{"embeddable":true,"href":"https:\/\/portaltela.pt\/api\/wp\/v2\/media\/398573"}],"wp:attachment":[{"href":"https:\/\/portaltela.pt\/api\/wp\/v2\/media?parent=398566"}],"wp:term":[{"taxonomy":"category","embeddable":true,"href":"https:\/\/portaltela.pt\/api\/wp\/v2\/categories?post=398566"},{"taxonomy":"post_tag","embeddable":true,"href":"https:\/\/portaltela.pt\/api\/wp\/v2\/tags?post=398566"}],"curies":[{"name":"wp","href":"https:\/\/api.w.org\/{rel}","templated":true}]}}