{"id":398550,"date":"2026-03-05T09:54:26","date_gmt":"2026-03-05T12:54:26","guid":{"rendered":"https:\/\/portaltela.pt\/noticias\/2026\/03\/05\/jovem-de-20-anos-apanhado-a-vender-roupa-contrafeita\/"},"modified":"2026-03-05T09:54:26","modified_gmt":"2026-03-05T12:54:26","slug":"jovem-de-20-anos-apanhado-a-vender-roupa-contrafeita","status":"publish","type":"post","link":"https:\/\/portaltela.pt\/noticias\/2026\/03\/05\/jovem-de-20-anos-apanhado-a-vender-roupa-contrafeita\/","title":{"rendered":"Jovem de 20 anos apanhado a vender roupa contrafeita"},"content":{"rendered":"<p>No mercado mensal de Azeit\u00e3o, em Set\u00fabal, militares da GNR identificaram um jovem de 20 anos por venda de roupa contrafeita. Ao suspeito, foram apreendidas 53 pe\u00e7as, na maioria camisolas de clubes de futebol. A a\u00e7\u00e3o ocorreu no domingo.<\/p>\n<p>A pe\u00e7a de vestu\u00e1rio contrafeito foi recolhida pela GNR, que instaurou um auto de not\u00edcia por contrafa\u00e7\u00e3o, a enviar ao tribunal de Set\u00fabal. N\u00e3o houve men\u00e7\u00e3o de deten\u00e7\u00f5es adicionais durante a opera\u00e7\u00e3o.<\/p>\n<h3>Apreens\u00e3o e encaminhamento processual<\/h3>\n<p>As pe\u00e7as chegaram \u00e0 GNR para avalia\u00e7\u00e3o, com o objetivo de confirmar a natureza das infra\u00e7\u00f5es. O caso segue para aprecia\u00e7\u00e3o judicial, com o suspeito a aguardar poss\u00edveis dilig\u00eancias complementares.<\/p>\n<h3>Contexto da opera\u00e7\u00e3o<\/h3>\n<p>A atua\u00e7\u00e3o da GNR de Azeit\u00e3o enquadra-se numa postura de combate \u00e0 contrafa\u00e7\u00e3o no com\u00e9rcio local. O mercado mensal \u00e9 um ponto sens\u00edvel para monitorizar atividades il\u00edcitas ligadas a produtos falsificados.<\/p>\n","protected":false},"excerpt":{"rendered":"<ul>\n<li>A GNR de Azeit\u00e3o, Set\u00fabal, identificou um rapaz de 20 anos por vender roupa contrafeita.<\/li>\n<li>A interven\u00e7\u00e3o ocorreu no mercado mensal da localidade, no domingo.<\/li>\n<li>O jovem foi surpreendido com 53 pe\u00e7as de vestu\u00e1rio contrafeito, na sua maioria camisolas de clubes de futebol.<\/li>\n<li>Todo o vestu\u00e1rio foi apreendido e foi lavrado um auto de not\u00edcia por contrafa\u00e7\u00e3o para o tribunal de Set\u00fabal.<\/li>\n<\/ul>\n","protected":false},"author":2,"featured_media":398563,"comment_status":"closed","ping_status":"closed","sticky":false,"template":"","format":"standard","meta":{"footnotes":""},"categories":[1],"tags":[974,244,521,177,5059,994],"class_list":["post-398550","post","type-post","status-publish","format-standard","has-post-thumbnail","hentry","category-noticias","tag-azeitao","tag-comercio","tag-contrafacao","tag-crimes","tag-roupas","tag-setubal"],"yoast_head":"<!-- This site is optimized with the Yoast SEO plugin v27.2 - https:\/\/yoast.com\/product\/yoast-seo-wordpress\/ -->\n<title>Jovem de 20 anos apanhado a vender roupa contrafeita - Portal Tela Portugal<\/title>\n<meta name=\"robots\" content=\"index, follow, max-snippet:-1, max-image-preview:large, max-video-preview:-1\" \/>\n<meta property=\"og:locale\" content=\"pt_PT\" \/>\n<meta property=\"og:type\" content=\"article\" \/>\n<meta property=\"og:title\" content=\"Jovem de 20 anos apanhado a vender roupa contrafeita - Portal Tela Portugal\" \/>\n<meta property=\"og:description\" content=\"A GNR de Azeit\u00e3o, Set\u00fabal, identificou um rapaz de 20 anos por vender roupa contrafeita. A interven\u00e7\u00e3o ocorreu no mercado mensal da localidade, no domingo. O jovem foi surpreendido com 53 pe\u00e7as de vestu\u00e1rio contrafeito, na sua maioria camisolas de clubes de futebol. Todo o vestu\u00e1rio foi apreendido e foi lavrado um auto de not\u00edcia por contrafa\u00e7\u00e3o para o tribunal de Set\u00fabal.\" \/>\n<meta property=\"og:url\" content=\"https:\/\/portaltela.pt\/noticias\/2026\/03\/05\/jovem-de-20-anos-apanhado-a-vender-roupa-contrafeita\/\" \/>\n<meta property=\"og:site_name\" content=\"Portal Tela Portugal\" \/>\n<meta property=\"article:published_time\" content=\"2026-03-05T12:54:26+00:00\" \/>\n<meta name=\"author\" content=\"Telinha\" \/>\n<meta name=\"twitter:card\" content=\"summary_large_image\" \/>\n<meta name=\"twitter:label1\" content=\"Escrito por\" \/>\n\t<meta name=\"twitter:data1\" content=\"Telinha\" \/>\n\t<meta name=\"twitter:label2\" content=\"Tempo estimado de leitura\" \/>\n\t<meta name=\"twitter:data2\" content=\"1 minuto\" \/>\n<script type=\"application\/ld+json\" class=\"yoast-schema-graph\">{\"@context\":\"https:\/\/schema.org\",\"@graph\":[{\"@type\":\"Article\",\"@id\":\"https:\/\/portaltela.pt\/noticias\/2026\/03\/05\/jovem-de-20-anos-apanhado-a-vender-roupa-contrafeita\/#article\",\"isPartOf\":{\"@id\":\"https:\/\/portaltela.pt\/noticias\/2026\/03\/05\/jovem-de-20-anos-apanhado-a-vender-roupa-contrafeita\/\"},\"author\":{\"name\":\"Telinha\",\"@id\":\"https:\/\/portaltela.pt\/#\/schema\/person\/c4278d4a6028830caff9ee44b42d32ed\"},\"headline\":\"Jovem de 20 anos apanhado a vender roupa contrafeita\",\"datePublished\":\"2026-03-05T12:54:26+00:00\",\"mainEntityOfPage\":{\"@id\":\"https:\/\/portaltela.pt\/noticias\/2026\/03\/05\/jovem-de-20-anos-apanhado-a-vender-roupa-contrafeita\/\"},\"wordCount\":169,\"image\":{\"@id\":\"https:\/\/portaltela.pt\/noticias\/2026\/03\/05\/jovem-de-20-anos-apanhado-a-vender-roupa-contrafeita\/#primaryimage\"},\"thumbnailUrl\":\"https:\/\/portaltela.pt\/s.01k8rhncp4jt1\/2026\/03\/img_1500x1000uu2026-03-05-11-14-17-2270518-im-639083068716666492.jpg\",\"keywords\":[\"Azeit\u00e3o\",\"com\u00e9rcio\",\"contrafa\u00e7\u00e3o\",\"crimes\",\"roupas\",\"Set\u00fabal\"],\"articleSection\":[\"Not\u00edcias\"],\"inLanguage\":\"pt-PT\"},{\"@type\":\"WebPage\",\"@id\":\"https:\/\/portaltela.pt\/noticias\/2026\/03\/05\/jovem-de-20-anos-apanhado-a-vender-roupa-contrafeita\/\",\"url\":\"https:\/\/portaltela.pt\/noticias\/2026\/03\/05\/jovem-de-20-anos-apanhado-a-vender-roupa-contrafeita\/\",\"name\":\"Jovem de 20 anos apanhado a vender roupa contrafeita - Portal Tela Portugal\",\"isPartOf\":{\"@id\":\"https:\/\/portaltela.pt\/#website\"},\"primaryImageOfPage\":{\"@id\":\"https:\/\/portaltela.pt\/noticias\/2026\/03\/05\/jovem-de-20-anos-apanhado-a-vender-roupa-contrafeita\/#primaryimage\"},\"image\":{\"@id\":\"https:\/\/portaltela.pt\/noticias\/2026\/03\/05\/jovem-de-20-anos-apanhado-a-vender-roupa-contrafeita\/#primaryimage\"},\"thumbnailUrl\":\"https:\/\/portaltela.pt\/s.01k8rhncp4jt1\/2026\/03\/img_1500x1000uu2026-03-05-11-14-17-2270518-im-639083068716666492.jpg\",\"datePublished\":\"2026-03-05T12:54:26+00:00\",\"author\":{\"@id\":\"https:\/\/portaltela.pt\/#\/schema\/person\/c4278d4a6028830caff9ee44b42d32ed\"},\"breadcrumb\":{\"@id\":\"https:\/\/portaltela.pt\/noticias\/2026\/03\/05\/jovem-de-20-anos-apanhado-a-vender-roupa-contrafeita\/#breadcrumb\"},\"inLanguage\":\"pt-PT\",\"potentialAction\":[{\"@type\":\"ReadAction\",\"target\":[\"https:\/\/portaltela.pt\/noticias\/2026\/03\/05\/jovem-de-20-anos-apanhado-a-vender-roupa-contrafeita\/\"]}]},{\"@type\":\"ImageObject\",\"inLanguage\":\"pt-PT\",\"@id\":\"https:\/\/portaltela.pt\/noticias\/2026\/03\/05\/jovem-de-20-anos-apanhado-a-vender-roupa-contrafeita\/#primaryimage\",\"url\":\"https:\/\/portaltela.pt\/s.01k8rhncp4jt1\/2026\/03\/img_1500x1000uu2026-03-05-11-14-17-2270518-im-639083068716666492.jpg\",\"contentUrl\":\"https:\/\/portaltela.pt\/s.01k8rhncp4jt1\/2026\/03\/img_1500x1000uu2026-03-05-11-14-17-2270518-im-639083068716666492.jpg\",\"width\":796,\"height\":448,\"caption\":\"Pe\u00e7as de vestu\u00e1rio apreendidas pela GNR de Azeit\u00e3o ao jovem de 20 anos\"},{\"@type\":\"BreadcrumbList\",\"@id\":\"https:\/\/portaltela.pt\/noticias\/2026\/03\/05\/jovem-de-20-anos-apanhado-a-vender-roupa-contrafeita\/#breadcrumb\",\"itemListElement\":[{\"@type\":\"ListItem\",\"position\":1,\"name\":\"In\u00edcio\",\"item\":\"https:\/\/portaltela.pt\/\"},{\"@type\":\"ListItem\",\"position\":2,\"name\":\"Jovem de 20 anos apanhado a vender roupa contrafeita\"}]},{\"@type\":\"WebSite\",\"@id\":\"https:\/\/portaltela.pt\/#website\",\"url\":\"https:\/\/portaltela.pt\/\",\"name\":\"Portal Tela Portugal\",\"description\":\"\",\"potentialAction\":[{\"@type\":\"SearchAction\",\"target\":{\"@type\":\"EntryPoint\",\"urlTemplate\":\"https:\/\/portaltela.pt\/?s={search_term_string}\"},\"query-input\":{\"@type\":\"PropertyValueSpecification\",\"valueRequired\":true,\"valueName\":\"search_term_string\"}}],\"inLanguage\":\"pt-PT\"},{\"@type\":\"Person\",\"@id\":\"https:\/\/portaltela.pt\/#\/schema\/person\/c4278d4a6028830caff9ee44b42d32ed\",\"name\":\"Telinha\",\"image\":{\"@type\":\"ImageObject\",\"inLanguage\":\"pt-PT\",\"@id\":\"https:\/\/portaltela.pt\/s.01k8rhncp4jt1\/2025\/11\/talking-bot-125x125.png\",\"url\":\"https:\/\/portaltela.pt\/s.01k8rhncp4jt1\/2025\/11\/talking-bot-125x125.png\",\"contentUrl\":\"https:\/\/portaltela.pt\/s.01k8rhncp4jt1\/2025\/11\/talking-bot-125x125.png\",\"caption\":\"Telinha\"},\"sameAs\":[\"https:\/\/portaltela.pt\/\"],\"url\":\"https:\/\/portaltela.pt\/por\/367410592786\/\"}]}<\/script>\n<!-- \/ Yoast SEO plugin. -->","yoast_head_json":{"title":"Jovem de 20 anos apanhado a vender roupa contrafeita - Portal Tela Portugal","robots":{"index":"index","follow":"follow","max-snippet":"max-snippet:-1","max-image-preview":"max-image-preview:large","max-video-preview":"max-video-preview:-1"},"og_locale":"pt_PT","og_type":"article","og_title":"Jovem de 20 anos apanhado a vender roupa contrafeita - Portal Tela Portugal","og_description":"A GNR de Azeit\u00e3o, Set\u00fabal, identificou um rapaz de 20 anos por vender roupa contrafeita. A interven\u00e7\u00e3o ocorreu no mercado mensal da localidade, no domingo. O jovem foi surpreendido com 53 pe\u00e7as de vestu\u00e1rio contrafeito, na sua maioria camisolas de clubes de futebol. Todo o vestu\u00e1rio foi apreendido e foi lavrado um auto de not\u00edcia por contrafa\u00e7\u00e3o para o tribunal de Set\u00fabal.","og_url":"https:\/\/portaltela.pt\/noticias\/2026\/03\/05\/jovem-de-20-anos-apanhado-a-vender-roupa-contrafeita\/","og_site_name":"Portal Tela Portugal","article_published_time":"2026-03-05T12:54:26+00:00","author":"Telinha","twitter_card":"summary_large_image","twitter_misc":{"Escrito por":"Telinha","Tempo estimado de leitura":"1 minuto"},"schema":{"@context":"https:\/\/schema.org","@graph":[{"@type":"Article","@id":"https:\/\/portaltela.pt\/noticias\/2026\/03\/05\/jovem-de-20-anos-apanhado-a-vender-roupa-contrafeita\/#article","isPartOf":{"@id":"https:\/\/portaltela.pt\/noticias\/2026\/03\/05\/jovem-de-20-anos-apanhado-a-vender-roupa-contrafeita\/"},"author":{"name":"Telinha","@id":"https:\/\/portaltela.pt\/#\/schema\/person\/c4278d4a6028830caff9ee44b42d32ed"},"headline":"Jovem de 20 anos apanhado a vender roupa contrafeita","datePublished":"2026-03-05T12:54:26+00:00","mainEntityOfPage":{"@id":"https:\/\/portaltela.pt\/noticias\/2026\/03\/05\/jovem-de-20-anos-apanhado-a-vender-roupa-contrafeita\/"},"wordCount":169,"image":{"@id":"https:\/\/portaltela.pt\/noticias\/2026\/03\/05\/jovem-de-20-anos-apanhado-a-vender-roupa-contrafeita\/#primaryimage"},"thumbnailUrl":"https:\/\/portaltela.pt\/s.01k8rhncp4jt1\/2026\/03\/img_1500x1000uu2026-03-05-11-14-17-2270518-im-639083068716666492.jpg","keywords":["Azeit\u00e3o","com\u00e9rcio","contrafa\u00e7\u00e3o","crimes","roupas","Set\u00fabal"],"articleSection":["Not\u00edcias"],"inLanguage":"pt-PT"},{"@type":"WebPage","@id":"https:\/\/portaltela.pt\/noticias\/2026\/03\/05\/jovem-de-20-anos-apanhado-a-vender-roupa-contrafeita\/","url":"https:\/\/portaltela.pt\/noticias\/2026\/03\/05\/jovem-de-20-anos-apanhado-a-vender-roupa-contrafeita\/","name":"Jovem de 20 anos apanhado a vender roupa contrafeita - Portal Tela Portugal","isPartOf":{"@id":"https:\/\/portaltela.pt\/#website"},"primaryImageOfPage":{"@id":"https:\/\/portaltela.pt\/noticias\/2026\/03\/05\/jovem-de-20-anos-apanhado-a-vender-roupa-contrafeita\/#primaryimage"},"image":{"@id":"https:\/\/portaltela.pt\/noticias\/2026\/03\/05\/jovem-de-20-anos-apanhado-a-vender-roupa-contrafeita\/#primaryimage"},"thumbnailUrl":"https:\/\/portaltela.pt\/s.01k8rhncp4jt1\/2026\/03\/img_1500x1000uu2026-03-05-11-14-17-2270518-im-639083068716666492.jpg","datePublished":"2026-03-05T12:54:26+00:00","author":{"@id":"https:\/\/portaltela.pt\/#\/schema\/person\/c4278d4a6028830caff9ee44b42d32ed"},"breadcrumb":{"@id":"https:\/\/portaltela.pt\/noticias\/2026\/03\/05\/jovem-de-20-anos-apanhado-a-vender-roupa-contrafeita\/#breadcrumb"},"inLanguage":"pt-PT","potentialAction":[{"@type":"ReadAction","target":["https:\/\/portaltela.pt\/noticias\/2026\/03\/05\/jovem-de-20-anos-apanhado-a-vender-roupa-contrafeita\/"]}]},{"@type":"ImageObject","inLanguage":"pt-PT","@id":"https:\/\/portaltela.pt\/noticias\/2026\/03\/05\/jovem-de-20-anos-apanhado-a-vender-roupa-contrafeita\/#primaryimage","url":"https:\/\/portaltela.pt\/s.01k8rhncp4jt1\/2026\/03\/img_1500x1000uu2026-03-05-11-14-17-2270518-im-639083068716666492.jpg","contentUrl":"https:\/\/portaltela.pt\/s.01k8rhncp4jt1\/2026\/03\/img_1500x1000uu2026-03-05-11-14-17-2270518-im-639083068716666492.jpg","width":796,"height":448,"caption":"Pe\u00e7as de vestu\u00e1rio apreendidas pela GNR de Azeit\u00e3o ao jovem de 20 anos"},{"@type":"BreadcrumbList","@id":"https:\/\/portaltela.pt\/noticias\/2026\/03\/05\/jovem-de-20-anos-apanhado-a-vender-roupa-contrafeita\/#breadcrumb","itemListElement":[{"@type":"ListItem","position":1,"name":"In\u00edcio","item":"https:\/\/portaltela.pt\/"},{"@type":"ListItem","position":2,"name":"Jovem de 20 anos apanhado a vender roupa contrafeita"}]},{"@type":"WebSite","@id":"https:\/\/portaltela.pt\/#website","url":"https:\/\/portaltela.pt\/","name":"Portal Tela Portugal","description":"","potentialAction":[{"@type":"SearchAction","target":{"@type":"EntryPoint","urlTemplate":"https:\/\/portaltela.pt\/?s={search_term_string}"},"query-input":{"@type":"PropertyValueSpecification","valueRequired":true,"valueName":"search_term_string"}}],"inLanguage":"pt-PT"},{"@type":"Person","@id":"https:\/\/portaltela.pt\/#\/schema\/person\/c4278d4a6028830caff9ee44b42d32ed","name":"Telinha","image":{"@type":"ImageObject","inLanguage":"pt-PT","@id":"https:\/\/portaltela.pt\/s.01k8rhncp4jt1\/2025\/11\/talking-bot-125x125.png","url":"https:\/\/portaltela.pt\/s.01k8rhncp4jt1\/2025\/11\/talking-bot-125x125.png","contentUrl":"https:\/\/portaltela.pt\/s.01k8rhncp4jt1\/2025\/11\/talking-bot-125x125.png","caption":"Telinha"},"sameAs":["https:\/\/portaltela.pt\/"],"url":"https:\/\/portaltela.pt\/por\/367410592786\/"}]}},"_links":{"self":[{"href":"https:\/\/portaltela.pt\/api\/wp\/v2\/posts\/398550","targetHints":{"allow":["GET"]}}],"collection":[{"href":"https:\/\/portaltela.pt\/api\/wp\/v2\/posts"}],"about":[{"href":"https:\/\/portaltela.pt\/api\/wp\/v2\/types\/post"}],"author":[{"embeddable":true,"href":"https:\/\/portaltela.pt\/api\/wp\/v2\/users\/2"}],"replies":[{"embeddable":true,"href":"https:\/\/portaltela.pt\/api\/wp\/v2\/comments?post=398550"}],"version-history":[{"count":0,"href":"https:\/\/portaltela.pt\/api\/wp\/v2\/posts\/398550\/revisions"}],"wp:featuredmedia":[{"embeddable":true,"href":"https:\/\/portaltela.pt\/api\/wp\/v2\/media\/398563"}],"wp:attachment":[{"href":"https:\/\/portaltela.pt\/api\/wp\/v2\/media?parent=398550"}],"wp:term":[{"taxonomy":"category","embeddable":true,"href":"https:\/\/portaltela.pt\/api\/wp\/v2\/categories?post=398550"},{"taxonomy":"post_tag","embeddable":true,"href":"https:\/\/portaltela.pt\/api\/wp\/v2\/tags?post=398550"}],"curies":[{"name":"wp","href":"https:\/\/api.w.org\/{rel}","templated":true}]}}