{"id":398545,"date":"2026-03-05T09:36:00","date_gmt":"2026-03-05T12:36:00","guid":{"rendered":"https:\/\/portaltela.pt\/noticias\/2026\/03\/05\/bruxelas-multou-portugal-em-10-milhoes-por-falhas-ambientais\/"},"modified":"2026-03-05T09:36:00","modified_gmt":"2026-03-05T12:36:00","slug":"bruxelas-multou-portugal-em-10-milhoes-por-falhas-ambientais","status":"publish","type":"post","link":"https:\/\/portaltela.pt\/noticias\/2026\/03\/05\/bruxelas-multou-portugal-em-10-milhoes-por-falhas-ambientais\/","title":{"rendered":"Bruxelas multou Portugal em 10 milh\u00f5es por falhas ambientais"},"content":{"rendered":"<p>O Tribunal de Justi\u00e7a da Uni\u00e3o Europeia condenou Portugal a pagar 10 milh\u00f5es de euros por incumprimento da diretiva Habitats, relacionado com a designa\u00e7\u00e3o de 61 S\u00edtios de Import\u00e2ncia Comunit\u00e1ria (SIC) como Zonas Especiais de Conserva\u00e7\u00e3o (ZEC). A decis\u00e3o inclui ainda uma san\u00e7\u00e3o di\u00e1ria de 41 250 euros at\u00e9 cumprimento total do ac\u00f3rd\u00e3o de 2019.<\/p>\n<p>A Organiza\u00e7\u00e3o Europeia ressalva que a legisla\u00e7\u00e3o portuguesa limita-se a designar SIC como ZEC sem especificar tipos de habitats nem esp\u00e9cies protegidas em cada s\u00edtio, o que n\u00e3o satisfaz a diretiva Habitats. A san\u00e7\u00e3o visa estimular o pa\u00eds a terminar o processo de protec\u00e7\u00e3o dos s\u00edtios em falta.<\/p>\n<p>Portugal foi reiteradamente chamado a cumprir a obriga\u00e7\u00e3o de proteger as \u00e1reas, com o Governo a anunciar avan\u00e7os parciais, nomeadamente 50 planos de gest\u00e3o em elabora\u00e7\u00e3o. Os casos mais complexos prendem-se com \u00e1reas afetadas por inc\u00eandios, como Serra da Estrela, onde foi necess\u00e1ria reformula\u00e7\u00e3o de planos.<\/p>\n<h3>Decis\u00e3o do TJUE<\/h3>\n<p>O TJUE entende que a execu\u00e7\u00e3o do ac\u00f3rd\u00e3o de 2019 n\u00e3o ocorreu, mantendo-se falhas graves no cumprimento da directiva Habitats, o que justifica a san\u00e7\u00e3o pecuni\u00e1ria. A multa fixa de 10 milh\u00f5es \u00e9 definida pela dura\u00e7\u00e3o da infrac\u00e7\u00e3o e pela gravidade do incumprimento.<\/p>\n<p>A san\u00e7\u00e3o di\u00e1ria de 41 250 euros passa a acumular desde 5 de Mar\u00e7o de 2026 e ser\u00e1 reduzida progressivamente \u00e0 medida que os SIC sejam colocados em conformidade com o ac\u00f3rd\u00e3o de 2019. O montante final depende do ritmo de implementa\u00e7\u00e3o.<\/p>\n<h3>Contexto e consequ\u00eancias<\/h3>\n<p>Portugal mant\u00e9m 99 tipos de habitats e 335 esp\u00e9cies abrangidas pela diretiva Habitats, o que amplifica a import\u00e2ncia de resolver rapidamente as ZEC. O objetivo \u00e9 manter ou restabelecer habitats e esp\u00e9cies em estado de conserva\u00e7\u00e3o favor\u00e1vel.<\/p>\n<p>As ZEC obrigam-se a adoptar as medidas necess\u00e1rias para conservar a biodiversidade, com prazos e crit\u00e9rios definidos pela Uni\u00e3o Europeia. O Governo tem reiterado que est\u00e1 a adaptar planos para facilitar o cumprimento, especialmente nos casos de \u00e1reas atingidas por inc\u00eandios.<\/p>\n<h3>Rea\u00e7\u00e3o e pr\u00f3ximos passos<\/h3>\n<p>O Minist\u00e9rio do Ambiente e Energia n\u00e3o respondeu ainda a pedidos de coment\u00e1rio sobre a decis\u00e3o. A Comiss\u00e3o Europeia iniciou a a\u00e7\u00e3o por incumprimento em 21 de Setembro de 2024, ap\u00f3s considerar que Portugal n\u00e3o executou o ac\u00f3rd\u00e3o de 2019.<\/p>\n<p>A tramita\u00e7\u00e3o agora determina o montante a pagar e o andamento da aplica\u00e7\u00e3o da san\u00e7\u00e3o at\u00e9 que todos os 61 SIC sejam reconhecidos como ZEC com protec\u00e7\u00e3o adequada. A evolu\u00e7\u00e3o depender\u00e1 da conclus\u00e3o dos planos de gest\u00e3o pendentes.<\/p>\n","protected":false},"excerpt":{"rendered":"<ul>\n<li>O Tribunal de Justi\u00e7a da Uni\u00e3o Europeia condenou Portugal a pagar 10 milh\u00f5es de euros, mais uma san\u00e7\u00e3o di\u00e1ria de 41.250 euros, por incumprimento da directiva Habitats.<\/li>\n<li>A decis\u00e3o decorre do n\u00e3o cumprimento, desde 2019, da designa\u00e7\u00e3o de 61 S\u00edtios de Import\u00e2ncia Comunit\u00e1ria (SIC) como Zonas Especiais de Conserva\u00e7\u00e3o (ZEC).<\/li>\n<li>As ZEC implicam prote\u00e7\u00e3o especial para manter ou restabelecer habitats naturais e esp\u00e9cies relevantes, com obriga\u00e7\u00e3o de designa\u00e7\u00e3o r\u00e1pida e, no m\u00e1ximo, em seis anos, segundo a directiva Habitats.<\/li>\n<li>A san\u00e7\u00e3o di\u00e1ria ajusta-se conforme os progressos de Portugal, come\u00e7ando a contabilizar a partir de 5 de mar\u00e7o de 2026 e reduzindo-se \u00e0 medida que cada SIC passa a estar protegido.<\/li>\n<li>Em Portugal, cerca de 50 planos de gest\u00e3o j\u00e1 est\u00e3o elaborados; as dificuldades concentram-se em \u00e1reas afetadas por inc\u00eandios, incluindo Serra da Estrela, que exigem repeti\u00e7\u00e3o e adapta\u00e7\u00e3o dos planos.<\/li>\n<\/ul>\n","protected":false},"author":2,"featured_media":398558,"comment_status":"closed","ping_status":"closed","sticky":false,"template":"","format":"standard","meta":{"footnotes":""},"categories":[1],"tags":[167,1701,5190,1726,6371,2055],"class_list":["post-398545","post","type-post","status-publish","format-standard","has-post-thumbnail","hentry","category-noticias","tag-ambiente","tag-biodiversidade","tag-legislacao-ambiental","tag-protecao-da-natureza-e-da-biodiversidade","tag-sancoes","tag-uniao-europeia"],"yoast_head":"<!-- This site is optimized with the Yoast SEO plugin v27.2 - https:\/\/yoast.com\/product\/yoast-seo-wordpress\/ -->\n<title>Bruxelas multou Portugal em 10 milh\u00f5es por falhas ambientais - Portal Tela Portugal<\/title>\n<meta name=\"robots\" content=\"index, follow, max-snippet:-1, max-image-preview:large, max-video-preview:-1\" \/>\n<meta property=\"og:locale\" content=\"pt_PT\" \/>\n<meta property=\"og:type\" content=\"article\" \/>\n<meta property=\"og:title\" content=\"Bruxelas multou Portugal em 10 milh\u00f5es por falhas ambientais - Portal Tela Portugal\" \/>\n<meta property=\"og:description\" content=\"O Tribunal de Justi\u00e7a da Uni\u00e3o Europeia condenou Portugal a pagar 10 milh\u00f5es de euros, mais uma san\u00e7\u00e3o di\u00e1ria de 41.250 euros, por incumprimento da directiva Habitats. A decis\u00e3o decorre do n\u00e3o cumprimento, desde 2019, da designa\u00e7\u00e3o de 61 S\u00edtios de Import\u00e2ncia Comunit\u00e1ria (SIC) como Zonas Especiais de Conserva\u00e7\u00e3o (ZEC). As ZEC implicam prote\u00e7\u00e3o especial para manter ou restabelecer habitats naturais e esp\u00e9cies relevantes, com obriga\u00e7\u00e3o de designa\u00e7\u00e3o r\u00e1pida e, no m\u00e1ximo, em seis anos, segundo a directiva Habitats. A san\u00e7\u00e3o di\u00e1ria ajusta-se conforme os progressos de Portugal, come\u00e7ando a contabilizar a partir de 5 de mar\u00e7o de 2026 e reduzindo-se \u00e0 medida que cada SIC passa a estar protegido. Em Portugal, cerca de 50 planos de gest\u00e3o j\u00e1 est\u00e3o elaborados; as dificuldades concentram-se em \u00e1reas afetadas por inc\u00eandios, incluindo Serra da Estrela, que exigem repeti\u00e7\u00e3o e adapta\u00e7\u00e3o dos planos.\" \/>\n<meta property=\"og:url\" content=\"https:\/\/portaltela.pt\/noticias\/2026\/03\/05\/bruxelas-multou-portugal-em-10-milhoes-por-falhas-ambientais\/\" \/>\n<meta property=\"og:site_name\" content=\"Portal Tela Portugal\" \/>\n<meta property=\"article:published_time\" content=\"2026-03-05T12:36:00+00:00\" \/>\n<meta name=\"author\" content=\"Telinha\" \/>\n<meta name=\"twitter:card\" content=\"summary_large_image\" \/>\n<meta name=\"twitter:label1\" content=\"Escrito por\" \/>\n\t<meta name=\"twitter:data1\" content=\"Telinha\" \/>\n\t<meta name=\"twitter:label2\" content=\"Tempo estimado de leitura\" \/>\n\t<meta name=\"twitter:data2\" content=\"2 minutos\" \/>\n<script type=\"application\/ld+json\" class=\"yoast-schema-graph\">{\"@context\":\"https:\/\/schema.org\",\"@graph\":[{\"@type\":\"Article\",\"@id\":\"https:\/\/portaltela.pt\/noticias\/2026\/03\/05\/bruxelas-multou-portugal-em-10-milhoes-por-falhas-ambientais\/#article\",\"isPartOf\":{\"@id\":\"https:\/\/portaltela.pt\/noticias\/2026\/03\/05\/bruxelas-multou-portugal-em-10-milhoes-por-falhas-ambientais\/\"},\"author\":{\"name\":\"Telinha\",\"@id\":\"https:\/\/portaltela.pt\/#\/schema\/person\/c4278d4a6028830caff9ee44b42d32ed\"},\"headline\":\"Bruxelas multou Portugal em 10 milh\u00f5es por falhas ambientais\",\"datePublished\":\"2026-03-05T12:36:00+00:00\",\"mainEntityOfPage\":{\"@id\":\"https:\/\/portaltela.pt\/noticias\/2026\/03\/05\/bruxelas-multou-portugal-em-10-milhoes-por-falhas-ambientais\/\"},\"wordCount\":462,\"image\":{\"@id\":\"https:\/\/portaltela.pt\/noticias\/2026\/03\/05\/bruxelas-multou-portugal-em-10-milhoes-por-falhas-ambientais\/#primaryimage\"},\"thumbnailUrl\":\"https:\/\/portaltela.pt\/s.01k8rhncp4jt1\/2026\/03\/2071985.jpg\",\"keywords\":[\"ambiente\",\"biodiversidade\",\"legisla\u00e7\u00e3o ambiental\",\"prote\u00e7\u00e3o da natureza e da biodiversidade\",\"san\u00e7\u00f5es\",\"Uni\u00e3o Europeia\"],\"articleSection\":[\"Not\u00edcias\"],\"inLanguage\":\"pt-PT\"},{\"@type\":\"WebPage\",\"@id\":\"https:\/\/portaltela.pt\/noticias\/2026\/03\/05\/bruxelas-multou-portugal-em-10-milhoes-por-falhas-ambientais\/\",\"url\":\"https:\/\/portaltela.pt\/noticias\/2026\/03\/05\/bruxelas-multou-portugal-em-10-milhoes-por-falhas-ambientais\/\",\"name\":\"Bruxelas multou Portugal em 10 milh\u00f5es por falhas ambientais - Portal Tela Portugal\",\"isPartOf\":{\"@id\":\"https:\/\/portaltela.pt\/#website\"},\"primaryImageOfPage\":{\"@id\":\"https:\/\/portaltela.pt\/noticias\/2026\/03\/05\/bruxelas-multou-portugal-em-10-milhoes-por-falhas-ambientais\/#primaryimage\"},\"image\":{\"@id\":\"https:\/\/portaltela.pt\/noticias\/2026\/03\/05\/bruxelas-multou-portugal-em-10-milhoes-por-falhas-ambientais\/#primaryimage\"},\"thumbnailUrl\":\"https:\/\/portaltela.pt\/s.01k8rhncp4jt1\/2026\/03\/2071985.jpg\",\"datePublished\":\"2026-03-05T12:36:00+00:00\",\"author\":{\"@id\":\"https:\/\/portaltela.pt\/#\/schema\/person\/c4278d4a6028830caff9ee44b42d32ed\"},\"breadcrumb\":{\"@id\":\"https:\/\/portaltela.pt\/noticias\/2026\/03\/05\/bruxelas-multou-portugal-em-10-milhoes-por-falhas-ambientais\/#breadcrumb\"},\"inLanguage\":\"pt-PT\",\"potentialAction\":[{\"@type\":\"ReadAction\",\"target\":[\"https:\/\/portaltela.pt\/noticias\/2026\/03\/05\/bruxelas-multou-portugal-em-10-milhoes-por-falhas-ambientais\/\"]}]},{\"@type\":\"ImageObject\",\"inLanguage\":\"pt-PT\",\"@id\":\"https:\/\/portaltela.pt\/noticias\/2026\/03\/05\/bruxelas-multou-portugal-em-10-milhoes-por-falhas-ambientais\/#primaryimage\",\"url\":\"https:\/\/portaltela.pt\/s.01k8rhncp4jt1\/2026\/03\/2071985.jpg\",\"contentUrl\":\"https:\/\/portaltela.pt\/s.01k8rhncp4jt1\/2026\/03\/2071985.jpg\",\"width\":796,\"height\":448,\"caption\":\"Corvos marinhos na ria Formosa, uma das Zonas Especiais de Conserva\u00e7\u00e3o em Portugal\"},{\"@type\":\"BreadcrumbList\",\"@id\":\"https:\/\/portaltela.pt\/noticias\/2026\/03\/05\/bruxelas-multou-portugal-em-10-milhoes-por-falhas-ambientais\/#breadcrumb\",\"itemListElement\":[{\"@type\":\"ListItem\",\"position\":1,\"name\":\"In\u00edcio\",\"item\":\"https:\/\/portaltela.pt\/\"},{\"@type\":\"ListItem\",\"position\":2,\"name\":\"Bruxelas multou Portugal em 10 milh\u00f5es por falhas ambientais\"}]},{\"@type\":\"WebSite\",\"@id\":\"https:\/\/portaltela.pt\/#website\",\"url\":\"https:\/\/portaltela.pt\/\",\"name\":\"Portal Tela Portugal\",\"description\":\"\",\"potentialAction\":[{\"@type\":\"SearchAction\",\"target\":{\"@type\":\"EntryPoint\",\"urlTemplate\":\"https:\/\/portaltela.pt\/?s={search_term_string}\"},\"query-input\":{\"@type\":\"PropertyValueSpecification\",\"valueRequired\":true,\"valueName\":\"search_term_string\"}}],\"inLanguage\":\"pt-PT\"},{\"@type\":\"Person\",\"@id\":\"https:\/\/portaltela.pt\/#\/schema\/person\/c4278d4a6028830caff9ee44b42d32ed\",\"name\":\"Telinha\",\"image\":{\"@type\":\"ImageObject\",\"inLanguage\":\"pt-PT\",\"@id\":\"https:\/\/portaltela.pt\/s.01k8rhncp4jt1\/2025\/11\/talking-bot-125x125.png\",\"url\":\"https:\/\/portaltela.pt\/s.01k8rhncp4jt1\/2025\/11\/talking-bot-125x125.png\",\"contentUrl\":\"https:\/\/portaltela.pt\/s.01k8rhncp4jt1\/2025\/11\/talking-bot-125x125.png\",\"caption\":\"Telinha\"},\"sameAs\":[\"https:\/\/portaltela.pt\/\"],\"url\":\"https:\/\/portaltela.pt\/por\/367410592786\/\"}]}<\/script>\n<!-- \/ Yoast SEO plugin. -->","yoast_head_json":{"title":"Bruxelas multou Portugal em 10 milh\u00f5es por falhas ambientais - Portal Tela Portugal","robots":{"index":"index","follow":"follow","max-snippet":"max-snippet:-1","max-image-preview":"max-image-preview:large","max-video-preview":"max-video-preview:-1"},"og_locale":"pt_PT","og_type":"article","og_title":"Bruxelas multou Portugal em 10 milh\u00f5es por falhas ambientais - Portal Tela Portugal","og_description":"O Tribunal de Justi\u00e7a da Uni\u00e3o Europeia condenou Portugal a pagar 10 milh\u00f5es de euros, mais uma san\u00e7\u00e3o di\u00e1ria de 41.250 euros, por incumprimento da directiva Habitats. A decis\u00e3o decorre do n\u00e3o cumprimento, desde 2019, da designa\u00e7\u00e3o de 61 S\u00edtios de Import\u00e2ncia Comunit\u00e1ria (SIC) como Zonas Especiais de Conserva\u00e7\u00e3o (ZEC). As ZEC implicam prote\u00e7\u00e3o especial para manter ou restabelecer habitats naturais e esp\u00e9cies relevantes, com obriga\u00e7\u00e3o de designa\u00e7\u00e3o r\u00e1pida e, no m\u00e1ximo, em seis anos, segundo a directiva Habitats. A san\u00e7\u00e3o di\u00e1ria ajusta-se conforme os progressos de Portugal, come\u00e7ando a contabilizar a partir de 5 de mar\u00e7o de 2026 e reduzindo-se \u00e0 medida que cada SIC passa a estar protegido. Em Portugal, cerca de 50 planos de gest\u00e3o j\u00e1 est\u00e3o elaborados; as dificuldades concentram-se em \u00e1reas afetadas por inc\u00eandios, incluindo Serra da Estrela, que exigem repeti\u00e7\u00e3o e adapta\u00e7\u00e3o dos planos.","og_url":"https:\/\/portaltela.pt\/noticias\/2026\/03\/05\/bruxelas-multou-portugal-em-10-milhoes-por-falhas-ambientais\/","og_site_name":"Portal Tela Portugal","article_published_time":"2026-03-05T12:36:00+00:00","author":"Telinha","twitter_card":"summary_large_image","twitter_misc":{"Escrito por":"Telinha","Tempo estimado de leitura":"2 minutos"},"schema":{"@context":"https:\/\/schema.org","@graph":[{"@type":"Article","@id":"https:\/\/portaltela.pt\/noticias\/2026\/03\/05\/bruxelas-multou-portugal-em-10-milhoes-por-falhas-ambientais\/#article","isPartOf":{"@id":"https:\/\/portaltela.pt\/noticias\/2026\/03\/05\/bruxelas-multou-portugal-em-10-milhoes-por-falhas-ambientais\/"},"author":{"name":"Telinha","@id":"https:\/\/portaltela.pt\/#\/schema\/person\/c4278d4a6028830caff9ee44b42d32ed"},"headline":"Bruxelas multou Portugal em 10 milh\u00f5es por falhas ambientais","datePublished":"2026-03-05T12:36:00+00:00","mainEntityOfPage":{"@id":"https:\/\/portaltela.pt\/noticias\/2026\/03\/05\/bruxelas-multou-portugal-em-10-milhoes-por-falhas-ambientais\/"},"wordCount":462,"image":{"@id":"https:\/\/portaltela.pt\/noticias\/2026\/03\/05\/bruxelas-multou-portugal-em-10-milhoes-por-falhas-ambientais\/#primaryimage"},"thumbnailUrl":"https:\/\/portaltela.pt\/s.01k8rhncp4jt1\/2026\/03\/2071985.jpg","keywords":["ambiente","biodiversidade","legisla\u00e7\u00e3o ambiental","prote\u00e7\u00e3o da natureza e da biodiversidade","san\u00e7\u00f5es","Uni\u00e3o Europeia"],"articleSection":["Not\u00edcias"],"inLanguage":"pt-PT"},{"@type":"WebPage","@id":"https:\/\/portaltela.pt\/noticias\/2026\/03\/05\/bruxelas-multou-portugal-em-10-milhoes-por-falhas-ambientais\/","url":"https:\/\/portaltela.pt\/noticias\/2026\/03\/05\/bruxelas-multou-portugal-em-10-milhoes-por-falhas-ambientais\/","name":"Bruxelas multou Portugal em 10 milh\u00f5es por falhas ambientais - Portal Tela Portugal","isPartOf":{"@id":"https:\/\/portaltela.pt\/#website"},"primaryImageOfPage":{"@id":"https:\/\/portaltela.pt\/noticias\/2026\/03\/05\/bruxelas-multou-portugal-em-10-milhoes-por-falhas-ambientais\/#primaryimage"},"image":{"@id":"https:\/\/portaltela.pt\/noticias\/2026\/03\/05\/bruxelas-multou-portugal-em-10-milhoes-por-falhas-ambientais\/#primaryimage"},"thumbnailUrl":"https:\/\/portaltela.pt\/s.01k8rhncp4jt1\/2026\/03\/2071985.jpg","datePublished":"2026-03-05T12:36:00+00:00","author":{"@id":"https:\/\/portaltela.pt\/#\/schema\/person\/c4278d4a6028830caff9ee44b42d32ed"},"breadcrumb":{"@id":"https:\/\/portaltela.pt\/noticias\/2026\/03\/05\/bruxelas-multou-portugal-em-10-milhoes-por-falhas-ambientais\/#breadcrumb"},"inLanguage":"pt-PT","potentialAction":[{"@type":"ReadAction","target":["https:\/\/portaltela.pt\/noticias\/2026\/03\/05\/bruxelas-multou-portugal-em-10-milhoes-por-falhas-ambientais\/"]}]},{"@type":"ImageObject","inLanguage":"pt-PT","@id":"https:\/\/portaltela.pt\/noticias\/2026\/03\/05\/bruxelas-multou-portugal-em-10-milhoes-por-falhas-ambientais\/#primaryimage","url":"https:\/\/portaltela.pt\/s.01k8rhncp4jt1\/2026\/03\/2071985.jpg","contentUrl":"https:\/\/portaltela.pt\/s.01k8rhncp4jt1\/2026\/03\/2071985.jpg","width":796,"height":448,"caption":"Corvos marinhos na ria Formosa, uma das Zonas Especiais de Conserva\u00e7\u00e3o em Portugal"},{"@type":"BreadcrumbList","@id":"https:\/\/portaltela.pt\/noticias\/2026\/03\/05\/bruxelas-multou-portugal-em-10-milhoes-por-falhas-ambientais\/#breadcrumb","itemListElement":[{"@type":"ListItem","position":1,"name":"In\u00edcio","item":"https:\/\/portaltela.pt\/"},{"@type":"ListItem","position":2,"name":"Bruxelas multou Portugal em 10 milh\u00f5es por falhas ambientais"}]},{"@type":"WebSite","@id":"https:\/\/portaltela.pt\/#website","url":"https:\/\/portaltela.pt\/","name":"Portal Tela Portugal","description":"","potentialAction":[{"@type":"SearchAction","target":{"@type":"EntryPoint","urlTemplate":"https:\/\/portaltela.pt\/?s={search_term_string}"},"query-input":{"@type":"PropertyValueSpecification","valueRequired":true,"valueName":"search_term_string"}}],"inLanguage":"pt-PT"},{"@type":"Person","@id":"https:\/\/portaltela.pt\/#\/schema\/person\/c4278d4a6028830caff9ee44b42d32ed","name":"Telinha","image":{"@type":"ImageObject","inLanguage":"pt-PT","@id":"https:\/\/portaltela.pt\/s.01k8rhncp4jt1\/2025\/11\/talking-bot-125x125.png","url":"https:\/\/portaltela.pt\/s.01k8rhncp4jt1\/2025\/11\/talking-bot-125x125.png","contentUrl":"https:\/\/portaltela.pt\/s.01k8rhncp4jt1\/2025\/11\/talking-bot-125x125.png","caption":"Telinha"},"sameAs":["https:\/\/portaltela.pt\/"],"url":"https:\/\/portaltela.pt\/por\/367410592786\/"}]}},"_links":{"self":[{"href":"https:\/\/portaltela.pt\/api\/wp\/v2\/posts\/398545","targetHints":{"allow":["GET"]}}],"collection":[{"href":"https:\/\/portaltela.pt\/api\/wp\/v2\/posts"}],"about":[{"href":"https:\/\/portaltela.pt\/api\/wp\/v2\/types\/post"}],"author":[{"embeddable":true,"href":"https:\/\/portaltela.pt\/api\/wp\/v2\/users\/2"}],"replies":[{"embeddable":true,"href":"https:\/\/portaltela.pt\/api\/wp\/v2\/comments?post=398545"}],"version-history":[{"count":0,"href":"https:\/\/portaltela.pt\/api\/wp\/v2\/posts\/398545\/revisions"}],"wp:featuredmedia":[{"embeddable":true,"href":"https:\/\/portaltela.pt\/api\/wp\/v2\/media\/398558"}],"wp:attachment":[{"href":"https:\/\/portaltela.pt\/api\/wp\/v2\/media?parent=398545"}],"wp:term":[{"taxonomy":"category","embeddable":true,"href":"https:\/\/portaltela.pt\/api\/wp\/v2\/categories?post=398545"},{"taxonomy":"post_tag","embeddable":true,"href":"https:\/\/portaltela.pt\/api\/wp\/v2\/tags?post=398545"}],"curies":[{"name":"wp","href":"https:\/\/api.w.org\/{rel}","templated":true}]}}