{"id":398539,"date":"2026-03-05T09:38:00","date_gmt":"2026-03-05T12:38:00","guid":{"rendered":"https:\/\/portaltela.pt\/noticias\/2026\/03\/05\/mango-vence-crise-da-moda-e-atinge-38-mil-milhoes-em-2025\/"},"modified":"2026-03-05T09:38:00","modified_gmt":"2026-03-05T12:38:00","slug":"mango-vence-crise-da-moda-e-atinge-38-mil-milhoes-em-2025","status":"publish","type":"post","link":"https:\/\/portaltela.pt\/noticias\/economia\/2026\/03\/05\/mango-vence-crise-da-moda-e-atinge-38-mil-milhoes-em-2025\/","title":{"rendered":"Mango vence crise da moda e atinge 3,8 mil milh\u00f5es em 2025"},"content":{"rendered":"<p>A Mango, empresa de moda sediada nos arredores de Barcelona, anunciou que manteve o crescimento de dois d\u00edgitos em 2025. A fatura\u00e7\u00e3o atingiu quase 3800 milh\u00f5es de euros, com um aumento de 13% face ao ano anterior. O momento marca o primeiro ano desde a morte do fundador Isak Andic.<\/p>\n<p>Em Portugal, o neg\u00f3cio da Mango cresceu 15% no mesmo per\u00edodo, segundo dados da empresa. O presidente e CEO, Toni Ruiz, afirmou que o grupo atravessa o momento mais s\u00f3lido da sua hist\u00f3ria, refor\u00e7ando o objetivo de chegar a 4000 milh\u00f5es de euros j\u00e1 em 2026.<\/p>\n<h3>Perspetivas para 2026<\/h3>\n<p>A empresa mant\u00e9m a meta de elevar a fatura\u00e7\u00e3o para 4000 milh\u00f5es de euros no pr\u00f3ximo ano. Ruiz justificou a proje\u00e7\u00e3o com recupera\u00e7\u00e3o de mercados e estrat\u00e9gias de expans\u00e3o, sem detalhar planos operacionais.<\/p>\n<h3>Contexto e cen\u00e1rio<\/h3>\n<p>A Mango encerra 2025 numa posi\u00e7\u00e3o de lideran\u00e7a no retalho de moda europeu, ap\u00f3s enfrentar a crise setorial. O grupo destacou o desempenho est\u00e1vel em v\u00e1rias regi\u00f5es, com especial \u00eanfase no crescimento cont\u00ednuo de mercados-chave, como Portugal.<\/p>\n","protected":false},"excerpt":{"rendered":"<ul>\n<li>A Mango faturou quase 3,8 mil milh\u00f5es de euros em 2025, com um crescimento de 13% face a 2024.<\/li>\n<li>Em Portugal, o neg\u00f3cio subiu 15% no mesmo per\u00edodo.<\/li>\n<li>A empresa visa chegar aos 4 mil milh\u00f5es de euros de fatura\u00e7\u00e3o j\u00e1 em 2026.<\/li>\n<li>O presidente e CEO, Toni Ruiz, afirmou que a Mango atravessa o momento mais s\u00f3lido da sua hist\u00f3ria.<\/li>\n<li>O ano marca o primeiro desde a morte do fundador Isak Andic.<\/li>\n<\/ul>\n","protected":false},"author":2,"featured_media":398546,"comment_status":"closed","ping_status":"closed","sticky":false,"template":"","format":"standard","meta":{"footnotes":""},"categories":[2,1],"tags":[28,2697,2487,135,1014,1044],"class_list":["post-398539","post","type-post","status-publish","format-standard","has-post-thumbnail","hentry","category-economia","category-noticias","tag-economia","tag-empresas","tag-europa","tag-moda","tag-portugal","tag-retalho"],"yoast_head":"<!-- This site is optimized with the Yoast SEO plugin v27.2 - https:\/\/yoast.com\/product\/yoast-seo-wordpress\/ -->\n<title>Mango vence crise da moda e atinge 3,8 mil milh\u00f5es em 2025 - Portal Tela Portugal<\/title>\n<meta name=\"robots\" content=\"index, follow, max-snippet:-1, max-image-preview:large, max-video-preview:-1\" \/>\n<meta property=\"og:locale\" content=\"pt_PT\" \/>\n<meta property=\"og:type\" content=\"article\" \/>\n<meta property=\"og:title\" content=\"Mango vence crise da moda e atinge 3,8 mil milh\u00f5es em 2025 - Portal Tela Portugal\" \/>\n<meta property=\"og:description\" content=\"A Mango faturou quase 3,8 mil milh\u00f5es de euros em 2025, com um crescimento de 13% face a 2024. Em Portugal, o neg\u00f3cio subiu 15% no mesmo per\u00edodo. A empresa visa chegar aos 4 mil milh\u00f5es de euros de fatura\u00e7\u00e3o j\u00e1 em 2026. O presidente e CEO, Toni Ruiz, afirmou que a Mango atravessa o momento mais s\u00f3lido da sua hist\u00f3ria. O ano marca o primeiro desde a morte do fundador Isak Andic.\" \/>\n<meta property=\"og:url\" content=\"https:\/\/portaltela.pt\/noticias\/2026\/03\/05\/mango-vence-crise-da-moda-e-atinge-38-mil-milhoes-em-2025\/\" \/>\n<meta property=\"og:site_name\" content=\"Portal Tela Portugal\" \/>\n<meta property=\"article:published_time\" content=\"2026-03-05T12:38:00+00:00\" \/>\n<meta name=\"author\" content=\"Telinha\" \/>\n<meta name=\"twitter:card\" content=\"summary_large_image\" \/>\n<meta name=\"twitter:label1\" content=\"Escrito por\" \/>\n\t<meta name=\"twitter:data1\" content=\"Telinha\" \/>\n\t<meta name=\"twitter:label2\" content=\"Tempo estimado de leitura\" \/>\n\t<meta name=\"twitter:data2\" content=\"1 minuto\" \/>\n<script type=\"application\/ld+json\" class=\"yoast-schema-graph\">{\"@context\":\"https:\/\/schema.org\",\"@graph\":[{\"@type\":\"Article\",\"@id\":\"https:\/\/portaltela.pt\/noticias\/2026\/03\/05\/mango-vence-crise-da-moda-e-atinge-38-mil-milhoes-em-2025\/#article\",\"isPartOf\":{\"@id\":\"https:\/\/portaltela.pt\/noticias\/2026\/03\/05\/mango-vence-crise-da-moda-e-atinge-38-mil-milhoes-em-2025\/\"},\"author\":{\"name\":\"Telinha\",\"@id\":\"https:\/\/portaltela.pt\/#\/schema\/person\/c4278d4a6028830caff9ee44b42d32ed\"},\"headline\":\"Mango vence crise da moda e atinge 3,8 mil milh\u00f5es em 2025\",\"datePublished\":\"2026-03-05T12:38:00+00:00\",\"mainEntityOfPage\":{\"@id\":\"https:\/\/portaltela.pt\/noticias\/2026\/03\/05\/mango-vence-crise-da-moda-e-atinge-38-mil-milhoes-em-2025\/\"},\"wordCount\":199,\"image\":{\"@id\":\"https:\/\/portaltela.pt\/noticias\/2026\/03\/05\/mango-vence-crise-da-moda-e-atinge-38-mil-milhoes-em-2025\/#primaryimage\"},\"thumbnailUrl\":\"https:\/\/portaltela.pt\/s.01k8rhncp4jt1\/2026\/03\/2071982.jpg\",\"keywords\":[\"economia\",\"empresas\",\"Europa\",\"moda\",\"Portugal\",\"retalho\"],\"articleSection\":[\"Economia\",\"Not\u00edcias\"],\"inLanguage\":\"pt-PT\"},{\"@type\":\"WebPage\",\"@id\":\"https:\/\/portaltela.pt\/noticias\/2026\/03\/05\/mango-vence-crise-da-moda-e-atinge-38-mil-milhoes-em-2025\/\",\"url\":\"https:\/\/portaltela.pt\/noticias\/2026\/03\/05\/mango-vence-crise-da-moda-e-atinge-38-mil-milhoes-em-2025\/\",\"name\":\"Mango vence crise da moda e atinge 3,8 mil milh\u00f5es em 2025 - Portal Tela Portugal\",\"isPartOf\":{\"@id\":\"https:\/\/portaltela.pt\/#website\"},\"primaryImageOfPage\":{\"@id\":\"https:\/\/portaltela.pt\/noticias\/2026\/03\/05\/mango-vence-crise-da-moda-e-atinge-38-mil-milhoes-em-2025\/#primaryimage\"},\"image\":{\"@id\":\"https:\/\/portaltela.pt\/noticias\/2026\/03\/05\/mango-vence-crise-da-moda-e-atinge-38-mil-milhoes-em-2025\/#primaryimage\"},\"thumbnailUrl\":\"https:\/\/portaltela.pt\/s.01k8rhncp4jt1\/2026\/03\/2071982.jpg\",\"datePublished\":\"2026-03-05T12:38:00+00:00\",\"author\":{\"@id\":\"https:\/\/portaltela.pt\/#\/schema\/person\/c4278d4a6028830caff9ee44b42d32ed\"},\"breadcrumb\":{\"@id\":\"https:\/\/portaltela.pt\/noticias\/2026\/03\/05\/mango-vence-crise-da-moda-e-atinge-38-mil-milhoes-em-2025\/#breadcrumb\"},\"inLanguage\":\"pt-PT\",\"potentialAction\":[{\"@type\":\"ReadAction\",\"target\":[\"https:\/\/portaltela.pt\/noticias\/2026\/03\/05\/mango-vence-crise-da-moda-e-atinge-38-mil-milhoes-em-2025\/\"]}]},{\"@type\":\"ImageObject\",\"inLanguage\":\"pt-PT\",\"@id\":\"https:\/\/portaltela.pt\/noticias\/2026\/03\/05\/mango-vence-crise-da-moda-e-atinge-38-mil-milhoes-em-2025\/#primaryimage\",\"url\":\"https:\/\/portaltela.pt\/s.01k8rhncp4jt1\/2026\/03\/2071982.jpg\",\"contentUrl\":\"https:\/\/portaltela.pt\/s.01k8rhncp4jt1\/2026\/03\/2071982.jpg\",\"width\":796,\"height\":448,\"caption\":\"O CEO e presidente da Mango, Toni Ruiz (ao centro), a CFO, Margarita Salvans (\u00e0 esquerda) e o respons\u00e1vel pelos franchises, Daniel Lopez (\u00e0 direita)\"},{\"@type\":\"BreadcrumbList\",\"@id\":\"https:\/\/portaltela.pt\/noticias\/2026\/03\/05\/mango-vence-crise-da-moda-e-atinge-38-mil-milhoes-em-2025\/#breadcrumb\",\"itemListElement\":[{\"@type\":\"ListItem\",\"position\":1,\"name\":\"In\u00edcio\",\"item\":\"https:\/\/portaltela.pt\/\"},{\"@type\":\"ListItem\",\"position\":2,\"name\":\"Mango vence crise da moda e atinge 3,8 mil milh\u00f5es em 2025\"}]},{\"@type\":\"WebSite\",\"@id\":\"https:\/\/portaltela.pt\/#website\",\"url\":\"https:\/\/portaltela.pt\/\",\"name\":\"Portal Tela Portugal\",\"description\":\"\",\"potentialAction\":[{\"@type\":\"SearchAction\",\"target\":{\"@type\":\"EntryPoint\",\"urlTemplate\":\"https:\/\/portaltela.pt\/?s={search_term_string}\"},\"query-input\":{\"@type\":\"PropertyValueSpecification\",\"valueRequired\":true,\"valueName\":\"search_term_string\"}}],\"inLanguage\":\"pt-PT\"},{\"@type\":\"Person\",\"@id\":\"https:\/\/portaltela.pt\/#\/schema\/person\/c4278d4a6028830caff9ee44b42d32ed\",\"name\":\"Telinha\",\"image\":{\"@type\":\"ImageObject\",\"inLanguage\":\"pt-PT\",\"@id\":\"https:\/\/portaltela.pt\/s.01k8rhncp4jt1\/2025\/11\/talking-bot-125x125.png\",\"url\":\"https:\/\/portaltela.pt\/s.01k8rhncp4jt1\/2025\/11\/talking-bot-125x125.png\",\"contentUrl\":\"https:\/\/portaltela.pt\/s.01k8rhncp4jt1\/2025\/11\/talking-bot-125x125.png\",\"caption\":\"Telinha\"},\"sameAs\":[\"https:\/\/portaltela.pt\/\"],\"url\":\"https:\/\/portaltela.pt\/por\/367410592786\/\"}]}<\/script>\n<!-- \/ Yoast SEO plugin. -->","yoast_head_json":{"title":"Mango vence crise da moda e atinge 3,8 mil milh\u00f5es em 2025 - Portal Tela Portugal","robots":{"index":"index","follow":"follow","max-snippet":"max-snippet:-1","max-image-preview":"max-image-preview:large","max-video-preview":"max-video-preview:-1"},"og_locale":"pt_PT","og_type":"article","og_title":"Mango vence crise da moda e atinge 3,8 mil milh\u00f5es em 2025 - Portal Tela Portugal","og_description":"A Mango faturou quase 3,8 mil milh\u00f5es de euros em 2025, com um crescimento de 13% face a 2024. Em Portugal, o neg\u00f3cio subiu 15% no mesmo per\u00edodo. A empresa visa chegar aos 4 mil milh\u00f5es de euros de fatura\u00e7\u00e3o j\u00e1 em 2026. O presidente e CEO, Toni Ruiz, afirmou que a Mango atravessa o momento mais s\u00f3lido da sua hist\u00f3ria. O ano marca o primeiro desde a morte do fundador Isak Andic.","og_url":"https:\/\/portaltela.pt\/noticias\/2026\/03\/05\/mango-vence-crise-da-moda-e-atinge-38-mil-milhoes-em-2025\/","og_site_name":"Portal Tela Portugal","article_published_time":"2026-03-05T12:38:00+00:00","author":"Telinha","twitter_card":"summary_large_image","twitter_misc":{"Escrito por":"Telinha","Tempo estimado de leitura":"1 minuto"},"schema":{"@context":"https:\/\/schema.org","@graph":[{"@type":"Article","@id":"https:\/\/portaltela.pt\/noticias\/2026\/03\/05\/mango-vence-crise-da-moda-e-atinge-38-mil-milhoes-em-2025\/#article","isPartOf":{"@id":"https:\/\/portaltela.pt\/noticias\/2026\/03\/05\/mango-vence-crise-da-moda-e-atinge-38-mil-milhoes-em-2025\/"},"author":{"name":"Telinha","@id":"https:\/\/portaltela.pt\/#\/schema\/person\/c4278d4a6028830caff9ee44b42d32ed"},"headline":"Mango vence crise da moda e atinge 3,8 mil milh\u00f5es em 2025","datePublished":"2026-03-05T12:38:00+00:00","mainEntityOfPage":{"@id":"https:\/\/portaltela.pt\/noticias\/2026\/03\/05\/mango-vence-crise-da-moda-e-atinge-38-mil-milhoes-em-2025\/"},"wordCount":199,"image":{"@id":"https:\/\/portaltela.pt\/noticias\/2026\/03\/05\/mango-vence-crise-da-moda-e-atinge-38-mil-milhoes-em-2025\/#primaryimage"},"thumbnailUrl":"https:\/\/portaltela.pt\/s.01k8rhncp4jt1\/2026\/03\/2071982.jpg","keywords":["economia","empresas","Europa","moda","Portugal","retalho"],"articleSection":["Economia","Not\u00edcias"],"inLanguage":"pt-PT"},{"@type":"WebPage","@id":"https:\/\/portaltela.pt\/noticias\/2026\/03\/05\/mango-vence-crise-da-moda-e-atinge-38-mil-milhoes-em-2025\/","url":"https:\/\/portaltela.pt\/noticias\/2026\/03\/05\/mango-vence-crise-da-moda-e-atinge-38-mil-milhoes-em-2025\/","name":"Mango vence crise da moda e atinge 3,8 mil milh\u00f5es em 2025 - Portal Tela Portugal","isPartOf":{"@id":"https:\/\/portaltela.pt\/#website"},"primaryImageOfPage":{"@id":"https:\/\/portaltela.pt\/noticias\/2026\/03\/05\/mango-vence-crise-da-moda-e-atinge-38-mil-milhoes-em-2025\/#primaryimage"},"image":{"@id":"https:\/\/portaltela.pt\/noticias\/2026\/03\/05\/mango-vence-crise-da-moda-e-atinge-38-mil-milhoes-em-2025\/#primaryimage"},"thumbnailUrl":"https:\/\/portaltela.pt\/s.01k8rhncp4jt1\/2026\/03\/2071982.jpg","datePublished":"2026-03-05T12:38:00+00:00","author":{"@id":"https:\/\/portaltela.pt\/#\/schema\/person\/c4278d4a6028830caff9ee44b42d32ed"},"breadcrumb":{"@id":"https:\/\/portaltela.pt\/noticias\/2026\/03\/05\/mango-vence-crise-da-moda-e-atinge-38-mil-milhoes-em-2025\/#breadcrumb"},"inLanguage":"pt-PT","potentialAction":[{"@type":"ReadAction","target":["https:\/\/portaltela.pt\/noticias\/2026\/03\/05\/mango-vence-crise-da-moda-e-atinge-38-mil-milhoes-em-2025\/"]}]},{"@type":"ImageObject","inLanguage":"pt-PT","@id":"https:\/\/portaltela.pt\/noticias\/2026\/03\/05\/mango-vence-crise-da-moda-e-atinge-38-mil-milhoes-em-2025\/#primaryimage","url":"https:\/\/portaltela.pt\/s.01k8rhncp4jt1\/2026\/03\/2071982.jpg","contentUrl":"https:\/\/portaltela.pt\/s.01k8rhncp4jt1\/2026\/03\/2071982.jpg","width":796,"height":448,"caption":"O CEO e presidente da Mango, Toni Ruiz (ao centro), a CFO, Margarita Salvans (\u00e0 esquerda) e o respons\u00e1vel pelos franchises, Daniel Lopez (\u00e0 direita)"},{"@type":"BreadcrumbList","@id":"https:\/\/portaltela.pt\/noticias\/2026\/03\/05\/mango-vence-crise-da-moda-e-atinge-38-mil-milhoes-em-2025\/#breadcrumb","itemListElement":[{"@type":"ListItem","position":1,"name":"In\u00edcio","item":"https:\/\/portaltela.pt\/"},{"@type":"ListItem","position":2,"name":"Mango vence crise da moda e atinge 3,8 mil milh\u00f5es em 2025"}]},{"@type":"WebSite","@id":"https:\/\/portaltela.pt\/#website","url":"https:\/\/portaltela.pt\/","name":"Portal Tela Portugal","description":"","potentialAction":[{"@type":"SearchAction","target":{"@type":"EntryPoint","urlTemplate":"https:\/\/portaltela.pt\/?s={search_term_string}"},"query-input":{"@type":"PropertyValueSpecification","valueRequired":true,"valueName":"search_term_string"}}],"inLanguage":"pt-PT"},{"@type":"Person","@id":"https:\/\/portaltela.pt\/#\/schema\/person\/c4278d4a6028830caff9ee44b42d32ed","name":"Telinha","image":{"@type":"ImageObject","inLanguage":"pt-PT","@id":"https:\/\/portaltela.pt\/s.01k8rhncp4jt1\/2025\/11\/talking-bot-125x125.png","url":"https:\/\/portaltela.pt\/s.01k8rhncp4jt1\/2025\/11\/talking-bot-125x125.png","contentUrl":"https:\/\/portaltela.pt\/s.01k8rhncp4jt1\/2025\/11\/talking-bot-125x125.png","caption":"Telinha"},"sameAs":["https:\/\/portaltela.pt\/"],"url":"https:\/\/portaltela.pt\/por\/367410592786\/"}]}},"_links":{"self":[{"href":"https:\/\/portaltela.pt\/api\/wp\/v2\/posts\/398539","targetHints":{"allow":["GET"]}}],"collection":[{"href":"https:\/\/portaltela.pt\/api\/wp\/v2\/posts"}],"about":[{"href":"https:\/\/portaltela.pt\/api\/wp\/v2\/types\/post"}],"author":[{"embeddable":true,"href":"https:\/\/portaltela.pt\/api\/wp\/v2\/users\/2"}],"replies":[{"embeddable":true,"href":"https:\/\/portaltela.pt\/api\/wp\/v2\/comments?post=398539"}],"version-history":[{"count":0,"href":"https:\/\/portaltela.pt\/api\/wp\/v2\/posts\/398539\/revisions"}],"wp:featuredmedia":[{"embeddable":true,"href":"https:\/\/portaltela.pt\/api\/wp\/v2\/media\/398546"}],"wp:attachment":[{"href":"https:\/\/portaltela.pt\/api\/wp\/v2\/media?parent=398539"}],"wp:term":[{"taxonomy":"category","embeddable":true,"href":"https:\/\/portaltela.pt\/api\/wp\/v2\/categories?post=398539"},{"taxonomy":"post_tag","embeddable":true,"href":"https:\/\/portaltela.pt\/api\/wp\/v2\/tags?post=398539"}],"curies":[{"name":"wp","href":"https:\/\/api.w.org\/{rel}","templated":true}]}}