{"id":398527,"date":"2026-03-05T09:34:58","date_gmt":"2026-03-05T12:34:58","guid":{"rendered":"https:\/\/portaltela.pt\/noticias\/2026\/03\/05\/idosa-encontrada-morta-em-casa-apos-dois-anos-sem-ser-vista\/"},"modified":"2026-03-05T09:34:58","modified_gmt":"2026-03-05T12:34:58","slug":"idosa-encontrada-morta-em-casa-apos-dois-anos-sem-ser-vista","status":"publish","type":"post","link":"https:\/\/portaltela.pt\/noticias\/politica\/2026\/03\/05\/idosa-encontrada-morta-em-casa-apos-dois-anos-sem-ser-vista\/","title":{"rendered":"Idosa encontrada morta em casa ap\u00f3s dois anos sem ser vista"},"content":{"rendered":"<p>A idosa foi encontrada morta em casa, ap\u00f3s dois anos sem ser vista. A not\u00edcia foi confirmada pela PSP, que detetou o esqueleto durante as dilig\u00eancias. A descoberta ocorreu em Campanh\u00e3, no Porto, numa resid\u00eancia onde a mulher residia.<\/p>\n<p>A investiga\u00e7\u00e3o come\u00e7ou depois de a m\u00e9dica de fam\u00edlia do Centro de Sa\u00fade Familiar de Azevedo estranhar o facto de n\u00e3o ter not\u00edcias da utente, que era diab\u00e9tica. O alerta levado \u00e0s autoridades levou \u00e0 remo\u00e7\u00e3o da perna de entrada da casa pela PSP, que acionou os meios de nunca.<\/p>\n<p>Segundo a avalia\u00e7\u00e3o inicial, n\u00e3o foi comunicada, at\u00e9 ao momento, a causa da morte. O caso est\u00e1 a ser apurado pelas autoridades competentes, com foco em apurar circunst\u00e2ncias que rodeiam o desaparecimento prolongado e o d\u00e9fice de contatos com familiares ou cuidadores.<\/p>\n<p>Este epis\u00f3dio levanta quest\u00f5es sobre monitoriza\u00e7\u00e3o de pessoas idosas em situa\u00e7\u00e3o de isolamento, bem como sobre processos de vigil\u00e2ncia por parte dos profissionais de sa\u00fade que acompanham utentes com condi\u00e7\u00f5es m\u00e9dicas cr\u00f3nicas. As autoridades n\u00e3o avan\u00e7aram com novos detalhes at\u00e9 ao momento.<\/p>\n","protected":false},"excerpt":{"rendered":"<ul>\n<li>Idosa foi encontrada morta em casa ap\u00f3s dois anos sem ser vista.<\/li>\n<li>O esqueleto foi descoberto pela Pol\u00edcia de Seguran\u00e7a P\u00fablica (PSP).<\/li>\n<li>A m\u00e9dica de fam\u00edlia do Centro de Sa\u00fade Familiar de Azevedo, em Campanh\u00e3, estranhou a aus\u00eancia da utente.<\/li>\n<li>A utente era diab\u00e9tica e a m\u00e9dica alertou as autoridades sobre o caso.<\/li>\n<li>Data da publica\u00e7\u00e3o: 05 de mar\u00e7o de 2026 \u00e0s 12:34.<\/li>\n<\/ul>\n","protected":false},"author":2,"featured_media":398534,"comment_status":"closed","ping_status":"closed","sticky":false,"template":"","format":"standard","meta":{"footnotes":""},"categories":[1,5],"tags":[5371,2654,2337,2736,5292,271],"class_list":["post-398527","post","type-post","status-publish","format-standard","has-post-thumbnail","hentry","category-noticias","category-politica","tag-cuidados-de-saude","tag-cuidados-de-saude-primarios","tag-desaparecidos-internos","tag-idosos","tag-isolamento","tag-saude-publica"],"yoast_head":"<!-- This site is optimized with the Yoast SEO plugin v27.2 - https:\/\/yoast.com\/product\/yoast-seo-wordpress\/ -->\n<title>Idosa encontrada morta em casa ap\u00f3s dois anos sem ser vista - Portal Tela Portugal<\/title>\n<meta name=\"robots\" content=\"index, follow, max-snippet:-1, max-image-preview:large, max-video-preview:-1\" \/>\n<meta property=\"og:locale\" content=\"pt_PT\" \/>\n<meta property=\"og:type\" content=\"article\" \/>\n<meta property=\"og:title\" content=\"Idosa encontrada morta em casa ap\u00f3s dois anos sem ser vista - Portal Tela Portugal\" \/>\n<meta property=\"og:description\" content=\"Idosa foi encontrada morta em casa ap\u00f3s dois anos sem ser vista. O esqueleto foi descoberto pela Pol\u00edcia de Seguran\u00e7a P\u00fablica (PSP). A m\u00e9dica de fam\u00edlia do Centro de Sa\u00fade Familiar de Azevedo, em Campanh\u00e3, estranhou a aus\u00eancia da utente. A utente era diab\u00e9tica e a m\u00e9dica alertou as autoridades sobre o caso. Data da publica\u00e7\u00e3o: 05 de mar\u00e7o de 2026 \u00e0s 12:34.\" \/>\n<meta property=\"og:url\" content=\"https:\/\/portaltela.pt\/noticias\/2026\/03\/05\/idosa-encontrada-morta-em-casa-apos-dois-anos-sem-ser-vista\/\" \/>\n<meta property=\"og:site_name\" content=\"Portal Tela Portugal\" \/>\n<meta property=\"article:published_time\" content=\"2026-03-05T12:34:58+00:00\" \/>\n<meta name=\"author\" content=\"Telinha\" \/>\n<meta name=\"twitter:card\" content=\"summary_large_image\" \/>\n<meta name=\"twitter:label1\" content=\"Escrito por\" \/>\n\t<meta name=\"twitter:data1\" content=\"Telinha\" \/>\n\t<meta name=\"twitter:label2\" content=\"Tempo estimado de leitura\" \/>\n\t<meta name=\"twitter:data2\" content=\"1 minuto\" \/>\n<script type=\"application\/ld+json\" class=\"yoast-schema-graph\">{\"@context\":\"https:\/\/schema.org\",\"@graph\":[{\"@type\":\"Article\",\"@id\":\"https:\/\/portaltela.pt\/noticias\/2026\/03\/05\/idosa-encontrada-morta-em-casa-apos-dois-anos-sem-ser-vista\/#article\",\"isPartOf\":{\"@id\":\"https:\/\/portaltela.pt\/noticias\/2026\/03\/05\/idosa-encontrada-morta-em-casa-apos-dois-anos-sem-ser-vista\/\"},\"author\":{\"name\":\"Telinha\",\"@id\":\"https:\/\/portaltela.pt\/#\/schema\/person\/c4278d4a6028830caff9ee44b42d32ed\"},\"headline\":\"Idosa encontrada morta em casa ap\u00f3s dois anos sem ser vista\",\"datePublished\":\"2026-03-05T12:34:58+00:00\",\"mainEntityOfPage\":{\"@id\":\"https:\/\/portaltela.pt\/noticias\/2026\/03\/05\/idosa-encontrada-morta-em-casa-apos-dois-anos-sem-ser-vista\/\"},\"wordCount\":212,\"image\":{\"@id\":\"https:\/\/portaltela.pt\/noticias\/2026\/03\/05\/idosa-encontrada-morta-em-casa-apos-dois-anos-sem-ser-vista\/#primaryimage\"},\"thumbnailUrl\":\"https:\/\/portaltela.pt\/s.01k8rhncp4jt1\/2026\/03\/img_1280x722uu2026-02-20-16-30-00-2267972.jpg\",\"keywords\":[\"cuidados de sa\u00fade\",\"Cuidados de Sa\u00fade Prim\u00e1rios\",\"desaparecidos internos\",\"idosos\",\"isolamento\",\"sa\u00fade p\u00fablica\"],\"articleSection\":[\"Not\u00edcias\",\"Pol\u00edtica\"],\"inLanguage\":\"pt-PT\"},{\"@type\":\"WebPage\",\"@id\":\"https:\/\/portaltela.pt\/noticias\/2026\/03\/05\/idosa-encontrada-morta-em-casa-apos-dois-anos-sem-ser-vista\/\",\"url\":\"https:\/\/portaltela.pt\/noticias\/2026\/03\/05\/idosa-encontrada-morta-em-casa-apos-dois-anos-sem-ser-vista\/\",\"name\":\"Idosa encontrada morta em casa ap\u00f3s dois anos sem ser vista - Portal Tela Portugal\",\"isPartOf\":{\"@id\":\"https:\/\/portaltela.pt\/#website\"},\"primaryImageOfPage\":{\"@id\":\"https:\/\/portaltela.pt\/noticias\/2026\/03\/05\/idosa-encontrada-morta-em-casa-apos-dois-anos-sem-ser-vista\/#primaryimage\"},\"image\":{\"@id\":\"https:\/\/portaltela.pt\/noticias\/2026\/03\/05\/idosa-encontrada-morta-em-casa-apos-dois-anos-sem-ser-vista\/#primaryimage\"},\"thumbnailUrl\":\"https:\/\/portaltela.pt\/s.01k8rhncp4jt1\/2026\/03\/img_1280x722uu2026-02-20-16-30-00-2267972.jpg\",\"datePublished\":\"2026-03-05T12:34:58+00:00\",\"author\":{\"@id\":\"https:\/\/portaltela.pt\/#\/schema\/person\/c4278d4a6028830caff9ee44b42d32ed\"},\"breadcrumb\":{\"@id\":\"https:\/\/portaltela.pt\/noticias\/2026\/03\/05\/idosa-encontrada-morta-em-casa-apos-dois-anos-sem-ser-vista\/#breadcrumb\"},\"inLanguage\":\"pt-PT\",\"potentialAction\":[{\"@type\":\"ReadAction\",\"target\":[\"https:\/\/portaltela.pt\/noticias\/2026\/03\/05\/idosa-encontrada-morta-em-casa-apos-dois-anos-sem-ser-vista\/\"]}]},{\"@type\":\"ImageObject\",\"inLanguage\":\"pt-PT\",\"@id\":\"https:\/\/portaltela.pt\/noticias\/2026\/03\/05\/idosa-encontrada-morta-em-casa-apos-dois-anos-sem-ser-vista\/#primaryimage\",\"url\":\"https:\/\/portaltela.pt\/s.01k8rhncp4jt1\/2026\/03\/img_1280x722uu2026-02-20-16-30-00-2267972.jpg\",\"contentUrl\":\"https:\/\/portaltela.pt\/s.01k8rhncp4jt1\/2026\/03\/img_1280x722uu2026-02-20-16-30-00-2267972.jpg\",\"width\":796,\"height\":448,\"caption\":\"Idosa encontrada morta em casa ap\u00f3s dois anos sem ser vista. Esqueleto foi descoberto pela PSP\"},{\"@type\":\"BreadcrumbList\",\"@id\":\"https:\/\/portaltela.pt\/noticias\/2026\/03\/05\/idosa-encontrada-morta-em-casa-apos-dois-anos-sem-ser-vista\/#breadcrumb\",\"itemListElement\":[{\"@type\":\"ListItem\",\"position\":1,\"name\":\"In\u00edcio\",\"item\":\"https:\/\/portaltela.pt\/\"},{\"@type\":\"ListItem\",\"position\":2,\"name\":\"Idosa encontrada morta em casa ap\u00f3s dois anos sem ser vista\"}]},{\"@type\":\"WebSite\",\"@id\":\"https:\/\/portaltela.pt\/#website\",\"url\":\"https:\/\/portaltela.pt\/\",\"name\":\"Portal Tela Portugal\",\"description\":\"\",\"potentialAction\":[{\"@type\":\"SearchAction\",\"target\":{\"@type\":\"EntryPoint\",\"urlTemplate\":\"https:\/\/portaltela.pt\/?s={search_term_string}\"},\"query-input\":{\"@type\":\"PropertyValueSpecification\",\"valueRequired\":true,\"valueName\":\"search_term_string\"}}],\"inLanguage\":\"pt-PT\"},{\"@type\":\"Person\",\"@id\":\"https:\/\/portaltela.pt\/#\/schema\/person\/c4278d4a6028830caff9ee44b42d32ed\",\"name\":\"Telinha\",\"image\":{\"@type\":\"ImageObject\",\"inLanguage\":\"pt-PT\",\"@id\":\"https:\/\/portaltela.pt\/s.01k8rhncp4jt1\/2025\/11\/talking-bot-125x125.png\",\"url\":\"https:\/\/portaltela.pt\/s.01k8rhncp4jt1\/2025\/11\/talking-bot-125x125.png\",\"contentUrl\":\"https:\/\/portaltela.pt\/s.01k8rhncp4jt1\/2025\/11\/talking-bot-125x125.png\",\"caption\":\"Telinha\"},\"sameAs\":[\"https:\/\/portaltela.pt\/\"],\"url\":\"https:\/\/portaltela.pt\/por\/367410592786\/\"}]}<\/script>\n<!-- \/ Yoast SEO plugin. -->","yoast_head_json":{"title":"Idosa encontrada morta em casa ap\u00f3s dois anos sem ser vista - Portal Tela Portugal","robots":{"index":"index","follow":"follow","max-snippet":"max-snippet:-1","max-image-preview":"max-image-preview:large","max-video-preview":"max-video-preview:-1"},"og_locale":"pt_PT","og_type":"article","og_title":"Idosa encontrada morta em casa ap\u00f3s dois anos sem ser vista - Portal Tela Portugal","og_description":"Idosa foi encontrada morta em casa ap\u00f3s dois anos sem ser vista. O esqueleto foi descoberto pela Pol\u00edcia de Seguran\u00e7a P\u00fablica (PSP). A m\u00e9dica de fam\u00edlia do Centro de Sa\u00fade Familiar de Azevedo, em Campanh\u00e3, estranhou a aus\u00eancia da utente. A utente era diab\u00e9tica e a m\u00e9dica alertou as autoridades sobre o caso. Data da publica\u00e7\u00e3o: 05 de mar\u00e7o de 2026 \u00e0s 12:34.","og_url":"https:\/\/portaltela.pt\/noticias\/2026\/03\/05\/idosa-encontrada-morta-em-casa-apos-dois-anos-sem-ser-vista\/","og_site_name":"Portal Tela Portugal","article_published_time":"2026-03-05T12:34:58+00:00","author":"Telinha","twitter_card":"summary_large_image","twitter_misc":{"Escrito por":"Telinha","Tempo estimado de leitura":"1 minuto"},"schema":{"@context":"https:\/\/schema.org","@graph":[{"@type":"Article","@id":"https:\/\/portaltela.pt\/noticias\/2026\/03\/05\/idosa-encontrada-morta-em-casa-apos-dois-anos-sem-ser-vista\/#article","isPartOf":{"@id":"https:\/\/portaltela.pt\/noticias\/2026\/03\/05\/idosa-encontrada-morta-em-casa-apos-dois-anos-sem-ser-vista\/"},"author":{"name":"Telinha","@id":"https:\/\/portaltela.pt\/#\/schema\/person\/c4278d4a6028830caff9ee44b42d32ed"},"headline":"Idosa encontrada morta em casa ap\u00f3s dois anos sem ser vista","datePublished":"2026-03-05T12:34:58+00:00","mainEntityOfPage":{"@id":"https:\/\/portaltela.pt\/noticias\/2026\/03\/05\/idosa-encontrada-morta-em-casa-apos-dois-anos-sem-ser-vista\/"},"wordCount":212,"image":{"@id":"https:\/\/portaltela.pt\/noticias\/2026\/03\/05\/idosa-encontrada-morta-em-casa-apos-dois-anos-sem-ser-vista\/#primaryimage"},"thumbnailUrl":"https:\/\/portaltela.pt\/s.01k8rhncp4jt1\/2026\/03\/img_1280x722uu2026-02-20-16-30-00-2267972.jpg","keywords":["cuidados de sa\u00fade","Cuidados de Sa\u00fade Prim\u00e1rios","desaparecidos internos","idosos","isolamento","sa\u00fade p\u00fablica"],"articleSection":["Not\u00edcias","Pol\u00edtica"],"inLanguage":"pt-PT"},{"@type":"WebPage","@id":"https:\/\/portaltela.pt\/noticias\/2026\/03\/05\/idosa-encontrada-morta-em-casa-apos-dois-anos-sem-ser-vista\/","url":"https:\/\/portaltela.pt\/noticias\/2026\/03\/05\/idosa-encontrada-morta-em-casa-apos-dois-anos-sem-ser-vista\/","name":"Idosa encontrada morta em casa ap\u00f3s dois anos sem ser vista - Portal Tela Portugal","isPartOf":{"@id":"https:\/\/portaltela.pt\/#website"},"primaryImageOfPage":{"@id":"https:\/\/portaltela.pt\/noticias\/2026\/03\/05\/idosa-encontrada-morta-em-casa-apos-dois-anos-sem-ser-vista\/#primaryimage"},"image":{"@id":"https:\/\/portaltela.pt\/noticias\/2026\/03\/05\/idosa-encontrada-morta-em-casa-apos-dois-anos-sem-ser-vista\/#primaryimage"},"thumbnailUrl":"https:\/\/portaltela.pt\/s.01k8rhncp4jt1\/2026\/03\/img_1280x722uu2026-02-20-16-30-00-2267972.jpg","datePublished":"2026-03-05T12:34:58+00:00","author":{"@id":"https:\/\/portaltela.pt\/#\/schema\/person\/c4278d4a6028830caff9ee44b42d32ed"},"breadcrumb":{"@id":"https:\/\/portaltela.pt\/noticias\/2026\/03\/05\/idosa-encontrada-morta-em-casa-apos-dois-anos-sem-ser-vista\/#breadcrumb"},"inLanguage":"pt-PT","potentialAction":[{"@type":"ReadAction","target":["https:\/\/portaltela.pt\/noticias\/2026\/03\/05\/idosa-encontrada-morta-em-casa-apos-dois-anos-sem-ser-vista\/"]}]},{"@type":"ImageObject","inLanguage":"pt-PT","@id":"https:\/\/portaltela.pt\/noticias\/2026\/03\/05\/idosa-encontrada-morta-em-casa-apos-dois-anos-sem-ser-vista\/#primaryimage","url":"https:\/\/portaltela.pt\/s.01k8rhncp4jt1\/2026\/03\/img_1280x722uu2026-02-20-16-30-00-2267972.jpg","contentUrl":"https:\/\/portaltela.pt\/s.01k8rhncp4jt1\/2026\/03\/img_1280x722uu2026-02-20-16-30-00-2267972.jpg","width":796,"height":448,"caption":"Idosa encontrada morta em casa ap\u00f3s dois anos sem ser vista. Esqueleto foi descoberto pela PSP"},{"@type":"BreadcrumbList","@id":"https:\/\/portaltela.pt\/noticias\/2026\/03\/05\/idosa-encontrada-morta-em-casa-apos-dois-anos-sem-ser-vista\/#breadcrumb","itemListElement":[{"@type":"ListItem","position":1,"name":"In\u00edcio","item":"https:\/\/portaltela.pt\/"},{"@type":"ListItem","position":2,"name":"Idosa encontrada morta em casa ap\u00f3s dois anos sem ser vista"}]},{"@type":"WebSite","@id":"https:\/\/portaltela.pt\/#website","url":"https:\/\/portaltela.pt\/","name":"Portal Tela Portugal","description":"","potentialAction":[{"@type":"SearchAction","target":{"@type":"EntryPoint","urlTemplate":"https:\/\/portaltela.pt\/?s={search_term_string}"},"query-input":{"@type":"PropertyValueSpecification","valueRequired":true,"valueName":"search_term_string"}}],"inLanguage":"pt-PT"},{"@type":"Person","@id":"https:\/\/portaltela.pt\/#\/schema\/person\/c4278d4a6028830caff9ee44b42d32ed","name":"Telinha","image":{"@type":"ImageObject","inLanguage":"pt-PT","@id":"https:\/\/portaltela.pt\/s.01k8rhncp4jt1\/2025\/11\/talking-bot-125x125.png","url":"https:\/\/portaltela.pt\/s.01k8rhncp4jt1\/2025\/11\/talking-bot-125x125.png","contentUrl":"https:\/\/portaltela.pt\/s.01k8rhncp4jt1\/2025\/11\/talking-bot-125x125.png","caption":"Telinha"},"sameAs":["https:\/\/portaltela.pt\/"],"url":"https:\/\/portaltela.pt\/por\/367410592786\/"}]}},"_links":{"self":[{"href":"https:\/\/portaltela.pt\/api\/wp\/v2\/posts\/398527","targetHints":{"allow":["GET"]}}],"collection":[{"href":"https:\/\/portaltela.pt\/api\/wp\/v2\/posts"}],"about":[{"href":"https:\/\/portaltela.pt\/api\/wp\/v2\/types\/post"}],"author":[{"embeddable":true,"href":"https:\/\/portaltela.pt\/api\/wp\/v2\/users\/2"}],"replies":[{"embeddable":true,"href":"https:\/\/portaltela.pt\/api\/wp\/v2\/comments?post=398527"}],"version-history":[{"count":0,"href":"https:\/\/portaltela.pt\/api\/wp\/v2\/posts\/398527\/revisions"}],"wp:featuredmedia":[{"embeddable":true,"href":"https:\/\/portaltela.pt\/api\/wp\/v2\/media\/398534"}],"wp:attachment":[{"href":"https:\/\/portaltela.pt\/api\/wp\/v2\/media?parent=398527"}],"wp:term":[{"taxonomy":"category","embeddable":true,"href":"https:\/\/portaltela.pt\/api\/wp\/v2\/categories?post=398527"},{"taxonomy":"post_tag","embeddable":true,"href":"https:\/\/portaltela.pt\/api\/wp\/v2\/tags?post=398527"}],"curies":[{"name":"wp","href":"https:\/\/api.w.org\/{rel}","templated":true}]}}