{"id":398523,"date":"2026-03-05T09:34:54","date_gmt":"2026-03-05T12:34:54","guid":{"rendered":"https:\/\/portaltela.pt\/noticias\/2026\/03\/05\/livro-inedito-de-antonio-lobo-antunes-sai-em-abril\/"},"modified":"2026-03-05T09:34:54","modified_gmt":"2026-03-05T12:34:54","slug":"livro-inedito-de-antonio-lobo-antunes-sai-em-abril","status":"publish","type":"post","link":"https:\/\/portaltela.pt\/noticias\/2026\/03\/05\/livro-inedito-de-antonio-lobo-antunes-sai-em-abril\/","title":{"rendered":"Livro in\u00e9dito de Ant\u00f3nio Lobo Antunes sai em abril"},"content":{"rendered":"<p>O livro in\u00e9dito de poemas de Ant\u00f3nio Lobo Antunes ser\u00e1 publicado em abril pela Dom Quixote. O escritor, considerado um dos maiores nomes da literatura portuguesa desde a segunda metade do s\u00e9culo XX, morreu esta quinta-feira aos 83 anos.<\/p>\n<p>Chamado Poemas, o volume re\u00fane poesias que o autor foi escrevendo ao longo da vida. A editora destacou que Lobo Antunes sempre lamentou n\u00e3o ter sido poeta, embora tenha lidado com a poesia ao longo da carreira.<\/p>\n<p>A Dom Quixote explicou que a publica\u00e7\u00e3o integra o compromisso de continuar a promover a obra do escritor, reconhecida mundialmente pela sua influ\u00eancia e pela diversidade de temas.<\/p>\n<p>Ant\u00f3nio Lobo Antunes nasceu em Lisboa, em 1942. Licenciou-se em Medicina em 1969 e especializou-se em Psiquiatria, atividade que desenvolveu no Hospital Miguel Bombarda.<\/p>\n<p>Mobilizado em 1970, foi para Angola e regressou em 1973. Em 1985 passou a dedicar-se exclusivamente \u00e0 escrita, ap\u00f3s enfrentar depress\u00e3o.<\/p>\n<p>O primeiro livro, Mem\u00f3ria de Elefante, saiu em 1979, seguido por obras de forte liga\u00e7\u00e3o \u00e0 guerra colonial e \u00e0 pr\u00e1tica psiqui\u00e1trica. Em 2007 recebeu o Pr\u00e9mio Cam\u00f5es.<\/p>\n","protected":false},"excerpt":{"rendered":"<ul>\n<li>A Dom Quixote anunciou a publica\u00e7\u00e3o em abril de um in\u00e9dito de Ant\u00f3nio Lobo Antunes, intitulado &#8220;Poemas&#8221;.<\/li>\n<li>O livro re\u00fane poemas que o escritor escreveu ao longo da vida e que n\u00e3o tinham sido publicados em vida.<\/li>\n<li>Ant\u00f3nio Lobo Antunes morreu na quinta-feira aos 83 anos, em Lisboa.<\/li>\n<li>A editora afirma que a publica\u00e7\u00e3o refor\u00e7a o compromisso de continuar a promover a obra de um dos maiores nomes da literatura portuguesa.<\/li>\n<li>O autor nasceu em Lisboa, em 1942, licenciou-se em Medicina em 1969 e ficou conhecido pela presen\u00e7a da guerra colonial e de Portugal nas suas obras.<\/li>\n<\/ul>\n","protected":false},"author":2,"featured_media":398531,"comment_status":"closed","ping_status":"closed","sticky":false,"template":"","format":"standard","meta":{"footnotes":""},"categories":[1],"tags":[4837,62,981,106,5553,6658],"class_list":["post-398523","post","type-post","status-publish","format-standard","has-post-thumbnail","hentry","category-noticias","tag-angola","tag-guerra","tag-lisboa","tag-literatura","tag-poesia","tag-premio-camoes"],"yoast_head":"<!-- This site is optimized with the Yoast SEO plugin v27.2 - https:\/\/yoast.com\/product\/yoast-seo-wordpress\/ -->\n<title>Livro in\u00e9dito de Ant\u00f3nio Lobo Antunes sai em abril - Portal Tela Portugal<\/title>\n<meta name=\"robots\" content=\"index, follow, max-snippet:-1, max-image-preview:large, max-video-preview:-1\" \/>\n<meta property=\"og:locale\" content=\"pt_PT\" \/>\n<meta property=\"og:type\" content=\"article\" \/>\n<meta property=\"og:title\" content=\"Livro in\u00e9dito de Ant\u00f3nio Lobo Antunes sai em abril - Portal Tela Portugal\" \/>\n<meta property=\"og:description\" content=\"A Dom Quixote anunciou a publica\u00e7\u00e3o em abril de um in\u00e9dito de Ant\u00f3nio Lobo Antunes, intitulado &quot;Poemas&quot;. O livro re\u00fane poemas que o escritor escreveu ao longo da vida e que n\u00e3o tinham sido publicados em vida. Ant\u00f3nio Lobo Antunes morreu na quinta-feira aos 83 anos, em Lisboa. A editora afirma que a publica\u00e7\u00e3o refor\u00e7a o compromisso de continuar a promover a obra de um dos maiores nomes da literatura portuguesa. O autor nasceu em Lisboa, em 1942, licenciou-se em Medicina em 1969 e ficou conhecido pela presen\u00e7a da guerra colonial e de Portugal nas suas obras.\" \/>\n<meta property=\"og:url\" content=\"https:\/\/portaltela.pt\/noticias\/2026\/03\/05\/livro-inedito-de-antonio-lobo-antunes-sai-em-abril\/\" \/>\n<meta property=\"og:site_name\" content=\"Portal Tela Portugal\" \/>\n<meta property=\"article:published_time\" content=\"2026-03-05T12:34:54+00:00\" \/>\n<meta name=\"author\" content=\"Telinha\" \/>\n<meta name=\"twitter:card\" content=\"summary_large_image\" \/>\n<meta name=\"twitter:label1\" content=\"Escrito por\" \/>\n\t<meta name=\"twitter:data1\" content=\"Telinha\" \/>\n\t<meta name=\"twitter:label2\" content=\"Tempo estimado de leitura\" \/>\n\t<meta name=\"twitter:data2\" content=\"1 minuto\" \/>\n<script type=\"application\/ld+json\" class=\"yoast-schema-graph\">{\"@context\":\"https:\/\/schema.org\",\"@graph\":[{\"@type\":\"Article\",\"@id\":\"https:\/\/portaltela.pt\/noticias\/2026\/03\/05\/livro-inedito-de-antonio-lobo-antunes-sai-em-abril\/#article\",\"isPartOf\":{\"@id\":\"https:\/\/portaltela.pt\/noticias\/2026\/03\/05\/livro-inedito-de-antonio-lobo-antunes-sai-em-abril\/\"},\"author\":{\"name\":\"Telinha\",\"@id\":\"https:\/\/portaltela.pt\/#\/schema\/person\/c4278d4a6028830caff9ee44b42d32ed\"},\"headline\":\"Livro in\u00e9dito de Ant\u00f3nio Lobo Antunes sai em abril\",\"datePublished\":\"2026-03-05T12:34:54+00:00\",\"mainEntityOfPage\":{\"@id\":\"https:\/\/portaltela.pt\/noticias\/2026\/03\/05\/livro-inedito-de-antonio-lobo-antunes-sai-em-abril\/\"},\"wordCount\":193,\"image\":{\"@id\":\"https:\/\/portaltela.pt\/noticias\/2026\/03\/05\/livro-inedito-de-antonio-lobo-antunes-sai-em-abril\/#primaryimage\"},\"thumbnailUrl\":\"https:\/\/portaltela.pt\/s.01k8rhncp4jt1\/2026\/03\/img_1500x1000uu2026-03-05-12-34-00-2270528.jpg\",\"keywords\":[\"Angola\",\"guerra\",\"Lisboa\",\"literatura\",\"poesia\",\"Pr\u00e9mio Cam\u00f5es\"],\"articleSection\":[\"Not\u00edcias\"],\"inLanguage\":\"pt-PT\"},{\"@type\":\"WebPage\",\"@id\":\"https:\/\/portaltela.pt\/noticias\/2026\/03\/05\/livro-inedito-de-antonio-lobo-antunes-sai-em-abril\/\",\"url\":\"https:\/\/portaltela.pt\/noticias\/2026\/03\/05\/livro-inedito-de-antonio-lobo-antunes-sai-em-abril\/\",\"name\":\"Livro in\u00e9dito de Ant\u00f3nio Lobo Antunes sai em abril - Portal Tela Portugal\",\"isPartOf\":{\"@id\":\"https:\/\/portaltela.pt\/#website\"},\"primaryImageOfPage\":{\"@id\":\"https:\/\/portaltela.pt\/noticias\/2026\/03\/05\/livro-inedito-de-antonio-lobo-antunes-sai-em-abril\/#primaryimage\"},\"image\":{\"@id\":\"https:\/\/portaltela.pt\/noticias\/2026\/03\/05\/livro-inedito-de-antonio-lobo-antunes-sai-em-abril\/#primaryimage\"},\"thumbnailUrl\":\"https:\/\/portaltela.pt\/s.01k8rhncp4jt1\/2026\/03\/img_1500x1000uu2026-03-05-12-34-00-2270528.jpg\",\"datePublished\":\"2026-03-05T12:34:54+00:00\",\"author\":{\"@id\":\"https:\/\/portaltela.pt\/#\/schema\/person\/c4278d4a6028830caff9ee44b42d32ed\"},\"breadcrumb\":{\"@id\":\"https:\/\/portaltela.pt\/noticias\/2026\/03\/05\/livro-inedito-de-antonio-lobo-antunes-sai-em-abril\/#breadcrumb\"},\"inLanguage\":\"pt-PT\",\"potentialAction\":[{\"@type\":\"ReadAction\",\"target\":[\"https:\/\/portaltela.pt\/noticias\/2026\/03\/05\/livro-inedito-de-antonio-lobo-antunes-sai-em-abril\/\"]}]},{\"@type\":\"ImageObject\",\"inLanguage\":\"pt-PT\",\"@id\":\"https:\/\/portaltela.pt\/noticias\/2026\/03\/05\/livro-inedito-de-antonio-lobo-antunes-sai-em-abril\/#primaryimage\",\"url\":\"https:\/\/portaltela.pt\/s.01k8rhncp4jt1\/2026\/03\/img_1500x1000uu2026-03-05-12-34-00-2270528.jpg\",\"contentUrl\":\"https:\/\/portaltela.pt\/s.01k8rhncp4jt1\/2026\/03\/img_1500x1000uu2026-03-05-12-34-00-2270528.jpg\",\"width\":796,\"height\":448,\"caption\":\"Ant\u00f3nio Lobo Antunes\"},{\"@type\":\"BreadcrumbList\",\"@id\":\"https:\/\/portaltela.pt\/noticias\/2026\/03\/05\/livro-inedito-de-antonio-lobo-antunes-sai-em-abril\/#breadcrumb\",\"itemListElement\":[{\"@type\":\"ListItem\",\"position\":1,\"name\":\"In\u00edcio\",\"item\":\"https:\/\/portaltela.pt\/\"},{\"@type\":\"ListItem\",\"position\":2,\"name\":\"Livro in\u00e9dito de Ant\u00f3nio Lobo Antunes sai em abril\"}]},{\"@type\":\"WebSite\",\"@id\":\"https:\/\/portaltela.pt\/#website\",\"url\":\"https:\/\/portaltela.pt\/\",\"name\":\"Portal Tela Portugal\",\"description\":\"\",\"potentialAction\":[{\"@type\":\"SearchAction\",\"target\":{\"@type\":\"EntryPoint\",\"urlTemplate\":\"https:\/\/portaltela.pt\/?s={search_term_string}\"},\"query-input\":{\"@type\":\"PropertyValueSpecification\",\"valueRequired\":true,\"valueName\":\"search_term_string\"}}],\"inLanguage\":\"pt-PT\"},{\"@type\":\"Person\",\"@id\":\"https:\/\/portaltela.pt\/#\/schema\/person\/c4278d4a6028830caff9ee44b42d32ed\",\"name\":\"Telinha\",\"image\":{\"@type\":\"ImageObject\",\"inLanguage\":\"pt-PT\",\"@id\":\"https:\/\/portaltela.pt\/s.01k8rhncp4jt1\/2025\/11\/talking-bot-125x125.png\",\"url\":\"https:\/\/portaltela.pt\/s.01k8rhncp4jt1\/2025\/11\/talking-bot-125x125.png\",\"contentUrl\":\"https:\/\/portaltela.pt\/s.01k8rhncp4jt1\/2025\/11\/talking-bot-125x125.png\",\"caption\":\"Telinha\"},\"sameAs\":[\"https:\/\/portaltela.pt\/\"],\"url\":\"https:\/\/portaltela.pt\/por\/367410592786\/\"}]}<\/script>\n<!-- \/ Yoast SEO plugin. -->","yoast_head_json":{"title":"Livro in\u00e9dito de Ant\u00f3nio Lobo Antunes sai em abril - Portal Tela Portugal","robots":{"index":"index","follow":"follow","max-snippet":"max-snippet:-1","max-image-preview":"max-image-preview:large","max-video-preview":"max-video-preview:-1"},"og_locale":"pt_PT","og_type":"article","og_title":"Livro in\u00e9dito de Ant\u00f3nio Lobo Antunes sai em abril - Portal Tela Portugal","og_description":"A Dom Quixote anunciou a publica\u00e7\u00e3o em abril de um in\u00e9dito de Ant\u00f3nio Lobo Antunes, intitulado \"Poemas\". O livro re\u00fane poemas que o escritor escreveu ao longo da vida e que n\u00e3o tinham sido publicados em vida. Ant\u00f3nio Lobo Antunes morreu na quinta-feira aos 83 anos, em Lisboa. A editora afirma que a publica\u00e7\u00e3o refor\u00e7a o compromisso de continuar a promover a obra de um dos maiores nomes da literatura portuguesa. O autor nasceu em Lisboa, em 1942, licenciou-se em Medicina em 1969 e ficou conhecido pela presen\u00e7a da guerra colonial e de Portugal nas suas obras.","og_url":"https:\/\/portaltela.pt\/noticias\/2026\/03\/05\/livro-inedito-de-antonio-lobo-antunes-sai-em-abril\/","og_site_name":"Portal Tela Portugal","article_published_time":"2026-03-05T12:34:54+00:00","author":"Telinha","twitter_card":"summary_large_image","twitter_misc":{"Escrito por":"Telinha","Tempo estimado de leitura":"1 minuto"},"schema":{"@context":"https:\/\/schema.org","@graph":[{"@type":"Article","@id":"https:\/\/portaltela.pt\/noticias\/2026\/03\/05\/livro-inedito-de-antonio-lobo-antunes-sai-em-abril\/#article","isPartOf":{"@id":"https:\/\/portaltela.pt\/noticias\/2026\/03\/05\/livro-inedito-de-antonio-lobo-antunes-sai-em-abril\/"},"author":{"name":"Telinha","@id":"https:\/\/portaltela.pt\/#\/schema\/person\/c4278d4a6028830caff9ee44b42d32ed"},"headline":"Livro in\u00e9dito de Ant\u00f3nio Lobo Antunes sai em abril","datePublished":"2026-03-05T12:34:54+00:00","mainEntityOfPage":{"@id":"https:\/\/portaltela.pt\/noticias\/2026\/03\/05\/livro-inedito-de-antonio-lobo-antunes-sai-em-abril\/"},"wordCount":193,"image":{"@id":"https:\/\/portaltela.pt\/noticias\/2026\/03\/05\/livro-inedito-de-antonio-lobo-antunes-sai-em-abril\/#primaryimage"},"thumbnailUrl":"https:\/\/portaltela.pt\/s.01k8rhncp4jt1\/2026\/03\/img_1500x1000uu2026-03-05-12-34-00-2270528.jpg","keywords":["Angola","guerra","Lisboa","literatura","poesia","Pr\u00e9mio Cam\u00f5es"],"articleSection":["Not\u00edcias"],"inLanguage":"pt-PT"},{"@type":"WebPage","@id":"https:\/\/portaltela.pt\/noticias\/2026\/03\/05\/livro-inedito-de-antonio-lobo-antunes-sai-em-abril\/","url":"https:\/\/portaltela.pt\/noticias\/2026\/03\/05\/livro-inedito-de-antonio-lobo-antunes-sai-em-abril\/","name":"Livro in\u00e9dito de Ant\u00f3nio Lobo Antunes sai em abril - Portal Tela Portugal","isPartOf":{"@id":"https:\/\/portaltela.pt\/#website"},"primaryImageOfPage":{"@id":"https:\/\/portaltela.pt\/noticias\/2026\/03\/05\/livro-inedito-de-antonio-lobo-antunes-sai-em-abril\/#primaryimage"},"image":{"@id":"https:\/\/portaltela.pt\/noticias\/2026\/03\/05\/livro-inedito-de-antonio-lobo-antunes-sai-em-abril\/#primaryimage"},"thumbnailUrl":"https:\/\/portaltela.pt\/s.01k8rhncp4jt1\/2026\/03\/img_1500x1000uu2026-03-05-12-34-00-2270528.jpg","datePublished":"2026-03-05T12:34:54+00:00","author":{"@id":"https:\/\/portaltela.pt\/#\/schema\/person\/c4278d4a6028830caff9ee44b42d32ed"},"breadcrumb":{"@id":"https:\/\/portaltela.pt\/noticias\/2026\/03\/05\/livro-inedito-de-antonio-lobo-antunes-sai-em-abril\/#breadcrumb"},"inLanguage":"pt-PT","potentialAction":[{"@type":"ReadAction","target":["https:\/\/portaltela.pt\/noticias\/2026\/03\/05\/livro-inedito-de-antonio-lobo-antunes-sai-em-abril\/"]}]},{"@type":"ImageObject","inLanguage":"pt-PT","@id":"https:\/\/portaltela.pt\/noticias\/2026\/03\/05\/livro-inedito-de-antonio-lobo-antunes-sai-em-abril\/#primaryimage","url":"https:\/\/portaltela.pt\/s.01k8rhncp4jt1\/2026\/03\/img_1500x1000uu2026-03-05-12-34-00-2270528.jpg","contentUrl":"https:\/\/portaltela.pt\/s.01k8rhncp4jt1\/2026\/03\/img_1500x1000uu2026-03-05-12-34-00-2270528.jpg","width":796,"height":448,"caption":"Ant\u00f3nio Lobo Antunes"},{"@type":"BreadcrumbList","@id":"https:\/\/portaltela.pt\/noticias\/2026\/03\/05\/livro-inedito-de-antonio-lobo-antunes-sai-em-abril\/#breadcrumb","itemListElement":[{"@type":"ListItem","position":1,"name":"In\u00edcio","item":"https:\/\/portaltela.pt\/"},{"@type":"ListItem","position":2,"name":"Livro in\u00e9dito de Ant\u00f3nio Lobo Antunes sai em abril"}]},{"@type":"WebSite","@id":"https:\/\/portaltela.pt\/#website","url":"https:\/\/portaltela.pt\/","name":"Portal Tela Portugal","description":"","potentialAction":[{"@type":"SearchAction","target":{"@type":"EntryPoint","urlTemplate":"https:\/\/portaltela.pt\/?s={search_term_string}"},"query-input":{"@type":"PropertyValueSpecification","valueRequired":true,"valueName":"search_term_string"}}],"inLanguage":"pt-PT"},{"@type":"Person","@id":"https:\/\/portaltela.pt\/#\/schema\/person\/c4278d4a6028830caff9ee44b42d32ed","name":"Telinha","image":{"@type":"ImageObject","inLanguage":"pt-PT","@id":"https:\/\/portaltela.pt\/s.01k8rhncp4jt1\/2025\/11\/talking-bot-125x125.png","url":"https:\/\/portaltela.pt\/s.01k8rhncp4jt1\/2025\/11\/talking-bot-125x125.png","contentUrl":"https:\/\/portaltela.pt\/s.01k8rhncp4jt1\/2025\/11\/talking-bot-125x125.png","caption":"Telinha"},"sameAs":["https:\/\/portaltela.pt\/"],"url":"https:\/\/portaltela.pt\/por\/367410592786\/"}]}},"_links":{"self":[{"href":"https:\/\/portaltela.pt\/api\/wp\/v2\/posts\/398523","targetHints":{"allow":["GET"]}}],"collection":[{"href":"https:\/\/portaltela.pt\/api\/wp\/v2\/posts"}],"about":[{"href":"https:\/\/portaltela.pt\/api\/wp\/v2\/types\/post"}],"author":[{"embeddable":true,"href":"https:\/\/portaltela.pt\/api\/wp\/v2\/users\/2"}],"replies":[{"embeddable":true,"href":"https:\/\/portaltela.pt\/api\/wp\/v2\/comments?post=398523"}],"version-history":[{"count":0,"href":"https:\/\/portaltela.pt\/api\/wp\/v2\/posts\/398523\/revisions"}],"wp:featuredmedia":[{"embeddable":true,"href":"https:\/\/portaltela.pt\/api\/wp\/v2\/media\/398531"}],"wp:attachment":[{"href":"https:\/\/portaltela.pt\/api\/wp\/v2\/media?parent=398523"}],"wp:term":[{"taxonomy":"category","embeddable":true,"href":"https:\/\/portaltela.pt\/api\/wp\/v2\/categories?post=398523"},{"taxonomy":"post_tag","embeddable":true,"href":"https:\/\/portaltela.pt\/api\/wp\/v2\/tags?post=398523"}],"curies":[{"name":"wp","href":"https:\/\/api.w.org\/{rel}","templated":true}]}}