{"id":398501,"date":"2026-03-05T09:10:00","date_gmt":"2026-03-05T12:10:00","guid":{"rendered":"https:\/\/portaltela.pt\/noticias\/2026\/03\/05\/marcas-de-luxo-fecham-lojas-no-oriente-medio-devido-ao-conflito\/"},"modified":"2026-03-05T09:10:00","modified_gmt":"2026-03-05T12:10:00","slug":"marcas-de-luxo-fecham-lojas-no-oriente-medio-devido-ao-conflito","status":"publish","type":"post","link":"https:\/\/portaltela.pt\/noticias\/economia\/2026\/03\/05\/marcas-de-luxo-fecham-lojas-no-oriente-medio-devido-ao-conflito\/","title":{"rendered":"Marcas de luxo fecham lojas no Oriente M\u00e9dio devido ao conflito"},"content":{"rendered":"<p>Duas a tr\u00eas par\u00e1grafos iniciais de contexto sobre o sinal de alerta econ\u00f3mico no M\u00e9dio Oriente, derivado do aumento do conflito entre EUA, Israel e Ir\u00e3o. As principais zonas comerciais ficaram com lojas fechadas ou com equipas reduzidas, refletindo a incerteza e as restri\u00e7\u00f5es de viagem que se propagam pela regi\u00e3o.<\/p>\n<p>O que aconteceu<\/p>\n<p>Lojas de marcas de luxo em grandes centros comerciais do M\u00e9dio Oriente, incluindo Dubai, fecharam ou reduziram o quadro de funcion\u00e1rios devido ao aumento da tens\u00e3o militar na regi\u00e3o. O registo de fechamentos e quedas de atividades estende-se a exemplos de Riyadh, Bahrain e Doha, com opera\u00e7\u00f5es a funcionar em modo conting\u00eancia.<\/p>\n<p>Quem est\u00e1 envolvido<\/p>\n<p>O Chalhoub Group, que gere cerca de 900 lojas de marcas como Versace, Jimmy Choo e Sephora, confirmou fechamentos tempor\u00e1rios no Bahrein, mantendo opera\u00e7\u00f5es em outros mercados com equipas volunt\u00e1rias. A Kering, propriet\u00e1ria da Gucci, reportou encerramentos tempor\u00e1rios das lojas nos Emirados, Kuwait, Bahrein e Qatar, e suspendeu viagens para o M\u00e9dio Oriente.<\/p>\n<p>Quando e onde<\/p>\n<p>As altera\u00e7\u00f5es come\u00e7aram a ser sentidas na sequ\u00eancia da escalada desde segunda-feira, com efeitos percept\u00edveis no Dubai Mall e no Mall of the Emirates. Institui\u00e7\u00f5es internacionais mant\u00eam visitas de lideran\u00e7a para monitorizar a situa\u00e7\u00e3o e o bem-estar dos trabalhadores no terreno.<\/p>\n<p>Porqu\u00ea<\/p>\n<p>As medidas refletem a necessidade de reduzir riscos operacionais face a aeroportos fechados, interrup\u00e7\u00e3o do fluxo tur\u00edstico e poss\u00edveis impactos nos transportes. Comerciantes do sector de luxo destacam a possibilidade de perdas significativas caso a instabilidade persista e o turismo permane\u00e7a limitado.<\/p>\n<p>Impacto econ\u00f3mico e perspetivas<\/p>\n<p>As a\u00e7\u00f5es de LVMH, Herm\u00e8s e Richemont desvalorizaram entre 4% e 6,5% na bolsa, refletindo receios sobre impactos no segmento de luxo. Analistas apontam que o M\u00e9dio Oriente representa entre 5% e 10% dos gastos globais em luxo, com o turismo sendo um motor importante para a regi\u00e3o.<\/p>\n<p>Investimentos e respostas setoriais<\/p>\n<p>Mesmo diante da crise, alguns investimentos continuam: Cartier e Richemont mant\u00eam inaugura\u00e7\u00f5es e exibi\u00e7\u00f5es na regi\u00e3o, enquanto marcas como Louis Vuitton intensificam a\u00e7\u00f5es promocionais. A Primark anunciou planos para abrir lojas no Dubai, dando continuidade a investimentos, apesar do contexto vol\u00e1til.<\/p>\n<p>Notas sobre o turismo e viagens<\/p>\n<p>O fechamento tempor\u00e1rio de aeroportos e a incerteza prolongada reduzem o fluxo tur\u00edstico para o M\u00e9dio Oriente, o que pode afetar cadeia de abastecimento do retail de alto luxo. Especialistas estimam que um encerramento de um m\u00eas no mercado regional possa implicar perdas substanciais.<\/p>\n","protected":false},"excerpt":{"rendered":"<ul>\n<li>Marcas de luxo fecharam ou reduziram opera\u00e7\u00f5es no M\u00e9dio Oriente devido ao agravamento do conflito, com lojas em Dubai e outros centros a funcionar com equipas reduzidas.<\/li>\n<li>O Chalhoub Group, que gere lojas de Versace, Jimmy Choo e Sephora, confirmou encerramento das lojas no Bahrein, mantendo as dos Emirados \u00c1rabes Unidos, Ar\u00e1bia Saudita e Jord\u00e2nia com equipas volunt\u00e1rias.<\/li>\n<li>A Kering disse que as lojas da Gucci foram temporariamente encerradas nos Emirados \u00c1rabes Unidos, Kuwait, Bahrein e Qatar, e que as viagens para o M\u00e9dio Oriente foram suspensas.<\/li>\n<li>As ac\u00e7\u00f5es de LVMH, Herm\u00e8s e Richemont ca\u00edram entre quatro e seis e meio por cento, refletindo impactos do conflito nas perspetivas do sector de luxo.<\/li>\n<li>O M\u00e9dio Oriente atrai investimentos e turismo, mas os aeroportos fechados e os ataques devem reduzir fluxos de viajantes; alguns grupos, como Primark, planeiam abrir lojas na regi\u00e3o, enquanto marcas como Apple e H&amp;M mant\u00eam ou ajustam opera\u00e7\u00f5es.<\/li>\n<\/ul>\n","protected":false},"author":2,"featured_media":398516,"comment_status":"closed","ping_status":"closed","sticky":false,"template":"","format":"standard","meta":{"footnotes":""},"categories":[2,1],"tags":[6115,244,3861,316,5530,169],"class_list":["post-398501","post","type-post","status-publish","format-standard","has-post-thumbnail","hentry","category-economia","category-noticias","tag-_economia","tag-comercio","tag-economia-internacional","tag-investimento","tag-investimentos-internacionais","tag-turismo"],"yoast_head":"<!-- This site is optimized with the Yoast SEO plugin v27.2 - https:\/\/yoast.com\/product\/yoast-seo-wordpress\/ -->\n<title>Marcas de luxo fecham lojas no Oriente M\u00e9dio devido ao conflito - Portal Tela Portugal<\/title>\n<meta name=\"robots\" content=\"index, follow, max-snippet:-1, max-image-preview:large, max-video-preview:-1\" \/>\n<meta property=\"og:locale\" content=\"pt_PT\" \/>\n<meta property=\"og:type\" content=\"article\" \/>\n<meta property=\"og:title\" content=\"Marcas de luxo fecham lojas no Oriente M\u00e9dio devido ao conflito - Portal Tela Portugal\" \/>\n<meta property=\"og:description\" content=\"Marcas de luxo fecharam ou reduziram opera\u00e7\u00f5es no M\u00e9dio Oriente devido ao agravamento do conflito, com lojas em Dubai e outros centros a funcionar com equipas reduzidas. O Chalhoub Group, que gere lojas de Versace, Jimmy Choo e Sephora, confirmou encerramento das lojas no Bahrein, mantendo as dos Emirados \u00c1rabes Unidos, Ar\u00e1bia Saudita e Jord\u00e2nia com equipas volunt\u00e1rias. A Kering disse que as lojas da Gucci foram temporariamente encerradas nos Emirados \u00c1rabes Unidos, Kuwait, Bahrein e Qatar, e que as viagens para o M\u00e9dio Oriente foram suspensas. As ac\u00e7\u00f5es de LVMH, Herm\u00e8s e Richemont ca\u00edram entre quatro e seis e meio por cento, refletindo impactos do conflito nas perspetivas do sector de luxo. O M\u00e9dio Oriente atrai investimentos e turismo, mas os aeroportos fechados e os ataques devem reduzir fluxos de viajantes; alguns grupos, como Primark, planeiam abrir lojas na regi\u00e3o, enquanto marcas como Apple e H&amp;M mant\u00eam ou ajustam opera\u00e7\u00f5es.\" \/>\n<meta property=\"og:url\" content=\"https:\/\/portaltela.pt\/noticias\/2026\/03\/05\/marcas-de-luxo-fecham-lojas-no-oriente-medio-devido-ao-conflito\/\" \/>\n<meta property=\"og:site_name\" content=\"Portal Tela Portugal\" \/>\n<meta property=\"article:published_time\" content=\"2026-03-05T12:10:00+00:00\" \/>\n<meta name=\"author\" content=\"Telinha\" \/>\n<meta name=\"twitter:card\" content=\"summary_large_image\" \/>\n<meta name=\"twitter:label1\" content=\"Escrito por\" \/>\n\t<meta name=\"twitter:data1\" content=\"Telinha\" \/>\n\t<meta name=\"twitter:label2\" content=\"Tempo estimado de leitura\" \/>\n\t<meta name=\"twitter:data2\" content=\"2 minutos\" \/>\n<script type=\"application\/ld+json\" class=\"yoast-schema-graph\">{\"@context\":\"https:\/\/schema.org\",\"@graph\":[{\"@type\":\"Article\",\"@id\":\"https:\/\/portaltela.pt\/noticias\/2026\/03\/05\/marcas-de-luxo-fecham-lojas-no-oriente-medio-devido-ao-conflito\/#article\",\"isPartOf\":{\"@id\":\"https:\/\/portaltela.pt\/noticias\/2026\/03\/05\/marcas-de-luxo-fecham-lojas-no-oriente-medio-devido-ao-conflito\/\"},\"author\":{\"name\":\"Telinha\",\"@id\":\"https:\/\/portaltela.pt\/#\/schema\/person\/c4278d4a6028830caff9ee44b42d32ed\"},\"headline\":\"Marcas de luxo fecham lojas no Oriente M\u00e9dio devido ao conflito\",\"datePublished\":\"2026-03-05T12:10:00+00:00\",\"mainEntityOfPage\":{\"@id\":\"https:\/\/portaltela.pt\/noticias\/2026\/03\/05\/marcas-de-luxo-fecham-lojas-no-oriente-medio-devido-ao-conflito\/\"},\"wordCount\":449,\"image\":{\"@id\":\"https:\/\/portaltela.pt\/noticias\/2026\/03\/05\/marcas-de-luxo-fecham-lojas-no-oriente-medio-devido-ao-conflito\/#primaryimage\"},\"thumbnailUrl\":\"https:\/\/portaltela.pt\/s.01k8rhncp4jt1\/2026\/03\/2071979.jpg\",\"keywords\":[\"_economia\",\"com\u00e9rcio\",\"economia internacional\",\"investimento\",\"investimentos internacionais\",\"turismo\"],\"articleSection\":[\"Economia\",\"Not\u00edcias\"],\"inLanguage\":\"pt-PT\"},{\"@type\":\"WebPage\",\"@id\":\"https:\/\/portaltela.pt\/noticias\/2026\/03\/05\/marcas-de-luxo-fecham-lojas-no-oriente-medio-devido-ao-conflito\/\",\"url\":\"https:\/\/portaltela.pt\/noticias\/2026\/03\/05\/marcas-de-luxo-fecham-lojas-no-oriente-medio-devido-ao-conflito\/\",\"name\":\"Marcas de luxo fecham lojas no Oriente M\u00e9dio devido ao conflito - Portal Tela Portugal\",\"isPartOf\":{\"@id\":\"https:\/\/portaltela.pt\/#website\"},\"primaryImageOfPage\":{\"@id\":\"https:\/\/portaltela.pt\/noticias\/2026\/03\/05\/marcas-de-luxo-fecham-lojas-no-oriente-medio-devido-ao-conflito\/#primaryimage\"},\"image\":{\"@id\":\"https:\/\/portaltela.pt\/noticias\/2026\/03\/05\/marcas-de-luxo-fecham-lojas-no-oriente-medio-devido-ao-conflito\/#primaryimage\"},\"thumbnailUrl\":\"https:\/\/portaltela.pt\/s.01k8rhncp4jt1\/2026\/03\/2071979.jpg\",\"datePublished\":\"2026-03-05T12:10:00+00:00\",\"author\":{\"@id\":\"https:\/\/portaltela.pt\/#\/schema\/person\/c4278d4a6028830caff9ee44b42d32ed\"},\"breadcrumb\":{\"@id\":\"https:\/\/portaltela.pt\/noticias\/2026\/03\/05\/marcas-de-luxo-fecham-lojas-no-oriente-medio-devido-ao-conflito\/#breadcrumb\"},\"inLanguage\":\"pt-PT\",\"potentialAction\":[{\"@type\":\"ReadAction\",\"target\":[\"https:\/\/portaltela.pt\/noticias\/2026\/03\/05\/marcas-de-luxo-fecham-lojas-no-oriente-medio-devido-ao-conflito\/\"]}]},{\"@type\":\"ImageObject\",\"inLanguage\":\"pt-PT\",\"@id\":\"https:\/\/portaltela.pt\/noticias\/2026\/03\/05\/marcas-de-luxo-fecham-lojas-no-oriente-medio-devido-ao-conflito\/#primaryimage\",\"url\":\"https:\/\/portaltela.pt\/s.01k8rhncp4jt1\/2026\/03\/2071979.jpg\",\"contentUrl\":\"https:\/\/portaltela.pt\/s.01k8rhncp4jt1\/2026\/03\/2071979.jpg\",\"width\":796,\"height\":448,\"caption\":\"Pessoas no Dubai Mall, no in\u00edcio da semana, depois de o conflito ter come\u00e7ado\"},{\"@type\":\"BreadcrumbList\",\"@id\":\"https:\/\/portaltela.pt\/noticias\/2026\/03\/05\/marcas-de-luxo-fecham-lojas-no-oriente-medio-devido-ao-conflito\/#breadcrumb\",\"itemListElement\":[{\"@type\":\"ListItem\",\"position\":1,\"name\":\"In\u00edcio\",\"item\":\"https:\/\/portaltela.pt\/\"},{\"@type\":\"ListItem\",\"position\":2,\"name\":\"Marcas de luxo fecham lojas no Oriente M\u00e9dio devido ao conflito\"}]},{\"@type\":\"WebSite\",\"@id\":\"https:\/\/portaltela.pt\/#website\",\"url\":\"https:\/\/portaltela.pt\/\",\"name\":\"Portal Tela Portugal\",\"description\":\"\",\"potentialAction\":[{\"@type\":\"SearchAction\",\"target\":{\"@type\":\"EntryPoint\",\"urlTemplate\":\"https:\/\/portaltela.pt\/?s={search_term_string}\"},\"query-input\":{\"@type\":\"PropertyValueSpecification\",\"valueRequired\":true,\"valueName\":\"search_term_string\"}}],\"inLanguage\":\"pt-PT\"},{\"@type\":\"Person\",\"@id\":\"https:\/\/portaltela.pt\/#\/schema\/person\/c4278d4a6028830caff9ee44b42d32ed\",\"name\":\"Telinha\",\"image\":{\"@type\":\"ImageObject\",\"inLanguage\":\"pt-PT\",\"@id\":\"https:\/\/portaltela.pt\/s.01k8rhncp4jt1\/2025\/11\/talking-bot-125x125.png\",\"url\":\"https:\/\/portaltela.pt\/s.01k8rhncp4jt1\/2025\/11\/talking-bot-125x125.png\",\"contentUrl\":\"https:\/\/portaltela.pt\/s.01k8rhncp4jt1\/2025\/11\/talking-bot-125x125.png\",\"caption\":\"Telinha\"},\"sameAs\":[\"https:\/\/portaltela.pt\/\"],\"url\":\"https:\/\/portaltela.pt\/por\/367410592786\/\"}]}<\/script>\n<!-- \/ Yoast SEO plugin. -->","yoast_head_json":{"title":"Marcas de luxo fecham lojas no Oriente M\u00e9dio devido ao conflito - Portal Tela Portugal","robots":{"index":"index","follow":"follow","max-snippet":"max-snippet:-1","max-image-preview":"max-image-preview:large","max-video-preview":"max-video-preview:-1"},"og_locale":"pt_PT","og_type":"article","og_title":"Marcas de luxo fecham lojas no Oriente M\u00e9dio devido ao conflito - Portal Tela Portugal","og_description":"Marcas de luxo fecharam ou reduziram opera\u00e7\u00f5es no M\u00e9dio Oriente devido ao agravamento do conflito, com lojas em Dubai e outros centros a funcionar com equipas reduzidas. O Chalhoub Group, que gere lojas de Versace, Jimmy Choo e Sephora, confirmou encerramento das lojas no Bahrein, mantendo as dos Emirados \u00c1rabes Unidos, Ar\u00e1bia Saudita e Jord\u00e2nia com equipas volunt\u00e1rias. A Kering disse que as lojas da Gucci foram temporariamente encerradas nos Emirados \u00c1rabes Unidos, Kuwait, Bahrein e Qatar, e que as viagens para o M\u00e9dio Oriente foram suspensas. As ac\u00e7\u00f5es de LVMH, Herm\u00e8s e Richemont ca\u00edram entre quatro e seis e meio por cento, refletindo impactos do conflito nas perspetivas do sector de luxo. O M\u00e9dio Oriente atrai investimentos e turismo, mas os aeroportos fechados e os ataques devem reduzir fluxos de viajantes; alguns grupos, como Primark, planeiam abrir lojas na regi\u00e3o, enquanto marcas como Apple e H&amp;M mant\u00eam ou ajustam opera\u00e7\u00f5es.","og_url":"https:\/\/portaltela.pt\/noticias\/2026\/03\/05\/marcas-de-luxo-fecham-lojas-no-oriente-medio-devido-ao-conflito\/","og_site_name":"Portal Tela Portugal","article_published_time":"2026-03-05T12:10:00+00:00","author":"Telinha","twitter_card":"summary_large_image","twitter_misc":{"Escrito por":"Telinha","Tempo estimado de leitura":"2 minutos"},"schema":{"@context":"https:\/\/schema.org","@graph":[{"@type":"Article","@id":"https:\/\/portaltela.pt\/noticias\/2026\/03\/05\/marcas-de-luxo-fecham-lojas-no-oriente-medio-devido-ao-conflito\/#article","isPartOf":{"@id":"https:\/\/portaltela.pt\/noticias\/2026\/03\/05\/marcas-de-luxo-fecham-lojas-no-oriente-medio-devido-ao-conflito\/"},"author":{"name":"Telinha","@id":"https:\/\/portaltela.pt\/#\/schema\/person\/c4278d4a6028830caff9ee44b42d32ed"},"headline":"Marcas de luxo fecham lojas no Oriente M\u00e9dio devido ao conflito","datePublished":"2026-03-05T12:10:00+00:00","mainEntityOfPage":{"@id":"https:\/\/portaltela.pt\/noticias\/2026\/03\/05\/marcas-de-luxo-fecham-lojas-no-oriente-medio-devido-ao-conflito\/"},"wordCount":449,"image":{"@id":"https:\/\/portaltela.pt\/noticias\/2026\/03\/05\/marcas-de-luxo-fecham-lojas-no-oriente-medio-devido-ao-conflito\/#primaryimage"},"thumbnailUrl":"https:\/\/portaltela.pt\/s.01k8rhncp4jt1\/2026\/03\/2071979.jpg","keywords":["_economia","com\u00e9rcio","economia internacional","investimento","investimentos internacionais","turismo"],"articleSection":["Economia","Not\u00edcias"],"inLanguage":"pt-PT"},{"@type":"WebPage","@id":"https:\/\/portaltela.pt\/noticias\/2026\/03\/05\/marcas-de-luxo-fecham-lojas-no-oriente-medio-devido-ao-conflito\/","url":"https:\/\/portaltela.pt\/noticias\/2026\/03\/05\/marcas-de-luxo-fecham-lojas-no-oriente-medio-devido-ao-conflito\/","name":"Marcas de luxo fecham lojas no Oriente M\u00e9dio devido ao conflito - Portal Tela Portugal","isPartOf":{"@id":"https:\/\/portaltela.pt\/#website"},"primaryImageOfPage":{"@id":"https:\/\/portaltela.pt\/noticias\/2026\/03\/05\/marcas-de-luxo-fecham-lojas-no-oriente-medio-devido-ao-conflito\/#primaryimage"},"image":{"@id":"https:\/\/portaltela.pt\/noticias\/2026\/03\/05\/marcas-de-luxo-fecham-lojas-no-oriente-medio-devido-ao-conflito\/#primaryimage"},"thumbnailUrl":"https:\/\/portaltela.pt\/s.01k8rhncp4jt1\/2026\/03\/2071979.jpg","datePublished":"2026-03-05T12:10:00+00:00","author":{"@id":"https:\/\/portaltela.pt\/#\/schema\/person\/c4278d4a6028830caff9ee44b42d32ed"},"breadcrumb":{"@id":"https:\/\/portaltela.pt\/noticias\/2026\/03\/05\/marcas-de-luxo-fecham-lojas-no-oriente-medio-devido-ao-conflito\/#breadcrumb"},"inLanguage":"pt-PT","potentialAction":[{"@type":"ReadAction","target":["https:\/\/portaltela.pt\/noticias\/2026\/03\/05\/marcas-de-luxo-fecham-lojas-no-oriente-medio-devido-ao-conflito\/"]}]},{"@type":"ImageObject","inLanguage":"pt-PT","@id":"https:\/\/portaltela.pt\/noticias\/2026\/03\/05\/marcas-de-luxo-fecham-lojas-no-oriente-medio-devido-ao-conflito\/#primaryimage","url":"https:\/\/portaltela.pt\/s.01k8rhncp4jt1\/2026\/03\/2071979.jpg","contentUrl":"https:\/\/portaltela.pt\/s.01k8rhncp4jt1\/2026\/03\/2071979.jpg","width":796,"height":448,"caption":"Pessoas no Dubai Mall, no in\u00edcio da semana, depois de o conflito ter come\u00e7ado"},{"@type":"BreadcrumbList","@id":"https:\/\/portaltela.pt\/noticias\/2026\/03\/05\/marcas-de-luxo-fecham-lojas-no-oriente-medio-devido-ao-conflito\/#breadcrumb","itemListElement":[{"@type":"ListItem","position":1,"name":"In\u00edcio","item":"https:\/\/portaltela.pt\/"},{"@type":"ListItem","position":2,"name":"Marcas de luxo fecham lojas no Oriente M\u00e9dio devido ao conflito"}]},{"@type":"WebSite","@id":"https:\/\/portaltela.pt\/#website","url":"https:\/\/portaltela.pt\/","name":"Portal Tela Portugal","description":"","potentialAction":[{"@type":"SearchAction","target":{"@type":"EntryPoint","urlTemplate":"https:\/\/portaltela.pt\/?s={search_term_string}"},"query-input":{"@type":"PropertyValueSpecification","valueRequired":true,"valueName":"search_term_string"}}],"inLanguage":"pt-PT"},{"@type":"Person","@id":"https:\/\/portaltela.pt\/#\/schema\/person\/c4278d4a6028830caff9ee44b42d32ed","name":"Telinha","image":{"@type":"ImageObject","inLanguage":"pt-PT","@id":"https:\/\/portaltela.pt\/s.01k8rhncp4jt1\/2025\/11\/talking-bot-125x125.png","url":"https:\/\/portaltela.pt\/s.01k8rhncp4jt1\/2025\/11\/talking-bot-125x125.png","contentUrl":"https:\/\/portaltela.pt\/s.01k8rhncp4jt1\/2025\/11\/talking-bot-125x125.png","caption":"Telinha"},"sameAs":["https:\/\/portaltela.pt\/"],"url":"https:\/\/portaltela.pt\/por\/367410592786\/"}]}},"_links":{"self":[{"href":"https:\/\/portaltela.pt\/api\/wp\/v2\/posts\/398501","targetHints":{"allow":["GET"]}}],"collection":[{"href":"https:\/\/portaltela.pt\/api\/wp\/v2\/posts"}],"about":[{"href":"https:\/\/portaltela.pt\/api\/wp\/v2\/types\/post"}],"author":[{"embeddable":true,"href":"https:\/\/portaltela.pt\/api\/wp\/v2\/users\/2"}],"replies":[{"embeddable":true,"href":"https:\/\/portaltela.pt\/api\/wp\/v2\/comments?post=398501"}],"version-history":[{"count":0,"href":"https:\/\/portaltela.pt\/api\/wp\/v2\/posts\/398501\/revisions"}],"wp:featuredmedia":[{"embeddable":true,"href":"https:\/\/portaltela.pt\/api\/wp\/v2\/media\/398516"}],"wp:attachment":[{"href":"https:\/\/portaltela.pt\/api\/wp\/v2\/media?parent=398501"}],"wp:term":[{"taxonomy":"category","embeddable":true,"href":"https:\/\/portaltela.pt\/api\/wp\/v2\/categories?post=398501"},{"taxonomy":"post_tag","embeddable":true,"href":"https:\/\/portaltela.pt\/api\/wp\/v2\/tags?post=398501"}],"curies":[{"name":"wp","href":"https:\/\/api.w.org\/{rel}","templated":true}]}}