{"id":398497,"date":"2026-03-05T09:18:15","date_gmt":"2026-03-05T12:18:15","guid":{"rendered":"https:\/\/portaltela.pt\/noticias\/2026\/03\/05\/rui-figueiredo-afirma-que-viagens-ficam-caras-para-portugueses-retidos-pela-guerra\/"},"modified":"2026-03-05T09:18:15","modified_gmt":"2026-03-05T12:18:15","slug":"rui-figueiredo-afirma-que-viagens-ficam-caras-para-portugueses-retidos-pela-guerra","status":"publish","type":"post","link":"https:\/\/portaltela.pt\/noticias\/2026\/03\/05\/rui-figueiredo-afirma-que-viagens-ficam-caras-para-portugueses-retidos-pela-guerra\/","title":{"rendered":"Rui Figueiredo afirma que viagens ficam caras para portugueses retidos pela guerra"},"content":{"rendered":"<p>Rui Figueiredo, comentador do programa Noite das Estrelas, afirma que as viagens de regresso a Portugal est\u00e3o mais caras para portugueses retidos devido \u00e0 guerra em curso. Segundo o apresentador, as companhias a\u00e9reas reajustam os pre\u00e7os para tirar partido da vontade de voltar ao pa\u00eds.<\/p>\n<p>Ele sustenta que as passagens aumentam porque as empresas sabem que os passageiros precisam de regressar com urg\u00eancia. Afirmava ainda que essa pr\u00e1tica aproveita a situa\u00e7\u00e3o de desloca\u00e7\u00e3o imposta pela viol\u00eancia no terreno.<\/p>\n<p>A not\u00edcia, publicada pelo CM Jornal, baseia-se na declara\u00e7\u00e3o do comentador. N\u00e3o foram apresentadas dados oficiais para confirmar a pr\u00e1tica das companhias nem n\u00fameros de aumentos.<\/p>\n<h3>Contexto<\/h3>\n<ul>\n<li>A situa\u00e7\u00e3o envolve cidad\u00e3os portugueses retidos no estrangeiro devido ao conflito, com relev\u00e2ncia para viagens de regresso e custos associados.<\/li>\n<li>O CM Jornal limita-se a reportar a afirma\u00e7\u00e3o de Figueiredo, sem valida\u00e7\u00e3o de terceiros ou dados oficiais.<\/li>\n<\/ul>\n","protected":false},"excerpt":{"rendered":"<ul>\n<li>O comentador Rui Figueiredo, do programa Noite das Estrelas, afirma que as viagens est\u00e3o mais caras para portugueses retidos devido \u00e0 guerra.<\/li>\n<li>Segundo ele, as companhias a\u00e9reas est\u00e3o a colocar os voos mais caros porque sabem que as pessoas querem regressar ao Pa\u00eds.<\/li>\n<li>A declara\u00e7\u00e3o surge no contexto de relatos de portugueses impedidos de voltar devido ao conflito em curso.<\/li>\n<li>A not\u00edcia foi publicada a 5 de mar\u00e7o de 2026 \u00e0s 12:18.<\/li>\n<li>O texto n\u00e3o acrescenta dados adicionais sobre pris\u00f5es ou circunst\u00e2ncias espec\u00edficas dos voos.<\/li>\n<\/ul>\n","protected":false},"author":2,"featured_media":398510,"comment_status":"closed","ping_status":"closed","sticky":false,"template":"","format":"standard","meta":{"footnotes":""},"categories":[1],"tags":[6115,28,62,2944,1014,71],"class_list":["post-398497","post","type-post","status-publish","format-standard","has-post-thumbnail","hentry","category-noticias","tag-_economia","tag-economia","tag-guerra","tag-passagens","tag-portugal","tag-viagens"],"yoast_head":"<!-- This site is optimized with the Yoast SEO plugin v27.2 - https:\/\/yoast.com\/product\/yoast-seo-wordpress\/ -->\n<title>Rui Figueiredo afirma que viagens ficam caras para portugueses retidos pela guerra - Portal Tela Portugal<\/title>\n<meta name=\"robots\" content=\"index, follow, max-snippet:-1, max-image-preview:large, max-video-preview:-1\" \/>\n<meta property=\"og:locale\" content=\"pt_PT\" \/>\n<meta property=\"og:type\" content=\"article\" \/>\n<meta property=\"og:title\" content=\"Rui Figueiredo afirma que viagens ficam caras para portugueses retidos pela guerra - Portal Tela Portugal\" \/>\n<meta property=\"og:description\" content=\"O comentador Rui Figueiredo, do programa Noite das Estrelas, afirma que as viagens est\u00e3o mais caras para portugueses retidos devido \u00e0 guerra. Segundo ele, as companhias a\u00e9reas est\u00e3o a colocar os voos mais caros porque sabem que as pessoas querem regressar ao Pa\u00eds. A declara\u00e7\u00e3o surge no contexto de relatos de portugueses impedidos de voltar devido ao conflito em curso. A not\u00edcia foi publicada a 5 de mar\u00e7o de 2026 \u00e0s 12:18. O texto n\u00e3o acrescenta dados adicionais sobre pris\u00f5es ou circunst\u00e2ncias espec\u00edficas dos voos.\" \/>\n<meta property=\"og:url\" content=\"https:\/\/portaltela.pt\/noticias\/2026\/03\/05\/rui-figueiredo-afirma-que-viagens-ficam-caras-para-portugueses-retidos-pela-guerra\/\" \/>\n<meta property=\"og:site_name\" content=\"Portal Tela Portugal\" \/>\n<meta property=\"article:published_time\" content=\"2026-03-05T12:18:15+00:00\" \/>\n<meta name=\"author\" content=\"Telinha\" \/>\n<meta name=\"twitter:card\" content=\"summary_large_image\" \/>\n<meta name=\"twitter:label1\" content=\"Escrito por\" \/>\n\t<meta name=\"twitter:data1\" content=\"Telinha\" \/>\n\t<meta name=\"twitter:label2\" content=\"Tempo estimado de leitura\" \/>\n\t<meta name=\"twitter:data2\" content=\"1 minuto\" \/>\n<script type=\"application\/ld+json\" class=\"yoast-schema-graph\">{\"@context\":\"https:\/\/schema.org\",\"@graph\":[{\"@type\":\"Article\",\"@id\":\"https:\/\/portaltela.pt\/noticias\/2026\/03\/05\/rui-figueiredo-afirma-que-viagens-ficam-caras-para-portugueses-retidos-pela-guerra\/#article\",\"isPartOf\":{\"@id\":\"https:\/\/portaltela.pt\/noticias\/2026\/03\/05\/rui-figueiredo-afirma-que-viagens-ficam-caras-para-portugueses-retidos-pela-guerra\/\"},\"author\":{\"name\":\"Telinha\",\"@id\":\"https:\/\/portaltela.pt\/#\/schema\/person\/c4278d4a6028830caff9ee44b42d32ed\"},\"headline\":\"Rui Figueiredo afirma que viagens ficam caras para portugueses retidos pela guerra\",\"datePublished\":\"2026-03-05T12:18:15+00:00\",\"mainEntityOfPage\":{\"@id\":\"https:\/\/portaltela.pt\/noticias\/2026\/03\/05\/rui-figueiredo-afirma-que-viagens-ficam-caras-para-portugueses-retidos-pela-guerra\/\"},\"wordCount\":172,\"image\":{\"@id\":\"https:\/\/portaltela.pt\/noticias\/2026\/03\/05\/rui-figueiredo-afirma-que-viagens-ficam-caras-para-portugueses-retidos-pela-guerra\/#primaryimage\"},\"thumbnailUrl\":\"https:\/\/portaltela.pt\/s.01k8rhncp4jt1\/2026\/03\/img_1280x722uu2026-03-05-12-17-51-2270525.jpg\",\"keywords\":[\"_economia\",\"economia\",\"guerra\",\"passagens\",\"Portugal\",\"viagens\"],\"articleSection\":[\"Not\u00edcias\"],\"inLanguage\":\"pt-PT\"},{\"@type\":\"WebPage\",\"@id\":\"https:\/\/portaltela.pt\/noticias\/2026\/03\/05\/rui-figueiredo-afirma-que-viagens-ficam-caras-para-portugueses-retidos-pela-guerra\/\",\"url\":\"https:\/\/portaltela.pt\/noticias\/2026\/03\/05\/rui-figueiredo-afirma-que-viagens-ficam-caras-para-portugueses-retidos-pela-guerra\/\",\"name\":\"Rui Figueiredo afirma que viagens ficam caras para portugueses retidos pela guerra - Portal Tela Portugal\",\"isPartOf\":{\"@id\":\"https:\/\/portaltela.pt\/#website\"},\"primaryImageOfPage\":{\"@id\":\"https:\/\/portaltela.pt\/noticias\/2026\/03\/05\/rui-figueiredo-afirma-que-viagens-ficam-caras-para-portugueses-retidos-pela-guerra\/#primaryimage\"},\"image\":{\"@id\":\"https:\/\/portaltela.pt\/noticias\/2026\/03\/05\/rui-figueiredo-afirma-que-viagens-ficam-caras-para-portugueses-retidos-pela-guerra\/#primaryimage\"},\"thumbnailUrl\":\"https:\/\/portaltela.pt\/s.01k8rhncp4jt1\/2026\/03\/img_1280x722uu2026-03-05-12-17-51-2270525.jpg\",\"datePublished\":\"2026-03-05T12:18:15+00:00\",\"author\":{\"@id\":\"https:\/\/portaltela.pt\/#\/schema\/person\/c4278d4a6028830caff9ee44b42d32ed\"},\"breadcrumb\":{\"@id\":\"https:\/\/portaltela.pt\/noticias\/2026\/03\/05\/rui-figueiredo-afirma-que-viagens-ficam-caras-para-portugueses-retidos-pela-guerra\/#breadcrumb\"},\"inLanguage\":\"pt-PT\",\"potentialAction\":[{\"@type\":\"ReadAction\",\"target\":[\"https:\/\/portaltela.pt\/noticias\/2026\/03\/05\/rui-figueiredo-afirma-que-viagens-ficam-caras-para-portugueses-retidos-pela-guerra\/\"]}]},{\"@type\":\"ImageObject\",\"inLanguage\":\"pt-PT\",\"@id\":\"https:\/\/portaltela.pt\/noticias\/2026\/03\/05\/rui-figueiredo-afirma-que-viagens-ficam-caras-para-portugueses-retidos-pela-guerra\/#primaryimage\",\"url\":\"https:\/\/portaltela.pt\/s.01k8rhncp4jt1\/2026\/03\/img_1280x722uu2026-03-05-12-17-51-2270525.jpg\",\"contentUrl\":\"https:\/\/portaltela.pt\/s.01k8rhncp4jt1\/2026\/03\/img_1280x722uu2026-03-05-12-17-51-2270525.jpg\",\"width\":796,\"height\":448,\"caption\":\"Photo\"},{\"@type\":\"BreadcrumbList\",\"@id\":\"https:\/\/portaltela.pt\/noticias\/2026\/03\/05\/rui-figueiredo-afirma-que-viagens-ficam-caras-para-portugueses-retidos-pela-guerra\/#breadcrumb\",\"itemListElement\":[{\"@type\":\"ListItem\",\"position\":1,\"name\":\"In\u00edcio\",\"item\":\"https:\/\/portaltela.pt\/\"},{\"@type\":\"ListItem\",\"position\":2,\"name\":\"Rui Figueiredo afirma que viagens ficam caras para portugueses retidos pela guerra\"}]},{\"@type\":\"WebSite\",\"@id\":\"https:\/\/portaltela.pt\/#website\",\"url\":\"https:\/\/portaltela.pt\/\",\"name\":\"Portal Tela Portugal\",\"description\":\"\",\"potentialAction\":[{\"@type\":\"SearchAction\",\"target\":{\"@type\":\"EntryPoint\",\"urlTemplate\":\"https:\/\/portaltela.pt\/?s={search_term_string}\"},\"query-input\":{\"@type\":\"PropertyValueSpecification\",\"valueRequired\":true,\"valueName\":\"search_term_string\"}}],\"inLanguage\":\"pt-PT\"},{\"@type\":\"Person\",\"@id\":\"https:\/\/portaltela.pt\/#\/schema\/person\/c4278d4a6028830caff9ee44b42d32ed\",\"name\":\"Telinha\",\"image\":{\"@type\":\"ImageObject\",\"inLanguage\":\"pt-PT\",\"@id\":\"https:\/\/portaltela.pt\/s.01k8rhncp4jt1\/2025\/11\/talking-bot-125x125.png\",\"url\":\"https:\/\/portaltela.pt\/s.01k8rhncp4jt1\/2025\/11\/talking-bot-125x125.png\",\"contentUrl\":\"https:\/\/portaltela.pt\/s.01k8rhncp4jt1\/2025\/11\/talking-bot-125x125.png\",\"caption\":\"Telinha\"},\"sameAs\":[\"https:\/\/portaltela.pt\/\"],\"url\":\"https:\/\/portaltela.pt\/por\/367410592786\/\"}]}<\/script>\n<!-- \/ Yoast SEO plugin. -->","yoast_head_json":{"title":"Rui Figueiredo afirma que viagens ficam caras para portugueses retidos pela guerra - Portal Tela Portugal","robots":{"index":"index","follow":"follow","max-snippet":"max-snippet:-1","max-image-preview":"max-image-preview:large","max-video-preview":"max-video-preview:-1"},"og_locale":"pt_PT","og_type":"article","og_title":"Rui Figueiredo afirma que viagens ficam caras para portugueses retidos pela guerra - Portal Tela Portugal","og_description":"O comentador Rui Figueiredo, do programa Noite das Estrelas, afirma que as viagens est\u00e3o mais caras para portugueses retidos devido \u00e0 guerra. Segundo ele, as companhias a\u00e9reas est\u00e3o a colocar os voos mais caros porque sabem que as pessoas querem regressar ao Pa\u00eds. A declara\u00e7\u00e3o surge no contexto de relatos de portugueses impedidos de voltar devido ao conflito em curso. A not\u00edcia foi publicada a 5 de mar\u00e7o de 2026 \u00e0s 12:18. O texto n\u00e3o acrescenta dados adicionais sobre pris\u00f5es ou circunst\u00e2ncias espec\u00edficas dos voos.","og_url":"https:\/\/portaltela.pt\/noticias\/2026\/03\/05\/rui-figueiredo-afirma-que-viagens-ficam-caras-para-portugueses-retidos-pela-guerra\/","og_site_name":"Portal Tela Portugal","article_published_time":"2026-03-05T12:18:15+00:00","author":"Telinha","twitter_card":"summary_large_image","twitter_misc":{"Escrito por":"Telinha","Tempo estimado de leitura":"1 minuto"},"schema":{"@context":"https:\/\/schema.org","@graph":[{"@type":"Article","@id":"https:\/\/portaltela.pt\/noticias\/2026\/03\/05\/rui-figueiredo-afirma-que-viagens-ficam-caras-para-portugueses-retidos-pela-guerra\/#article","isPartOf":{"@id":"https:\/\/portaltela.pt\/noticias\/2026\/03\/05\/rui-figueiredo-afirma-que-viagens-ficam-caras-para-portugueses-retidos-pela-guerra\/"},"author":{"name":"Telinha","@id":"https:\/\/portaltela.pt\/#\/schema\/person\/c4278d4a6028830caff9ee44b42d32ed"},"headline":"Rui Figueiredo afirma que viagens ficam caras para portugueses retidos pela guerra","datePublished":"2026-03-05T12:18:15+00:00","mainEntityOfPage":{"@id":"https:\/\/portaltela.pt\/noticias\/2026\/03\/05\/rui-figueiredo-afirma-que-viagens-ficam-caras-para-portugueses-retidos-pela-guerra\/"},"wordCount":172,"image":{"@id":"https:\/\/portaltela.pt\/noticias\/2026\/03\/05\/rui-figueiredo-afirma-que-viagens-ficam-caras-para-portugueses-retidos-pela-guerra\/#primaryimage"},"thumbnailUrl":"https:\/\/portaltela.pt\/s.01k8rhncp4jt1\/2026\/03\/img_1280x722uu2026-03-05-12-17-51-2270525.jpg","keywords":["_economia","economia","guerra","passagens","Portugal","viagens"],"articleSection":["Not\u00edcias"],"inLanguage":"pt-PT"},{"@type":"WebPage","@id":"https:\/\/portaltela.pt\/noticias\/2026\/03\/05\/rui-figueiredo-afirma-que-viagens-ficam-caras-para-portugueses-retidos-pela-guerra\/","url":"https:\/\/portaltela.pt\/noticias\/2026\/03\/05\/rui-figueiredo-afirma-que-viagens-ficam-caras-para-portugueses-retidos-pela-guerra\/","name":"Rui Figueiredo afirma que viagens ficam caras para portugueses retidos pela guerra - Portal Tela Portugal","isPartOf":{"@id":"https:\/\/portaltela.pt\/#website"},"primaryImageOfPage":{"@id":"https:\/\/portaltela.pt\/noticias\/2026\/03\/05\/rui-figueiredo-afirma-que-viagens-ficam-caras-para-portugueses-retidos-pela-guerra\/#primaryimage"},"image":{"@id":"https:\/\/portaltela.pt\/noticias\/2026\/03\/05\/rui-figueiredo-afirma-que-viagens-ficam-caras-para-portugueses-retidos-pela-guerra\/#primaryimage"},"thumbnailUrl":"https:\/\/portaltela.pt\/s.01k8rhncp4jt1\/2026\/03\/img_1280x722uu2026-03-05-12-17-51-2270525.jpg","datePublished":"2026-03-05T12:18:15+00:00","author":{"@id":"https:\/\/portaltela.pt\/#\/schema\/person\/c4278d4a6028830caff9ee44b42d32ed"},"breadcrumb":{"@id":"https:\/\/portaltela.pt\/noticias\/2026\/03\/05\/rui-figueiredo-afirma-que-viagens-ficam-caras-para-portugueses-retidos-pela-guerra\/#breadcrumb"},"inLanguage":"pt-PT","potentialAction":[{"@type":"ReadAction","target":["https:\/\/portaltela.pt\/noticias\/2026\/03\/05\/rui-figueiredo-afirma-que-viagens-ficam-caras-para-portugueses-retidos-pela-guerra\/"]}]},{"@type":"ImageObject","inLanguage":"pt-PT","@id":"https:\/\/portaltela.pt\/noticias\/2026\/03\/05\/rui-figueiredo-afirma-que-viagens-ficam-caras-para-portugueses-retidos-pela-guerra\/#primaryimage","url":"https:\/\/portaltela.pt\/s.01k8rhncp4jt1\/2026\/03\/img_1280x722uu2026-03-05-12-17-51-2270525.jpg","contentUrl":"https:\/\/portaltela.pt\/s.01k8rhncp4jt1\/2026\/03\/img_1280x722uu2026-03-05-12-17-51-2270525.jpg","width":796,"height":448,"caption":"Photo"},{"@type":"BreadcrumbList","@id":"https:\/\/portaltela.pt\/noticias\/2026\/03\/05\/rui-figueiredo-afirma-que-viagens-ficam-caras-para-portugueses-retidos-pela-guerra\/#breadcrumb","itemListElement":[{"@type":"ListItem","position":1,"name":"In\u00edcio","item":"https:\/\/portaltela.pt\/"},{"@type":"ListItem","position":2,"name":"Rui Figueiredo afirma que viagens ficam caras para portugueses retidos pela guerra"}]},{"@type":"WebSite","@id":"https:\/\/portaltela.pt\/#website","url":"https:\/\/portaltela.pt\/","name":"Portal Tela Portugal","description":"","potentialAction":[{"@type":"SearchAction","target":{"@type":"EntryPoint","urlTemplate":"https:\/\/portaltela.pt\/?s={search_term_string}"},"query-input":{"@type":"PropertyValueSpecification","valueRequired":true,"valueName":"search_term_string"}}],"inLanguage":"pt-PT"},{"@type":"Person","@id":"https:\/\/portaltela.pt\/#\/schema\/person\/c4278d4a6028830caff9ee44b42d32ed","name":"Telinha","image":{"@type":"ImageObject","inLanguage":"pt-PT","@id":"https:\/\/portaltela.pt\/s.01k8rhncp4jt1\/2025\/11\/talking-bot-125x125.png","url":"https:\/\/portaltela.pt\/s.01k8rhncp4jt1\/2025\/11\/talking-bot-125x125.png","contentUrl":"https:\/\/portaltela.pt\/s.01k8rhncp4jt1\/2025\/11\/talking-bot-125x125.png","caption":"Telinha"},"sameAs":["https:\/\/portaltela.pt\/"],"url":"https:\/\/portaltela.pt\/por\/367410592786\/"}]}},"_links":{"self":[{"href":"https:\/\/portaltela.pt\/api\/wp\/v2\/posts\/398497","targetHints":{"allow":["GET"]}}],"collection":[{"href":"https:\/\/portaltela.pt\/api\/wp\/v2\/posts"}],"about":[{"href":"https:\/\/portaltela.pt\/api\/wp\/v2\/types\/post"}],"author":[{"embeddable":true,"href":"https:\/\/portaltela.pt\/api\/wp\/v2\/users\/2"}],"replies":[{"embeddable":true,"href":"https:\/\/portaltela.pt\/api\/wp\/v2\/comments?post=398497"}],"version-history":[{"count":0,"href":"https:\/\/portaltela.pt\/api\/wp\/v2\/posts\/398497\/revisions"}],"wp:featuredmedia":[{"embeddable":true,"href":"https:\/\/portaltela.pt\/api\/wp\/v2\/media\/398510"}],"wp:attachment":[{"href":"https:\/\/portaltela.pt\/api\/wp\/v2\/media?parent=398497"}],"wp:term":[{"taxonomy":"category","embeddable":true,"href":"https:\/\/portaltela.pt\/api\/wp\/v2\/categories?post=398497"},{"taxonomy":"post_tag","embeddable":true,"href":"https:\/\/portaltela.pt\/api\/wp\/v2\/tags?post=398497"}],"curies":[{"name":"wp","href":"https:\/\/api.w.org\/{rel}","templated":true}]}}