{"id":398492,"date":"2026-03-05T09:08:00","date_gmt":"2026-03-05T12:08:00","guid":{"rendered":"https:\/\/portaltela.pt\/noticias\/2026\/03\/05\/livro-inedito-de-antonio-lobo-antunes-sera-publicado-em-abril\/"},"modified":"2026-03-05T09:08:00","modified_gmt":"2026-03-05T12:08:00","slug":"livro-inedito-de-antonio-lobo-antunes-sera-publicado-em-abril","status":"publish","type":"post","link":"https:\/\/portaltela.pt\/noticias\/2026\/03\/05\/livro-inedito-de-antonio-lobo-antunes-sera-publicado-em-abril\/","title":{"rendered":"Livro in\u00e9dito de Ant\u00f3nio Lobo Antunes ser\u00e1 publicado em abril"},"content":{"rendered":"<p>Um livro in\u00e9dito de poemas de Ant\u00f3nio Lobo Antunes vai ser publicado em abril, segundo a ag\u00eancia Lusa.<\/p>\n<p>A obra re\u00fane textos ainda n\u00e3o anunciados pelo autor e pela editora respons\u00e1vel pela edi\u00e7\u00e3o. A divulga\u00e7\u00e3o confirma a data de lan\u00e7amento para o pr\u00f3ximo m\u00eas.<\/p>\n<p>N\u00e3o foram divulgados detalhes adicionais sobre o conte\u00fado nem sobre a tiragem ou a apresenta\u00e7\u00e3o da obra.<\/p>\n","protected":false},"excerpt":{"rendered":"<ul>\n<li>Ant\u00f3nio Lobo Antunes ter\u00e1 um livro in\u00e9dito de poemas publicado em abril.<\/li>\n<li>A obra re\u00fane poemas que nunca foram publicados anteriormente.<\/li>\n<li>A data de lan\u00e7amento est\u00e1 prevista para o m\u00eas de abril.<\/li>\n<\/ul>\n","protected":false},"author":2,"featured_media":398504,"comment_status":"closed","ping_status":"closed","sticky":false,"template":"","format":"standard","meta":{"footnotes":""},"categories":[1],"tags":[6657,2404,106,130,5553,3181],"class_list":["post-398492","post","type-post","status-publish","format-standard","has-post-thumbnail","hentry","category-noticias","tag-autores","tag-edicao","tag-literatura","tag-livros","tag-poesia","tag-publicacoes"],"yoast_head":"<!-- This site is optimized with the Yoast SEO plugin v27.2 - https:\/\/yoast.com\/product\/yoast-seo-wordpress\/ -->\n<title>Livro in\u00e9dito de Ant\u00f3nio Lobo Antunes ser\u00e1 publicado em abril - Portal Tela Portugal<\/title>\n<meta name=\"robots\" content=\"index, follow, max-snippet:-1, max-image-preview:large, max-video-preview:-1\" \/>\n<meta property=\"og:locale\" content=\"pt_PT\" \/>\n<meta property=\"og:type\" content=\"article\" \/>\n<meta property=\"og:title\" content=\"Livro in\u00e9dito de Ant\u00f3nio Lobo Antunes ser\u00e1 publicado em abril - Portal Tela Portugal\" \/>\n<meta property=\"og:description\" content=\"Ant\u00f3nio Lobo Antunes ter\u00e1 um livro in\u00e9dito de poemas publicado em abril. A obra re\u00fane poemas que nunca foram publicados anteriormente. A data de lan\u00e7amento est\u00e1 prevista para o m\u00eas de abril.\" \/>\n<meta property=\"og:url\" content=\"https:\/\/portaltela.pt\/noticias\/2026\/03\/05\/livro-inedito-de-antonio-lobo-antunes-sera-publicado-em-abril\/\" \/>\n<meta property=\"og:site_name\" content=\"Portal Tela Portugal\" \/>\n<meta property=\"article:published_time\" content=\"2026-03-05T12:08:00+00:00\" \/>\n<meta name=\"author\" content=\"Telinha\" \/>\n<meta name=\"twitter:card\" content=\"summary_large_image\" \/>\n<meta name=\"twitter:label1\" content=\"Escrito por\" \/>\n\t<meta name=\"twitter:data1\" content=\"Telinha\" \/>\n<script type=\"application\/ld+json\" class=\"yoast-schema-graph\">{\"@context\":\"https:\/\/schema.org\",\"@graph\":[{\"@type\":\"Article\",\"@id\":\"https:\/\/portaltela.pt\/noticias\/2026\/03\/05\/livro-inedito-de-antonio-lobo-antunes-sera-publicado-em-abril\/#article\",\"isPartOf\":{\"@id\":\"https:\/\/portaltela.pt\/noticias\/2026\/03\/05\/livro-inedito-de-antonio-lobo-antunes-sera-publicado-em-abril\/\"},\"author\":{\"name\":\"Telinha\",\"@id\":\"https:\/\/portaltela.pt\/#\/schema\/person\/c4278d4a6028830caff9ee44b42d32ed\"},\"headline\":\"Livro in\u00e9dito de Ant\u00f3nio Lobo Antunes ser\u00e1 publicado em abril\",\"datePublished\":\"2026-03-05T12:08:00+00:00\",\"mainEntityOfPage\":{\"@id\":\"https:\/\/portaltela.pt\/noticias\/2026\/03\/05\/livro-inedito-de-antonio-lobo-antunes-sera-publicado-em-abril\/\"},\"wordCount\":87,\"image\":{\"@id\":\"https:\/\/portaltela.pt\/noticias\/2026\/03\/05\/livro-inedito-de-antonio-lobo-antunes-sera-publicado-em-abril\/#primaryimage\"},\"thumbnailUrl\":\"https:\/\/portaltela.pt\/s.01k8rhncp4jt1\/2026\/03\/CACHE_780X1200_ANALOG_WATERMARKED_24977407_3019024_07032019080910.jpg\",\"keywords\":[\"autores\",\"Edi\u00e7\u00e3o\",\"literatura\",\"livros\",\"poesia\",\"publica\u00e7\u00f5es\"],\"articleSection\":[\"Not\u00edcias\"],\"inLanguage\":\"pt-PT\"},{\"@type\":\"WebPage\",\"@id\":\"https:\/\/portaltela.pt\/noticias\/2026\/03\/05\/livro-inedito-de-antonio-lobo-antunes-sera-publicado-em-abril\/\",\"url\":\"https:\/\/portaltela.pt\/noticias\/2026\/03\/05\/livro-inedito-de-antonio-lobo-antunes-sera-publicado-em-abril\/\",\"name\":\"Livro in\u00e9dito de Ant\u00f3nio Lobo Antunes ser\u00e1 publicado em abril - Portal Tela Portugal\",\"isPartOf\":{\"@id\":\"https:\/\/portaltela.pt\/#website\"},\"primaryImageOfPage\":{\"@id\":\"https:\/\/portaltela.pt\/noticias\/2026\/03\/05\/livro-inedito-de-antonio-lobo-antunes-sera-publicado-em-abril\/#primaryimage\"},\"image\":{\"@id\":\"https:\/\/portaltela.pt\/noticias\/2026\/03\/05\/livro-inedito-de-antonio-lobo-antunes-sera-publicado-em-abril\/#primaryimage\"},\"thumbnailUrl\":\"https:\/\/portaltela.pt\/s.01k8rhncp4jt1\/2026\/03\/CACHE_780X1200_ANALOG_WATERMARKED_24977407_3019024_07032019080910.jpg\",\"datePublished\":\"2026-03-05T12:08:00+00:00\",\"author\":{\"@id\":\"https:\/\/portaltela.pt\/#\/schema\/person\/c4278d4a6028830caff9ee44b42d32ed\"},\"breadcrumb\":{\"@id\":\"https:\/\/portaltela.pt\/noticias\/2026\/03\/05\/livro-inedito-de-antonio-lobo-antunes-sera-publicado-em-abril\/#breadcrumb\"},\"inLanguage\":\"pt-PT\",\"potentialAction\":[{\"@type\":\"ReadAction\",\"target\":[\"https:\/\/portaltela.pt\/noticias\/2026\/03\/05\/livro-inedito-de-antonio-lobo-antunes-sera-publicado-em-abril\/\"]}]},{\"@type\":\"ImageObject\",\"inLanguage\":\"pt-PT\",\"@id\":\"https:\/\/portaltela.pt\/noticias\/2026\/03\/05\/livro-inedito-de-antonio-lobo-antunes-sera-publicado-em-abril\/#primaryimage\",\"url\":\"https:\/\/portaltela.pt\/s.01k8rhncp4jt1\/2026\/03\/CACHE_780X1200_ANALOG_WATERMARKED_24977407_3019024_07032019080910.jpg\",\"contentUrl\":\"https:\/\/portaltela.pt\/s.01k8rhncp4jt1\/2026\/03\/CACHE_780X1200_ANALOG_WATERMARKED_24977407_3019024_07032019080910.jpg\",\"width\":796,\"height\":448,\"caption\":\"Livro in\u00e9dito de poemas de Ant\u00f3nio Lobo Antunes vai ser publicado em abril\"},{\"@type\":\"BreadcrumbList\",\"@id\":\"https:\/\/portaltela.pt\/noticias\/2026\/03\/05\/livro-inedito-de-antonio-lobo-antunes-sera-publicado-em-abril\/#breadcrumb\",\"itemListElement\":[{\"@type\":\"ListItem\",\"position\":1,\"name\":\"In\u00edcio\",\"item\":\"https:\/\/portaltela.pt\/\"},{\"@type\":\"ListItem\",\"position\":2,\"name\":\"Livro in\u00e9dito de Ant\u00f3nio Lobo Antunes ser\u00e1 publicado em abril\"}]},{\"@type\":\"WebSite\",\"@id\":\"https:\/\/portaltela.pt\/#website\",\"url\":\"https:\/\/portaltela.pt\/\",\"name\":\"Portal Tela Portugal\",\"description\":\"\",\"potentialAction\":[{\"@type\":\"SearchAction\",\"target\":{\"@type\":\"EntryPoint\",\"urlTemplate\":\"https:\/\/portaltela.pt\/?s={search_term_string}\"},\"query-input\":{\"@type\":\"PropertyValueSpecification\",\"valueRequired\":true,\"valueName\":\"search_term_string\"}}],\"inLanguage\":\"pt-PT\"},{\"@type\":\"Person\",\"@id\":\"https:\/\/portaltela.pt\/#\/schema\/person\/c4278d4a6028830caff9ee44b42d32ed\",\"name\":\"Telinha\",\"image\":{\"@type\":\"ImageObject\",\"inLanguage\":\"pt-PT\",\"@id\":\"https:\/\/portaltela.pt\/s.01k8rhncp4jt1\/2025\/11\/talking-bot-125x125.png\",\"url\":\"https:\/\/portaltela.pt\/s.01k8rhncp4jt1\/2025\/11\/talking-bot-125x125.png\",\"contentUrl\":\"https:\/\/portaltela.pt\/s.01k8rhncp4jt1\/2025\/11\/talking-bot-125x125.png\",\"caption\":\"Telinha\"},\"sameAs\":[\"https:\/\/portaltela.pt\/\"],\"url\":\"https:\/\/portaltela.pt\/por\/367410592786\/\"}]}<\/script>\n<!-- \/ Yoast SEO plugin. -->","yoast_head_json":{"title":"Livro in\u00e9dito de Ant\u00f3nio Lobo Antunes ser\u00e1 publicado em abril - Portal Tela Portugal","robots":{"index":"index","follow":"follow","max-snippet":"max-snippet:-1","max-image-preview":"max-image-preview:large","max-video-preview":"max-video-preview:-1"},"og_locale":"pt_PT","og_type":"article","og_title":"Livro in\u00e9dito de Ant\u00f3nio Lobo Antunes ser\u00e1 publicado em abril - Portal Tela Portugal","og_description":"Ant\u00f3nio Lobo Antunes ter\u00e1 um livro in\u00e9dito de poemas publicado em abril. A obra re\u00fane poemas que nunca foram publicados anteriormente. A data de lan\u00e7amento est\u00e1 prevista para o m\u00eas de abril.","og_url":"https:\/\/portaltela.pt\/noticias\/2026\/03\/05\/livro-inedito-de-antonio-lobo-antunes-sera-publicado-em-abril\/","og_site_name":"Portal Tela Portugal","article_published_time":"2026-03-05T12:08:00+00:00","author":"Telinha","twitter_card":"summary_large_image","twitter_misc":{"Escrito por":"Telinha"},"schema":{"@context":"https:\/\/schema.org","@graph":[{"@type":"Article","@id":"https:\/\/portaltela.pt\/noticias\/2026\/03\/05\/livro-inedito-de-antonio-lobo-antunes-sera-publicado-em-abril\/#article","isPartOf":{"@id":"https:\/\/portaltela.pt\/noticias\/2026\/03\/05\/livro-inedito-de-antonio-lobo-antunes-sera-publicado-em-abril\/"},"author":{"name":"Telinha","@id":"https:\/\/portaltela.pt\/#\/schema\/person\/c4278d4a6028830caff9ee44b42d32ed"},"headline":"Livro in\u00e9dito de Ant\u00f3nio Lobo Antunes ser\u00e1 publicado em abril","datePublished":"2026-03-05T12:08:00+00:00","mainEntityOfPage":{"@id":"https:\/\/portaltela.pt\/noticias\/2026\/03\/05\/livro-inedito-de-antonio-lobo-antunes-sera-publicado-em-abril\/"},"wordCount":87,"image":{"@id":"https:\/\/portaltela.pt\/noticias\/2026\/03\/05\/livro-inedito-de-antonio-lobo-antunes-sera-publicado-em-abril\/#primaryimage"},"thumbnailUrl":"https:\/\/portaltela.pt\/s.01k8rhncp4jt1\/2026\/03\/CACHE_780X1200_ANALOG_WATERMARKED_24977407_3019024_07032019080910.jpg","keywords":["autores","Edi\u00e7\u00e3o","literatura","livros","poesia","publica\u00e7\u00f5es"],"articleSection":["Not\u00edcias"],"inLanguage":"pt-PT"},{"@type":"WebPage","@id":"https:\/\/portaltela.pt\/noticias\/2026\/03\/05\/livro-inedito-de-antonio-lobo-antunes-sera-publicado-em-abril\/","url":"https:\/\/portaltela.pt\/noticias\/2026\/03\/05\/livro-inedito-de-antonio-lobo-antunes-sera-publicado-em-abril\/","name":"Livro in\u00e9dito de Ant\u00f3nio Lobo Antunes ser\u00e1 publicado em abril - Portal Tela Portugal","isPartOf":{"@id":"https:\/\/portaltela.pt\/#website"},"primaryImageOfPage":{"@id":"https:\/\/portaltela.pt\/noticias\/2026\/03\/05\/livro-inedito-de-antonio-lobo-antunes-sera-publicado-em-abril\/#primaryimage"},"image":{"@id":"https:\/\/portaltela.pt\/noticias\/2026\/03\/05\/livro-inedito-de-antonio-lobo-antunes-sera-publicado-em-abril\/#primaryimage"},"thumbnailUrl":"https:\/\/portaltela.pt\/s.01k8rhncp4jt1\/2026\/03\/CACHE_780X1200_ANALOG_WATERMARKED_24977407_3019024_07032019080910.jpg","datePublished":"2026-03-05T12:08:00+00:00","author":{"@id":"https:\/\/portaltela.pt\/#\/schema\/person\/c4278d4a6028830caff9ee44b42d32ed"},"breadcrumb":{"@id":"https:\/\/portaltela.pt\/noticias\/2026\/03\/05\/livro-inedito-de-antonio-lobo-antunes-sera-publicado-em-abril\/#breadcrumb"},"inLanguage":"pt-PT","potentialAction":[{"@type":"ReadAction","target":["https:\/\/portaltela.pt\/noticias\/2026\/03\/05\/livro-inedito-de-antonio-lobo-antunes-sera-publicado-em-abril\/"]}]},{"@type":"ImageObject","inLanguage":"pt-PT","@id":"https:\/\/portaltela.pt\/noticias\/2026\/03\/05\/livro-inedito-de-antonio-lobo-antunes-sera-publicado-em-abril\/#primaryimage","url":"https:\/\/portaltela.pt\/s.01k8rhncp4jt1\/2026\/03\/CACHE_780X1200_ANALOG_WATERMARKED_24977407_3019024_07032019080910.jpg","contentUrl":"https:\/\/portaltela.pt\/s.01k8rhncp4jt1\/2026\/03\/CACHE_780X1200_ANALOG_WATERMARKED_24977407_3019024_07032019080910.jpg","width":796,"height":448,"caption":"Livro in\u00e9dito de poemas de Ant\u00f3nio Lobo Antunes vai ser publicado em abril"},{"@type":"BreadcrumbList","@id":"https:\/\/portaltela.pt\/noticias\/2026\/03\/05\/livro-inedito-de-antonio-lobo-antunes-sera-publicado-em-abril\/#breadcrumb","itemListElement":[{"@type":"ListItem","position":1,"name":"In\u00edcio","item":"https:\/\/portaltela.pt\/"},{"@type":"ListItem","position":2,"name":"Livro in\u00e9dito de Ant\u00f3nio Lobo Antunes ser\u00e1 publicado em abril"}]},{"@type":"WebSite","@id":"https:\/\/portaltela.pt\/#website","url":"https:\/\/portaltela.pt\/","name":"Portal Tela Portugal","description":"","potentialAction":[{"@type":"SearchAction","target":{"@type":"EntryPoint","urlTemplate":"https:\/\/portaltela.pt\/?s={search_term_string}"},"query-input":{"@type":"PropertyValueSpecification","valueRequired":true,"valueName":"search_term_string"}}],"inLanguage":"pt-PT"},{"@type":"Person","@id":"https:\/\/portaltela.pt\/#\/schema\/person\/c4278d4a6028830caff9ee44b42d32ed","name":"Telinha","image":{"@type":"ImageObject","inLanguage":"pt-PT","@id":"https:\/\/portaltela.pt\/s.01k8rhncp4jt1\/2025\/11\/talking-bot-125x125.png","url":"https:\/\/portaltela.pt\/s.01k8rhncp4jt1\/2025\/11\/talking-bot-125x125.png","contentUrl":"https:\/\/portaltela.pt\/s.01k8rhncp4jt1\/2025\/11\/talking-bot-125x125.png","caption":"Telinha"},"sameAs":["https:\/\/portaltela.pt\/"],"url":"https:\/\/portaltela.pt\/por\/367410592786\/"}]}},"_links":{"self":[{"href":"https:\/\/portaltela.pt\/api\/wp\/v2\/posts\/398492","targetHints":{"allow":["GET"]}}],"collection":[{"href":"https:\/\/portaltela.pt\/api\/wp\/v2\/posts"}],"about":[{"href":"https:\/\/portaltela.pt\/api\/wp\/v2\/types\/post"}],"author":[{"embeddable":true,"href":"https:\/\/portaltela.pt\/api\/wp\/v2\/users\/2"}],"replies":[{"embeddable":true,"href":"https:\/\/portaltela.pt\/api\/wp\/v2\/comments?post=398492"}],"version-history":[{"count":0,"href":"https:\/\/portaltela.pt\/api\/wp\/v2\/posts\/398492\/revisions"}],"wp:featuredmedia":[{"embeddable":true,"href":"https:\/\/portaltela.pt\/api\/wp\/v2\/media\/398504"}],"wp:attachment":[{"href":"https:\/\/portaltela.pt\/api\/wp\/v2\/media?parent=398492"}],"wp:term":[{"taxonomy":"category","embeddable":true,"href":"https:\/\/portaltela.pt\/api\/wp\/v2\/categories?post=398492"},{"taxonomy":"post_tag","embeddable":true,"href":"https:\/\/portaltela.pt\/api\/wp\/v2\/tags?post=398492"}],"curies":[{"name":"wp","href":"https:\/\/api.w.org\/{rel}","templated":true}]}}