{"id":398484,"date":"2026-03-05T09:12:43","date_gmt":"2026-03-05T12:12:43","guid":{"rendered":"https:\/\/portaltela.pt\/noticias\/2026\/03\/05\/funcionaria-relata-maus-tratos-a-idosas-num-lar-ilegal-na-maia\/"},"modified":"2026-03-05T09:12:43","modified_gmt":"2026-03-05T12:12:43","slug":"funcionaria-relata-maus-tratos-a-idosas-num-lar-ilegal-na-maia","status":"publish","type":"post","link":"https:\/\/portaltela.pt\/noticias\/2026\/03\/05\/funcionaria-relata-maus-tratos-a-idosas-num-lar-ilegal-na-maia\/","title":{"rendered":"Funcion\u00e1ria relata maus-tratos a idosas num lar ilegal na Maia"},"content":{"rendered":"<p>Foram v\u00e1rias pancadas num dia. Uma funcion\u00e1ria de um lar de idosos na Maia relata maus-tratos alegados a tr\u00eas residentes, todas idosas, num espa\u00e7o considerado ilegal. A den\u00fancia foi apresentada \u00e0s autoridades, com o suposto periodo de ocorr\u00eancias entre 2023 e 2024.<\/p>\n<p>A acusada, cuja identidade n\u00e3o \u00e9 divulgada neste momento, ficou em sil\u00eancio durante o interrogat\u00f3rio no tribunal. As informa\u00e7\u00f5es iniciais indicam que as agress\u00f5es ter\u00e3o ocorrido por bofetadas dirigidas \u00e0s idosas.<\/p>\n<p>Segundo a den\u00fancia, os maus-tratos teriam acontecido ao longo de v\u00e1rias jornadas, com a funcion\u00e1ria a descrever epis\u00f3dios de agress\u00f5es f\u00edsicas num ambiente que n\u00e3o possu\u00eda licenciamento adequado para acolhimento de idosos. A defesa ainda n\u00e3o apresentou explica\u00e7\u00f5es detalhadas.<\/p>\n<p>As autoridades guardam reserva sobre o estado de sa\u00fade das v\u00edtimas e sobre a rela\u00e7\u00e3o entre a acusada e as residentes. A investiga\u00e7\u00e3o continua a decorrer para esclarecer factos, identificar testemunhas e determinar responsabilidades.<\/p>\n","protected":false},"excerpt":{"rendered":"<ul>\n<li>Funcion\u00e1ria relata alegados maus-tratos a idosas num lar ilegal na Maia.<\/li>\n<li>Os maus-tratos teriam ocorrido entre 2023 e 2024.<\/li>\n<li>As tr\u00eas idosas teriam sido agredidas com bofetadas.<\/li>\n<li>A arguida permaneceu em sil\u00eancio durante o julgamento.<\/li>\n<\/ul>\n","protected":false},"author":2,"featured_media":398489,"comment_status":"closed","ping_status":"closed","sticky":false,"template":"","format":"standard","meta":{"footnotes":""},"categories":[1],"tags":[147,2861,2736,1743,5869,939],"class_list":["post-398484","post","type-post","status-publish","format-standard","has-post-thumbnail","hentry","category-noticias","tag-crime","tag-denuncia-crime","tag-idosos","tag-maia","tag-maus-tratos","tag-violencia"],"yoast_head":"<!-- This site is optimized with the Yoast SEO plugin v27.2 - https:\/\/yoast.com\/product\/yoast-seo-wordpress\/ -->\n<title>Funcion\u00e1ria relata maus-tratos a idosas num lar ilegal na Maia - Portal Tela Portugal<\/title>\n<meta name=\"robots\" content=\"index, follow, max-snippet:-1, max-image-preview:large, max-video-preview:-1\" \/>\n<meta property=\"og:locale\" content=\"pt_PT\" \/>\n<meta property=\"og:type\" content=\"article\" \/>\n<meta property=\"og:title\" content=\"Funcion\u00e1ria relata maus-tratos a idosas num lar ilegal na Maia - Portal Tela Portugal\" \/>\n<meta property=\"og:description\" content=\"Funcion\u00e1ria relata alegados maus-tratos a idosas num lar ilegal na Maia. Os maus-tratos teriam ocorrido entre 2023 e 2024. As tr\u00eas idosas teriam sido agredidas com bofetadas. A arguida permaneceu em sil\u00eancio durante o julgamento.\" \/>\n<meta property=\"og:url\" content=\"https:\/\/portaltela.pt\/noticias\/2026\/03\/05\/funcionaria-relata-maus-tratos-a-idosas-num-lar-ilegal-na-maia\/\" \/>\n<meta property=\"og:site_name\" content=\"Portal Tela Portugal\" \/>\n<meta property=\"article:published_time\" content=\"2026-03-05T12:12:43+00:00\" \/>\n<meta name=\"author\" content=\"Telinha\" \/>\n<meta name=\"twitter:card\" content=\"summary_large_image\" \/>\n<meta name=\"twitter:label1\" content=\"Escrito por\" \/>\n\t<meta name=\"twitter:data1\" content=\"Telinha\" \/>\n\t<meta name=\"twitter:label2\" content=\"Tempo estimado de leitura\" \/>\n\t<meta name=\"twitter:data2\" content=\"1 minuto\" \/>\n<script type=\"application\/ld+json\" class=\"yoast-schema-graph\">{\"@context\":\"https:\/\/schema.org\",\"@graph\":[{\"@type\":\"Article\",\"@id\":\"https:\/\/portaltela.pt\/noticias\/2026\/03\/05\/funcionaria-relata-maus-tratos-a-idosas-num-lar-ilegal-na-maia\/#article\",\"isPartOf\":{\"@id\":\"https:\/\/portaltela.pt\/noticias\/2026\/03\/05\/funcionaria-relata-maus-tratos-a-idosas-num-lar-ilegal-na-maia\/\"},\"author\":{\"name\":\"Telinha\",\"@id\":\"https:\/\/portaltela.pt\/#\/schema\/person\/c4278d4a6028830caff9ee44b42d32ed\"},\"headline\":\"Funcion\u00e1ria relata maus-tratos a idosas num lar ilegal na Maia\",\"datePublished\":\"2026-03-05T12:12:43+00:00\",\"mainEntityOfPage\":{\"@id\":\"https:\/\/portaltela.pt\/noticias\/2026\/03\/05\/funcionaria-relata-maus-tratos-a-idosas-num-lar-ilegal-na-maia\/\"},\"wordCount\":180,\"image\":{\"@id\":\"https:\/\/portaltela.pt\/noticias\/2026\/03\/05\/funcionaria-relata-maus-tratos-a-idosas-num-lar-ilegal-na-maia\/#primaryimage\"},\"thumbnailUrl\":\"https:\/\/portaltela.pt\/s.01k8rhncp4jt1\/2026\/03\/img_1280x722uu2025-10-19-23-17-46-2242696.jpg\",\"keywords\":[\"crime\",\"den\u00fancia-crime\",\"idosos\",\"Maia\",\"maus-tratos\",\"viol\u00eancia\"],\"articleSection\":[\"Not\u00edcias\"],\"inLanguage\":\"pt-PT\"},{\"@type\":\"WebPage\",\"@id\":\"https:\/\/portaltela.pt\/noticias\/2026\/03\/05\/funcionaria-relata-maus-tratos-a-idosas-num-lar-ilegal-na-maia\/\",\"url\":\"https:\/\/portaltela.pt\/noticias\/2026\/03\/05\/funcionaria-relata-maus-tratos-a-idosas-num-lar-ilegal-na-maia\/\",\"name\":\"Funcion\u00e1ria relata maus-tratos a idosas num lar ilegal na Maia - Portal Tela Portugal\",\"isPartOf\":{\"@id\":\"https:\/\/portaltela.pt\/#website\"},\"primaryImageOfPage\":{\"@id\":\"https:\/\/portaltela.pt\/noticias\/2026\/03\/05\/funcionaria-relata-maus-tratos-a-idosas-num-lar-ilegal-na-maia\/#primaryimage\"},\"image\":{\"@id\":\"https:\/\/portaltela.pt\/noticias\/2026\/03\/05\/funcionaria-relata-maus-tratos-a-idosas-num-lar-ilegal-na-maia\/#primaryimage\"},\"thumbnailUrl\":\"https:\/\/portaltela.pt\/s.01k8rhncp4jt1\/2026\/03\/img_1280x722uu2025-10-19-23-17-46-2242696.jpg\",\"datePublished\":\"2026-03-05T12:12:43+00:00\",\"author\":{\"@id\":\"https:\/\/portaltela.pt\/#\/schema\/person\/c4278d4a6028830caff9ee44b42d32ed\"},\"breadcrumb\":{\"@id\":\"https:\/\/portaltela.pt\/noticias\/2026\/03\/05\/funcionaria-relata-maus-tratos-a-idosas-num-lar-ilegal-na-maia\/#breadcrumb\"},\"inLanguage\":\"pt-PT\",\"potentialAction\":[{\"@type\":\"ReadAction\",\"target\":[\"https:\/\/portaltela.pt\/noticias\/2026\/03\/05\/funcionaria-relata-maus-tratos-a-idosas-num-lar-ilegal-na-maia\/\"]}]},{\"@type\":\"ImageObject\",\"inLanguage\":\"pt-PT\",\"@id\":\"https:\/\/portaltela.pt\/noticias\/2026\/03\/05\/funcionaria-relata-maus-tratos-a-idosas-num-lar-ilegal-na-maia\/#primaryimage\",\"url\":\"https:\/\/portaltela.pt\/s.01k8rhncp4jt1\/2026\/03\/img_1280x722uu2025-10-19-23-17-46-2242696.jpg\",\"contentUrl\":\"https:\/\/portaltela.pt\/s.01k8rhncp4jt1\/2026\/03\/img_1280x722uu2025-10-19-23-17-46-2242696.jpg\",\"width\":796,\"height\":448,\"caption\":\"Photo\"},{\"@type\":\"BreadcrumbList\",\"@id\":\"https:\/\/portaltela.pt\/noticias\/2026\/03\/05\/funcionaria-relata-maus-tratos-a-idosas-num-lar-ilegal-na-maia\/#breadcrumb\",\"itemListElement\":[{\"@type\":\"ListItem\",\"position\":1,\"name\":\"In\u00edcio\",\"item\":\"https:\/\/portaltela.pt\/\"},{\"@type\":\"ListItem\",\"position\":2,\"name\":\"Funcion\u00e1ria relata maus-tratos a idosas num lar ilegal na Maia\"}]},{\"@type\":\"WebSite\",\"@id\":\"https:\/\/portaltela.pt\/#website\",\"url\":\"https:\/\/portaltela.pt\/\",\"name\":\"Portal Tela Portugal\",\"description\":\"\",\"potentialAction\":[{\"@type\":\"SearchAction\",\"target\":{\"@type\":\"EntryPoint\",\"urlTemplate\":\"https:\/\/portaltela.pt\/?s={search_term_string}\"},\"query-input\":{\"@type\":\"PropertyValueSpecification\",\"valueRequired\":true,\"valueName\":\"search_term_string\"}}],\"inLanguage\":\"pt-PT\"},{\"@type\":\"Person\",\"@id\":\"https:\/\/portaltela.pt\/#\/schema\/person\/c4278d4a6028830caff9ee44b42d32ed\",\"name\":\"Telinha\",\"image\":{\"@type\":\"ImageObject\",\"inLanguage\":\"pt-PT\",\"@id\":\"https:\/\/portaltela.pt\/s.01k8rhncp4jt1\/2025\/11\/talking-bot-125x125.png\",\"url\":\"https:\/\/portaltela.pt\/s.01k8rhncp4jt1\/2025\/11\/talking-bot-125x125.png\",\"contentUrl\":\"https:\/\/portaltela.pt\/s.01k8rhncp4jt1\/2025\/11\/talking-bot-125x125.png\",\"caption\":\"Telinha\"},\"sameAs\":[\"https:\/\/portaltela.pt\/\"],\"url\":\"https:\/\/portaltela.pt\/por\/367410592786\/\"}]}<\/script>\n<!-- \/ Yoast SEO plugin. -->","yoast_head_json":{"title":"Funcion\u00e1ria relata maus-tratos a idosas num lar ilegal na Maia - Portal Tela Portugal","robots":{"index":"index","follow":"follow","max-snippet":"max-snippet:-1","max-image-preview":"max-image-preview:large","max-video-preview":"max-video-preview:-1"},"og_locale":"pt_PT","og_type":"article","og_title":"Funcion\u00e1ria relata maus-tratos a idosas num lar ilegal na Maia - Portal Tela Portugal","og_description":"Funcion\u00e1ria relata alegados maus-tratos a idosas num lar ilegal na Maia. Os maus-tratos teriam ocorrido entre 2023 e 2024. As tr\u00eas idosas teriam sido agredidas com bofetadas. A arguida permaneceu em sil\u00eancio durante o julgamento.","og_url":"https:\/\/portaltela.pt\/noticias\/2026\/03\/05\/funcionaria-relata-maus-tratos-a-idosas-num-lar-ilegal-na-maia\/","og_site_name":"Portal Tela Portugal","article_published_time":"2026-03-05T12:12:43+00:00","author":"Telinha","twitter_card":"summary_large_image","twitter_misc":{"Escrito por":"Telinha","Tempo estimado de leitura":"1 minuto"},"schema":{"@context":"https:\/\/schema.org","@graph":[{"@type":"Article","@id":"https:\/\/portaltela.pt\/noticias\/2026\/03\/05\/funcionaria-relata-maus-tratos-a-idosas-num-lar-ilegal-na-maia\/#article","isPartOf":{"@id":"https:\/\/portaltela.pt\/noticias\/2026\/03\/05\/funcionaria-relata-maus-tratos-a-idosas-num-lar-ilegal-na-maia\/"},"author":{"name":"Telinha","@id":"https:\/\/portaltela.pt\/#\/schema\/person\/c4278d4a6028830caff9ee44b42d32ed"},"headline":"Funcion\u00e1ria relata maus-tratos a idosas num lar ilegal na Maia","datePublished":"2026-03-05T12:12:43+00:00","mainEntityOfPage":{"@id":"https:\/\/portaltela.pt\/noticias\/2026\/03\/05\/funcionaria-relata-maus-tratos-a-idosas-num-lar-ilegal-na-maia\/"},"wordCount":180,"image":{"@id":"https:\/\/portaltela.pt\/noticias\/2026\/03\/05\/funcionaria-relata-maus-tratos-a-idosas-num-lar-ilegal-na-maia\/#primaryimage"},"thumbnailUrl":"https:\/\/portaltela.pt\/s.01k8rhncp4jt1\/2026\/03\/img_1280x722uu2025-10-19-23-17-46-2242696.jpg","keywords":["crime","den\u00fancia-crime","idosos","Maia","maus-tratos","viol\u00eancia"],"articleSection":["Not\u00edcias"],"inLanguage":"pt-PT"},{"@type":"WebPage","@id":"https:\/\/portaltela.pt\/noticias\/2026\/03\/05\/funcionaria-relata-maus-tratos-a-idosas-num-lar-ilegal-na-maia\/","url":"https:\/\/portaltela.pt\/noticias\/2026\/03\/05\/funcionaria-relata-maus-tratos-a-idosas-num-lar-ilegal-na-maia\/","name":"Funcion\u00e1ria relata maus-tratos a idosas num lar ilegal na Maia - Portal Tela Portugal","isPartOf":{"@id":"https:\/\/portaltela.pt\/#website"},"primaryImageOfPage":{"@id":"https:\/\/portaltela.pt\/noticias\/2026\/03\/05\/funcionaria-relata-maus-tratos-a-idosas-num-lar-ilegal-na-maia\/#primaryimage"},"image":{"@id":"https:\/\/portaltela.pt\/noticias\/2026\/03\/05\/funcionaria-relata-maus-tratos-a-idosas-num-lar-ilegal-na-maia\/#primaryimage"},"thumbnailUrl":"https:\/\/portaltela.pt\/s.01k8rhncp4jt1\/2026\/03\/img_1280x722uu2025-10-19-23-17-46-2242696.jpg","datePublished":"2026-03-05T12:12:43+00:00","author":{"@id":"https:\/\/portaltela.pt\/#\/schema\/person\/c4278d4a6028830caff9ee44b42d32ed"},"breadcrumb":{"@id":"https:\/\/portaltela.pt\/noticias\/2026\/03\/05\/funcionaria-relata-maus-tratos-a-idosas-num-lar-ilegal-na-maia\/#breadcrumb"},"inLanguage":"pt-PT","potentialAction":[{"@type":"ReadAction","target":["https:\/\/portaltela.pt\/noticias\/2026\/03\/05\/funcionaria-relata-maus-tratos-a-idosas-num-lar-ilegal-na-maia\/"]}]},{"@type":"ImageObject","inLanguage":"pt-PT","@id":"https:\/\/portaltela.pt\/noticias\/2026\/03\/05\/funcionaria-relata-maus-tratos-a-idosas-num-lar-ilegal-na-maia\/#primaryimage","url":"https:\/\/portaltela.pt\/s.01k8rhncp4jt1\/2026\/03\/img_1280x722uu2025-10-19-23-17-46-2242696.jpg","contentUrl":"https:\/\/portaltela.pt\/s.01k8rhncp4jt1\/2026\/03\/img_1280x722uu2025-10-19-23-17-46-2242696.jpg","width":796,"height":448,"caption":"Photo"},{"@type":"BreadcrumbList","@id":"https:\/\/portaltela.pt\/noticias\/2026\/03\/05\/funcionaria-relata-maus-tratos-a-idosas-num-lar-ilegal-na-maia\/#breadcrumb","itemListElement":[{"@type":"ListItem","position":1,"name":"In\u00edcio","item":"https:\/\/portaltela.pt\/"},{"@type":"ListItem","position":2,"name":"Funcion\u00e1ria relata maus-tratos a idosas num lar ilegal na Maia"}]},{"@type":"WebSite","@id":"https:\/\/portaltela.pt\/#website","url":"https:\/\/portaltela.pt\/","name":"Portal Tela Portugal","description":"","potentialAction":[{"@type":"SearchAction","target":{"@type":"EntryPoint","urlTemplate":"https:\/\/portaltela.pt\/?s={search_term_string}"},"query-input":{"@type":"PropertyValueSpecification","valueRequired":true,"valueName":"search_term_string"}}],"inLanguage":"pt-PT"},{"@type":"Person","@id":"https:\/\/portaltela.pt\/#\/schema\/person\/c4278d4a6028830caff9ee44b42d32ed","name":"Telinha","image":{"@type":"ImageObject","inLanguage":"pt-PT","@id":"https:\/\/portaltela.pt\/s.01k8rhncp4jt1\/2025\/11\/talking-bot-125x125.png","url":"https:\/\/portaltela.pt\/s.01k8rhncp4jt1\/2025\/11\/talking-bot-125x125.png","contentUrl":"https:\/\/portaltela.pt\/s.01k8rhncp4jt1\/2025\/11\/talking-bot-125x125.png","caption":"Telinha"},"sameAs":["https:\/\/portaltela.pt\/"],"url":"https:\/\/portaltela.pt\/por\/367410592786\/"}]}},"_links":{"self":[{"href":"https:\/\/portaltela.pt\/api\/wp\/v2\/posts\/398484","targetHints":{"allow":["GET"]}}],"collection":[{"href":"https:\/\/portaltela.pt\/api\/wp\/v2\/posts"}],"about":[{"href":"https:\/\/portaltela.pt\/api\/wp\/v2\/types\/post"}],"author":[{"embeddable":true,"href":"https:\/\/portaltela.pt\/api\/wp\/v2\/users\/2"}],"replies":[{"embeddable":true,"href":"https:\/\/portaltela.pt\/api\/wp\/v2\/comments?post=398484"}],"version-history":[{"count":0,"href":"https:\/\/portaltela.pt\/api\/wp\/v2\/posts\/398484\/revisions"}],"wp:featuredmedia":[{"embeddable":true,"href":"https:\/\/portaltela.pt\/api\/wp\/v2\/media\/398489"}],"wp:attachment":[{"href":"https:\/\/portaltela.pt\/api\/wp\/v2\/media?parent=398484"}],"wp:term":[{"taxonomy":"category","embeddable":true,"href":"https:\/\/portaltela.pt\/api\/wp\/v2\/categories?post=398484"},{"taxonomy":"post_tag","embeddable":true,"href":"https:\/\/portaltela.pt\/api\/wp\/v2\/tags?post=398484"}],"curies":[{"name":"wp","href":"https:\/\/api.w.org\/{rel}","templated":true}]}}