{"id":398482,"date":"2026-03-05T09:06:48","date_gmt":"2026-03-05T12:06:48","guid":{"rendered":"https:\/\/portaltela.pt\/noticias\/2026\/03\/05\/mulher-agredida-durante-roubo-na-garagem-de-casa-em-lisboa\/"},"modified":"2026-03-05T09:06:48","modified_gmt":"2026-03-05T12:06:48","slug":"mulher-agredida-durante-roubo-na-garagem-de-casa-em-lisboa","status":"publish","type":"post","link":"https:\/\/portaltela.pt\/noticias\/2026\/03\/05\/mulher-agredida-durante-roubo-na-garagem-de-casa-em-lisboa\/","title":{"rendered":"Mulher agredida durante roubo na garagem de casa em Lisboa"},"content":{"rendered":"<p>Uma mulher foi espancada durante um roubo na garagem de uma casa, no pr\u00e9dio da Alameda dos Oceanos, em Lisboa. A v\u00edtima foi hospitalizada e um outro homem tamb\u00e9m foi alvo do ataque.<\/p>\n<p>At\u00e9 ao momento, n\u00e3o foram divulgados detalhes sobre a data e hora exatas do incidente nem a identidade dos alegados autores. As circunst\u00e2ncias permanecem sob investiga\u00e7\u00e3o.<\/p>\n<p>As autoridades confirmaram que o caso est\u00e1 a ser averiguado pela pol\u00edcia. N\u00e3o h\u00e1 informa\u00e7\u00f5es dispon\u00edveis sobre eventuais motiva\u00e7\u00e3o ou compara\u00e7\u00e3o com outros crimes na \u00e1rea.<\/p>\n<p>N\u00e3o h\u00e1 \u2014 ainda \u2014 informa\u00e7\u00f5es sobre o estado de sa\u00fade da v\u00edtima nem sobre poss\u00edveis deten\u00e7\u00f5es. As autoridades devem divulgar novos detalhes assim que dispon\u00edveis.<\/p>\n","protected":false},"excerpt":{"rendered":"<ul>\n<li>Mulher foi espancada durante um roubo na garagem de uma casa em Lisboa.<\/li>\n<li>O incidente ocorreu num pr\u00e9dio da Alameda dos Oceanos.<\/li>\n<li>A v\u00edtima foi hospitalizada ap\u00f3s o ataque.<\/li>\n<li>Um outro homem tamb\u00e9m foi alvo de agress\u00f5es no mesmo epis\u00f3dio.<\/li>\n<\/ul>\n","protected":false},"author":2,"featured_media":398486,"comment_status":"closed","ping_status":"closed","sticky":false,"template":"","format":"standard","meta":{"footnotes":""},"categories":[1],"tags":[2079,6668,981,2701,203,939],"class_list":["post-398482","post","type-post","status-publish","format-standard","has-post-thumbnail","hentry","category-noticias","tag-agressoes","tag-alameda","tag-lisboa","tag-mulheres","tag-roubo","tag-violencia"],"yoast_head":"<!-- This site is optimized with the Yoast SEO plugin v27.2 - https:\/\/yoast.com\/product\/yoast-seo-wordpress\/ -->\n<title>Mulher agredida durante roubo na garagem de casa em Lisboa - Portal Tela Portugal<\/title>\n<meta name=\"robots\" content=\"index, follow, max-snippet:-1, max-image-preview:large, max-video-preview:-1\" \/>\n<meta property=\"og:locale\" content=\"pt_PT\" \/>\n<meta property=\"og:type\" content=\"article\" \/>\n<meta property=\"og:title\" content=\"Mulher agredida durante roubo na garagem de casa em Lisboa - Portal Tela Portugal\" \/>\n<meta property=\"og:description\" content=\"Mulher foi espancada durante um roubo na garagem de uma casa em Lisboa. O incidente ocorreu num pr\u00e9dio da Alameda dos Oceanos. A v\u00edtima foi hospitalizada ap\u00f3s o ataque. Um outro homem tamb\u00e9m foi alvo de agress\u00f5es no mesmo epis\u00f3dio.\" \/>\n<meta property=\"og:url\" content=\"https:\/\/portaltela.pt\/noticias\/2026\/03\/05\/mulher-agredida-durante-roubo-na-garagem-de-casa-em-lisboa\/\" \/>\n<meta property=\"og:site_name\" content=\"Portal Tela Portugal\" \/>\n<meta property=\"article:published_time\" content=\"2026-03-05T12:06:48+00:00\" \/>\n<meta name=\"author\" content=\"Telinha\" \/>\n<meta name=\"twitter:card\" content=\"summary_large_image\" \/>\n<meta name=\"twitter:label1\" content=\"Escrito por\" \/>\n\t<meta name=\"twitter:data1\" content=\"Telinha\" \/>\n\t<meta name=\"twitter:label2\" content=\"Tempo estimado de leitura\" \/>\n\t<meta name=\"twitter:data2\" content=\"1 minuto\" \/>\n<script type=\"application\/ld+json\" class=\"yoast-schema-graph\">{\"@context\":\"https:\/\/schema.org\",\"@graph\":[{\"@type\":\"Article\",\"@id\":\"https:\/\/portaltela.pt\/noticias\/2026\/03\/05\/mulher-agredida-durante-roubo-na-garagem-de-casa-em-lisboa\/#article\",\"isPartOf\":{\"@id\":\"https:\/\/portaltela.pt\/noticias\/2026\/03\/05\/mulher-agredida-durante-roubo-na-garagem-de-casa-em-lisboa\/\"},\"author\":{\"name\":\"Telinha\",\"@id\":\"https:\/\/portaltela.pt\/#\/schema\/person\/c4278d4a6028830caff9ee44b42d32ed\"},\"headline\":\"Mulher agredida durante roubo na garagem de casa em Lisboa\",\"datePublished\":\"2026-03-05T12:06:48+00:00\",\"mainEntityOfPage\":{\"@id\":\"https:\/\/portaltela.pt\/noticias\/2026\/03\/05\/mulher-agredida-durante-roubo-na-garagem-de-casa-em-lisboa\/\"},\"wordCount\":138,\"image\":{\"@id\":\"https:\/\/portaltela.pt\/noticias\/2026\/03\/05\/mulher-agredida-durante-roubo-na-garagem-de-casa-em-lisboa\/#primaryimage\"},\"thumbnailUrl\":\"https:\/\/portaltela.pt\/s.01k8rhncp4jt1\/2026\/03\/img_1280x722uu2022-10-28-20-11-48-1195693.jpg\",\"keywords\":[\"agress\u00f5es\",\"Alameda\",\"Lisboa\",\"Mulheres\",\"roubo\",\"viol\u00eancia\"],\"articleSection\":[\"Not\u00edcias\"],\"inLanguage\":\"pt-PT\"},{\"@type\":\"WebPage\",\"@id\":\"https:\/\/portaltela.pt\/noticias\/2026\/03\/05\/mulher-agredida-durante-roubo-na-garagem-de-casa-em-lisboa\/\",\"url\":\"https:\/\/portaltela.pt\/noticias\/2026\/03\/05\/mulher-agredida-durante-roubo-na-garagem-de-casa-em-lisboa\/\",\"name\":\"Mulher agredida durante roubo na garagem de casa em Lisboa - Portal Tela Portugal\",\"isPartOf\":{\"@id\":\"https:\/\/portaltela.pt\/#website\"},\"primaryImageOfPage\":{\"@id\":\"https:\/\/portaltela.pt\/noticias\/2026\/03\/05\/mulher-agredida-durante-roubo-na-garagem-de-casa-em-lisboa\/#primaryimage\"},\"image\":{\"@id\":\"https:\/\/portaltela.pt\/noticias\/2026\/03\/05\/mulher-agredida-durante-roubo-na-garagem-de-casa-em-lisboa\/#primaryimage\"},\"thumbnailUrl\":\"https:\/\/portaltela.pt\/s.01k8rhncp4jt1\/2026\/03\/img_1280x722uu2022-10-28-20-11-48-1195693.jpg\",\"datePublished\":\"2026-03-05T12:06:48+00:00\",\"author\":{\"@id\":\"https:\/\/portaltela.pt\/#\/schema\/person\/c4278d4a6028830caff9ee44b42d32ed\"},\"breadcrumb\":{\"@id\":\"https:\/\/portaltela.pt\/noticias\/2026\/03\/05\/mulher-agredida-durante-roubo-na-garagem-de-casa-em-lisboa\/#breadcrumb\"},\"inLanguage\":\"pt-PT\",\"potentialAction\":[{\"@type\":\"ReadAction\",\"target\":[\"https:\/\/portaltela.pt\/noticias\/2026\/03\/05\/mulher-agredida-durante-roubo-na-garagem-de-casa-em-lisboa\/\"]}]},{\"@type\":\"ImageObject\",\"inLanguage\":\"pt-PT\",\"@id\":\"https:\/\/portaltela.pt\/noticias\/2026\/03\/05\/mulher-agredida-durante-roubo-na-garagem-de-casa-em-lisboa\/#primaryimage\",\"url\":\"https:\/\/portaltela.pt\/s.01k8rhncp4jt1\/2026\/03\/img_1280x722uu2022-10-28-20-11-48-1195693.jpg\",\"contentUrl\":\"https:\/\/portaltela.pt\/s.01k8rhncp4jt1\/2026\/03\/img_1280x722uu2022-10-28-20-11-48-1195693.jpg\",\"width\":796,\"height\":448,\"caption\":\"Photo\"},{\"@type\":\"BreadcrumbList\",\"@id\":\"https:\/\/portaltela.pt\/noticias\/2026\/03\/05\/mulher-agredida-durante-roubo-na-garagem-de-casa-em-lisboa\/#breadcrumb\",\"itemListElement\":[{\"@type\":\"ListItem\",\"position\":1,\"name\":\"In\u00edcio\",\"item\":\"https:\/\/portaltela.pt\/\"},{\"@type\":\"ListItem\",\"position\":2,\"name\":\"Mulher agredida durante roubo na garagem de casa em Lisboa\"}]},{\"@type\":\"WebSite\",\"@id\":\"https:\/\/portaltela.pt\/#website\",\"url\":\"https:\/\/portaltela.pt\/\",\"name\":\"Portal Tela Portugal\",\"description\":\"\",\"potentialAction\":[{\"@type\":\"SearchAction\",\"target\":{\"@type\":\"EntryPoint\",\"urlTemplate\":\"https:\/\/portaltela.pt\/?s={search_term_string}\"},\"query-input\":{\"@type\":\"PropertyValueSpecification\",\"valueRequired\":true,\"valueName\":\"search_term_string\"}}],\"inLanguage\":\"pt-PT\"},{\"@type\":\"Person\",\"@id\":\"https:\/\/portaltela.pt\/#\/schema\/person\/c4278d4a6028830caff9ee44b42d32ed\",\"name\":\"Telinha\",\"image\":{\"@type\":\"ImageObject\",\"inLanguage\":\"pt-PT\",\"@id\":\"https:\/\/portaltela.pt\/s.01k8rhncp4jt1\/2025\/11\/talking-bot-125x125.png\",\"url\":\"https:\/\/portaltela.pt\/s.01k8rhncp4jt1\/2025\/11\/talking-bot-125x125.png\",\"contentUrl\":\"https:\/\/portaltela.pt\/s.01k8rhncp4jt1\/2025\/11\/talking-bot-125x125.png\",\"caption\":\"Telinha\"},\"sameAs\":[\"https:\/\/portaltela.pt\/\"],\"url\":\"https:\/\/portaltela.pt\/por\/367410592786\/\"}]}<\/script>\n<!-- \/ Yoast SEO plugin. -->","yoast_head_json":{"title":"Mulher agredida durante roubo na garagem de casa em Lisboa - Portal Tela Portugal","robots":{"index":"index","follow":"follow","max-snippet":"max-snippet:-1","max-image-preview":"max-image-preview:large","max-video-preview":"max-video-preview:-1"},"og_locale":"pt_PT","og_type":"article","og_title":"Mulher agredida durante roubo na garagem de casa em Lisboa - Portal Tela Portugal","og_description":"Mulher foi espancada durante um roubo na garagem de uma casa em Lisboa. O incidente ocorreu num pr\u00e9dio da Alameda dos Oceanos. A v\u00edtima foi hospitalizada ap\u00f3s o ataque. Um outro homem tamb\u00e9m foi alvo de agress\u00f5es no mesmo epis\u00f3dio.","og_url":"https:\/\/portaltela.pt\/noticias\/2026\/03\/05\/mulher-agredida-durante-roubo-na-garagem-de-casa-em-lisboa\/","og_site_name":"Portal Tela Portugal","article_published_time":"2026-03-05T12:06:48+00:00","author":"Telinha","twitter_card":"summary_large_image","twitter_misc":{"Escrito por":"Telinha","Tempo estimado de leitura":"1 minuto"},"schema":{"@context":"https:\/\/schema.org","@graph":[{"@type":"Article","@id":"https:\/\/portaltela.pt\/noticias\/2026\/03\/05\/mulher-agredida-durante-roubo-na-garagem-de-casa-em-lisboa\/#article","isPartOf":{"@id":"https:\/\/portaltela.pt\/noticias\/2026\/03\/05\/mulher-agredida-durante-roubo-na-garagem-de-casa-em-lisboa\/"},"author":{"name":"Telinha","@id":"https:\/\/portaltela.pt\/#\/schema\/person\/c4278d4a6028830caff9ee44b42d32ed"},"headline":"Mulher agredida durante roubo na garagem de casa em Lisboa","datePublished":"2026-03-05T12:06:48+00:00","mainEntityOfPage":{"@id":"https:\/\/portaltela.pt\/noticias\/2026\/03\/05\/mulher-agredida-durante-roubo-na-garagem-de-casa-em-lisboa\/"},"wordCount":138,"image":{"@id":"https:\/\/portaltela.pt\/noticias\/2026\/03\/05\/mulher-agredida-durante-roubo-na-garagem-de-casa-em-lisboa\/#primaryimage"},"thumbnailUrl":"https:\/\/portaltela.pt\/s.01k8rhncp4jt1\/2026\/03\/img_1280x722uu2022-10-28-20-11-48-1195693.jpg","keywords":["agress\u00f5es","Alameda","Lisboa","Mulheres","roubo","viol\u00eancia"],"articleSection":["Not\u00edcias"],"inLanguage":"pt-PT"},{"@type":"WebPage","@id":"https:\/\/portaltela.pt\/noticias\/2026\/03\/05\/mulher-agredida-durante-roubo-na-garagem-de-casa-em-lisboa\/","url":"https:\/\/portaltela.pt\/noticias\/2026\/03\/05\/mulher-agredida-durante-roubo-na-garagem-de-casa-em-lisboa\/","name":"Mulher agredida durante roubo na garagem de casa em Lisboa - Portal Tela Portugal","isPartOf":{"@id":"https:\/\/portaltela.pt\/#website"},"primaryImageOfPage":{"@id":"https:\/\/portaltela.pt\/noticias\/2026\/03\/05\/mulher-agredida-durante-roubo-na-garagem-de-casa-em-lisboa\/#primaryimage"},"image":{"@id":"https:\/\/portaltela.pt\/noticias\/2026\/03\/05\/mulher-agredida-durante-roubo-na-garagem-de-casa-em-lisboa\/#primaryimage"},"thumbnailUrl":"https:\/\/portaltela.pt\/s.01k8rhncp4jt1\/2026\/03\/img_1280x722uu2022-10-28-20-11-48-1195693.jpg","datePublished":"2026-03-05T12:06:48+00:00","author":{"@id":"https:\/\/portaltela.pt\/#\/schema\/person\/c4278d4a6028830caff9ee44b42d32ed"},"breadcrumb":{"@id":"https:\/\/portaltela.pt\/noticias\/2026\/03\/05\/mulher-agredida-durante-roubo-na-garagem-de-casa-em-lisboa\/#breadcrumb"},"inLanguage":"pt-PT","potentialAction":[{"@type":"ReadAction","target":["https:\/\/portaltela.pt\/noticias\/2026\/03\/05\/mulher-agredida-durante-roubo-na-garagem-de-casa-em-lisboa\/"]}]},{"@type":"ImageObject","inLanguage":"pt-PT","@id":"https:\/\/portaltela.pt\/noticias\/2026\/03\/05\/mulher-agredida-durante-roubo-na-garagem-de-casa-em-lisboa\/#primaryimage","url":"https:\/\/portaltela.pt\/s.01k8rhncp4jt1\/2026\/03\/img_1280x722uu2022-10-28-20-11-48-1195693.jpg","contentUrl":"https:\/\/portaltela.pt\/s.01k8rhncp4jt1\/2026\/03\/img_1280x722uu2022-10-28-20-11-48-1195693.jpg","width":796,"height":448,"caption":"Photo"},{"@type":"BreadcrumbList","@id":"https:\/\/portaltela.pt\/noticias\/2026\/03\/05\/mulher-agredida-durante-roubo-na-garagem-de-casa-em-lisboa\/#breadcrumb","itemListElement":[{"@type":"ListItem","position":1,"name":"In\u00edcio","item":"https:\/\/portaltela.pt\/"},{"@type":"ListItem","position":2,"name":"Mulher agredida durante roubo na garagem de casa em Lisboa"}]},{"@type":"WebSite","@id":"https:\/\/portaltela.pt\/#website","url":"https:\/\/portaltela.pt\/","name":"Portal Tela Portugal","description":"","potentialAction":[{"@type":"SearchAction","target":{"@type":"EntryPoint","urlTemplate":"https:\/\/portaltela.pt\/?s={search_term_string}"},"query-input":{"@type":"PropertyValueSpecification","valueRequired":true,"valueName":"search_term_string"}}],"inLanguage":"pt-PT"},{"@type":"Person","@id":"https:\/\/portaltela.pt\/#\/schema\/person\/c4278d4a6028830caff9ee44b42d32ed","name":"Telinha","image":{"@type":"ImageObject","inLanguage":"pt-PT","@id":"https:\/\/portaltela.pt\/s.01k8rhncp4jt1\/2025\/11\/talking-bot-125x125.png","url":"https:\/\/portaltela.pt\/s.01k8rhncp4jt1\/2025\/11\/talking-bot-125x125.png","contentUrl":"https:\/\/portaltela.pt\/s.01k8rhncp4jt1\/2025\/11\/talking-bot-125x125.png","caption":"Telinha"},"sameAs":["https:\/\/portaltela.pt\/"],"url":"https:\/\/portaltela.pt\/por\/367410592786\/"}]}},"_links":{"self":[{"href":"https:\/\/portaltela.pt\/api\/wp\/v2\/posts\/398482","targetHints":{"allow":["GET"]}}],"collection":[{"href":"https:\/\/portaltela.pt\/api\/wp\/v2\/posts"}],"about":[{"href":"https:\/\/portaltela.pt\/api\/wp\/v2\/types\/post"}],"author":[{"embeddable":true,"href":"https:\/\/portaltela.pt\/api\/wp\/v2\/users\/2"}],"replies":[{"embeddable":true,"href":"https:\/\/portaltela.pt\/api\/wp\/v2\/comments?post=398482"}],"version-history":[{"count":0,"href":"https:\/\/portaltela.pt\/api\/wp\/v2\/posts\/398482\/revisions"}],"wp:featuredmedia":[{"embeddable":true,"href":"https:\/\/portaltela.pt\/api\/wp\/v2\/media\/398486"}],"wp:attachment":[{"href":"https:\/\/portaltela.pt\/api\/wp\/v2\/media?parent=398482"}],"wp:term":[{"taxonomy":"category","embeddable":true,"href":"https:\/\/portaltela.pt\/api\/wp\/v2\/categories?post=398482"},{"taxonomy":"post_tag","embeddable":true,"href":"https:\/\/portaltela.pt\/api\/wp\/v2\/tags?post=398482"}],"curies":[{"name":"wp","href":"https:\/\/api.w.org\/{rel}","templated":true}]}}