{"id":398457,"date":"2026-03-05T08:51:00","date_gmt":"2026-03-05T11:51:00","guid":{"rendered":"https:\/\/portaltela.pt\/noticias\/2026\/03\/05\/edicao-do-premio-sonae-educacao-visa-apoiar-mais-projetos-em-escolas-publicas\/"},"modified":"2026-03-05T08:51:00","modified_gmt":"2026-03-05T11:51:00","slug":"edicao-do-premio-sonae-educacao-visa-apoiar-mais-projetos-em-escolas-publicas","status":"publish","type":"post","link":"https:\/\/portaltela.pt\/noticias\/2026\/03\/05\/edicao-do-premio-sonae-educacao-visa-apoiar-mais-projetos-em-escolas-publicas\/","title":{"rendered":"Edi\u00e7\u00e3o do Pr\u00e9mio Sonae Educa\u00e7\u00e3o visa apoiar mais projetos em escolas p\u00fablicas"},"content":{"rendered":"<p>O Pr\u00e9mio Sonae Educa\u00e7\u00e3o regressa em 2026 com uma novidade para escolas p\u00fablicas. Em 2025, o projeto Ler sem Barreiras foi o primeiro de uma escola p\u00fablica a vencer o pr\u00e9mio, que neste ano reserva 30 mil euros a uma nova categoria destinada a escolas p\u00fablicas.<\/p>\n<p>Em Gil Vicente, em Lisboa, a ideia nasceu quando a bibliotec\u00e1ria Carla Alves viu alunos com necessidades de neurodesenvolvimento a participarem pouco nas leituras. O projeto utiliza eReaders com narra\u00e7\u00e3o em voz alta de hist\u00f3rias adaptadas para facilitar o acesso \u00e0 leitura.<\/p>\n<p>O Pr\u00e9mio Sonae Educa\u00e7\u00e3o, criado em 2023, tem uma dota\u00e7\u00e3o anual de 150 mil euros. As candidaturas para a edi\u00e7\u00e3o de 2026 est\u00e3o abertas at\u00e9 30 de Abril e podem apresentar projetos inovadores e inclusivos, promovidos por entidades p\u00fablicas ou privadas.<\/p>\n<p>Ler sem Barreiras \u00e9 desenvolvido integralmente no Agrupamento de Escolas Gil Vicente. O financiamento permite adquirir os eReaders e equipamento de grava\u00e7\u00e3o, al\u00e9m de forma\u00e7\u00e3o em leitura dram\u00e1tica e qualidade de grava\u00e7\u00e3o disponibilizada pela equipa de teatro da escola.<\/p>\n<p>A equipa de docentes, incluindo o grupo de ensino especial, mira alcan\u00e7ar cerca de 130 estudantes do 1.\u00ba ao 12.\u00ba ano. O objetivo \u00e9 beneficiar crian\u00e7as n\u00e3o verbais, bem como alunos com dislexia ou d\u00e9fice de aten\u00e7\u00e3o e hiperatividade, melhorando a apropria\u00e7\u00e3o da leitura.<\/p>\n<p>A iniciativa pretende, a prazo, integrar o material na rede de bibliotecas escolares, assegurando maior igualdade de acesso \u00e0 leitura para alunos com dificuldades. Carateriza-se pela \u00eanfase na inclus\u00e3o, inova\u00e7\u00e3o e acesso equitativo \u00e0 educa\u00e7\u00e3o.<\/p>\n<p>Para mais informa\u00e7\u00f5es sobre o Pr\u00e9mio Sonae Educa\u00e7\u00e3o, consultar o site oficial do programa.<\/p>\n","protected":false},"excerpt":{"rendered":"<ul>\n<li>Em 2025, o projeto Ler sem Barreiras tornou-se o primeiro da sua escola p\u00fablica a vencer o Pr\u00e9mio Sonae Educa\u00e7\u00e3o.<\/li>\n<li>Em 2026, o pr\u00e9mio volta com uma nova categoria exclusiva para escolas p\u00fablicas, com 30 mil euros, dentro de uma dota\u00e7\u00e3o anual de 150 mil euros.<\/li>\n<li>O projeto est\u00e1 a ser desenvolvido no Agrupamento de Escolas Gil Vicente, em Lisboa, utilizando eReaders com narra\u00e7\u00e3o em voz alta para alunos com limita\u00e7\u00f5es do neurodesenvolvimento.<\/li>\n<li>A ambi\u00e7\u00e3o \u00e9 chegar, numa primeira fase, a cerca de 130 estudantes do 1.\u00ba ao 12.\u00ba ano, incluindo alunos com dislexia e d\u00e9fice de aten\u00e7\u00e3o e hiperatividade.<\/li>\n<li>As candidaturas para a edi\u00e7\u00e3o de 2026 est\u00e3o abertas at\u00e9 30 de Abril, visando promover inclus\u00e3o, inova\u00e7\u00e3o e acesso equitativo \u00e0 educa\u00e7\u00e3o.<\/li>\n<\/ul>\n","protected":false},"author":2,"featured_media":398466,"comment_status":"closed","ping_status":"closed","sticky":false,"template":"","format":"standard","meta":{"footnotes":""},"categories":[1],"tags":[1078,163,1296,4696,2443,101],"class_list":["post-398457","post","type-post","status-publish","format-standard","has-post-thumbnail","hentry","category-noticias","tag-bibliotecas-arquivos","tag-educacao","tag-educacao-especial","tag-educacao-inclusiva","tag-educacao-publica","tag-escolas"],"yoast_head":"<!-- This site is optimized with the Yoast SEO plugin v27.2 - https:\/\/yoast.com\/product\/yoast-seo-wordpress\/ -->\n<title>Edi\u00e7\u00e3o do Pr\u00e9mio Sonae Educa\u00e7\u00e3o visa apoiar mais projetos em escolas p\u00fablicas - Portal Tela Portugal<\/title>\n<meta name=\"robots\" content=\"index, follow, max-snippet:-1, max-image-preview:large, max-video-preview:-1\" \/>\n<meta property=\"og:locale\" content=\"pt_PT\" \/>\n<meta property=\"og:type\" content=\"article\" \/>\n<meta property=\"og:title\" content=\"Edi\u00e7\u00e3o do Pr\u00e9mio Sonae Educa\u00e7\u00e3o visa apoiar mais projetos em escolas p\u00fablicas - Portal Tela Portugal\" \/>\n<meta property=\"og:description\" content=\"Em 2025, o projeto Ler sem Barreiras tornou-se o primeiro da sua escola p\u00fablica a vencer o Pr\u00e9mio Sonae Educa\u00e7\u00e3o. Em 2026, o pr\u00e9mio volta com uma nova categoria exclusiva para escolas p\u00fablicas, com 30 mil euros, dentro de uma dota\u00e7\u00e3o anual de 150 mil euros. O projeto est\u00e1 a ser desenvolvido no Agrupamento de Escolas Gil Vicente, em Lisboa, utilizando eReaders com narra\u00e7\u00e3o em voz alta para alunos com limita\u00e7\u00f5es do neurodesenvolvimento. A ambi\u00e7\u00e3o \u00e9 chegar, numa primeira fase, a cerca de 130 estudantes do 1.\u00ba ao 12.\u00ba ano, incluindo alunos com dislexia e d\u00e9fice de aten\u00e7\u00e3o e hiperatividade. As candidaturas para a edi\u00e7\u00e3o de 2026 est\u00e3o abertas at\u00e9 30 de Abril, visando promover inclus\u00e3o, inova\u00e7\u00e3o e acesso equitativo \u00e0 educa\u00e7\u00e3o.\" \/>\n<meta property=\"og:url\" content=\"https:\/\/portaltela.pt\/noticias\/2026\/03\/05\/edicao-do-premio-sonae-educacao-visa-apoiar-mais-projetos-em-escolas-publicas\/\" \/>\n<meta property=\"og:site_name\" content=\"Portal Tela Portugal\" \/>\n<meta property=\"article:published_time\" content=\"2026-03-05T11:51:00+00:00\" \/>\n<meta name=\"author\" content=\"Telinha\" \/>\n<meta name=\"twitter:card\" content=\"summary_large_image\" \/>\n<meta name=\"twitter:label1\" content=\"Escrito por\" \/>\n\t<meta name=\"twitter:data1\" content=\"Telinha\" \/>\n\t<meta name=\"twitter:label2\" content=\"Tempo estimado de leitura\" \/>\n\t<meta name=\"twitter:data2\" content=\"1 minuto\" \/>\n<script type=\"application\/ld+json\" class=\"yoast-schema-graph\">{\"@context\":\"https:\/\/schema.org\",\"@graph\":[{\"@type\":\"Article\",\"@id\":\"https:\/\/portaltela.pt\/noticias\/2026\/03\/05\/edicao-do-premio-sonae-educacao-visa-apoiar-mais-projetos-em-escolas-publicas\/#article\",\"isPartOf\":{\"@id\":\"https:\/\/portaltela.pt\/noticias\/2026\/03\/05\/edicao-do-premio-sonae-educacao-visa-apoiar-mais-projetos-em-escolas-publicas\/\"},\"author\":{\"name\":\"Telinha\",\"@id\":\"https:\/\/portaltela.pt\/#\/schema\/person\/c4278d4a6028830caff9ee44b42d32ed\"},\"headline\":\"Edi\u00e7\u00e3o do Pr\u00e9mio Sonae Educa\u00e7\u00e3o visa apoiar mais projetos em escolas p\u00fablicas\",\"datePublished\":\"2026-03-05T11:51:00+00:00\",\"mainEntityOfPage\":{\"@id\":\"https:\/\/portaltela.pt\/noticias\/2026\/03\/05\/edicao-do-premio-sonae-educacao-visa-apoiar-mais-projetos-em-escolas-publicas\/\"},\"wordCount\":294,\"image\":{\"@id\":\"https:\/\/portaltela.pt\/noticias\/2026\/03\/05\/edicao-do-premio-sonae-educacao-visa-apoiar-mais-projetos-em-escolas-publicas\/#primaryimage\"},\"thumbnailUrl\":\"https:\/\/portaltela.pt\/s.01k8rhncp4jt1\/2026\/03\/tpUHdbIMAGENStypeJPGshare1oBarra_estudiop.jpg\",\"keywords\":[\"bibliotecas\/arquivos\",\"educa\u00e7\u00e3o\",\"Educa\u00e7\u00e3o Especial\",\"educa\u00e7\u00e3o inclusiva\",\"educa\u00e7\u00e3o p\u00fablica\",\"escolas\"],\"articleSection\":[\"Not\u00edcias\"],\"inLanguage\":\"pt-PT\"},{\"@type\":\"WebPage\",\"@id\":\"https:\/\/portaltela.pt\/noticias\/2026\/03\/05\/edicao-do-premio-sonae-educacao-visa-apoiar-mais-projetos-em-escolas-publicas\/\",\"url\":\"https:\/\/portaltela.pt\/noticias\/2026\/03\/05\/edicao-do-premio-sonae-educacao-visa-apoiar-mais-projetos-em-escolas-publicas\/\",\"name\":\"Edi\u00e7\u00e3o do Pr\u00e9mio Sonae Educa\u00e7\u00e3o visa apoiar mais projetos em escolas p\u00fablicas - Portal Tela Portugal\",\"isPartOf\":{\"@id\":\"https:\/\/portaltela.pt\/#website\"},\"primaryImageOfPage\":{\"@id\":\"https:\/\/portaltela.pt\/noticias\/2026\/03\/05\/edicao-do-premio-sonae-educacao-visa-apoiar-mais-projetos-em-escolas-publicas\/#primaryimage\"},\"image\":{\"@id\":\"https:\/\/portaltela.pt\/noticias\/2026\/03\/05\/edicao-do-premio-sonae-educacao-visa-apoiar-mais-projetos-em-escolas-publicas\/#primaryimage\"},\"thumbnailUrl\":\"https:\/\/portaltela.pt\/s.01k8rhncp4jt1\/2026\/03\/tpUHdbIMAGENStypeJPGshare1oBarra_estudiop.jpg\",\"datePublished\":\"2026-03-05T11:51:00+00:00\",\"author\":{\"@id\":\"https:\/\/portaltela.pt\/#\/schema\/person\/c4278d4a6028830caff9ee44b42d32ed\"},\"breadcrumb\":{\"@id\":\"https:\/\/portaltela.pt\/noticias\/2026\/03\/05\/edicao-do-premio-sonae-educacao-visa-apoiar-mais-projetos-em-escolas-publicas\/#breadcrumb\"},\"inLanguage\":\"pt-PT\",\"potentialAction\":[{\"@type\":\"ReadAction\",\"target\":[\"https:\/\/portaltela.pt\/noticias\/2026\/03\/05\/edicao-do-premio-sonae-educacao-visa-apoiar-mais-projetos-em-escolas-publicas\/\"]}]},{\"@type\":\"ImageObject\",\"inLanguage\":\"pt-PT\",\"@id\":\"https:\/\/portaltela.pt\/noticias\/2026\/03\/05\/edicao-do-premio-sonae-educacao-visa-apoiar-mais-projetos-em-escolas-publicas\/#primaryimage\",\"url\":\"https:\/\/portaltela.pt\/s.01k8rhncp4jt1\/2026\/03\/tpUHdbIMAGENStypeJPGshare1oBarra_estudiop.jpg\",\"contentUrl\":\"https:\/\/portaltela.pt\/s.01k8rhncp4jt1\/2026\/03\/tpUHdbIMAGENStypeJPGshare1oBarra_estudiop.jpg\",\"width\":1200,\"height\":630,\"caption\":\"Carla Alves, professora bibliotec\u00e1ria no Agrupamento de Escolas Gil Vicente, em Lisboa\"},{\"@type\":\"BreadcrumbList\",\"@id\":\"https:\/\/portaltela.pt\/noticias\/2026\/03\/05\/edicao-do-premio-sonae-educacao-visa-apoiar-mais-projetos-em-escolas-publicas\/#breadcrumb\",\"itemListElement\":[{\"@type\":\"ListItem\",\"position\":1,\"name\":\"In\u00edcio\",\"item\":\"https:\/\/portaltela.pt\/\"},{\"@type\":\"ListItem\",\"position\":2,\"name\":\"Edi\u00e7\u00e3o do Pr\u00e9mio Sonae Educa\u00e7\u00e3o visa apoiar mais projetos em escolas p\u00fablicas\"}]},{\"@type\":\"WebSite\",\"@id\":\"https:\/\/portaltela.pt\/#website\",\"url\":\"https:\/\/portaltela.pt\/\",\"name\":\"Portal Tela Portugal\",\"description\":\"\",\"potentialAction\":[{\"@type\":\"SearchAction\",\"target\":{\"@type\":\"EntryPoint\",\"urlTemplate\":\"https:\/\/portaltela.pt\/?s={search_term_string}\"},\"query-input\":{\"@type\":\"PropertyValueSpecification\",\"valueRequired\":true,\"valueName\":\"search_term_string\"}}],\"inLanguage\":\"pt-PT\"},{\"@type\":\"Person\",\"@id\":\"https:\/\/portaltela.pt\/#\/schema\/person\/c4278d4a6028830caff9ee44b42d32ed\",\"name\":\"Telinha\",\"image\":{\"@type\":\"ImageObject\",\"inLanguage\":\"pt-PT\",\"@id\":\"https:\/\/portaltela.pt\/s.01k8rhncp4jt1\/2025\/11\/talking-bot-125x125.png\",\"url\":\"https:\/\/portaltela.pt\/s.01k8rhncp4jt1\/2025\/11\/talking-bot-125x125.png\",\"contentUrl\":\"https:\/\/portaltela.pt\/s.01k8rhncp4jt1\/2025\/11\/talking-bot-125x125.png\",\"caption\":\"Telinha\"},\"sameAs\":[\"https:\/\/portaltela.pt\/\"],\"url\":\"https:\/\/portaltela.pt\/por\/367410592786\/\"}]}<\/script>\n<!-- \/ Yoast SEO plugin. -->","yoast_head_json":{"title":"Edi\u00e7\u00e3o do Pr\u00e9mio Sonae Educa\u00e7\u00e3o visa apoiar mais projetos em escolas p\u00fablicas - Portal Tela Portugal","robots":{"index":"index","follow":"follow","max-snippet":"max-snippet:-1","max-image-preview":"max-image-preview:large","max-video-preview":"max-video-preview:-1"},"og_locale":"pt_PT","og_type":"article","og_title":"Edi\u00e7\u00e3o do Pr\u00e9mio Sonae Educa\u00e7\u00e3o visa apoiar mais projetos em escolas p\u00fablicas - Portal Tela Portugal","og_description":"Em 2025, o projeto Ler sem Barreiras tornou-se o primeiro da sua escola p\u00fablica a vencer o Pr\u00e9mio Sonae Educa\u00e7\u00e3o. Em 2026, o pr\u00e9mio volta com uma nova categoria exclusiva para escolas p\u00fablicas, com 30 mil euros, dentro de uma dota\u00e7\u00e3o anual de 150 mil euros. O projeto est\u00e1 a ser desenvolvido no Agrupamento de Escolas Gil Vicente, em Lisboa, utilizando eReaders com narra\u00e7\u00e3o em voz alta para alunos com limita\u00e7\u00f5es do neurodesenvolvimento. A ambi\u00e7\u00e3o \u00e9 chegar, numa primeira fase, a cerca de 130 estudantes do 1.\u00ba ao 12.\u00ba ano, incluindo alunos com dislexia e d\u00e9fice de aten\u00e7\u00e3o e hiperatividade. As candidaturas para a edi\u00e7\u00e3o de 2026 est\u00e3o abertas at\u00e9 30 de Abril, visando promover inclus\u00e3o, inova\u00e7\u00e3o e acesso equitativo \u00e0 educa\u00e7\u00e3o.","og_url":"https:\/\/portaltela.pt\/noticias\/2026\/03\/05\/edicao-do-premio-sonae-educacao-visa-apoiar-mais-projetos-em-escolas-publicas\/","og_site_name":"Portal Tela Portugal","article_published_time":"2026-03-05T11:51:00+00:00","author":"Telinha","twitter_card":"summary_large_image","twitter_misc":{"Escrito por":"Telinha","Tempo estimado de leitura":"1 minuto"},"schema":{"@context":"https:\/\/schema.org","@graph":[{"@type":"Article","@id":"https:\/\/portaltela.pt\/noticias\/2026\/03\/05\/edicao-do-premio-sonae-educacao-visa-apoiar-mais-projetos-em-escolas-publicas\/#article","isPartOf":{"@id":"https:\/\/portaltela.pt\/noticias\/2026\/03\/05\/edicao-do-premio-sonae-educacao-visa-apoiar-mais-projetos-em-escolas-publicas\/"},"author":{"name":"Telinha","@id":"https:\/\/portaltela.pt\/#\/schema\/person\/c4278d4a6028830caff9ee44b42d32ed"},"headline":"Edi\u00e7\u00e3o do Pr\u00e9mio Sonae Educa\u00e7\u00e3o visa apoiar mais projetos em escolas p\u00fablicas","datePublished":"2026-03-05T11:51:00+00:00","mainEntityOfPage":{"@id":"https:\/\/portaltela.pt\/noticias\/2026\/03\/05\/edicao-do-premio-sonae-educacao-visa-apoiar-mais-projetos-em-escolas-publicas\/"},"wordCount":294,"image":{"@id":"https:\/\/portaltela.pt\/noticias\/2026\/03\/05\/edicao-do-premio-sonae-educacao-visa-apoiar-mais-projetos-em-escolas-publicas\/#primaryimage"},"thumbnailUrl":"https:\/\/portaltela.pt\/s.01k8rhncp4jt1\/2026\/03\/tpUHdbIMAGENStypeJPGshare1oBarra_estudiop.jpg","keywords":["bibliotecas\/arquivos","educa\u00e7\u00e3o","Educa\u00e7\u00e3o Especial","educa\u00e7\u00e3o inclusiva","educa\u00e7\u00e3o p\u00fablica","escolas"],"articleSection":["Not\u00edcias"],"inLanguage":"pt-PT"},{"@type":"WebPage","@id":"https:\/\/portaltela.pt\/noticias\/2026\/03\/05\/edicao-do-premio-sonae-educacao-visa-apoiar-mais-projetos-em-escolas-publicas\/","url":"https:\/\/portaltela.pt\/noticias\/2026\/03\/05\/edicao-do-premio-sonae-educacao-visa-apoiar-mais-projetos-em-escolas-publicas\/","name":"Edi\u00e7\u00e3o do Pr\u00e9mio Sonae Educa\u00e7\u00e3o visa apoiar mais projetos em escolas p\u00fablicas - Portal Tela Portugal","isPartOf":{"@id":"https:\/\/portaltela.pt\/#website"},"primaryImageOfPage":{"@id":"https:\/\/portaltela.pt\/noticias\/2026\/03\/05\/edicao-do-premio-sonae-educacao-visa-apoiar-mais-projetos-em-escolas-publicas\/#primaryimage"},"image":{"@id":"https:\/\/portaltela.pt\/noticias\/2026\/03\/05\/edicao-do-premio-sonae-educacao-visa-apoiar-mais-projetos-em-escolas-publicas\/#primaryimage"},"thumbnailUrl":"https:\/\/portaltela.pt\/s.01k8rhncp4jt1\/2026\/03\/tpUHdbIMAGENStypeJPGshare1oBarra_estudiop.jpg","datePublished":"2026-03-05T11:51:00+00:00","author":{"@id":"https:\/\/portaltela.pt\/#\/schema\/person\/c4278d4a6028830caff9ee44b42d32ed"},"breadcrumb":{"@id":"https:\/\/portaltela.pt\/noticias\/2026\/03\/05\/edicao-do-premio-sonae-educacao-visa-apoiar-mais-projetos-em-escolas-publicas\/#breadcrumb"},"inLanguage":"pt-PT","potentialAction":[{"@type":"ReadAction","target":["https:\/\/portaltela.pt\/noticias\/2026\/03\/05\/edicao-do-premio-sonae-educacao-visa-apoiar-mais-projetos-em-escolas-publicas\/"]}]},{"@type":"ImageObject","inLanguage":"pt-PT","@id":"https:\/\/portaltela.pt\/noticias\/2026\/03\/05\/edicao-do-premio-sonae-educacao-visa-apoiar-mais-projetos-em-escolas-publicas\/#primaryimage","url":"https:\/\/portaltela.pt\/s.01k8rhncp4jt1\/2026\/03\/tpUHdbIMAGENStypeJPGshare1oBarra_estudiop.jpg","contentUrl":"https:\/\/portaltela.pt\/s.01k8rhncp4jt1\/2026\/03\/tpUHdbIMAGENStypeJPGshare1oBarra_estudiop.jpg","width":1200,"height":630,"caption":"Carla Alves, professora bibliotec\u00e1ria no Agrupamento de Escolas Gil Vicente, em Lisboa"},{"@type":"BreadcrumbList","@id":"https:\/\/portaltela.pt\/noticias\/2026\/03\/05\/edicao-do-premio-sonae-educacao-visa-apoiar-mais-projetos-em-escolas-publicas\/#breadcrumb","itemListElement":[{"@type":"ListItem","position":1,"name":"In\u00edcio","item":"https:\/\/portaltela.pt\/"},{"@type":"ListItem","position":2,"name":"Edi\u00e7\u00e3o do Pr\u00e9mio Sonae Educa\u00e7\u00e3o visa apoiar mais projetos em escolas p\u00fablicas"}]},{"@type":"WebSite","@id":"https:\/\/portaltela.pt\/#website","url":"https:\/\/portaltela.pt\/","name":"Portal Tela Portugal","description":"","potentialAction":[{"@type":"SearchAction","target":{"@type":"EntryPoint","urlTemplate":"https:\/\/portaltela.pt\/?s={search_term_string}"},"query-input":{"@type":"PropertyValueSpecification","valueRequired":true,"valueName":"search_term_string"}}],"inLanguage":"pt-PT"},{"@type":"Person","@id":"https:\/\/portaltela.pt\/#\/schema\/person\/c4278d4a6028830caff9ee44b42d32ed","name":"Telinha","image":{"@type":"ImageObject","inLanguage":"pt-PT","@id":"https:\/\/portaltela.pt\/s.01k8rhncp4jt1\/2025\/11\/talking-bot-125x125.png","url":"https:\/\/portaltela.pt\/s.01k8rhncp4jt1\/2025\/11\/talking-bot-125x125.png","contentUrl":"https:\/\/portaltela.pt\/s.01k8rhncp4jt1\/2025\/11\/talking-bot-125x125.png","caption":"Telinha"},"sameAs":["https:\/\/portaltela.pt\/"],"url":"https:\/\/portaltela.pt\/por\/367410592786\/"}]}},"_links":{"self":[{"href":"https:\/\/portaltela.pt\/api\/wp\/v2\/posts\/398457","targetHints":{"allow":["GET"]}}],"collection":[{"href":"https:\/\/portaltela.pt\/api\/wp\/v2\/posts"}],"about":[{"href":"https:\/\/portaltela.pt\/api\/wp\/v2\/types\/post"}],"author":[{"embeddable":true,"href":"https:\/\/portaltela.pt\/api\/wp\/v2\/users\/2"}],"replies":[{"embeddable":true,"href":"https:\/\/portaltela.pt\/api\/wp\/v2\/comments?post=398457"}],"version-history":[{"count":0,"href":"https:\/\/portaltela.pt\/api\/wp\/v2\/posts\/398457\/revisions"}],"wp:featuredmedia":[{"embeddable":true,"href":"https:\/\/portaltela.pt\/api\/wp\/v2\/media\/398466"}],"wp:attachment":[{"href":"https:\/\/portaltela.pt\/api\/wp\/v2\/media?parent=398457"}],"wp:term":[{"taxonomy":"category","embeddable":true,"href":"https:\/\/portaltela.pt\/api\/wp\/v2\/categories?post=398457"},{"taxonomy":"post_tag","embeddable":true,"href":"https:\/\/portaltela.pt\/api\/wp\/v2\/tags?post=398457"}],"curies":[{"name":"wp","href":"https:\/\/api.w.org\/{rel}","templated":true}]}}