{"id":398428,"date":"2026-03-05T08:24:13","date_gmt":"2026-03-05T11:24:13","guid":{"rendered":"https:\/\/portaltela.pt\/noticias\/2026\/03\/05\/casal-detido-por-agredir-dono-de-bicicleta-apos-assalto-em-lisboa-2\/"},"modified":"2026-03-05T08:24:13","modified_gmt":"2026-03-05T11:24:13","slug":"casal-detido-por-agredir-dono-de-bicicleta-apos-assalto-em-lisboa-2","status":"publish","type":"post","link":"https:\/\/portaltela.pt\/noticias\/2026\/03\/05\/casal-detido-por-agredir-dono-de-bicicleta-apos-assalto-em-lisboa-2\/","title":{"rendered":"Casal detido por agredir dono de bicicleta ap\u00f3s assalto em Lisboa"},"content":{"rendered":"<p>Um casal foi detido em Lisboa por esmurrar o dono de uma bicicleta, ap\u00f3s um assalto junto a um caf\u00e9 na freguesia de Benfica. O incidente ocorreu no local, na sequ\u00eancia do roubo.<\/p>\n<p>O homem tem 38 anos e a mulher 46, ambos acusados de terem protagonizado a agress\u00e3o contra a v\u00edtima.<\/p>\n<p>As autoridades detiveram os suspeitos no \u00e2mbito da investiga\u00e7\u00e3o em curso, para apurar as circunst\u00e2ncias do assalto e do ataque.<\/p>\n","protected":false},"excerpt":{"rendered":"<ul>\n<li>Em Lisboa, um casal, homem de 38 anos e mulher de 46, foi detido por esmurrar o dono de uma bicicleta ap\u00f3s um assalto, junto a um caf\u00e9 na freguesia de Benfica.<\/li>\n<li>Detido por violar a mulher em Sintra.<\/li>\n<li>M\u00e3e e padrasto presos por abusos sexuais a duas meninas em Montemor-o-Novo.<\/li>\n<li>Condutor mata mulher e foge em Santar\u00e9m.<\/li>\n<\/ul>\n","protected":false},"author":2,"featured_media":398435,"comment_status":"closed","ping_status":"closed","sticky":false,"template":"","format":"standard","meta":{"footnotes":""},"categories":[1],"tags":[2079,5674,147,3450,981,3418],"class_list":["post-398428","post","type-post","status-publish","format-standard","has-post-thumbnail","hentry","category-noticias","tag-agressoes","tag-assaltos","tag-crime","tag-delinquencia","tag-lisboa","tag-policia-de-seguranca-publica"],"yoast_head":"<!-- This site is optimized with the Yoast SEO plugin v27.2 - https:\/\/yoast.com\/product\/yoast-seo-wordpress\/ -->\n<title>Casal detido por agredir dono de bicicleta ap\u00f3s assalto em Lisboa - Portal Tela Portugal<\/title>\n<meta name=\"robots\" content=\"index, follow, max-snippet:-1, max-image-preview:large, max-video-preview:-1\" \/>\n<meta property=\"og:locale\" content=\"pt_PT\" \/>\n<meta property=\"og:type\" content=\"article\" \/>\n<meta property=\"og:title\" content=\"Casal detido por agredir dono de bicicleta ap\u00f3s assalto em Lisboa - Portal Tela Portugal\" \/>\n<meta property=\"og:description\" content=\"Em Lisboa, um casal, homem de 38 anos e mulher de 46, foi detido por esmurrar o dono de uma bicicleta ap\u00f3s um assalto, junto a um caf\u00e9 na freguesia de Benfica. Detido por violar a mulher em Sintra. M\u00e3e e padrasto presos por abusos sexuais a duas meninas em Montemor-o-Novo. Condutor mata mulher e foge em Santar\u00e9m.\" \/>\n<meta property=\"og:url\" content=\"https:\/\/portaltela.pt\/noticias\/2026\/03\/05\/casal-detido-por-agredir-dono-de-bicicleta-apos-assalto-em-lisboa-2\/\" \/>\n<meta property=\"og:site_name\" content=\"Portal Tela Portugal\" \/>\n<meta property=\"article:published_time\" content=\"2026-03-05T11:24:13+00:00\" \/>\n<meta name=\"author\" content=\"Telinha\" \/>\n<meta name=\"twitter:card\" content=\"summary_large_image\" \/>\n<meta name=\"twitter:label1\" content=\"Escrito por\" \/>\n\t<meta name=\"twitter:data1\" content=\"Telinha\" \/>\n<script type=\"application\/ld+json\" class=\"yoast-schema-graph\">{\"@context\":\"https:\/\/schema.org\",\"@graph\":[{\"@type\":\"Article\",\"@id\":\"https:\/\/portaltela.pt\/noticias\/2026\/03\/05\/casal-detido-por-agredir-dono-de-bicicleta-apos-assalto-em-lisboa-2\/#article\",\"isPartOf\":{\"@id\":\"https:\/\/portaltela.pt\/noticias\/2026\/03\/05\/casal-detido-por-agredir-dono-de-bicicleta-apos-assalto-em-lisboa-2\/\"},\"author\":{\"name\":\"Telinha\",\"@id\":\"https:\/\/portaltela.pt\/#\/schema\/person\/c4278d4a6028830caff9ee44b42d32ed\"},\"headline\":\"Casal detido por agredir dono de bicicleta ap\u00f3s assalto em Lisboa\",\"datePublished\":\"2026-03-05T11:24:13+00:00\",\"mainEntityOfPage\":{\"@id\":\"https:\/\/portaltela.pt\/noticias\/2026\/03\/05\/casal-detido-por-agredir-dono-de-bicicleta-apos-assalto-em-lisboa-2\/\"},\"wordCount\":88,\"image\":{\"@id\":\"https:\/\/portaltela.pt\/noticias\/2026\/03\/05\/casal-detido-por-agredir-dono-de-bicicleta-apos-assalto-em-lisboa-2\/#primaryimage\"},\"thumbnailUrl\":\"https:\/\/portaltela.pt\/s.01k8rhncp4jt1\/2026\/03\/img_1280x722uu2023-10-08-19-27-05-1461636.jpg\",\"keywords\":[\"agress\u00f5es\",\"assaltos\",\"crime\",\"delinqu\u00eancia\",\"Lisboa\",\"Pol\u00edcia de Seguran\u00e7a P\u00fablica\"],\"articleSection\":[\"Not\u00edcias\"],\"inLanguage\":\"pt-PT\"},{\"@type\":\"WebPage\",\"@id\":\"https:\/\/portaltela.pt\/noticias\/2026\/03\/05\/casal-detido-por-agredir-dono-de-bicicleta-apos-assalto-em-lisboa-2\/\",\"url\":\"https:\/\/portaltela.pt\/noticias\/2026\/03\/05\/casal-detido-por-agredir-dono-de-bicicleta-apos-assalto-em-lisboa-2\/\",\"name\":\"Casal detido por agredir dono de bicicleta ap\u00f3s assalto em Lisboa - Portal Tela Portugal\",\"isPartOf\":{\"@id\":\"https:\/\/portaltela.pt\/#website\"},\"primaryImageOfPage\":{\"@id\":\"https:\/\/portaltela.pt\/noticias\/2026\/03\/05\/casal-detido-por-agredir-dono-de-bicicleta-apos-assalto-em-lisboa-2\/#primaryimage\"},\"image\":{\"@id\":\"https:\/\/portaltela.pt\/noticias\/2026\/03\/05\/casal-detido-por-agredir-dono-de-bicicleta-apos-assalto-em-lisboa-2\/#primaryimage\"},\"thumbnailUrl\":\"https:\/\/portaltela.pt\/s.01k8rhncp4jt1\/2026\/03\/img_1280x722uu2023-10-08-19-27-05-1461636.jpg\",\"datePublished\":\"2026-03-05T11:24:13+00:00\",\"author\":{\"@id\":\"https:\/\/portaltela.pt\/#\/schema\/person\/c4278d4a6028830caff9ee44b42d32ed\"},\"breadcrumb\":{\"@id\":\"https:\/\/portaltela.pt\/noticias\/2026\/03\/05\/casal-detido-por-agredir-dono-de-bicicleta-apos-assalto-em-lisboa-2\/#breadcrumb\"},\"inLanguage\":\"pt-PT\",\"potentialAction\":[{\"@type\":\"ReadAction\",\"target\":[\"https:\/\/portaltela.pt\/noticias\/2026\/03\/05\/casal-detido-por-agredir-dono-de-bicicleta-apos-assalto-em-lisboa-2\/\"]}]},{\"@type\":\"ImageObject\",\"inLanguage\":\"pt-PT\",\"@id\":\"https:\/\/portaltela.pt\/noticias\/2026\/03\/05\/casal-detido-por-agredir-dono-de-bicicleta-apos-assalto-em-lisboa-2\/#primaryimage\",\"url\":\"https:\/\/portaltela.pt\/s.01k8rhncp4jt1\/2026\/03\/img_1280x722uu2023-10-08-19-27-05-1461636.jpg\",\"contentUrl\":\"https:\/\/portaltela.pt\/s.01k8rhncp4jt1\/2026\/03\/img_1280x722uu2023-10-08-19-27-05-1461636.jpg\",\"width\":796,\"height\":448,\"caption\":\"Photo\"},{\"@type\":\"BreadcrumbList\",\"@id\":\"https:\/\/portaltela.pt\/noticias\/2026\/03\/05\/casal-detido-por-agredir-dono-de-bicicleta-apos-assalto-em-lisboa-2\/#breadcrumb\",\"itemListElement\":[{\"@type\":\"ListItem\",\"position\":1,\"name\":\"In\u00edcio\",\"item\":\"https:\/\/portaltela.pt\/\"},{\"@type\":\"ListItem\",\"position\":2,\"name\":\"Casal detido por agredir dono de bicicleta ap\u00f3s assalto em Lisboa\"}]},{\"@type\":\"WebSite\",\"@id\":\"https:\/\/portaltela.pt\/#website\",\"url\":\"https:\/\/portaltela.pt\/\",\"name\":\"Portal Tela Portugal\",\"description\":\"\",\"potentialAction\":[{\"@type\":\"SearchAction\",\"target\":{\"@type\":\"EntryPoint\",\"urlTemplate\":\"https:\/\/portaltela.pt\/?s={search_term_string}\"},\"query-input\":{\"@type\":\"PropertyValueSpecification\",\"valueRequired\":true,\"valueName\":\"search_term_string\"}}],\"inLanguage\":\"pt-PT\"},{\"@type\":\"Person\",\"@id\":\"https:\/\/portaltela.pt\/#\/schema\/person\/c4278d4a6028830caff9ee44b42d32ed\",\"name\":\"Telinha\",\"image\":{\"@type\":\"ImageObject\",\"inLanguage\":\"pt-PT\",\"@id\":\"https:\/\/portaltela.pt\/s.01k8rhncp4jt1\/2025\/11\/talking-bot-125x125.png\",\"url\":\"https:\/\/portaltela.pt\/s.01k8rhncp4jt1\/2025\/11\/talking-bot-125x125.png\",\"contentUrl\":\"https:\/\/portaltela.pt\/s.01k8rhncp4jt1\/2025\/11\/talking-bot-125x125.png\",\"caption\":\"Telinha\"},\"sameAs\":[\"https:\/\/portaltela.pt\/\"],\"url\":\"https:\/\/portaltela.pt\/por\/367410592786\/\"}]}<\/script>\n<!-- \/ Yoast SEO plugin. -->","yoast_head_json":{"title":"Casal detido por agredir dono de bicicleta ap\u00f3s assalto em Lisboa - Portal Tela Portugal","robots":{"index":"index","follow":"follow","max-snippet":"max-snippet:-1","max-image-preview":"max-image-preview:large","max-video-preview":"max-video-preview:-1"},"og_locale":"pt_PT","og_type":"article","og_title":"Casal detido por agredir dono de bicicleta ap\u00f3s assalto em Lisboa - Portal Tela Portugal","og_description":"Em Lisboa, um casal, homem de 38 anos e mulher de 46, foi detido por esmurrar o dono de uma bicicleta ap\u00f3s um assalto, junto a um caf\u00e9 na freguesia de Benfica. Detido por violar a mulher em Sintra. M\u00e3e e padrasto presos por abusos sexuais a duas meninas em Montemor-o-Novo. Condutor mata mulher e foge em Santar\u00e9m.","og_url":"https:\/\/portaltela.pt\/noticias\/2026\/03\/05\/casal-detido-por-agredir-dono-de-bicicleta-apos-assalto-em-lisboa-2\/","og_site_name":"Portal Tela Portugal","article_published_time":"2026-03-05T11:24:13+00:00","author":"Telinha","twitter_card":"summary_large_image","twitter_misc":{"Escrito por":"Telinha"},"schema":{"@context":"https:\/\/schema.org","@graph":[{"@type":"Article","@id":"https:\/\/portaltela.pt\/noticias\/2026\/03\/05\/casal-detido-por-agredir-dono-de-bicicleta-apos-assalto-em-lisboa-2\/#article","isPartOf":{"@id":"https:\/\/portaltela.pt\/noticias\/2026\/03\/05\/casal-detido-por-agredir-dono-de-bicicleta-apos-assalto-em-lisboa-2\/"},"author":{"name":"Telinha","@id":"https:\/\/portaltela.pt\/#\/schema\/person\/c4278d4a6028830caff9ee44b42d32ed"},"headline":"Casal detido por agredir dono de bicicleta ap\u00f3s assalto em Lisboa","datePublished":"2026-03-05T11:24:13+00:00","mainEntityOfPage":{"@id":"https:\/\/portaltela.pt\/noticias\/2026\/03\/05\/casal-detido-por-agredir-dono-de-bicicleta-apos-assalto-em-lisboa-2\/"},"wordCount":88,"image":{"@id":"https:\/\/portaltela.pt\/noticias\/2026\/03\/05\/casal-detido-por-agredir-dono-de-bicicleta-apos-assalto-em-lisboa-2\/#primaryimage"},"thumbnailUrl":"https:\/\/portaltela.pt\/s.01k8rhncp4jt1\/2026\/03\/img_1280x722uu2023-10-08-19-27-05-1461636.jpg","keywords":["agress\u00f5es","assaltos","crime","delinqu\u00eancia","Lisboa","Pol\u00edcia de Seguran\u00e7a P\u00fablica"],"articleSection":["Not\u00edcias"],"inLanguage":"pt-PT"},{"@type":"WebPage","@id":"https:\/\/portaltela.pt\/noticias\/2026\/03\/05\/casal-detido-por-agredir-dono-de-bicicleta-apos-assalto-em-lisboa-2\/","url":"https:\/\/portaltela.pt\/noticias\/2026\/03\/05\/casal-detido-por-agredir-dono-de-bicicleta-apos-assalto-em-lisboa-2\/","name":"Casal detido por agredir dono de bicicleta ap\u00f3s assalto em Lisboa - Portal Tela Portugal","isPartOf":{"@id":"https:\/\/portaltela.pt\/#website"},"primaryImageOfPage":{"@id":"https:\/\/portaltela.pt\/noticias\/2026\/03\/05\/casal-detido-por-agredir-dono-de-bicicleta-apos-assalto-em-lisboa-2\/#primaryimage"},"image":{"@id":"https:\/\/portaltela.pt\/noticias\/2026\/03\/05\/casal-detido-por-agredir-dono-de-bicicleta-apos-assalto-em-lisboa-2\/#primaryimage"},"thumbnailUrl":"https:\/\/portaltela.pt\/s.01k8rhncp4jt1\/2026\/03\/img_1280x722uu2023-10-08-19-27-05-1461636.jpg","datePublished":"2026-03-05T11:24:13+00:00","author":{"@id":"https:\/\/portaltela.pt\/#\/schema\/person\/c4278d4a6028830caff9ee44b42d32ed"},"breadcrumb":{"@id":"https:\/\/portaltela.pt\/noticias\/2026\/03\/05\/casal-detido-por-agredir-dono-de-bicicleta-apos-assalto-em-lisboa-2\/#breadcrumb"},"inLanguage":"pt-PT","potentialAction":[{"@type":"ReadAction","target":["https:\/\/portaltela.pt\/noticias\/2026\/03\/05\/casal-detido-por-agredir-dono-de-bicicleta-apos-assalto-em-lisboa-2\/"]}]},{"@type":"ImageObject","inLanguage":"pt-PT","@id":"https:\/\/portaltela.pt\/noticias\/2026\/03\/05\/casal-detido-por-agredir-dono-de-bicicleta-apos-assalto-em-lisboa-2\/#primaryimage","url":"https:\/\/portaltela.pt\/s.01k8rhncp4jt1\/2026\/03\/img_1280x722uu2023-10-08-19-27-05-1461636.jpg","contentUrl":"https:\/\/portaltela.pt\/s.01k8rhncp4jt1\/2026\/03\/img_1280x722uu2023-10-08-19-27-05-1461636.jpg","width":796,"height":448,"caption":"Photo"},{"@type":"BreadcrumbList","@id":"https:\/\/portaltela.pt\/noticias\/2026\/03\/05\/casal-detido-por-agredir-dono-de-bicicleta-apos-assalto-em-lisboa-2\/#breadcrumb","itemListElement":[{"@type":"ListItem","position":1,"name":"In\u00edcio","item":"https:\/\/portaltela.pt\/"},{"@type":"ListItem","position":2,"name":"Casal detido por agredir dono de bicicleta ap\u00f3s assalto em Lisboa"}]},{"@type":"WebSite","@id":"https:\/\/portaltela.pt\/#website","url":"https:\/\/portaltela.pt\/","name":"Portal Tela Portugal","description":"","potentialAction":[{"@type":"SearchAction","target":{"@type":"EntryPoint","urlTemplate":"https:\/\/portaltela.pt\/?s={search_term_string}"},"query-input":{"@type":"PropertyValueSpecification","valueRequired":true,"valueName":"search_term_string"}}],"inLanguage":"pt-PT"},{"@type":"Person","@id":"https:\/\/portaltela.pt\/#\/schema\/person\/c4278d4a6028830caff9ee44b42d32ed","name":"Telinha","image":{"@type":"ImageObject","inLanguage":"pt-PT","@id":"https:\/\/portaltela.pt\/s.01k8rhncp4jt1\/2025\/11\/talking-bot-125x125.png","url":"https:\/\/portaltela.pt\/s.01k8rhncp4jt1\/2025\/11\/talking-bot-125x125.png","contentUrl":"https:\/\/portaltela.pt\/s.01k8rhncp4jt1\/2025\/11\/talking-bot-125x125.png","caption":"Telinha"},"sameAs":["https:\/\/portaltela.pt\/"],"url":"https:\/\/portaltela.pt\/por\/367410592786\/"}]}},"_links":{"self":[{"href":"https:\/\/portaltela.pt\/api\/wp\/v2\/posts\/398428","targetHints":{"allow":["GET"]}}],"collection":[{"href":"https:\/\/portaltela.pt\/api\/wp\/v2\/posts"}],"about":[{"href":"https:\/\/portaltela.pt\/api\/wp\/v2\/types\/post"}],"author":[{"embeddable":true,"href":"https:\/\/portaltela.pt\/api\/wp\/v2\/users\/2"}],"replies":[{"embeddable":true,"href":"https:\/\/portaltela.pt\/api\/wp\/v2\/comments?post=398428"}],"version-history":[{"count":0,"href":"https:\/\/portaltela.pt\/api\/wp\/v2\/posts\/398428\/revisions"}],"wp:featuredmedia":[{"embeddable":true,"href":"https:\/\/portaltela.pt\/api\/wp\/v2\/media\/398435"}],"wp:attachment":[{"href":"https:\/\/portaltela.pt\/api\/wp\/v2\/media?parent=398428"}],"wp:term":[{"taxonomy":"category","embeddable":true,"href":"https:\/\/portaltela.pt\/api\/wp\/v2\/categories?post=398428"},{"taxonomy":"post_tag","embeddable":true,"href":"https:\/\/portaltela.pt\/api\/wp\/v2\/tags?post=398428"}],"curies":[{"name":"wp","href":"https:\/\/api.w.org\/{rel}","templated":true}]}}