{"id":398396,"date":"2026-03-05T08:00:00","date_gmt":"2026-03-05T11:00:00","guid":{"rendered":"https:\/\/portaltela.pt\/noticias\/2026\/03\/05\/pixar-regressa-com-saltitoes-animacao-para-toda-a-familia\/"},"modified":"2026-03-05T08:00:00","modified_gmt":"2026-03-05T11:00:00","slug":"pixar-regressa-com-saltitoes-animacao-para-toda-a-familia","status":"publish","type":"post","link":"https:\/\/portaltela.pt\/noticias\/2026\/03\/05\/pixar-regressa-com-saltitoes-animacao-para-toda-a-familia\/","title":{"rendered":"Pixar regressa com Saltit\u00f5es, anima\u00e7\u00e3o para toda a fam\u00edlia."},"content":{"rendered":"<p>A Pixar volta aos cinemas com a anima\u00e7\u00e3o Saltit\u00f5es, voltada para toda a fam\u00edlia. O filme promete trazer humor, aventura e imagens animadas de alta qualidade, mantendo o estilo caracter\u00edstico da produtora.<\/p>\n<p>A hist\u00f3ria acompanha uma jovem que adora animais e que, de alguma forma, consegue entrar na sua pr\u00f3pria consci\u00eancia. Dentro desse espa\u00e7o, surgem mist\u00e9rios que a protagonista tenta desvendar.<\/p>\n<p>A estreia ocorre esta semana, no circuito de cinemas, segundo informa\u00e7\u00f5es da produ\u00e7\u00e3o. O lan\u00e7amento insere Saltit\u00f5es entre outras novidades em cartaz no mesmo per\u00edodo.<\/p>\n<p>Ainda nesta semana chegam \u00e0s salas de cinema A noiva e M\u00e1ria Vit\u00f3ria, conforme a programa\u00e7\u00e3o de estreias. As obras expandem a oferta de filmes para diferentes p\u00fablicos.<\/p>\n","protected":false},"excerpt":{"rendered":"<ul>\n<li>A Pixar regressa aos cinemas com a anima\u00e7\u00e3o Saltit\u00f5es, direcionada \u00e0 fam\u00edlia.<\/li>\n<li>O enredo segue uma jovem que adora animais e consegue entrar na sua pr\u00f3pria consci\u00eancia, descobrindo mist\u00e9rios inimagin\u00e1veis.<\/li>\n<li>Esta semana, al\u00e9m de Saltit\u00f5es, estreiam os filmes A noiva e M\u00e1ria Vit\u00f3ria.<\/li>\n<li>O lan\u00e7amento faz parte da programa\u00e7\u00e3o de filmes para toda a fam\u00edlia.<\/li>\n<\/ul>\n","protected":false},"author":2,"featured_media":398405,"comment_status":"closed","ping_status":"closed","sticky":false,"template":"","format":"standard","meta":{"footnotes":""},"categories":[12,1],"tags":[5812,112,6598,64,5242,4879],"class_list":["post-398396","post","type-post","status-publish","format-standard","has-post-thumbnail","hentry","category-entretenimento","category-noticias","tag-animacao","tag-cinema","tag-entretenimento","tag-familia","tag-filmes","tag-novidades"],"yoast_head":"<!-- This site is optimized with the Yoast SEO plugin v27.2 - https:\/\/yoast.com\/product\/yoast-seo-wordpress\/ -->\n<title>Pixar regressa com Saltit\u00f5es, anima\u00e7\u00e3o para toda a fam\u00edlia. - Portal Tela Portugal<\/title>\n<meta name=\"robots\" content=\"index, follow, max-snippet:-1, max-image-preview:large, max-video-preview:-1\" \/>\n<meta property=\"og:locale\" content=\"pt_PT\" \/>\n<meta property=\"og:type\" content=\"article\" \/>\n<meta property=\"og:title\" content=\"Pixar regressa com Saltit\u00f5es, anima\u00e7\u00e3o para toda a fam\u00edlia. - Portal Tela Portugal\" \/>\n<meta property=\"og:description\" content=\"A Pixar regressa aos cinemas com a anima\u00e7\u00e3o Saltit\u00f5es, direcionada \u00e0 fam\u00edlia. O enredo segue uma jovem que adora animais e consegue entrar na sua pr\u00f3pria consci\u00eancia, descobrindo mist\u00e9rios inimagin\u00e1veis. Esta semana, al\u00e9m de Saltit\u00f5es, estreiam os filmes A noiva e M\u00e1ria Vit\u00f3ria. O lan\u00e7amento faz parte da programa\u00e7\u00e3o de filmes para toda a fam\u00edlia.\" \/>\n<meta property=\"og:url\" content=\"https:\/\/portaltela.pt\/noticias\/2026\/03\/05\/pixar-regressa-com-saltitoes-animacao-para-toda-a-familia\/\" \/>\n<meta property=\"og:site_name\" content=\"Portal Tela Portugal\" \/>\n<meta property=\"article:published_time\" content=\"2026-03-05T11:00:00+00:00\" \/>\n<meta name=\"author\" content=\"Telinha\" \/>\n<meta name=\"twitter:card\" content=\"summary_large_image\" \/>\n<meta name=\"twitter:label1\" content=\"Escrito por\" \/>\n\t<meta name=\"twitter:data1\" content=\"Telinha\" \/>\n\t<meta name=\"twitter:label2\" content=\"Tempo estimado de leitura\" \/>\n\t<meta name=\"twitter:data2\" content=\"1 minuto\" \/>\n<script type=\"application\/ld+json\" class=\"yoast-schema-graph\">{\"@context\":\"https:\/\/schema.org\",\"@graph\":[{\"@type\":\"Article\",\"@id\":\"https:\/\/portaltela.pt\/noticias\/2026\/03\/05\/pixar-regressa-com-saltitoes-animacao-para-toda-a-familia\/#article\",\"isPartOf\":{\"@id\":\"https:\/\/portaltela.pt\/noticias\/2026\/03\/05\/pixar-regressa-com-saltitoes-animacao-para-toda-a-familia\/\"},\"author\":{\"name\":\"Telinha\",\"@id\":\"https:\/\/portaltela.pt\/#\/schema\/person\/c4278d4a6028830caff9ee44b42d32ed\"},\"headline\":\"Pixar regressa com Saltit\u00f5es, anima\u00e7\u00e3o para toda a fam\u00edlia.\",\"datePublished\":\"2026-03-05T11:00:00+00:00\",\"mainEntityOfPage\":{\"@id\":\"https:\/\/portaltela.pt\/noticias\/2026\/03\/05\/pixar-regressa-com-saltitoes-animacao-para-toda-a-familia\/\"},\"wordCount\":144,\"image\":{\"@id\":\"https:\/\/portaltela.pt\/noticias\/2026\/03\/05\/pixar-regressa-com-saltitoes-animacao-para-toda-a-familia\/#primaryimage\"},\"thumbnailUrl\":\"https:\/\/portaltela.pt\/s.01k8rhncp4jt1\/2026\/03\/1fbede0a-2f63-4910-a340-b0984307def8_1200x675.jpg\",\"keywords\":[\"anima\u00e7\u00e3o\",\"cinema\",\"entretenimento\",\"fam\u00edlia\",\"filmes\",\"Novidades\"],\"articleSection\":[\"Entretenimento\",\"Not\u00edcias\"],\"inLanguage\":\"pt-PT\"},{\"@type\":\"WebPage\",\"@id\":\"https:\/\/portaltela.pt\/noticias\/2026\/03\/05\/pixar-regressa-com-saltitoes-animacao-para-toda-a-familia\/\",\"url\":\"https:\/\/portaltela.pt\/noticias\/2026\/03\/05\/pixar-regressa-com-saltitoes-animacao-para-toda-a-familia\/\",\"name\":\"Pixar regressa com Saltit\u00f5es, anima\u00e7\u00e3o para toda a fam\u00edlia. - Portal Tela Portugal\",\"isPartOf\":{\"@id\":\"https:\/\/portaltela.pt\/#website\"},\"primaryImageOfPage\":{\"@id\":\"https:\/\/portaltela.pt\/noticias\/2026\/03\/05\/pixar-regressa-com-saltitoes-animacao-para-toda-a-familia\/#primaryimage\"},\"image\":{\"@id\":\"https:\/\/portaltela.pt\/noticias\/2026\/03\/05\/pixar-regressa-com-saltitoes-animacao-para-toda-a-familia\/#primaryimage\"},\"thumbnailUrl\":\"https:\/\/portaltela.pt\/s.01k8rhncp4jt1\/2026\/03\/1fbede0a-2f63-4910-a340-b0984307def8_1200x675.jpg\",\"datePublished\":\"2026-03-05T11:00:00+00:00\",\"author\":{\"@id\":\"https:\/\/portaltela.pt\/#\/schema\/person\/c4278d4a6028830caff9ee44b42d32ed\"},\"breadcrumb\":{\"@id\":\"https:\/\/portaltela.pt\/noticias\/2026\/03\/05\/pixar-regressa-com-saltitoes-animacao-para-toda-a-familia\/#breadcrumb\"},\"inLanguage\":\"pt-PT\",\"potentialAction\":[{\"@type\":\"ReadAction\",\"target\":[\"https:\/\/portaltela.pt\/noticias\/2026\/03\/05\/pixar-regressa-com-saltitoes-animacao-para-toda-a-familia\/\"]}]},{\"@type\":\"ImageObject\",\"inLanguage\":\"pt-PT\",\"@id\":\"https:\/\/portaltela.pt\/noticias\/2026\/03\/05\/pixar-regressa-com-saltitoes-animacao-para-toda-a-familia\/#primaryimage\",\"url\":\"https:\/\/portaltela.pt\/s.01k8rhncp4jt1\/2026\/03\/1fbede0a-2f63-4910-a340-b0984307def8_1200x675.jpg\",\"contentUrl\":\"https:\/\/portaltela.pt\/s.01k8rhncp4jt1\/2026\/03\/1fbede0a-2f63-4910-a340-b0984307def8_1200x675.jpg\",\"width\":796,\"height\":448,\"caption\":\"Photo\"},{\"@type\":\"BreadcrumbList\",\"@id\":\"https:\/\/portaltela.pt\/noticias\/2026\/03\/05\/pixar-regressa-com-saltitoes-animacao-para-toda-a-familia\/#breadcrumb\",\"itemListElement\":[{\"@type\":\"ListItem\",\"position\":1,\"name\":\"In\u00edcio\",\"item\":\"https:\/\/portaltela.pt\/\"},{\"@type\":\"ListItem\",\"position\":2,\"name\":\"Pixar regressa com Saltit\u00f5es, anima\u00e7\u00e3o para toda a fam\u00edlia.\"}]},{\"@type\":\"WebSite\",\"@id\":\"https:\/\/portaltela.pt\/#website\",\"url\":\"https:\/\/portaltela.pt\/\",\"name\":\"Portal Tela Portugal\",\"description\":\"\",\"potentialAction\":[{\"@type\":\"SearchAction\",\"target\":{\"@type\":\"EntryPoint\",\"urlTemplate\":\"https:\/\/portaltela.pt\/?s={search_term_string}\"},\"query-input\":{\"@type\":\"PropertyValueSpecification\",\"valueRequired\":true,\"valueName\":\"search_term_string\"}}],\"inLanguage\":\"pt-PT\"},{\"@type\":\"Person\",\"@id\":\"https:\/\/portaltela.pt\/#\/schema\/person\/c4278d4a6028830caff9ee44b42d32ed\",\"name\":\"Telinha\",\"image\":{\"@type\":\"ImageObject\",\"inLanguage\":\"pt-PT\",\"@id\":\"https:\/\/portaltela.pt\/s.01k8rhncp4jt1\/2025\/11\/talking-bot-125x125.png\",\"url\":\"https:\/\/portaltela.pt\/s.01k8rhncp4jt1\/2025\/11\/talking-bot-125x125.png\",\"contentUrl\":\"https:\/\/portaltela.pt\/s.01k8rhncp4jt1\/2025\/11\/talking-bot-125x125.png\",\"caption\":\"Telinha\"},\"sameAs\":[\"https:\/\/portaltela.pt\/\"],\"url\":\"https:\/\/portaltela.pt\/por\/367410592786\/\"}]}<\/script>\n<!-- \/ Yoast SEO plugin. -->","yoast_head_json":{"title":"Pixar regressa com Saltit\u00f5es, anima\u00e7\u00e3o para toda a fam\u00edlia. - Portal Tela Portugal","robots":{"index":"index","follow":"follow","max-snippet":"max-snippet:-1","max-image-preview":"max-image-preview:large","max-video-preview":"max-video-preview:-1"},"og_locale":"pt_PT","og_type":"article","og_title":"Pixar regressa com Saltit\u00f5es, anima\u00e7\u00e3o para toda a fam\u00edlia. - Portal Tela Portugal","og_description":"A Pixar regressa aos cinemas com a anima\u00e7\u00e3o Saltit\u00f5es, direcionada \u00e0 fam\u00edlia. O enredo segue uma jovem que adora animais e consegue entrar na sua pr\u00f3pria consci\u00eancia, descobrindo mist\u00e9rios inimagin\u00e1veis. Esta semana, al\u00e9m de Saltit\u00f5es, estreiam os filmes A noiva e M\u00e1ria Vit\u00f3ria. O lan\u00e7amento faz parte da programa\u00e7\u00e3o de filmes para toda a fam\u00edlia.","og_url":"https:\/\/portaltela.pt\/noticias\/2026\/03\/05\/pixar-regressa-com-saltitoes-animacao-para-toda-a-familia\/","og_site_name":"Portal Tela Portugal","article_published_time":"2026-03-05T11:00:00+00:00","author":"Telinha","twitter_card":"summary_large_image","twitter_misc":{"Escrito por":"Telinha","Tempo estimado de leitura":"1 minuto"},"schema":{"@context":"https:\/\/schema.org","@graph":[{"@type":"Article","@id":"https:\/\/portaltela.pt\/noticias\/2026\/03\/05\/pixar-regressa-com-saltitoes-animacao-para-toda-a-familia\/#article","isPartOf":{"@id":"https:\/\/portaltela.pt\/noticias\/2026\/03\/05\/pixar-regressa-com-saltitoes-animacao-para-toda-a-familia\/"},"author":{"name":"Telinha","@id":"https:\/\/portaltela.pt\/#\/schema\/person\/c4278d4a6028830caff9ee44b42d32ed"},"headline":"Pixar regressa com Saltit\u00f5es, anima\u00e7\u00e3o para toda a fam\u00edlia.","datePublished":"2026-03-05T11:00:00+00:00","mainEntityOfPage":{"@id":"https:\/\/portaltela.pt\/noticias\/2026\/03\/05\/pixar-regressa-com-saltitoes-animacao-para-toda-a-familia\/"},"wordCount":144,"image":{"@id":"https:\/\/portaltela.pt\/noticias\/2026\/03\/05\/pixar-regressa-com-saltitoes-animacao-para-toda-a-familia\/#primaryimage"},"thumbnailUrl":"https:\/\/portaltela.pt\/s.01k8rhncp4jt1\/2026\/03\/1fbede0a-2f63-4910-a340-b0984307def8_1200x675.jpg","keywords":["anima\u00e7\u00e3o","cinema","entretenimento","fam\u00edlia","filmes","Novidades"],"articleSection":["Entretenimento","Not\u00edcias"],"inLanguage":"pt-PT"},{"@type":"WebPage","@id":"https:\/\/portaltela.pt\/noticias\/2026\/03\/05\/pixar-regressa-com-saltitoes-animacao-para-toda-a-familia\/","url":"https:\/\/portaltela.pt\/noticias\/2026\/03\/05\/pixar-regressa-com-saltitoes-animacao-para-toda-a-familia\/","name":"Pixar regressa com Saltit\u00f5es, anima\u00e7\u00e3o para toda a fam\u00edlia. - Portal Tela Portugal","isPartOf":{"@id":"https:\/\/portaltela.pt\/#website"},"primaryImageOfPage":{"@id":"https:\/\/portaltela.pt\/noticias\/2026\/03\/05\/pixar-regressa-com-saltitoes-animacao-para-toda-a-familia\/#primaryimage"},"image":{"@id":"https:\/\/portaltela.pt\/noticias\/2026\/03\/05\/pixar-regressa-com-saltitoes-animacao-para-toda-a-familia\/#primaryimage"},"thumbnailUrl":"https:\/\/portaltela.pt\/s.01k8rhncp4jt1\/2026\/03\/1fbede0a-2f63-4910-a340-b0984307def8_1200x675.jpg","datePublished":"2026-03-05T11:00:00+00:00","author":{"@id":"https:\/\/portaltela.pt\/#\/schema\/person\/c4278d4a6028830caff9ee44b42d32ed"},"breadcrumb":{"@id":"https:\/\/portaltela.pt\/noticias\/2026\/03\/05\/pixar-regressa-com-saltitoes-animacao-para-toda-a-familia\/#breadcrumb"},"inLanguage":"pt-PT","potentialAction":[{"@type":"ReadAction","target":["https:\/\/portaltela.pt\/noticias\/2026\/03\/05\/pixar-regressa-com-saltitoes-animacao-para-toda-a-familia\/"]}]},{"@type":"ImageObject","inLanguage":"pt-PT","@id":"https:\/\/portaltela.pt\/noticias\/2026\/03\/05\/pixar-regressa-com-saltitoes-animacao-para-toda-a-familia\/#primaryimage","url":"https:\/\/portaltela.pt\/s.01k8rhncp4jt1\/2026\/03\/1fbede0a-2f63-4910-a340-b0984307def8_1200x675.jpg","contentUrl":"https:\/\/portaltela.pt\/s.01k8rhncp4jt1\/2026\/03\/1fbede0a-2f63-4910-a340-b0984307def8_1200x675.jpg","width":796,"height":448,"caption":"Photo"},{"@type":"BreadcrumbList","@id":"https:\/\/portaltela.pt\/noticias\/2026\/03\/05\/pixar-regressa-com-saltitoes-animacao-para-toda-a-familia\/#breadcrumb","itemListElement":[{"@type":"ListItem","position":1,"name":"In\u00edcio","item":"https:\/\/portaltela.pt\/"},{"@type":"ListItem","position":2,"name":"Pixar regressa com Saltit\u00f5es, anima\u00e7\u00e3o para toda a fam\u00edlia."}]},{"@type":"WebSite","@id":"https:\/\/portaltela.pt\/#website","url":"https:\/\/portaltela.pt\/","name":"Portal Tela Portugal","description":"","potentialAction":[{"@type":"SearchAction","target":{"@type":"EntryPoint","urlTemplate":"https:\/\/portaltela.pt\/?s={search_term_string}"},"query-input":{"@type":"PropertyValueSpecification","valueRequired":true,"valueName":"search_term_string"}}],"inLanguage":"pt-PT"},{"@type":"Person","@id":"https:\/\/portaltela.pt\/#\/schema\/person\/c4278d4a6028830caff9ee44b42d32ed","name":"Telinha","image":{"@type":"ImageObject","inLanguage":"pt-PT","@id":"https:\/\/portaltela.pt\/s.01k8rhncp4jt1\/2025\/11\/talking-bot-125x125.png","url":"https:\/\/portaltela.pt\/s.01k8rhncp4jt1\/2025\/11\/talking-bot-125x125.png","contentUrl":"https:\/\/portaltela.pt\/s.01k8rhncp4jt1\/2025\/11\/talking-bot-125x125.png","caption":"Telinha"},"sameAs":["https:\/\/portaltela.pt\/"],"url":"https:\/\/portaltela.pt\/por\/367410592786\/"}]}},"_links":{"self":[{"href":"https:\/\/portaltela.pt\/api\/wp\/v2\/posts\/398396","targetHints":{"allow":["GET"]}}],"collection":[{"href":"https:\/\/portaltela.pt\/api\/wp\/v2\/posts"}],"about":[{"href":"https:\/\/portaltela.pt\/api\/wp\/v2\/types\/post"}],"author":[{"embeddable":true,"href":"https:\/\/portaltela.pt\/api\/wp\/v2\/users\/2"}],"replies":[{"embeddable":true,"href":"https:\/\/portaltela.pt\/api\/wp\/v2\/comments?post=398396"}],"version-history":[{"count":0,"href":"https:\/\/portaltela.pt\/api\/wp\/v2\/posts\/398396\/revisions"}],"wp:featuredmedia":[{"embeddable":true,"href":"https:\/\/portaltela.pt\/api\/wp\/v2\/media\/398405"}],"wp:attachment":[{"href":"https:\/\/portaltela.pt\/api\/wp\/v2\/media?parent=398396"}],"wp:term":[{"taxonomy":"category","embeddable":true,"href":"https:\/\/portaltela.pt\/api\/wp\/v2\/categories?post=398396"},{"taxonomy":"post_tag","embeddable":true,"href":"https:\/\/portaltela.pt\/api\/wp\/v2\/tags?post=398396"}],"curies":[{"name":"wp","href":"https:\/\/api.w.org\/{rel}","templated":true}]}}