{"id":398385,"date":"2026-03-05T07:30:00","date_gmt":"2026-03-05T10:30:00","guid":{"rendered":"https:\/\/portaltela.pt\/noticias\/2026\/03\/05\/portugal-tem-habitacoes-que-se-deterioram-mais-do-que-as-condicoes-climaticas\/"},"modified":"2026-03-05T07:30:00","modified_gmt":"2026-03-05T10:30:00","slug":"portugal-tem-habitacoes-que-se-deterioram-mais-do-que-as-condicoes-climaticas","status":"publish","type":"post","link":"https:\/\/portaltela.pt\/noticias\/2026\/03\/05\/portugal-tem-habitacoes-que-se-deterioram-mais-do-que-as-condicoes-climaticas\/","title":{"rendered":"Portugal tem habita\u00e7\u00f5es que se deterioram mais do que as condi\u00e7\u00f5es clim\u00e1ticas"},"content":{"rendered":"<p>O clima mudou e as habita\u00e7\u00f5es portuguesas ficaram atr\u00e1s. Com ondas de calor, ventos fortes e um parque habitacional envelhecido, arquitetos discutem como adaptar a constru\u00e7\u00e3o a um futuro mais quente.<\/p>\n<p>Segundo a FAUP, as casas n\u00e3o foram reprojetadas para o novo regime clim\u00e1tico e mant\u00eam vulnerabilidades ao sobreaquecimento no Ver\u00e3o e a fen\u00f3menos extremos no Inverno. A interven\u00e7\u00e3o continua a ser necess\u00e1ria para reduzir o impacto.<\/p>\n<p>Especialistas assinalam que Portugal enfrenta um parque habitacional envelhecido e regras que nem sempre refletem o clima de transi\u00e7\u00e3o do Sul da Europa. A pobreza energ\u00e9tica tamb\u00e9m \u00e9 um desafio expressivo no pa\u00eds.<\/p>\n<p>A constru\u00e7\u00e3o descarbonizada surge como eixo central. Dados indicam que quase 40% do CO2 global est\u00e1 ligado ao sector da constru\u00e7\u00e3o, apontando para a necessidade de reduzir a massa carb\u00f3nica dos edif\u00edcios.<\/p>\n<h2>Macau Valley e a pegada carb\u00f3nica<\/h2>\n<p>O projecto Macau Valley, em Vila Nova de Gaia, aposta em uma abordagem de baixo carbono. A avalia\u00e7\u00e3o do ciclo de vida, realizada pela Dosta Tec, indica 461 kg CO2e por m2, abaixo da m\u00e9dia europeia (600 kg CO2e\/m2).<\/p>\n<p>O estudo considerou orienta\u00e7\u00e3o solar, sombreamento e ventila\u00e7\u00e3o cruzada para reduzir consumos energ\u00e9ticos e evitar ambientes dependentes de ar condicionado. O uso de 97% de conte\u00fado reciclado no steel and concrete \u00e9 destacado pelo gabinete Hori-zonte.<\/p>\n<h2>Materiais e inova\u00e7\u00e3o<\/h2>\n<p>A investiga\u00e7\u00e3o em bet\u00e3o com casca de arroz, desenvolvida em Ovar pela Farcimar em parceria com o Itecons, representa uma linha de inova\u00e7\u00e3o. O material visa reduzir emiss\u00f5es associadas ao cimento e ao agregado, mantendo o desempenho estrutural.<\/p>\n<p>A modularidade \u00e9 apresentada como forma de melhorar qualidade, condi\u00e7\u00f5es de trabalho e custos. Pe\u00e7as produzidas em f\u00e1brica possibilitam controlo de produ\u00e7\u00e3o, redu\u00e7\u00e3o de desperd\u00edcios e maior reciclabilidade.<\/p>\n<h2>Modularidade e efici\u00eancia<\/h2>\n<p>O sistema modular, com pe\u00e7as de madeira ou bet\u00e3o, j\u00e1 est\u00e1 a ser aplicado em habita\u00e7\u00e3o p\u00fablica em Oeiras. A produ\u00e7\u00e3o em f\u00e1brica facilita o controlo de custos e pode permitir desmontagem futura para reutiliza\u00e7\u00e3o em novos edif\u00edcios.<\/p>\n<p>A comunidade acad\u00e9mica refor\u00e7a que a modularidade n\u00e3o \u00e9 fic\u00e7\u00e3o cient\u00edfica: \u00e9 uma ferramenta para melhorar a sustentabilidade sem sacrificar a acessibilidade. A capacidade de medir impactos \u00e9 essencial para validar a sustentabilidade.<\/p>\n<h2>Desafios da implementa\u00e7\u00e3o<\/h2>\n<p>A sustentabilidade n\u00e3o deve encarecer a constru\u00e7\u00e3o. Alguns especialistas apontam que exig\u00eancias normativas atuais elevam custos iniciais e desincentivam a inova\u00e7\u00e3o, limitando o impacto positivo a m\u00e9dio e longo prazo.<\/p>\n<p>A reabilita\u00e7\u00e3o surge como caminho prefer\u00edvel do ponto de vista ambiental e de custo. Demolir e reconstruir gera emiss\u00f5es elevadas, enquanto a reabilita\u00e7\u00e3o reduz impactos e pode aumentar a efici\u00eancia sem depender de tecnologias dispendiosas.<\/p>\n<h2>Comportamento econ\u00f3mico e pol\u00edtico<\/h2>\n<p>H\u00e1 consenso de que a ind\u00fastria exige solu\u00e7\u00f5es mais acess\u00edveis e menos dependentes de tecnologias avulsas. A ado\u00e7\u00e3o de pr\u00e1ticas de constru\u00e7\u00e3o mais eficientes depende de pol\u00edticas p\u00fablicas que valorizem o desempenho ao longo do ciclo de vida dos edif\u00edcios.<\/p>\n<p>Promover a reabilita\u00e7\u00e3o, melhorar a qualidade de materiais e apoiar mecanis\u00admos de financiamento para solu\u00e7\u00f5es sustent\u00e1veis s\u00e3o pontos centrais para avan\u00e7ar a adapta\u00e7\u00e3o clim\u00e1tica no setor habitacional.<\/p>\n","protected":false},"excerpt":{"rendered":"<ul>\n<li>O clima est\u00e1 a mudar e as casas portuguesas foram feitas para um clima est\u00e1vel, mas enfrentam ver\u00f5es quentes, ventos fortes e fen\u00f3menos extremos cada vez mais frequentes.<\/li>\n<li>O parque habitacional \u00e9 envelhecido e n\u00e3o incorpora as adapta\u00e7\u00f5es necess\u00e1rias, agravando problemas de sobreaquecimento, frio intenso e danos por tempestades.<\/li>\n<li>T\u00e9cnicas de constru\u00e7\u00e3o com menor carbono s\u00e3o destacadas, com exemplos como o Macau Valley, em Vila Nova de Gaia, que apresenta pegada carb\u00f3nica inferior \u00e0 m\u00e9dia europeia (461 kg CO2e por m\u00b2).<\/li>\n<li>A modularidade e a pr\u00e9-fabrica\u00e7\u00e3o surgem como caminhos para reduzir custos, melhorar qualidade e permitir desmontar e reutilizar pe\u00e7as em novos edif\u00edcios. Em Oeiras, 14 habita\u00e7\u00f5es p\u00fablicas usam m\u00f3dulos de madeira.<\/li>\n<li>Mesmo assim, persiste o desafio de tornar a sustentabilidade acess\u00edvel, evitando custos excessivos e promovendo reabilita\u00e7\u00e3o em vez de demoli\u00e7\u00e3o, para reduzir emiss\u00f5es e manter a habita\u00e7\u00e3o econ\u00f3mica.<\/li>\n<\/ul>\n","protected":false},"author":2,"featured_media":398390,"comment_status":"closed","ping_status":"closed","sticky":false,"template":"","format":"standard","meta":{"footnotes":""},"categories":[1],"tags":[718,5072,1761,150,6665,1053],"class_list":["post-398385","post","type-post","status-publish","format-standard","has-post-thumbnail","hentry","category-noticias","tag-construcao","tag-descarbonizacao","tag-gaia","tag-habitacao","tag-modularidade","tag-pobreza-energetica"],"yoast_head":"<!-- This site is optimized with the Yoast SEO plugin v27.2 - https:\/\/yoast.com\/product\/yoast-seo-wordpress\/ -->\n<title>Portugal tem habita\u00e7\u00f5es que se deterioram mais do que as condi\u00e7\u00f5es clim\u00e1ticas - Portal Tela Portugal<\/title>\n<meta name=\"robots\" content=\"index, follow, max-snippet:-1, max-image-preview:large, max-video-preview:-1\" \/>\n<meta property=\"og:locale\" content=\"pt_PT\" \/>\n<meta property=\"og:type\" content=\"article\" \/>\n<meta property=\"og:title\" content=\"Portugal tem habita\u00e7\u00f5es que se deterioram mais do que as condi\u00e7\u00f5es clim\u00e1ticas - Portal Tela Portugal\" \/>\n<meta property=\"og:description\" content=\"O clima est\u00e1 a mudar e as casas portuguesas foram feitas para um clima est\u00e1vel, mas enfrentam ver\u00f5es quentes, ventos fortes e fen\u00f3menos extremos cada vez mais frequentes. O parque habitacional \u00e9 envelhecido e n\u00e3o incorpora as adapta\u00e7\u00f5es necess\u00e1rias, agravando problemas de sobreaquecimento, frio intenso e danos por tempestades. T\u00e9cnicas de constru\u00e7\u00e3o com menor carbono s\u00e3o destacadas, com exemplos como o Macau Valley, em Vila Nova de Gaia, que apresenta pegada carb\u00f3nica inferior \u00e0 m\u00e9dia europeia (461 kg CO2e por m\u00b2). A modularidade e a pr\u00e9-fabrica\u00e7\u00e3o surgem como caminhos para reduzir custos, melhorar qualidade e permitir desmontar e reutilizar pe\u00e7as em novos edif\u00edcios. Em Oeiras, 14 habita\u00e7\u00f5es p\u00fablicas usam m\u00f3dulos de madeira. Mesmo assim, persiste o desafio de tornar a sustentabilidade acess\u00edvel, evitando custos excessivos e promovendo reabilita\u00e7\u00e3o em vez de demoli\u00e7\u00e3o, para reduzir emiss\u00f5es e manter a habita\u00e7\u00e3o econ\u00f3mica.\" \/>\n<meta property=\"og:url\" content=\"https:\/\/portaltela.pt\/noticias\/2026\/03\/05\/portugal-tem-habitacoes-que-se-deterioram-mais-do-que-as-condicoes-climaticas\/\" \/>\n<meta property=\"og:site_name\" content=\"Portal Tela Portugal\" \/>\n<meta property=\"article:published_time\" content=\"2026-03-05T10:30:00+00:00\" \/>\n<meta name=\"author\" content=\"Telinha\" \/>\n<meta name=\"twitter:card\" content=\"summary_large_image\" \/>\n<meta name=\"twitter:label1\" content=\"Escrito por\" \/>\n\t<meta name=\"twitter:data1\" content=\"Telinha\" \/>\n\t<meta name=\"twitter:label2\" content=\"Tempo estimado de leitura\" \/>\n\t<meta name=\"twitter:data2\" content=\"3 minutos\" \/>\n<script type=\"application\/ld+json\" class=\"yoast-schema-graph\">{\"@context\":\"https:\/\/schema.org\",\"@graph\":[{\"@type\":\"Article\",\"@id\":\"https:\/\/portaltela.pt\/noticias\/2026\/03\/05\/portugal-tem-habitacoes-que-se-deterioram-mais-do-que-as-condicoes-climaticas\/#article\",\"isPartOf\":{\"@id\":\"https:\/\/portaltela.pt\/noticias\/2026\/03\/05\/portugal-tem-habitacoes-que-se-deterioram-mais-do-que-as-condicoes-climaticas\/\"},\"author\":{\"name\":\"Telinha\",\"@id\":\"https:\/\/portaltela.pt\/#\/schema\/person\/c4278d4a6028830caff9ee44b42d32ed\"},\"headline\":\"Portugal tem habita\u00e7\u00f5es que se deterioram mais do que as condi\u00e7\u00f5es clim\u00e1ticas\",\"datePublished\":\"2026-03-05T10:30:00+00:00\",\"mainEntityOfPage\":{\"@id\":\"https:\/\/portaltela.pt\/noticias\/2026\/03\/05\/portugal-tem-habitacoes-que-se-deterioram-mais-do-que-as-condicoes-climaticas\/\"},\"wordCount\":583,\"image\":{\"@id\":\"https:\/\/portaltela.pt\/noticias\/2026\/03\/05\/portugal-tem-habitacoes-que-se-deterioram-mais-do-que-as-condicoes-climaticas\/#primaryimage\"},\"thumbnailUrl\":\"https:\/\/portaltela.pt\/s.01k8rhncp4jt1\/2026\/03\/2070426.jpg\",\"keywords\":[\"Constru\u00e7\u00e3o\",\"descarboniza\u00e7\u00e3o\",\"Gaia\",\"habita\u00e7\u00e3o\",\"Modularidade\",\"pobreza energ\u00e9tica\"],\"articleSection\":[\"Not\u00edcias\"],\"inLanguage\":\"pt-PT\"},{\"@type\":\"WebPage\",\"@id\":\"https:\/\/portaltela.pt\/noticias\/2026\/03\/05\/portugal-tem-habitacoes-que-se-deterioram-mais-do-que-as-condicoes-climaticas\/\",\"url\":\"https:\/\/portaltela.pt\/noticias\/2026\/03\/05\/portugal-tem-habitacoes-que-se-deterioram-mais-do-que-as-condicoes-climaticas\/\",\"name\":\"Portugal tem habita\u00e7\u00f5es que se deterioram mais do que as condi\u00e7\u00f5es clim\u00e1ticas - Portal Tela Portugal\",\"isPartOf\":{\"@id\":\"https:\/\/portaltela.pt\/#website\"},\"primaryImageOfPage\":{\"@id\":\"https:\/\/portaltela.pt\/noticias\/2026\/03\/05\/portugal-tem-habitacoes-que-se-deterioram-mais-do-que-as-condicoes-climaticas\/#primaryimage\"},\"image\":{\"@id\":\"https:\/\/portaltela.pt\/noticias\/2026\/03\/05\/portugal-tem-habitacoes-que-se-deterioram-mais-do-que-as-condicoes-climaticas\/#primaryimage\"},\"thumbnailUrl\":\"https:\/\/portaltela.pt\/s.01k8rhncp4jt1\/2026\/03\/2070426.jpg\",\"datePublished\":\"2026-03-05T10:30:00+00:00\",\"author\":{\"@id\":\"https:\/\/portaltela.pt\/#\/schema\/person\/c4278d4a6028830caff9ee44b42d32ed\"},\"breadcrumb\":{\"@id\":\"https:\/\/portaltela.pt\/noticias\/2026\/03\/05\/portugal-tem-habitacoes-que-se-deterioram-mais-do-que-as-condicoes-climaticas\/#breadcrumb\"},\"inLanguage\":\"pt-PT\",\"potentialAction\":[{\"@type\":\"ReadAction\",\"target\":[\"https:\/\/portaltela.pt\/noticias\/2026\/03\/05\/portugal-tem-habitacoes-que-se-deterioram-mais-do-que-as-condicoes-climaticas\/\"]}]},{\"@type\":\"ImageObject\",\"inLanguage\":\"pt-PT\",\"@id\":\"https:\/\/portaltela.pt\/noticias\/2026\/03\/05\/portugal-tem-habitacoes-que-se-deterioram-mais-do-que-as-condicoes-climaticas\/#primaryimage\",\"url\":\"https:\/\/portaltela.pt\/s.01k8rhncp4jt1\/2026\/03\/2070426.jpg\",\"contentUrl\":\"https:\/\/portaltela.pt\/s.01k8rhncp4jt1\/2026\/03\/2070426.jpg\",\"width\":796,\"height\":448,\"caption\":\"Empreendimento desenhado pelo gabinete de arquitectura Hori-zonte, cuja pegada carb\u00f3nica estimada situa-se \\\"significativamente\\\" abaixo da m\u00e9dia europeia\"},{\"@type\":\"BreadcrumbList\",\"@id\":\"https:\/\/portaltela.pt\/noticias\/2026\/03\/05\/portugal-tem-habitacoes-que-se-deterioram-mais-do-que-as-condicoes-climaticas\/#breadcrumb\",\"itemListElement\":[{\"@type\":\"ListItem\",\"position\":1,\"name\":\"In\u00edcio\",\"item\":\"https:\/\/portaltela.pt\/\"},{\"@type\":\"ListItem\",\"position\":2,\"name\":\"Portugal tem habita\u00e7\u00f5es que se deterioram mais do que as condi\u00e7\u00f5es clim\u00e1ticas\"}]},{\"@type\":\"WebSite\",\"@id\":\"https:\/\/portaltela.pt\/#website\",\"url\":\"https:\/\/portaltela.pt\/\",\"name\":\"Portal Tela Portugal\",\"description\":\"\",\"potentialAction\":[{\"@type\":\"SearchAction\",\"target\":{\"@type\":\"EntryPoint\",\"urlTemplate\":\"https:\/\/portaltela.pt\/?s={search_term_string}\"},\"query-input\":{\"@type\":\"PropertyValueSpecification\",\"valueRequired\":true,\"valueName\":\"search_term_string\"}}],\"inLanguage\":\"pt-PT\"},{\"@type\":\"Person\",\"@id\":\"https:\/\/portaltela.pt\/#\/schema\/person\/c4278d4a6028830caff9ee44b42d32ed\",\"name\":\"Telinha\",\"image\":{\"@type\":\"ImageObject\",\"inLanguage\":\"pt-PT\",\"@id\":\"https:\/\/portaltela.pt\/s.01k8rhncp4jt1\/2025\/11\/talking-bot-125x125.png\",\"url\":\"https:\/\/portaltela.pt\/s.01k8rhncp4jt1\/2025\/11\/talking-bot-125x125.png\",\"contentUrl\":\"https:\/\/portaltela.pt\/s.01k8rhncp4jt1\/2025\/11\/talking-bot-125x125.png\",\"caption\":\"Telinha\"},\"sameAs\":[\"https:\/\/portaltela.pt\/\"],\"url\":\"https:\/\/portaltela.pt\/por\/367410592786\/\"}]}<\/script>\n<!-- \/ Yoast SEO plugin. -->","yoast_head_json":{"title":"Portugal tem habita\u00e7\u00f5es que se deterioram mais do que as condi\u00e7\u00f5es clim\u00e1ticas - Portal Tela Portugal","robots":{"index":"index","follow":"follow","max-snippet":"max-snippet:-1","max-image-preview":"max-image-preview:large","max-video-preview":"max-video-preview:-1"},"og_locale":"pt_PT","og_type":"article","og_title":"Portugal tem habita\u00e7\u00f5es que se deterioram mais do que as condi\u00e7\u00f5es clim\u00e1ticas - Portal Tela Portugal","og_description":"O clima est\u00e1 a mudar e as casas portuguesas foram feitas para um clima est\u00e1vel, mas enfrentam ver\u00f5es quentes, ventos fortes e fen\u00f3menos extremos cada vez mais frequentes. O parque habitacional \u00e9 envelhecido e n\u00e3o incorpora as adapta\u00e7\u00f5es necess\u00e1rias, agravando problemas de sobreaquecimento, frio intenso e danos por tempestades. T\u00e9cnicas de constru\u00e7\u00e3o com menor carbono s\u00e3o destacadas, com exemplos como o Macau Valley, em Vila Nova de Gaia, que apresenta pegada carb\u00f3nica inferior \u00e0 m\u00e9dia europeia (461 kg CO2e por m\u00b2). A modularidade e a pr\u00e9-fabrica\u00e7\u00e3o surgem como caminhos para reduzir custos, melhorar qualidade e permitir desmontar e reutilizar pe\u00e7as em novos edif\u00edcios. Em Oeiras, 14 habita\u00e7\u00f5es p\u00fablicas usam m\u00f3dulos de madeira. Mesmo assim, persiste o desafio de tornar a sustentabilidade acess\u00edvel, evitando custos excessivos e promovendo reabilita\u00e7\u00e3o em vez de demoli\u00e7\u00e3o, para reduzir emiss\u00f5es e manter a habita\u00e7\u00e3o econ\u00f3mica.","og_url":"https:\/\/portaltela.pt\/noticias\/2026\/03\/05\/portugal-tem-habitacoes-que-se-deterioram-mais-do-que-as-condicoes-climaticas\/","og_site_name":"Portal Tela Portugal","article_published_time":"2026-03-05T10:30:00+00:00","author":"Telinha","twitter_card":"summary_large_image","twitter_misc":{"Escrito por":"Telinha","Tempo estimado de leitura":"3 minutos"},"schema":{"@context":"https:\/\/schema.org","@graph":[{"@type":"Article","@id":"https:\/\/portaltela.pt\/noticias\/2026\/03\/05\/portugal-tem-habitacoes-que-se-deterioram-mais-do-que-as-condicoes-climaticas\/#article","isPartOf":{"@id":"https:\/\/portaltela.pt\/noticias\/2026\/03\/05\/portugal-tem-habitacoes-que-se-deterioram-mais-do-que-as-condicoes-climaticas\/"},"author":{"name":"Telinha","@id":"https:\/\/portaltela.pt\/#\/schema\/person\/c4278d4a6028830caff9ee44b42d32ed"},"headline":"Portugal tem habita\u00e7\u00f5es que se deterioram mais do que as condi\u00e7\u00f5es clim\u00e1ticas","datePublished":"2026-03-05T10:30:00+00:00","mainEntityOfPage":{"@id":"https:\/\/portaltela.pt\/noticias\/2026\/03\/05\/portugal-tem-habitacoes-que-se-deterioram-mais-do-que-as-condicoes-climaticas\/"},"wordCount":583,"image":{"@id":"https:\/\/portaltela.pt\/noticias\/2026\/03\/05\/portugal-tem-habitacoes-que-se-deterioram-mais-do-que-as-condicoes-climaticas\/#primaryimage"},"thumbnailUrl":"https:\/\/portaltela.pt\/s.01k8rhncp4jt1\/2026\/03\/2070426.jpg","keywords":["Constru\u00e7\u00e3o","descarboniza\u00e7\u00e3o","Gaia","habita\u00e7\u00e3o","Modularidade","pobreza energ\u00e9tica"],"articleSection":["Not\u00edcias"],"inLanguage":"pt-PT"},{"@type":"WebPage","@id":"https:\/\/portaltela.pt\/noticias\/2026\/03\/05\/portugal-tem-habitacoes-que-se-deterioram-mais-do-que-as-condicoes-climaticas\/","url":"https:\/\/portaltela.pt\/noticias\/2026\/03\/05\/portugal-tem-habitacoes-que-se-deterioram-mais-do-que-as-condicoes-climaticas\/","name":"Portugal tem habita\u00e7\u00f5es que se deterioram mais do que as condi\u00e7\u00f5es clim\u00e1ticas - Portal Tela Portugal","isPartOf":{"@id":"https:\/\/portaltela.pt\/#website"},"primaryImageOfPage":{"@id":"https:\/\/portaltela.pt\/noticias\/2026\/03\/05\/portugal-tem-habitacoes-que-se-deterioram-mais-do-que-as-condicoes-climaticas\/#primaryimage"},"image":{"@id":"https:\/\/portaltela.pt\/noticias\/2026\/03\/05\/portugal-tem-habitacoes-que-se-deterioram-mais-do-que-as-condicoes-climaticas\/#primaryimage"},"thumbnailUrl":"https:\/\/portaltela.pt\/s.01k8rhncp4jt1\/2026\/03\/2070426.jpg","datePublished":"2026-03-05T10:30:00+00:00","author":{"@id":"https:\/\/portaltela.pt\/#\/schema\/person\/c4278d4a6028830caff9ee44b42d32ed"},"breadcrumb":{"@id":"https:\/\/portaltela.pt\/noticias\/2026\/03\/05\/portugal-tem-habitacoes-que-se-deterioram-mais-do-que-as-condicoes-climaticas\/#breadcrumb"},"inLanguage":"pt-PT","potentialAction":[{"@type":"ReadAction","target":["https:\/\/portaltela.pt\/noticias\/2026\/03\/05\/portugal-tem-habitacoes-que-se-deterioram-mais-do-que-as-condicoes-climaticas\/"]}]},{"@type":"ImageObject","inLanguage":"pt-PT","@id":"https:\/\/portaltela.pt\/noticias\/2026\/03\/05\/portugal-tem-habitacoes-que-se-deterioram-mais-do-que-as-condicoes-climaticas\/#primaryimage","url":"https:\/\/portaltela.pt\/s.01k8rhncp4jt1\/2026\/03\/2070426.jpg","contentUrl":"https:\/\/portaltela.pt\/s.01k8rhncp4jt1\/2026\/03\/2070426.jpg","width":796,"height":448,"caption":"Empreendimento desenhado pelo gabinete de arquitectura Hori-zonte, cuja pegada carb\u00f3nica estimada situa-se \"significativamente\" abaixo da m\u00e9dia europeia"},{"@type":"BreadcrumbList","@id":"https:\/\/portaltela.pt\/noticias\/2026\/03\/05\/portugal-tem-habitacoes-que-se-deterioram-mais-do-que-as-condicoes-climaticas\/#breadcrumb","itemListElement":[{"@type":"ListItem","position":1,"name":"In\u00edcio","item":"https:\/\/portaltela.pt\/"},{"@type":"ListItem","position":2,"name":"Portugal tem habita\u00e7\u00f5es que se deterioram mais do que as condi\u00e7\u00f5es clim\u00e1ticas"}]},{"@type":"WebSite","@id":"https:\/\/portaltela.pt\/#website","url":"https:\/\/portaltela.pt\/","name":"Portal Tela Portugal","description":"","potentialAction":[{"@type":"SearchAction","target":{"@type":"EntryPoint","urlTemplate":"https:\/\/portaltela.pt\/?s={search_term_string}"},"query-input":{"@type":"PropertyValueSpecification","valueRequired":true,"valueName":"search_term_string"}}],"inLanguage":"pt-PT"},{"@type":"Person","@id":"https:\/\/portaltela.pt\/#\/schema\/person\/c4278d4a6028830caff9ee44b42d32ed","name":"Telinha","image":{"@type":"ImageObject","inLanguage":"pt-PT","@id":"https:\/\/portaltela.pt\/s.01k8rhncp4jt1\/2025\/11\/talking-bot-125x125.png","url":"https:\/\/portaltela.pt\/s.01k8rhncp4jt1\/2025\/11\/talking-bot-125x125.png","contentUrl":"https:\/\/portaltela.pt\/s.01k8rhncp4jt1\/2025\/11\/talking-bot-125x125.png","caption":"Telinha"},"sameAs":["https:\/\/portaltela.pt\/"],"url":"https:\/\/portaltela.pt\/por\/367410592786\/"}]}},"_links":{"self":[{"href":"https:\/\/portaltela.pt\/api\/wp\/v2\/posts\/398385","targetHints":{"allow":["GET"]}}],"collection":[{"href":"https:\/\/portaltela.pt\/api\/wp\/v2\/posts"}],"about":[{"href":"https:\/\/portaltela.pt\/api\/wp\/v2\/types\/post"}],"author":[{"embeddable":true,"href":"https:\/\/portaltela.pt\/api\/wp\/v2\/users\/2"}],"replies":[{"embeddable":true,"href":"https:\/\/portaltela.pt\/api\/wp\/v2\/comments?post=398385"}],"version-history":[{"count":0,"href":"https:\/\/portaltela.pt\/api\/wp\/v2\/posts\/398385\/revisions"}],"wp:featuredmedia":[{"embeddable":true,"href":"https:\/\/portaltela.pt\/api\/wp\/v2\/media\/398390"}],"wp:attachment":[{"href":"https:\/\/portaltela.pt\/api\/wp\/v2\/media?parent=398385"}],"wp:term":[{"taxonomy":"category","embeddable":true,"href":"https:\/\/portaltela.pt\/api\/wp\/v2\/categories?post=398385"},{"taxonomy":"post_tag","embeddable":true,"href":"https:\/\/portaltela.pt\/api\/wp\/v2\/tags?post=398385"}],"curies":[{"name":"wp","href":"https:\/\/api.w.org\/{rel}","templated":true}]}}