{"id":398366,"date":"2026-03-05T07:34:00","date_gmt":"2026-03-05T10:34:00","guid":{"rendered":"https:\/\/portaltela.pt\/noticias\/2026\/03\/05\/leonardo-jardim-e-o-novo-treinador-do-flamengo\/"},"modified":"2026-03-05T07:34:00","modified_gmt":"2026-03-05T10:34:00","slug":"leonardo-jardim-e-o-novo-treinador-do-flamengo","status":"publish","type":"post","link":"https:\/\/portaltela.pt\/desporto\/futebol\/2026\/03\/05\/leonardo-jardim-e-o-novo-treinador-do-flamengo\/","title":{"rendered":"Leonardo Jardim \u00e9 o novo treinador do Flamengo"},"content":{"rendered":"<p>O Flamengo oficializou Leonardo Jardim como o novo treinador. O t\u00e9cnico assinou contrato at\u00e9 dezembro de 2027 e j\u00e1 comandou a primeira sess\u00e3o de treino no CT George Helal.<\/p>\n<p>Jardim chega acompanhado dos auxiliares Ant\u00f3nio Vieira, Jos\u00e9 Barros e Diogo Dias. A apresenta\u00e7\u00e3o \u00e0 imprensa est\u00e1 marcada para quinta-feira, ap\u00f3s o treino da manh\u00e3, no Rio de Janeiro.<\/p>\n<p>O treinador portugu\u00eas, de 51 anos, retorna ao Brasil cerca de tr\u00eas meses depois de deixar o Cruzeiro, de Belo Horizonte. No clube mineiro, alcan\u00e7ou o terceiro lugar no Brasileir\u00e3o, levou o time \u00e0s meias-finais da Ta\u00e7a do Brasil e garantiu vaga direta na Libertadores.<\/p>\n<p>A mudan\u00e7a acontece na sequ\u00eancia da demiss\u00e3o de Filipe Lu\u00eds, comunicada pelo diretor executivo Jos\u00e9 Boto, ap\u00f3s o Flamengo ter goleado o Madureira por 8-0 e avan\u00e7ado \u00e0 final do campeonato estadual.<\/p>\n<p>Filipe Lu\u00eds encerrou a carreira na equipa rubronegra em 2023 e assumiu a lideran\u00e7a da equipa h\u00e1 poucos meses. Sob o comando dele, o Flamengo conquistou a Ta\u00e7a Libertadores, o Brasileir\u00e3o, a Superta\u00e7a, a Ta\u00e7a do Brasil e o Campeonato Carioca.<\/p>\n<p>A sa\u00edda ocorre num momento de cr\u00edticas \u00e0 equipa, com a derrota na final da Superta\u00e7a sul-americana e quatro pontos em tr\u00eas jornadas do Brasileir\u00e3o at\u00e9 o momento.<\/p>\n","protected":false},"excerpt":{"rendered":"<ul>\n<li>O Flamengo anunciou Leonardo Jardim como novo treinador, com contrato at\u00e9 dezembro de 2027, e ele j\u00e1 comandou treino no CT George Helal.<\/li>\n<li>Jardim chega acompanhado dos auxiliares Ant\u00f3nio Vieira, Jos\u00e9 Barros e Diogo Dias e ser\u00e1 apresentado \u00e0 imprensa na quinta-feira, ap\u00f3s o treino da manh\u00e3.<\/li>\n<li>O t\u00e9cnico portugu\u00eas, de 51 anos, retorna ao Brasil cerca de tr\u00eas meses ap\u00f3s deixar o Cruzeiro, em Minas Gerais, depois de passagens pelo M\u00f3naco e pelo Al Hilal.<\/li>\n<li>No Cruzeiro, Jardim levou o clube ao terceiro lugar no Brasileir\u00e3o, \u00e0s meias-finais da Ta\u00e7a do Brasil e garantiu vaga direta na Libertadores.<\/li>\n<li>A contrata\u00e7\u00e3o surge ap\u00f3s a demiss\u00e3o de Filipe Lu\u00eds, treinador anterior, em meio a cr\u00edticas \u00e0 equipa e a um in\u00edcio de campeonato com quatro pontos em tr\u00eas jogos.<\/li>\n<\/ul>\n","protected":false},"author":2,"featured_media":398372,"comment_status":"closed","ping_status":"closed","sticky":false,"template":"","format":"standard","meta":{"footnotes":""},"categories":[21,24],"tags":[2547,152,32,1747,1014,2477],"class_list":["post-398366","post","type-post","status-publish","format-standard","has-post-thumbnail","hentry","category-desporto","category-futebol","tag-brasil","tag-desporto","tag-futebol","tag-futebol-profissional","tag-portugal","tag-treinadores"],"yoast_head":"<!-- This site is optimized with the Yoast SEO plugin v27.2 - https:\/\/yoast.com\/product\/yoast-seo-wordpress\/ -->\n<title>Leonardo Jardim \u00e9 o novo treinador do Flamengo - Portal Tela Portugal<\/title>\n<meta name=\"robots\" content=\"index, follow, max-snippet:-1, max-image-preview:large, max-video-preview:-1\" \/>\n<meta property=\"og:locale\" content=\"pt_PT\" \/>\n<meta property=\"og:type\" content=\"article\" \/>\n<meta property=\"og:title\" content=\"Leonardo Jardim \u00e9 o novo treinador do Flamengo - Portal Tela Portugal\" \/>\n<meta property=\"og:description\" content=\"O Flamengo anunciou Leonardo Jardim como novo treinador, com contrato at\u00e9 dezembro de 2027, e ele j\u00e1 comandou treino no CT George Helal. Jardim chega acompanhado dos auxiliares Ant\u00f3nio Vieira, Jos\u00e9 Barros e Diogo Dias e ser\u00e1 apresentado \u00e0 imprensa na quinta-feira, ap\u00f3s o treino da manh\u00e3. O t\u00e9cnico portugu\u00eas, de 51 anos, retorna ao Brasil cerca de tr\u00eas meses ap\u00f3s deixar o Cruzeiro, em Minas Gerais, depois de passagens pelo M\u00f3naco e pelo Al Hilal. No Cruzeiro, Jardim levou o clube ao terceiro lugar no Brasileir\u00e3o, \u00e0s meias-finais da Ta\u00e7a do Brasil e garantiu vaga direta na Libertadores. A contrata\u00e7\u00e3o surge ap\u00f3s a demiss\u00e3o de Filipe Lu\u00eds, treinador anterior, em meio a cr\u00edticas \u00e0 equipa e a um in\u00edcio de campeonato com quatro pontos em tr\u00eas jogos.\" \/>\n<meta property=\"og:url\" content=\"https:\/\/portaltela.pt\/noticias\/2026\/03\/05\/leonardo-jardim-e-o-novo-treinador-do-flamengo\/\" \/>\n<meta property=\"og:site_name\" content=\"Portal Tela Portugal\" \/>\n<meta property=\"article:published_time\" content=\"2026-03-05T10:34:00+00:00\" \/>\n<meta name=\"author\" content=\"Telinha\" \/>\n<meta name=\"twitter:card\" content=\"summary_large_image\" \/>\n<meta name=\"twitter:label1\" content=\"Escrito por\" \/>\n\t<meta name=\"twitter:data1\" content=\"Telinha\" \/>\n\t<meta name=\"twitter:label2\" content=\"Tempo estimado de leitura\" \/>\n\t<meta name=\"twitter:data2\" content=\"1 minuto\" \/>\n<script type=\"application\/ld+json\" class=\"yoast-schema-graph\">{\"@context\":\"https:\/\/schema.org\",\"@graph\":[{\"@type\":\"Article\",\"@id\":\"https:\/\/portaltela.pt\/noticias\/2026\/03\/05\/leonardo-jardim-e-o-novo-treinador-do-flamengo\/#article\",\"isPartOf\":{\"@id\":\"https:\/\/portaltela.pt\/noticias\/2026\/03\/05\/leonardo-jardim-e-o-novo-treinador-do-flamengo\/\"},\"author\":{\"name\":\"Telinha\",\"@id\":\"https:\/\/portaltela.pt\/#\/schema\/person\/c4278d4a6028830caff9ee44b42d32ed\"},\"headline\":\"Leonardo Jardim \u00e9 o novo treinador do Flamengo\",\"datePublished\":\"2026-03-05T10:34:00+00:00\",\"mainEntityOfPage\":{\"@id\":\"https:\/\/portaltela.pt\/noticias\/2026\/03\/05\/leonardo-jardim-e-o-novo-treinador-do-flamengo\/\"},\"wordCount\":232,\"image\":{\"@id\":\"https:\/\/portaltela.pt\/noticias\/2026\/03\/05\/leonardo-jardim-e-o-novo-treinador-do-flamengo\/#primaryimage\"},\"thumbnailUrl\":\"https:\/\/portaltela.pt\/s.01k8rhncp4jt1\/2026\/03\/image-278.jpg\",\"keywords\":[\"Brasil\",\"desporto\",\"futebol\",\"Futebol Profissional\",\"Portugal\",\"treinadores\"],\"articleSection\":[\"Desporto\",\"Futebol\"],\"inLanguage\":\"pt-PT\"},{\"@type\":\"WebPage\",\"@id\":\"https:\/\/portaltela.pt\/noticias\/2026\/03\/05\/leonardo-jardim-e-o-novo-treinador-do-flamengo\/\",\"url\":\"https:\/\/portaltela.pt\/noticias\/2026\/03\/05\/leonardo-jardim-e-o-novo-treinador-do-flamengo\/\",\"name\":\"Leonardo Jardim \u00e9 o novo treinador do Flamengo - Portal Tela Portugal\",\"isPartOf\":{\"@id\":\"https:\/\/portaltela.pt\/#website\"},\"primaryImageOfPage\":{\"@id\":\"https:\/\/portaltela.pt\/noticias\/2026\/03\/05\/leonardo-jardim-e-o-novo-treinador-do-flamengo\/#primaryimage\"},\"image\":{\"@id\":\"https:\/\/portaltela.pt\/noticias\/2026\/03\/05\/leonardo-jardim-e-o-novo-treinador-do-flamengo\/#primaryimage\"},\"thumbnailUrl\":\"https:\/\/portaltela.pt\/s.01k8rhncp4jt1\/2026\/03\/image-278.jpg\",\"datePublished\":\"2026-03-05T10:34:00+00:00\",\"author\":{\"@id\":\"https:\/\/portaltela.pt\/#\/schema\/person\/c4278d4a6028830caff9ee44b42d32ed\"},\"breadcrumb\":{\"@id\":\"https:\/\/portaltela.pt\/noticias\/2026\/03\/05\/leonardo-jardim-e-o-novo-treinador-do-flamengo\/#breadcrumb\"},\"inLanguage\":\"pt-PT\",\"potentialAction\":[{\"@type\":\"ReadAction\",\"target\":[\"https:\/\/portaltela.pt\/noticias\/2026\/03\/05\/leonardo-jardim-e-o-novo-treinador-do-flamengo\/\"]}]},{\"@type\":\"ImageObject\",\"inLanguage\":\"pt-PT\",\"@id\":\"https:\/\/portaltela.pt\/noticias\/2026\/03\/05\/leonardo-jardim-e-o-novo-treinador-do-flamengo\/#primaryimage\",\"url\":\"https:\/\/portaltela.pt\/s.01k8rhncp4jt1\/2026\/03\/image-278.jpg\",\"contentUrl\":\"https:\/\/portaltela.pt\/s.01k8rhncp4jt1\/2026\/03\/image-278.jpg\",\"width\":796,\"height\":448,\"caption\":\"Jos\u00e9 Boto e Leonardo Jardim\"},{\"@type\":\"BreadcrumbList\",\"@id\":\"https:\/\/portaltela.pt\/noticias\/2026\/03\/05\/leonardo-jardim-e-o-novo-treinador-do-flamengo\/#breadcrumb\",\"itemListElement\":[{\"@type\":\"ListItem\",\"position\":1,\"name\":\"In\u00edcio\",\"item\":\"https:\/\/portaltela.pt\/\"},{\"@type\":\"ListItem\",\"position\":2,\"name\":\"Leonardo Jardim \u00e9 o novo treinador do Flamengo\"}]},{\"@type\":\"WebSite\",\"@id\":\"https:\/\/portaltela.pt\/#website\",\"url\":\"https:\/\/portaltela.pt\/\",\"name\":\"Portal Tela Portugal\",\"description\":\"\",\"potentialAction\":[{\"@type\":\"SearchAction\",\"target\":{\"@type\":\"EntryPoint\",\"urlTemplate\":\"https:\/\/portaltela.pt\/?s={search_term_string}\"},\"query-input\":{\"@type\":\"PropertyValueSpecification\",\"valueRequired\":true,\"valueName\":\"search_term_string\"}}],\"inLanguage\":\"pt-PT\"},{\"@type\":\"Person\",\"@id\":\"https:\/\/portaltela.pt\/#\/schema\/person\/c4278d4a6028830caff9ee44b42d32ed\",\"name\":\"Telinha\",\"image\":{\"@type\":\"ImageObject\",\"inLanguage\":\"pt-PT\",\"@id\":\"https:\/\/portaltela.pt\/s.01k8rhncp4jt1\/2025\/11\/talking-bot-125x125.png\",\"url\":\"https:\/\/portaltela.pt\/s.01k8rhncp4jt1\/2025\/11\/talking-bot-125x125.png\",\"contentUrl\":\"https:\/\/portaltela.pt\/s.01k8rhncp4jt1\/2025\/11\/talking-bot-125x125.png\",\"caption\":\"Telinha\"},\"sameAs\":[\"https:\/\/portaltela.pt\/\"],\"url\":\"https:\/\/portaltela.pt\/por\/367410592786\/\"}]}<\/script>\n<!-- \/ Yoast SEO plugin. -->","yoast_head_json":{"title":"Leonardo Jardim \u00e9 o novo treinador do Flamengo - Portal Tela Portugal","robots":{"index":"index","follow":"follow","max-snippet":"max-snippet:-1","max-image-preview":"max-image-preview:large","max-video-preview":"max-video-preview:-1"},"og_locale":"pt_PT","og_type":"article","og_title":"Leonardo Jardim \u00e9 o novo treinador do Flamengo - Portal Tela Portugal","og_description":"O Flamengo anunciou Leonardo Jardim como novo treinador, com contrato at\u00e9 dezembro de 2027, e ele j\u00e1 comandou treino no CT George Helal. Jardim chega acompanhado dos auxiliares Ant\u00f3nio Vieira, Jos\u00e9 Barros e Diogo Dias e ser\u00e1 apresentado \u00e0 imprensa na quinta-feira, ap\u00f3s o treino da manh\u00e3. O t\u00e9cnico portugu\u00eas, de 51 anos, retorna ao Brasil cerca de tr\u00eas meses ap\u00f3s deixar o Cruzeiro, em Minas Gerais, depois de passagens pelo M\u00f3naco e pelo Al Hilal. No Cruzeiro, Jardim levou o clube ao terceiro lugar no Brasileir\u00e3o, \u00e0s meias-finais da Ta\u00e7a do Brasil e garantiu vaga direta na Libertadores. A contrata\u00e7\u00e3o surge ap\u00f3s a demiss\u00e3o de Filipe Lu\u00eds, treinador anterior, em meio a cr\u00edticas \u00e0 equipa e a um in\u00edcio de campeonato com quatro pontos em tr\u00eas jogos.","og_url":"https:\/\/portaltela.pt\/noticias\/2026\/03\/05\/leonardo-jardim-e-o-novo-treinador-do-flamengo\/","og_site_name":"Portal Tela Portugal","article_published_time":"2026-03-05T10:34:00+00:00","author":"Telinha","twitter_card":"summary_large_image","twitter_misc":{"Escrito por":"Telinha","Tempo estimado de leitura":"1 minuto"},"schema":{"@context":"https:\/\/schema.org","@graph":[{"@type":"Article","@id":"https:\/\/portaltela.pt\/noticias\/2026\/03\/05\/leonardo-jardim-e-o-novo-treinador-do-flamengo\/#article","isPartOf":{"@id":"https:\/\/portaltela.pt\/noticias\/2026\/03\/05\/leonardo-jardim-e-o-novo-treinador-do-flamengo\/"},"author":{"name":"Telinha","@id":"https:\/\/portaltela.pt\/#\/schema\/person\/c4278d4a6028830caff9ee44b42d32ed"},"headline":"Leonardo Jardim \u00e9 o novo treinador do Flamengo","datePublished":"2026-03-05T10:34:00+00:00","mainEntityOfPage":{"@id":"https:\/\/portaltela.pt\/noticias\/2026\/03\/05\/leonardo-jardim-e-o-novo-treinador-do-flamengo\/"},"wordCount":232,"image":{"@id":"https:\/\/portaltela.pt\/noticias\/2026\/03\/05\/leonardo-jardim-e-o-novo-treinador-do-flamengo\/#primaryimage"},"thumbnailUrl":"https:\/\/portaltela.pt\/s.01k8rhncp4jt1\/2026\/03\/image-278.jpg","keywords":["Brasil","desporto","futebol","Futebol Profissional","Portugal","treinadores"],"articleSection":["Desporto","Futebol"],"inLanguage":"pt-PT"},{"@type":"WebPage","@id":"https:\/\/portaltela.pt\/noticias\/2026\/03\/05\/leonardo-jardim-e-o-novo-treinador-do-flamengo\/","url":"https:\/\/portaltela.pt\/noticias\/2026\/03\/05\/leonardo-jardim-e-o-novo-treinador-do-flamengo\/","name":"Leonardo Jardim \u00e9 o novo treinador do Flamengo - Portal Tela Portugal","isPartOf":{"@id":"https:\/\/portaltela.pt\/#website"},"primaryImageOfPage":{"@id":"https:\/\/portaltela.pt\/noticias\/2026\/03\/05\/leonardo-jardim-e-o-novo-treinador-do-flamengo\/#primaryimage"},"image":{"@id":"https:\/\/portaltela.pt\/noticias\/2026\/03\/05\/leonardo-jardim-e-o-novo-treinador-do-flamengo\/#primaryimage"},"thumbnailUrl":"https:\/\/portaltela.pt\/s.01k8rhncp4jt1\/2026\/03\/image-278.jpg","datePublished":"2026-03-05T10:34:00+00:00","author":{"@id":"https:\/\/portaltela.pt\/#\/schema\/person\/c4278d4a6028830caff9ee44b42d32ed"},"breadcrumb":{"@id":"https:\/\/portaltela.pt\/noticias\/2026\/03\/05\/leonardo-jardim-e-o-novo-treinador-do-flamengo\/#breadcrumb"},"inLanguage":"pt-PT","potentialAction":[{"@type":"ReadAction","target":["https:\/\/portaltela.pt\/noticias\/2026\/03\/05\/leonardo-jardim-e-o-novo-treinador-do-flamengo\/"]}]},{"@type":"ImageObject","inLanguage":"pt-PT","@id":"https:\/\/portaltela.pt\/noticias\/2026\/03\/05\/leonardo-jardim-e-o-novo-treinador-do-flamengo\/#primaryimage","url":"https:\/\/portaltela.pt\/s.01k8rhncp4jt1\/2026\/03\/image-278.jpg","contentUrl":"https:\/\/portaltela.pt\/s.01k8rhncp4jt1\/2026\/03\/image-278.jpg","width":796,"height":448,"caption":"Jos\u00e9 Boto e Leonardo Jardim"},{"@type":"BreadcrumbList","@id":"https:\/\/portaltela.pt\/noticias\/2026\/03\/05\/leonardo-jardim-e-o-novo-treinador-do-flamengo\/#breadcrumb","itemListElement":[{"@type":"ListItem","position":1,"name":"In\u00edcio","item":"https:\/\/portaltela.pt\/"},{"@type":"ListItem","position":2,"name":"Leonardo Jardim \u00e9 o novo treinador do Flamengo"}]},{"@type":"WebSite","@id":"https:\/\/portaltela.pt\/#website","url":"https:\/\/portaltela.pt\/","name":"Portal Tela Portugal","description":"","potentialAction":[{"@type":"SearchAction","target":{"@type":"EntryPoint","urlTemplate":"https:\/\/portaltela.pt\/?s={search_term_string}"},"query-input":{"@type":"PropertyValueSpecification","valueRequired":true,"valueName":"search_term_string"}}],"inLanguage":"pt-PT"},{"@type":"Person","@id":"https:\/\/portaltela.pt\/#\/schema\/person\/c4278d4a6028830caff9ee44b42d32ed","name":"Telinha","image":{"@type":"ImageObject","inLanguage":"pt-PT","@id":"https:\/\/portaltela.pt\/s.01k8rhncp4jt1\/2025\/11\/talking-bot-125x125.png","url":"https:\/\/portaltela.pt\/s.01k8rhncp4jt1\/2025\/11\/talking-bot-125x125.png","contentUrl":"https:\/\/portaltela.pt\/s.01k8rhncp4jt1\/2025\/11\/talking-bot-125x125.png","caption":"Telinha"},"sameAs":["https:\/\/portaltela.pt\/"],"url":"https:\/\/portaltela.pt\/por\/367410592786\/"}]}},"_links":{"self":[{"href":"https:\/\/portaltela.pt\/api\/wp\/v2\/posts\/398366","targetHints":{"allow":["GET"]}}],"collection":[{"href":"https:\/\/portaltela.pt\/api\/wp\/v2\/posts"}],"about":[{"href":"https:\/\/portaltela.pt\/api\/wp\/v2\/types\/post"}],"author":[{"embeddable":true,"href":"https:\/\/portaltela.pt\/api\/wp\/v2\/users\/2"}],"replies":[{"embeddable":true,"href":"https:\/\/portaltela.pt\/api\/wp\/v2\/comments?post=398366"}],"version-history":[{"count":0,"href":"https:\/\/portaltela.pt\/api\/wp\/v2\/posts\/398366\/revisions"}],"wp:featuredmedia":[{"embeddable":true,"href":"https:\/\/portaltela.pt\/api\/wp\/v2\/media\/398372"}],"wp:attachment":[{"href":"https:\/\/portaltela.pt\/api\/wp\/v2\/media?parent=398366"}],"wp:term":[{"taxonomy":"category","embeddable":true,"href":"https:\/\/portaltela.pt\/api\/wp\/v2\/categories?post=398366"},{"taxonomy":"post_tag","embeddable":true,"href":"https:\/\/portaltela.pt\/api\/wp\/v2\/tags?post=398366"}],"curies":[{"name":"wp","href":"https:\/\/api.w.org\/{rel}","templated":true}]}}