{"id":398365,"date":"2026-03-05T07:43:19","date_gmt":"2026-03-05T10:43:19","guid":{"rendered":"https:\/\/portaltela.pt\/noticias\/2026\/03\/05\/milhoes-ficam-sem-eletricidade-apos-grande-apagao-em-cuba\/"},"modified":"2026-03-05T07:43:19","modified_gmt":"2026-03-05T10:43:19","slug":"milhoes-ficam-sem-eletricidade-apos-grande-apagao-em-cuba","status":"publish","type":"post","link":"https:\/\/portaltela.pt\/noticias\/2026\/03\/05\/milhoes-ficam-sem-eletricidade-apos-grande-apagao-em-cuba\/","title":{"rendered":"Milh\u00f5es ficam sem eletricidade ap\u00f3s grande apag\u00e3o em Cuba"},"content":{"rendered":"<p>Um apag\u00e3o de grande dimens\u00e3o deixou milh\u00f5es de pessoas sem eletricidade nesta quarta-feira, em Havana e em grande parte do oeste de Cuba, ap\u00f3s a paragem inesperada de uma das principais centrais termoel\u00e9tricas do pa\u00eds.<\/p>\n<p>A interrup\u00e7\u00e3o afetou servi\u00e7os b\u00e1sicos e chamou a aten\u00e7\u00e3o para a depend\u00eancia energ\u00e9tica da regi\u00e3o. As autoridades ainda n\u00e3o detalharam a causa precisa da paragem nem o plano de recupera\u00e7\u00e3o.<\/p>\n<p>Foi poss\u00edvel confirmar que a cidade de Havana, bem como v\u00e1rias regi\u00f5es do oeste, ficaram no escuro durante v\u00e1rios momentos do dia, com impactos em resid\u00eancias, com\u00e9rcio e servi\u00e7os p\u00fablicos.<\/p>\n","protected":false},"excerpt":{"rendered":"<ul>\n<li>Um apag\u00e3o de grande dimens\u00e3o deixou milh\u00f5es de pessoas sem luz em Havana e grande parte do oeste de Cuba.<\/li>\n<li>A falha decorreu da paragem \u201cinesperada\u201d de uma das principais centrais termoel\u00e9tricas do pa\u00eds.<\/li>\n<li>O corte ocorreu nesta quarta-feira, afetando zonas urbanas da capital e regi\u00f5es pr\u00f3ximas.<\/li>\n<li>A situa\u00e7\u00e3o causou interrup\u00e7\u00f5es no fornecimento de energia em v\u00e1rias \u00e1reas at\u00e9 ao momento n\u00e3o especificado.<\/li>\n<li>As autoridades n\u00e3o avan\u00e7aram com mais detalhes sobre a causa exata ou a recupera\u00e7\u00e3o prevista de eletricidade.<\/li>\n<\/ul>\n","protected":false},"author":2,"featured_media":398373,"comment_status":"closed","ping_status":"closed","sticky":false,"template":"","format":"standard","meta":{"footnotes":""},"categories":[1],"tags":[4729,1550,2950,6636,174],"class_list":["post-398365","post","type-post","status-publish","format-standard","has-post-thumbnail","hentry","category-noticias","tag-abastecimento-de-energia","tag-apagao","tag-apagoes","tag-cuba","tag-energia"],"yoast_head":"<!-- This site is optimized with the Yoast SEO plugin v27.2 - https:\/\/yoast.com\/product\/yoast-seo-wordpress\/ -->\n<title>Milh\u00f5es ficam sem eletricidade ap\u00f3s grande apag\u00e3o em Cuba - Portal Tela Portugal<\/title>\n<meta name=\"robots\" content=\"index, follow, max-snippet:-1, max-image-preview:large, max-video-preview:-1\" \/>\n<meta property=\"og:locale\" content=\"pt_PT\" \/>\n<meta property=\"og:type\" content=\"article\" \/>\n<meta property=\"og:title\" content=\"Milh\u00f5es ficam sem eletricidade ap\u00f3s grande apag\u00e3o em Cuba - Portal Tela Portugal\" \/>\n<meta property=\"og:description\" content=\"Um apag\u00e3o de grande dimens\u00e3o deixou milh\u00f5es de pessoas sem luz em Havana e grande parte do oeste de Cuba. A falha decorreu da paragem \u201cinesperada\u201d de uma das principais centrais termoel\u00e9tricas do pa\u00eds. O corte ocorreu nesta quarta-feira, afetando zonas urbanas da capital e regi\u00f5es pr\u00f3ximas. A situa\u00e7\u00e3o causou interrup\u00e7\u00f5es no fornecimento de energia em v\u00e1rias \u00e1reas at\u00e9 ao momento n\u00e3o especificado. As autoridades n\u00e3o avan\u00e7aram com mais detalhes sobre a causa exata ou a recupera\u00e7\u00e3o prevista de eletricidade.\" \/>\n<meta property=\"og:url\" content=\"https:\/\/portaltela.pt\/noticias\/2026\/03\/05\/milhoes-ficam-sem-eletricidade-apos-grande-apagao-em-cuba\/\" \/>\n<meta property=\"og:site_name\" content=\"Portal Tela Portugal\" \/>\n<meta property=\"article:published_time\" content=\"2026-03-05T10:43:19+00:00\" \/>\n<meta name=\"author\" content=\"Telinha\" \/>\n<meta name=\"twitter:card\" content=\"summary_large_image\" \/>\n<meta name=\"twitter:label1\" content=\"Escrito por\" \/>\n\t<meta name=\"twitter:data1\" content=\"Telinha\" \/>\n\t<meta name=\"twitter:label2\" content=\"Tempo estimado de leitura\" \/>\n\t<meta name=\"twitter:data2\" content=\"1 minuto\" \/>\n<script type=\"application\/ld+json\" class=\"yoast-schema-graph\">{\"@context\":\"https:\/\/schema.org\",\"@graph\":[{\"@type\":\"Article\",\"@id\":\"https:\/\/portaltela.pt\/noticias\/2026\/03\/05\/milhoes-ficam-sem-eletricidade-apos-grande-apagao-em-cuba\/#article\",\"isPartOf\":{\"@id\":\"https:\/\/portaltela.pt\/noticias\/2026\/03\/05\/milhoes-ficam-sem-eletricidade-apos-grande-apagao-em-cuba\/\"},\"author\":{\"name\":\"Telinha\",\"@id\":\"https:\/\/portaltela.pt\/#\/schema\/person\/c4278d4a6028830caff9ee44b42d32ed\"},\"headline\":\"Milh\u00f5es ficam sem eletricidade ap\u00f3s grande apag\u00e3o em Cuba\",\"datePublished\":\"2026-03-05T10:43:19+00:00\",\"mainEntityOfPage\":{\"@id\":\"https:\/\/portaltela.pt\/noticias\/2026\/03\/05\/milhoes-ficam-sem-eletricidade-apos-grande-apagao-em-cuba\/\"},\"wordCount\":130,\"image\":{\"@id\":\"https:\/\/portaltela.pt\/noticias\/2026\/03\/05\/milhoes-ficam-sem-eletricidade-apos-grande-apagao-em-cuba\/#primaryimage\"},\"thumbnailUrl\":\"https:\/\/portaltela.pt\/s.01k8rhncp4jt1\/2026\/03\/img_1280x722uu2026-03-05-10-42-49-2270511.jpg\",\"keywords\":[\"abastecimento de energia\",\"apag\u00e3o\",\"apag\u00f5es\",\"Cuba\",\"energia\"],\"articleSection\":[\"Not\u00edcias\"],\"inLanguage\":\"pt-PT\"},{\"@type\":\"WebPage\",\"@id\":\"https:\/\/portaltela.pt\/noticias\/2026\/03\/05\/milhoes-ficam-sem-eletricidade-apos-grande-apagao-em-cuba\/\",\"url\":\"https:\/\/portaltela.pt\/noticias\/2026\/03\/05\/milhoes-ficam-sem-eletricidade-apos-grande-apagao-em-cuba\/\",\"name\":\"Milh\u00f5es ficam sem eletricidade ap\u00f3s grande apag\u00e3o em Cuba - Portal Tela Portugal\",\"isPartOf\":{\"@id\":\"https:\/\/portaltela.pt\/#website\"},\"primaryImageOfPage\":{\"@id\":\"https:\/\/portaltela.pt\/noticias\/2026\/03\/05\/milhoes-ficam-sem-eletricidade-apos-grande-apagao-em-cuba\/#primaryimage\"},\"image\":{\"@id\":\"https:\/\/portaltela.pt\/noticias\/2026\/03\/05\/milhoes-ficam-sem-eletricidade-apos-grande-apagao-em-cuba\/#primaryimage\"},\"thumbnailUrl\":\"https:\/\/portaltela.pt\/s.01k8rhncp4jt1\/2026\/03\/img_1280x722uu2026-03-05-10-42-49-2270511.jpg\",\"datePublished\":\"2026-03-05T10:43:19+00:00\",\"author\":{\"@id\":\"https:\/\/portaltela.pt\/#\/schema\/person\/c4278d4a6028830caff9ee44b42d32ed\"},\"breadcrumb\":{\"@id\":\"https:\/\/portaltela.pt\/noticias\/2026\/03\/05\/milhoes-ficam-sem-eletricidade-apos-grande-apagao-em-cuba\/#breadcrumb\"},\"inLanguage\":\"pt-PT\",\"potentialAction\":[{\"@type\":\"ReadAction\",\"target\":[\"https:\/\/portaltela.pt\/noticias\/2026\/03\/05\/milhoes-ficam-sem-eletricidade-apos-grande-apagao-em-cuba\/\"]}]},{\"@type\":\"ImageObject\",\"inLanguage\":\"pt-PT\",\"@id\":\"https:\/\/portaltela.pt\/noticias\/2026\/03\/05\/milhoes-ficam-sem-eletricidade-apos-grande-apagao-em-cuba\/#primaryimage\",\"url\":\"https:\/\/portaltela.pt\/s.01k8rhncp4jt1\/2026\/03\/img_1280x722uu2026-03-05-10-42-49-2270511.jpg\",\"contentUrl\":\"https:\/\/portaltela.pt\/s.01k8rhncp4jt1\/2026\/03\/img_1280x722uu2026-03-05-10-42-49-2270511.jpg\",\"width\":796,\"height\":448,\"caption\":\"Milh\u00f5es de pessoas sem eletricidade ap\u00f3s grande apag\u00e3o em Cuba\"},{\"@type\":\"BreadcrumbList\",\"@id\":\"https:\/\/portaltela.pt\/noticias\/2026\/03\/05\/milhoes-ficam-sem-eletricidade-apos-grande-apagao-em-cuba\/#breadcrumb\",\"itemListElement\":[{\"@type\":\"ListItem\",\"position\":1,\"name\":\"In\u00edcio\",\"item\":\"https:\/\/portaltela.pt\/\"},{\"@type\":\"ListItem\",\"position\":2,\"name\":\"Milh\u00f5es ficam sem eletricidade ap\u00f3s grande apag\u00e3o em Cuba\"}]},{\"@type\":\"WebSite\",\"@id\":\"https:\/\/portaltela.pt\/#website\",\"url\":\"https:\/\/portaltela.pt\/\",\"name\":\"Portal Tela Portugal\",\"description\":\"\",\"potentialAction\":[{\"@type\":\"SearchAction\",\"target\":{\"@type\":\"EntryPoint\",\"urlTemplate\":\"https:\/\/portaltela.pt\/?s={search_term_string}\"},\"query-input\":{\"@type\":\"PropertyValueSpecification\",\"valueRequired\":true,\"valueName\":\"search_term_string\"}}],\"inLanguage\":\"pt-PT\"},{\"@type\":\"Person\",\"@id\":\"https:\/\/portaltela.pt\/#\/schema\/person\/c4278d4a6028830caff9ee44b42d32ed\",\"name\":\"Telinha\",\"image\":{\"@type\":\"ImageObject\",\"inLanguage\":\"pt-PT\",\"@id\":\"https:\/\/portaltela.pt\/s.01k8rhncp4jt1\/2025\/11\/talking-bot-125x125.png\",\"url\":\"https:\/\/portaltela.pt\/s.01k8rhncp4jt1\/2025\/11\/talking-bot-125x125.png\",\"contentUrl\":\"https:\/\/portaltela.pt\/s.01k8rhncp4jt1\/2025\/11\/talking-bot-125x125.png\",\"caption\":\"Telinha\"},\"sameAs\":[\"https:\/\/portaltela.pt\/\"],\"url\":\"https:\/\/portaltela.pt\/por\/367410592786\/\"}]}<\/script>\n<!-- \/ Yoast SEO plugin. -->","yoast_head_json":{"title":"Milh\u00f5es ficam sem eletricidade ap\u00f3s grande apag\u00e3o em Cuba - Portal Tela Portugal","robots":{"index":"index","follow":"follow","max-snippet":"max-snippet:-1","max-image-preview":"max-image-preview:large","max-video-preview":"max-video-preview:-1"},"og_locale":"pt_PT","og_type":"article","og_title":"Milh\u00f5es ficam sem eletricidade ap\u00f3s grande apag\u00e3o em Cuba - Portal Tela Portugal","og_description":"Um apag\u00e3o de grande dimens\u00e3o deixou milh\u00f5es de pessoas sem luz em Havana e grande parte do oeste de Cuba. A falha decorreu da paragem \u201cinesperada\u201d de uma das principais centrais termoel\u00e9tricas do pa\u00eds. O corte ocorreu nesta quarta-feira, afetando zonas urbanas da capital e regi\u00f5es pr\u00f3ximas. A situa\u00e7\u00e3o causou interrup\u00e7\u00f5es no fornecimento de energia em v\u00e1rias \u00e1reas at\u00e9 ao momento n\u00e3o especificado. As autoridades n\u00e3o avan\u00e7aram com mais detalhes sobre a causa exata ou a recupera\u00e7\u00e3o prevista de eletricidade.","og_url":"https:\/\/portaltela.pt\/noticias\/2026\/03\/05\/milhoes-ficam-sem-eletricidade-apos-grande-apagao-em-cuba\/","og_site_name":"Portal Tela Portugal","article_published_time":"2026-03-05T10:43:19+00:00","author":"Telinha","twitter_card":"summary_large_image","twitter_misc":{"Escrito por":"Telinha","Tempo estimado de leitura":"1 minuto"},"schema":{"@context":"https:\/\/schema.org","@graph":[{"@type":"Article","@id":"https:\/\/portaltela.pt\/noticias\/2026\/03\/05\/milhoes-ficam-sem-eletricidade-apos-grande-apagao-em-cuba\/#article","isPartOf":{"@id":"https:\/\/portaltela.pt\/noticias\/2026\/03\/05\/milhoes-ficam-sem-eletricidade-apos-grande-apagao-em-cuba\/"},"author":{"name":"Telinha","@id":"https:\/\/portaltela.pt\/#\/schema\/person\/c4278d4a6028830caff9ee44b42d32ed"},"headline":"Milh\u00f5es ficam sem eletricidade ap\u00f3s grande apag\u00e3o em Cuba","datePublished":"2026-03-05T10:43:19+00:00","mainEntityOfPage":{"@id":"https:\/\/portaltela.pt\/noticias\/2026\/03\/05\/milhoes-ficam-sem-eletricidade-apos-grande-apagao-em-cuba\/"},"wordCount":130,"image":{"@id":"https:\/\/portaltela.pt\/noticias\/2026\/03\/05\/milhoes-ficam-sem-eletricidade-apos-grande-apagao-em-cuba\/#primaryimage"},"thumbnailUrl":"https:\/\/portaltela.pt\/s.01k8rhncp4jt1\/2026\/03\/img_1280x722uu2026-03-05-10-42-49-2270511.jpg","keywords":["abastecimento de energia","apag\u00e3o","apag\u00f5es","Cuba","energia"],"articleSection":["Not\u00edcias"],"inLanguage":"pt-PT"},{"@type":"WebPage","@id":"https:\/\/portaltela.pt\/noticias\/2026\/03\/05\/milhoes-ficam-sem-eletricidade-apos-grande-apagao-em-cuba\/","url":"https:\/\/portaltela.pt\/noticias\/2026\/03\/05\/milhoes-ficam-sem-eletricidade-apos-grande-apagao-em-cuba\/","name":"Milh\u00f5es ficam sem eletricidade ap\u00f3s grande apag\u00e3o em Cuba - Portal Tela Portugal","isPartOf":{"@id":"https:\/\/portaltela.pt\/#website"},"primaryImageOfPage":{"@id":"https:\/\/portaltela.pt\/noticias\/2026\/03\/05\/milhoes-ficam-sem-eletricidade-apos-grande-apagao-em-cuba\/#primaryimage"},"image":{"@id":"https:\/\/portaltela.pt\/noticias\/2026\/03\/05\/milhoes-ficam-sem-eletricidade-apos-grande-apagao-em-cuba\/#primaryimage"},"thumbnailUrl":"https:\/\/portaltela.pt\/s.01k8rhncp4jt1\/2026\/03\/img_1280x722uu2026-03-05-10-42-49-2270511.jpg","datePublished":"2026-03-05T10:43:19+00:00","author":{"@id":"https:\/\/portaltela.pt\/#\/schema\/person\/c4278d4a6028830caff9ee44b42d32ed"},"breadcrumb":{"@id":"https:\/\/portaltela.pt\/noticias\/2026\/03\/05\/milhoes-ficam-sem-eletricidade-apos-grande-apagao-em-cuba\/#breadcrumb"},"inLanguage":"pt-PT","potentialAction":[{"@type":"ReadAction","target":["https:\/\/portaltela.pt\/noticias\/2026\/03\/05\/milhoes-ficam-sem-eletricidade-apos-grande-apagao-em-cuba\/"]}]},{"@type":"ImageObject","inLanguage":"pt-PT","@id":"https:\/\/portaltela.pt\/noticias\/2026\/03\/05\/milhoes-ficam-sem-eletricidade-apos-grande-apagao-em-cuba\/#primaryimage","url":"https:\/\/portaltela.pt\/s.01k8rhncp4jt1\/2026\/03\/img_1280x722uu2026-03-05-10-42-49-2270511.jpg","contentUrl":"https:\/\/portaltela.pt\/s.01k8rhncp4jt1\/2026\/03\/img_1280x722uu2026-03-05-10-42-49-2270511.jpg","width":796,"height":448,"caption":"Milh\u00f5es de pessoas sem eletricidade ap\u00f3s grande apag\u00e3o em Cuba"},{"@type":"BreadcrumbList","@id":"https:\/\/portaltela.pt\/noticias\/2026\/03\/05\/milhoes-ficam-sem-eletricidade-apos-grande-apagao-em-cuba\/#breadcrumb","itemListElement":[{"@type":"ListItem","position":1,"name":"In\u00edcio","item":"https:\/\/portaltela.pt\/"},{"@type":"ListItem","position":2,"name":"Milh\u00f5es ficam sem eletricidade ap\u00f3s grande apag\u00e3o em Cuba"}]},{"@type":"WebSite","@id":"https:\/\/portaltela.pt\/#website","url":"https:\/\/portaltela.pt\/","name":"Portal Tela Portugal","description":"","potentialAction":[{"@type":"SearchAction","target":{"@type":"EntryPoint","urlTemplate":"https:\/\/portaltela.pt\/?s={search_term_string}"},"query-input":{"@type":"PropertyValueSpecification","valueRequired":true,"valueName":"search_term_string"}}],"inLanguage":"pt-PT"},{"@type":"Person","@id":"https:\/\/portaltela.pt\/#\/schema\/person\/c4278d4a6028830caff9ee44b42d32ed","name":"Telinha","image":{"@type":"ImageObject","inLanguage":"pt-PT","@id":"https:\/\/portaltela.pt\/s.01k8rhncp4jt1\/2025\/11\/talking-bot-125x125.png","url":"https:\/\/portaltela.pt\/s.01k8rhncp4jt1\/2025\/11\/talking-bot-125x125.png","contentUrl":"https:\/\/portaltela.pt\/s.01k8rhncp4jt1\/2025\/11\/talking-bot-125x125.png","caption":"Telinha"},"sameAs":["https:\/\/portaltela.pt\/"],"url":"https:\/\/portaltela.pt\/por\/367410592786\/"}]}},"_links":{"self":[{"href":"https:\/\/portaltela.pt\/api\/wp\/v2\/posts\/398365","targetHints":{"allow":["GET"]}}],"collection":[{"href":"https:\/\/portaltela.pt\/api\/wp\/v2\/posts"}],"about":[{"href":"https:\/\/portaltela.pt\/api\/wp\/v2\/types\/post"}],"author":[{"embeddable":true,"href":"https:\/\/portaltela.pt\/api\/wp\/v2\/users\/2"}],"replies":[{"embeddable":true,"href":"https:\/\/portaltela.pt\/api\/wp\/v2\/comments?post=398365"}],"version-history":[{"count":0,"href":"https:\/\/portaltela.pt\/api\/wp\/v2\/posts\/398365\/revisions"}],"wp:featuredmedia":[{"embeddable":true,"href":"https:\/\/portaltela.pt\/api\/wp\/v2\/media\/398373"}],"wp:attachment":[{"href":"https:\/\/portaltela.pt\/api\/wp\/v2\/media?parent=398365"}],"wp:term":[{"taxonomy":"category","embeddable":true,"href":"https:\/\/portaltela.pt\/api\/wp\/v2\/categories?post=398365"},{"taxonomy":"post_tag","embeddable":true,"href":"https:\/\/portaltela.pt\/api\/wp\/v2\/tags?post=398365"}],"curies":[{"name":"wp","href":"https:\/\/api.w.org\/{rel}","templated":true}]}}