{"id":398346,"date":"2026-03-05T07:18:54","date_gmt":"2026-03-05T10:18:54","guid":{"rendered":"https:\/\/portaltela.pt\/noticias\/2026\/03\/05\/benfica-lamenta-a-morte-de-antonio-lobo-antunes-ilustre-adepto-2\/"},"modified":"2026-03-05T07:18:54","modified_gmt":"2026-03-05T10:18:54","slug":"benfica-lamenta-a-morte-de-antonio-lobo-antunes-ilustre-adepto-2","status":"publish","type":"post","link":"https:\/\/portaltela.pt\/desporto\/futebol\/2026\/03\/05\/benfica-lamenta-a-morte-de-antonio-lobo-antunes-ilustre-adepto-2\/","title":{"rendered":"Benfica lamenta a morte de Ant\u00f3nio Lobo Antunes, ilustre adepto"},"content":{"rendered":"<p>O Benfica confirmou o falecimento do escritor Ant\u00f3nio Lobo Antunes, aos 83 anos, classificando-o como uma refer\u00eancia da cultura portuguesa e um dos seus mais ilustres adeptos. A nota de pesar destaca a longa liga\u00e7\u00e3o afetiva entre o autor e o clube.<\/p>\n<p>O clube da Luz recorda que a paix\u00e3o de Lobo Antunes pelo Benfica atravessou a sua obra e testemunhos p\u00fablicos, refletindo uma identidade benfiquista enraizada. A mensagem ressalta ainda a influ\u00eancia simb\u00f3lica do futebol nas suas palavras.<\/p>\n<p>Em carta de pesar, o Benfica relembra momentos marcantes da rela\u00e7\u00e3o do escritor com o clube, inclusive o impacto durante a Guerra Colonial, quando serviu como m\u00e9dico em Angola. O texto cita a frase: enquanto o Benfica jogava, n\u00e3o havia guerra.<\/p>\n<h3>Trajet\u00f3ria liter\u00e1ria e liga\u00e7\u00e3o ao Benfica<\/h3>\n<p>O comunicado destaca a ambi\u00e7\u00e3o liter\u00e1ria de Lobo Antunes, bem como a ironia de afirmar desejar ser o \u00c1guas da literatura, aludindo ao capit\u00e3o benfiquista Jos\u00e9 \u00c1guas. A refer\u00eancia evidencia o universo de interesses do autor.<\/p>\n<p>Nascido em Lisboa, em 1942, Lobo Antunes formou-se em Medicina e especializou-se em Psiquiatria, \u00e1rea que influenciou grande parte da sua obra desde 1979. A partir de 1985, passou a dedicar-se integralmente \u00e0 escrita.<\/p>\n<p>A comunidade liter\u00e1ria reconheceu o autor com v\u00e1rias distin\u00e7\u00f5es, incluindo o Pr\u00e9mio Cam\u00f5es em 2007 e a condecora\u00e7\u00e3o da Ordem da Liberdade pela Rep\u00fablica Portuguesa. Tamb\u00e9m recebeu distin\u00e7\u00f5es internacionais ao longo da carreira.<\/p>\n<p>O Benfica encerra a comunica\u00e7\u00e3o expressando condol\u00eancias \u00e0 fam\u00edlia, amigos e admiradores, e reconhece na obra do escritor um legado para a cultura portuguesa. O clube, por\u00e9m, n\u00e3o altera a mem\u00f3ria do benfiquismo que o acompanhou.<\/p>\n","protected":false},"excerpt":{"rendered":"<ul>\n<li>O Benfica anunciou o falecimento de Ant\u00f3nio Lobo Antunes, aos 83 anos, descrevendo-o como uma refer\u00eancia da cultura portuguesa e um dos seus mais ilustres adeptos.<\/li>\n<li>O clube sublinhou a liga\u00e7\u00e3o afetiva de d\u00e9cadas do escritor ao Benfica e a influ\u00eancia do clube na sua obra e nos seus testemunhos p\u00fablicos.<\/li>\n<li>Lobo Antunes serviu como m\u00e9dico em Angola durante a Guerra Colonial; o Benfica recorda a express\u00e3o \u201cenquanto o Benfica jogava, n\u00e3o havia guerra\u201d como s\u00edmbolo da defesa emocional do clube.<\/li>\n<li>Foi um dos maiores nomes da literatura portuguesa, premiado ao longo da carreira e tornando-se escritor a tempo inteiro em 1985; recebeu o Pr\u00e9mio Cam\u00f5es em 2007.<\/li>\n<li>Nascido em Lisboa a 1 de setembro de 1942, o escritor recebeu v\u00e1rias condecora\u00e7\u00f5es, incluindo a Grande Colar da Ordem de Sant\u2019Iago da Espada (2004) e a Ordem da Liberdade (2019).<\/li>\n<\/ul>\n","protected":false},"author":2,"featured_media":398362,"comment_status":"closed","ping_status":"closed","sticky":false,"template":"","format":"standard","meta":{"footnotes":""},"categories":[21,24],"tags":[1946,145,6654,981,106,6658],"class_list":["post-398346","post","type-post","status-publish","format-standard","has-post-thumbnail","hentry","category-desporto","category-futebol","tag-benfica","tag-cultura","tag-escritores","tag-lisboa","tag-literatura","tag-premio-camoes"],"yoast_head":"<!-- This site is optimized with the Yoast SEO plugin v27.2 - https:\/\/yoast.com\/product\/yoast-seo-wordpress\/ -->\n<title>Benfica lamenta a morte de Ant\u00f3nio Lobo Antunes, ilustre adepto - Portal Tela Portugal<\/title>\n<meta name=\"robots\" content=\"index, follow, max-snippet:-1, max-image-preview:large, max-video-preview:-1\" \/>\n<meta property=\"og:locale\" content=\"pt_PT\" \/>\n<meta property=\"og:type\" content=\"article\" \/>\n<meta property=\"og:title\" content=\"Benfica lamenta a morte de Ant\u00f3nio Lobo Antunes, ilustre adepto - Portal Tela Portugal\" \/>\n<meta property=\"og:description\" content=\"O Benfica anunciou o falecimento de Ant\u00f3nio Lobo Antunes, aos 83 anos, descrevendo-o como uma refer\u00eancia da cultura portuguesa e um dos seus mais ilustres adeptos. O clube sublinhou a liga\u00e7\u00e3o afetiva de d\u00e9cadas do escritor ao Benfica e a influ\u00eancia do clube na sua obra e nos seus testemunhos p\u00fablicos. Lobo Antunes serviu como m\u00e9dico em Angola durante a Guerra Colonial; o Benfica recorda a express\u00e3o \u201cenquanto o Benfica jogava, n\u00e3o havia guerra\u201d como s\u00edmbolo da defesa emocional do clube. Foi um dos maiores nomes da literatura portuguesa, premiado ao longo da carreira e tornando-se escritor a tempo inteiro em 1985; recebeu o Pr\u00e9mio Cam\u00f5es em 2007. Nascido em Lisboa a 1 de setembro de 1942, o escritor recebeu v\u00e1rias condecora\u00e7\u00f5es, incluindo a Grande Colar da Ordem de Sant\u2019Iago da Espada (2004) e a Ordem da Liberdade (2019).\" \/>\n<meta property=\"og:url\" content=\"https:\/\/portaltela.pt\/noticias\/2026\/03\/05\/benfica-lamenta-a-morte-de-antonio-lobo-antunes-ilustre-adepto-2\/\" \/>\n<meta property=\"og:site_name\" content=\"Portal Tela Portugal\" \/>\n<meta property=\"article:published_time\" content=\"2026-03-05T10:18:54+00:00\" \/>\n<meta name=\"author\" content=\"Telinha\" \/>\n<meta name=\"twitter:card\" content=\"summary_large_image\" \/>\n<meta name=\"twitter:label1\" content=\"Escrito por\" \/>\n\t<meta name=\"twitter:data1\" content=\"Telinha\" \/>\n\t<meta name=\"twitter:label2\" content=\"Tempo estimado de leitura\" \/>\n\t<meta name=\"twitter:data2\" content=\"1 minuto\" \/>\n<script type=\"application\/ld+json\" class=\"yoast-schema-graph\">{\"@context\":\"https:\/\/schema.org\",\"@graph\":[{\"@type\":\"Article\",\"@id\":\"https:\/\/portaltela.pt\/noticias\/2026\/03\/05\/benfica-lamenta-a-morte-de-antonio-lobo-antunes-ilustre-adepto-2\/#article\",\"isPartOf\":{\"@id\":\"https:\/\/portaltela.pt\/noticias\/2026\/03\/05\/benfica-lamenta-a-morte-de-antonio-lobo-antunes-ilustre-adepto-2\/\"},\"author\":{\"name\":\"Telinha\",\"@id\":\"https:\/\/portaltela.pt\/#\/schema\/person\/c4278d4a6028830caff9ee44b42d32ed\"},\"headline\":\"Benfica lamenta a morte de Ant\u00f3nio Lobo Antunes, ilustre adepto\",\"datePublished\":\"2026-03-05T10:18:54+00:00\",\"mainEntityOfPage\":{\"@id\":\"https:\/\/portaltela.pt\/noticias\/2026\/03\/05\/benfica-lamenta-a-morte-de-antonio-lobo-antunes-ilustre-adepto-2\/\"},\"wordCount\":301,\"image\":{\"@id\":\"https:\/\/portaltela.pt\/noticias\/2026\/03\/05\/benfica-lamenta-a-morte-de-antonio-lobo-antunes-ilustre-adepto-2\/#primaryimage\"},\"thumbnailUrl\":\"https:\/\/portaltela.pt\/s.01k8rhncp4jt1\/2026\/03\/img_1500x1000uu2026-03-05-09-07-00-2270492.jpg\",\"keywords\":[\"Benfica\",\"cultura\",\"escritores\",\"Lisboa\",\"literatura\",\"Pr\u00e9mio Cam\u00f5es\"],\"articleSection\":[\"Desporto\",\"Futebol\"],\"inLanguage\":\"pt-PT\"},{\"@type\":\"WebPage\",\"@id\":\"https:\/\/portaltela.pt\/noticias\/2026\/03\/05\/benfica-lamenta-a-morte-de-antonio-lobo-antunes-ilustre-adepto-2\/\",\"url\":\"https:\/\/portaltela.pt\/noticias\/2026\/03\/05\/benfica-lamenta-a-morte-de-antonio-lobo-antunes-ilustre-adepto-2\/\",\"name\":\"Benfica lamenta a morte de Ant\u00f3nio Lobo Antunes, ilustre adepto - Portal Tela Portugal\",\"isPartOf\":{\"@id\":\"https:\/\/portaltela.pt\/#website\"},\"primaryImageOfPage\":{\"@id\":\"https:\/\/portaltela.pt\/noticias\/2026\/03\/05\/benfica-lamenta-a-morte-de-antonio-lobo-antunes-ilustre-adepto-2\/#primaryimage\"},\"image\":{\"@id\":\"https:\/\/portaltela.pt\/noticias\/2026\/03\/05\/benfica-lamenta-a-morte-de-antonio-lobo-antunes-ilustre-adepto-2\/#primaryimage\"},\"thumbnailUrl\":\"https:\/\/portaltela.pt\/s.01k8rhncp4jt1\/2026\/03\/img_1500x1000uu2026-03-05-09-07-00-2270492.jpg\",\"datePublished\":\"2026-03-05T10:18:54+00:00\",\"author\":{\"@id\":\"https:\/\/portaltela.pt\/#\/schema\/person\/c4278d4a6028830caff9ee44b42d32ed\"},\"breadcrumb\":{\"@id\":\"https:\/\/portaltela.pt\/noticias\/2026\/03\/05\/benfica-lamenta-a-morte-de-antonio-lobo-antunes-ilustre-adepto-2\/#breadcrumb\"},\"inLanguage\":\"pt-PT\",\"potentialAction\":[{\"@type\":\"ReadAction\",\"target\":[\"https:\/\/portaltela.pt\/noticias\/2026\/03\/05\/benfica-lamenta-a-morte-de-antonio-lobo-antunes-ilustre-adepto-2\/\"]}]},{\"@type\":\"ImageObject\",\"inLanguage\":\"pt-PT\",\"@id\":\"https:\/\/portaltela.pt\/noticias\/2026\/03\/05\/benfica-lamenta-a-morte-de-antonio-lobo-antunes-ilustre-adepto-2\/#primaryimage\",\"url\":\"https:\/\/portaltela.pt\/s.01k8rhncp4jt1\/2026\/03\/img_1500x1000uu2026-03-05-09-07-00-2270492.jpg\",\"contentUrl\":\"https:\/\/portaltela.pt\/s.01k8rhncp4jt1\/2026\/03\/img_1500x1000uu2026-03-05-09-07-00-2270492.jpg\",\"width\":796,\"height\":448,\"caption\":\"Ant\u00f3nio Lobo Antunes\"},{\"@type\":\"BreadcrumbList\",\"@id\":\"https:\/\/portaltela.pt\/noticias\/2026\/03\/05\/benfica-lamenta-a-morte-de-antonio-lobo-antunes-ilustre-adepto-2\/#breadcrumb\",\"itemListElement\":[{\"@type\":\"ListItem\",\"position\":1,\"name\":\"In\u00edcio\",\"item\":\"https:\/\/portaltela.pt\/\"},{\"@type\":\"ListItem\",\"position\":2,\"name\":\"Benfica lamenta a morte de Ant\u00f3nio Lobo Antunes, ilustre adepto\"}]},{\"@type\":\"WebSite\",\"@id\":\"https:\/\/portaltela.pt\/#website\",\"url\":\"https:\/\/portaltela.pt\/\",\"name\":\"Portal Tela Portugal\",\"description\":\"\",\"potentialAction\":[{\"@type\":\"SearchAction\",\"target\":{\"@type\":\"EntryPoint\",\"urlTemplate\":\"https:\/\/portaltela.pt\/?s={search_term_string}\"},\"query-input\":{\"@type\":\"PropertyValueSpecification\",\"valueRequired\":true,\"valueName\":\"search_term_string\"}}],\"inLanguage\":\"pt-PT\"},{\"@type\":\"Person\",\"@id\":\"https:\/\/portaltela.pt\/#\/schema\/person\/c4278d4a6028830caff9ee44b42d32ed\",\"name\":\"Telinha\",\"image\":{\"@type\":\"ImageObject\",\"inLanguage\":\"pt-PT\",\"@id\":\"https:\/\/portaltela.pt\/s.01k8rhncp4jt1\/2025\/11\/talking-bot-125x125.png\",\"url\":\"https:\/\/portaltela.pt\/s.01k8rhncp4jt1\/2025\/11\/talking-bot-125x125.png\",\"contentUrl\":\"https:\/\/portaltela.pt\/s.01k8rhncp4jt1\/2025\/11\/talking-bot-125x125.png\",\"caption\":\"Telinha\"},\"sameAs\":[\"https:\/\/portaltela.pt\/\"],\"url\":\"https:\/\/portaltela.pt\/por\/367410592786\/\"}]}<\/script>\n<!-- \/ Yoast SEO plugin. -->","yoast_head_json":{"title":"Benfica lamenta a morte de Ant\u00f3nio Lobo Antunes, ilustre adepto - Portal Tela Portugal","robots":{"index":"index","follow":"follow","max-snippet":"max-snippet:-1","max-image-preview":"max-image-preview:large","max-video-preview":"max-video-preview:-1"},"og_locale":"pt_PT","og_type":"article","og_title":"Benfica lamenta a morte de Ant\u00f3nio Lobo Antunes, ilustre adepto - Portal Tela Portugal","og_description":"O Benfica anunciou o falecimento de Ant\u00f3nio Lobo Antunes, aos 83 anos, descrevendo-o como uma refer\u00eancia da cultura portuguesa e um dos seus mais ilustres adeptos. O clube sublinhou a liga\u00e7\u00e3o afetiva de d\u00e9cadas do escritor ao Benfica e a influ\u00eancia do clube na sua obra e nos seus testemunhos p\u00fablicos. Lobo Antunes serviu como m\u00e9dico em Angola durante a Guerra Colonial; o Benfica recorda a express\u00e3o \u201cenquanto o Benfica jogava, n\u00e3o havia guerra\u201d como s\u00edmbolo da defesa emocional do clube. Foi um dos maiores nomes da literatura portuguesa, premiado ao longo da carreira e tornando-se escritor a tempo inteiro em 1985; recebeu o Pr\u00e9mio Cam\u00f5es em 2007. Nascido em Lisboa a 1 de setembro de 1942, o escritor recebeu v\u00e1rias condecora\u00e7\u00f5es, incluindo a Grande Colar da Ordem de Sant\u2019Iago da Espada (2004) e a Ordem da Liberdade (2019).","og_url":"https:\/\/portaltela.pt\/noticias\/2026\/03\/05\/benfica-lamenta-a-morte-de-antonio-lobo-antunes-ilustre-adepto-2\/","og_site_name":"Portal Tela Portugal","article_published_time":"2026-03-05T10:18:54+00:00","author":"Telinha","twitter_card":"summary_large_image","twitter_misc":{"Escrito por":"Telinha","Tempo estimado de leitura":"1 minuto"},"schema":{"@context":"https:\/\/schema.org","@graph":[{"@type":"Article","@id":"https:\/\/portaltela.pt\/noticias\/2026\/03\/05\/benfica-lamenta-a-morte-de-antonio-lobo-antunes-ilustre-adepto-2\/#article","isPartOf":{"@id":"https:\/\/portaltela.pt\/noticias\/2026\/03\/05\/benfica-lamenta-a-morte-de-antonio-lobo-antunes-ilustre-adepto-2\/"},"author":{"name":"Telinha","@id":"https:\/\/portaltela.pt\/#\/schema\/person\/c4278d4a6028830caff9ee44b42d32ed"},"headline":"Benfica lamenta a morte de Ant\u00f3nio Lobo Antunes, ilustre adepto","datePublished":"2026-03-05T10:18:54+00:00","mainEntityOfPage":{"@id":"https:\/\/portaltela.pt\/noticias\/2026\/03\/05\/benfica-lamenta-a-morte-de-antonio-lobo-antunes-ilustre-adepto-2\/"},"wordCount":301,"image":{"@id":"https:\/\/portaltela.pt\/noticias\/2026\/03\/05\/benfica-lamenta-a-morte-de-antonio-lobo-antunes-ilustre-adepto-2\/#primaryimage"},"thumbnailUrl":"https:\/\/portaltela.pt\/s.01k8rhncp4jt1\/2026\/03\/img_1500x1000uu2026-03-05-09-07-00-2270492.jpg","keywords":["Benfica","cultura","escritores","Lisboa","literatura","Pr\u00e9mio Cam\u00f5es"],"articleSection":["Desporto","Futebol"],"inLanguage":"pt-PT"},{"@type":"WebPage","@id":"https:\/\/portaltela.pt\/noticias\/2026\/03\/05\/benfica-lamenta-a-morte-de-antonio-lobo-antunes-ilustre-adepto-2\/","url":"https:\/\/portaltela.pt\/noticias\/2026\/03\/05\/benfica-lamenta-a-morte-de-antonio-lobo-antunes-ilustre-adepto-2\/","name":"Benfica lamenta a morte de Ant\u00f3nio Lobo Antunes, ilustre adepto - Portal Tela Portugal","isPartOf":{"@id":"https:\/\/portaltela.pt\/#website"},"primaryImageOfPage":{"@id":"https:\/\/portaltela.pt\/noticias\/2026\/03\/05\/benfica-lamenta-a-morte-de-antonio-lobo-antunes-ilustre-adepto-2\/#primaryimage"},"image":{"@id":"https:\/\/portaltela.pt\/noticias\/2026\/03\/05\/benfica-lamenta-a-morte-de-antonio-lobo-antunes-ilustre-adepto-2\/#primaryimage"},"thumbnailUrl":"https:\/\/portaltela.pt\/s.01k8rhncp4jt1\/2026\/03\/img_1500x1000uu2026-03-05-09-07-00-2270492.jpg","datePublished":"2026-03-05T10:18:54+00:00","author":{"@id":"https:\/\/portaltela.pt\/#\/schema\/person\/c4278d4a6028830caff9ee44b42d32ed"},"breadcrumb":{"@id":"https:\/\/portaltela.pt\/noticias\/2026\/03\/05\/benfica-lamenta-a-morte-de-antonio-lobo-antunes-ilustre-adepto-2\/#breadcrumb"},"inLanguage":"pt-PT","potentialAction":[{"@type":"ReadAction","target":["https:\/\/portaltela.pt\/noticias\/2026\/03\/05\/benfica-lamenta-a-morte-de-antonio-lobo-antunes-ilustre-adepto-2\/"]}]},{"@type":"ImageObject","inLanguage":"pt-PT","@id":"https:\/\/portaltela.pt\/noticias\/2026\/03\/05\/benfica-lamenta-a-morte-de-antonio-lobo-antunes-ilustre-adepto-2\/#primaryimage","url":"https:\/\/portaltela.pt\/s.01k8rhncp4jt1\/2026\/03\/img_1500x1000uu2026-03-05-09-07-00-2270492.jpg","contentUrl":"https:\/\/portaltela.pt\/s.01k8rhncp4jt1\/2026\/03\/img_1500x1000uu2026-03-05-09-07-00-2270492.jpg","width":796,"height":448,"caption":"Ant\u00f3nio Lobo Antunes"},{"@type":"BreadcrumbList","@id":"https:\/\/portaltela.pt\/noticias\/2026\/03\/05\/benfica-lamenta-a-morte-de-antonio-lobo-antunes-ilustre-adepto-2\/#breadcrumb","itemListElement":[{"@type":"ListItem","position":1,"name":"In\u00edcio","item":"https:\/\/portaltela.pt\/"},{"@type":"ListItem","position":2,"name":"Benfica lamenta a morte de Ant\u00f3nio Lobo Antunes, ilustre adepto"}]},{"@type":"WebSite","@id":"https:\/\/portaltela.pt\/#website","url":"https:\/\/portaltela.pt\/","name":"Portal Tela Portugal","description":"","potentialAction":[{"@type":"SearchAction","target":{"@type":"EntryPoint","urlTemplate":"https:\/\/portaltela.pt\/?s={search_term_string}"},"query-input":{"@type":"PropertyValueSpecification","valueRequired":true,"valueName":"search_term_string"}}],"inLanguage":"pt-PT"},{"@type":"Person","@id":"https:\/\/portaltela.pt\/#\/schema\/person\/c4278d4a6028830caff9ee44b42d32ed","name":"Telinha","image":{"@type":"ImageObject","inLanguage":"pt-PT","@id":"https:\/\/portaltela.pt\/s.01k8rhncp4jt1\/2025\/11\/talking-bot-125x125.png","url":"https:\/\/portaltela.pt\/s.01k8rhncp4jt1\/2025\/11\/talking-bot-125x125.png","contentUrl":"https:\/\/portaltela.pt\/s.01k8rhncp4jt1\/2025\/11\/talking-bot-125x125.png","caption":"Telinha"},"sameAs":["https:\/\/portaltela.pt\/"],"url":"https:\/\/portaltela.pt\/por\/367410592786\/"}]}},"_links":{"self":[{"href":"https:\/\/portaltela.pt\/api\/wp\/v2\/posts\/398346","targetHints":{"allow":["GET"]}}],"collection":[{"href":"https:\/\/portaltela.pt\/api\/wp\/v2\/posts"}],"about":[{"href":"https:\/\/portaltela.pt\/api\/wp\/v2\/types\/post"}],"author":[{"embeddable":true,"href":"https:\/\/portaltela.pt\/api\/wp\/v2\/users\/2"}],"replies":[{"embeddable":true,"href":"https:\/\/portaltela.pt\/api\/wp\/v2\/comments?post=398346"}],"version-history":[{"count":0,"href":"https:\/\/portaltela.pt\/api\/wp\/v2\/posts\/398346\/revisions"}],"wp:featuredmedia":[{"embeddable":true,"href":"https:\/\/portaltela.pt\/api\/wp\/v2\/media\/398362"}],"wp:attachment":[{"href":"https:\/\/portaltela.pt\/api\/wp\/v2\/media?parent=398346"}],"wp:term":[{"taxonomy":"category","embeddable":true,"href":"https:\/\/portaltela.pt\/api\/wp\/v2\/categories?post=398346"},{"taxonomy":"post_tag","embeddable":true,"href":"https:\/\/portaltela.pt\/api\/wp\/v2\/tags?post=398346"}],"curies":[{"name":"wp","href":"https:\/\/api.w.org\/{rel}","templated":true}]}}