{"id":398341,"date":"2026-03-05T07:17:17","date_gmt":"2026-03-05T10:17:17","guid":{"rendered":"https:\/\/portaltela.pt\/noticias\/2026\/03\/05\/morre-o-escritor-antonio-lobo-antunes\/"},"modified":"2026-03-05T07:17:17","modified_gmt":"2026-03-05T10:17:17","slug":"morre-o-escritor-antonio-lobo-antunes","status":"publish","type":"post","link":"https:\/\/portaltela.pt\/noticias\/2026\/03\/05\/morre-o-escritor-antonio-lobo-antunes\/","title":{"rendered":"Morre o escritor Ant\u00f3nio Lobo Antunes"},"content":{"rendered":"<p>O escritor Ant\u00f3nio Lobo Antunes morreu esta quinta-feira, aos 83 anos. O Governo e o Primeiro-Ministro manifestaram condol\u00eancias \u00e0 fam\u00edlia e aos amigos, reconhecendo a import\u00e2ncia da sua obra para a cultura portuguesa.<\/p>\n<p>Nascido em Lisboa em 1 de setembro de 1942, licenciado em Medicina pela Universidade de Lisboa em 1969, especializou-se em Psiquiatria e exerceu no Hospital Miguel Bombarda. Em 1985 tornou-se escritor em tempo inteiro.<\/p>\n<p>As suas obras iniciais incluem Mem\u00f3ria de Elefante e Os Cus de Judas, editadas em 1979, seguidas de Conhecimento do Inferno (1980) e Explica\u00e7\u00e3o dos P\u00e1ssaros (1981). A produ\u00e7\u00e3o ficou marcada pela experi\u00eancia da guerra e pela psiquiatria.<\/p>\n<h3>Trajet\u00f3ria liter\u00e1ria<\/h3>\n<p>Lobo Antunes tornou-se um dos nomes centrais da literatura portuguesa desde a segunda metade do s\u00e9culo XX, com narrativa que aborda a mem\u00f3ria, a identidade e a viol\u00eancia.<\/p>\n<p>Em vida recebeu diversos reconhecimentos nacionais e internacionais, incluindo o Pr\u00e9mio Cam\u00f5es em 2007. A Rep\u00fablica honrou-o com o Grande Colar da Ordem de Sant\u2019Iago da Espada em 2004 e com a Ordem da Liberdade em 2019.<\/p>\n<h3>Reconhecimento e condecora\u00e7\u00f5es<\/h3>\n<p>Fran\u00e7a atribuiu-lhe o grau de Commandeur da Ordem das Artes e das Letras, em 2008, como reconhecimento da influ\u00eancia da sua obra. O legado liter\u00e1rio persiste na leitura e no debate cr\u00edtico.<\/p>\n","protected":false},"excerpt":{"rendered":"<ul>\n<li>Morreu o escritor Ant\u00f3nio Lobo Antunes aos 83 anos, nesta quinta-feira.<\/li>\n<li>O primeiro-ministro Lu\u00eds Montenegro descreveu-o como figura maior da cultura portuguesa e destacou que o seu legado continua a inquietar e a inspirar.<\/li>\n<li>Nascido em Lisboa, em 1 de setembro de 1942, licenciou-se em Medicina pela Universidade de Lisboa em 1969 e especializou-se em Psiquiatria.<\/li>\n<li>Optou pela escrita a tempo inteiro em 1985; o seu primeiro livro, Mem\u00f3ria de Elefante, foi lan\u00e7ado em 1979, seguido de Os cus de Judas (1979), Conhecimento do Inferno (1980) e Explica\u00e7\u00e3o dos P\u00e1ssaros (1981).<\/li>\n<li>Foi condecorado pela Rep\u00fablica com o Grande Colar da Ordem de Sant\u2019Iago da Espada (2004) e com a Ordem da Liberdade (2019); Fran\u00e7a concedeu-lhe o t\u00edtulo de Commandeur da Ordem das Artes e das Letras (2008) e recebeu o Pr\u00e9mio Cam\u00f5es (2007).<\/li>\n<\/ul>\n","protected":false},"author":2,"featured_media":398352,"comment_status":"closed","ping_status":"closed","sticky":false,"template":"","format":"standard","meta":{"footnotes":""},"categories":[1],"tags":[145,6654,106,3030,1014,6658],"class_list":["post-398341","post","type-post","status-publish","format-standard","has-post-thumbnail","hentry","category-noticias","tag-cultura","tag-escritores","tag-literatura","tag-memoria-literaria","tag-portugal","tag-premio-camoes"],"yoast_head":"<!-- This site is optimized with the Yoast SEO plugin v27.2 - https:\/\/yoast.com\/product\/yoast-seo-wordpress\/ -->\n<title>Morre o escritor Ant\u00f3nio Lobo Antunes - Portal Tela Portugal<\/title>\n<meta name=\"robots\" content=\"index, follow, max-snippet:-1, max-image-preview:large, max-video-preview:-1\" \/>\n<meta property=\"og:locale\" content=\"pt_PT\" \/>\n<meta property=\"og:type\" content=\"article\" \/>\n<meta property=\"og:title\" content=\"Morre o escritor Ant\u00f3nio Lobo Antunes - Portal Tela Portugal\" \/>\n<meta property=\"og:description\" content=\"Morreu o escritor Ant\u00f3nio Lobo Antunes aos 83 anos, nesta quinta-feira. O primeiro-ministro Lu\u00eds Montenegro descreveu-o como figura maior da cultura portuguesa e destacou que o seu legado continua a inquietar e a inspirar. Nascido em Lisboa, em 1 de setembro de 1942, licenciou-se em Medicina pela Universidade de Lisboa em 1969 e especializou-se em Psiquiatria. Optou pela escrita a tempo inteiro em 1985; o seu primeiro livro, Mem\u00f3ria de Elefante, foi lan\u00e7ado em 1979, seguido de Os cus de Judas (1979), Conhecimento do Inferno (1980) e Explica\u00e7\u00e3o dos P\u00e1ssaros (1981). Foi condecorado pela Rep\u00fablica com o Grande Colar da Ordem de Sant\u2019Iago da Espada (2004) e com a Ordem da Liberdade (2019); Fran\u00e7a concedeu-lhe o t\u00edtulo de Commandeur da Ordem das Artes e das Letras (2008) e recebeu o Pr\u00e9mio Cam\u00f5es (2007).\" \/>\n<meta property=\"og:url\" content=\"https:\/\/portaltela.pt\/noticias\/2026\/03\/05\/morre-o-escritor-antonio-lobo-antunes\/\" \/>\n<meta property=\"og:site_name\" content=\"Portal Tela Portugal\" \/>\n<meta property=\"article:published_time\" content=\"2026-03-05T10:17:17+00:00\" \/>\n<meta name=\"author\" content=\"Telinha\" \/>\n<meta name=\"twitter:card\" content=\"summary_large_image\" \/>\n<meta name=\"twitter:label1\" content=\"Escrito por\" \/>\n\t<meta name=\"twitter:data1\" content=\"Telinha\" \/>\n\t<meta name=\"twitter:label2\" content=\"Tempo estimado de leitura\" \/>\n\t<meta name=\"twitter:data2\" content=\"1 minuto\" \/>\n<script type=\"application\/ld+json\" class=\"yoast-schema-graph\">{\"@context\":\"https:\/\/schema.org\",\"@graph\":[{\"@type\":\"Article\",\"@id\":\"https:\/\/portaltela.pt\/noticias\/2026\/03\/05\/morre-o-escritor-antonio-lobo-antunes\/#article\",\"isPartOf\":{\"@id\":\"https:\/\/portaltela.pt\/noticias\/2026\/03\/05\/morre-o-escritor-antonio-lobo-antunes\/\"},\"author\":{\"name\":\"Telinha\",\"@id\":\"https:\/\/portaltela.pt\/#\/schema\/person\/c4278d4a6028830caff9ee44b42d32ed\"},\"headline\":\"Morre o escritor Ant\u00f3nio Lobo Antunes\",\"datePublished\":\"2026-03-05T10:17:17+00:00\",\"mainEntityOfPage\":{\"@id\":\"https:\/\/portaltela.pt\/noticias\/2026\/03\/05\/morre-o-escritor-antonio-lobo-antunes\/\"},\"wordCount\":224,\"image\":{\"@id\":\"https:\/\/portaltela.pt\/noticias\/2026\/03\/05\/morre-o-escritor-antonio-lobo-antunes\/#primaryimage\"},\"thumbnailUrl\":\"https:\/\/portaltela.pt\/s.01k8rhncp4jt1\/2026\/03\/img_1280x721uu2026-03-01-17-32-23-2269775.jpg\",\"keywords\":[\"cultura\",\"escritores\",\"literatura\",\"mem\u00f3ria liter\u00e1ria\",\"Portugal\",\"Pr\u00e9mio Cam\u00f5es\"],\"articleSection\":[\"Not\u00edcias\"],\"inLanguage\":\"pt-PT\"},{\"@type\":\"WebPage\",\"@id\":\"https:\/\/portaltela.pt\/noticias\/2026\/03\/05\/morre-o-escritor-antonio-lobo-antunes\/\",\"url\":\"https:\/\/portaltela.pt\/noticias\/2026\/03\/05\/morre-o-escritor-antonio-lobo-antunes\/\",\"name\":\"Morre o escritor Ant\u00f3nio Lobo Antunes - Portal Tela Portugal\",\"isPartOf\":{\"@id\":\"https:\/\/portaltela.pt\/#website\"},\"primaryImageOfPage\":{\"@id\":\"https:\/\/portaltela.pt\/noticias\/2026\/03\/05\/morre-o-escritor-antonio-lobo-antunes\/#primaryimage\"},\"image\":{\"@id\":\"https:\/\/portaltela.pt\/noticias\/2026\/03\/05\/morre-o-escritor-antonio-lobo-antunes\/#primaryimage\"},\"thumbnailUrl\":\"https:\/\/portaltela.pt\/s.01k8rhncp4jt1\/2026\/03\/img_1280x721uu2026-03-01-17-32-23-2269775.jpg\",\"datePublished\":\"2026-03-05T10:17:17+00:00\",\"author\":{\"@id\":\"https:\/\/portaltela.pt\/#\/schema\/person\/c4278d4a6028830caff9ee44b42d32ed\"},\"breadcrumb\":{\"@id\":\"https:\/\/portaltela.pt\/noticias\/2026\/03\/05\/morre-o-escritor-antonio-lobo-antunes\/#breadcrumb\"},\"inLanguage\":\"pt-PT\",\"potentialAction\":[{\"@type\":\"ReadAction\",\"target\":[\"https:\/\/portaltela.pt\/noticias\/2026\/03\/05\/morre-o-escritor-antonio-lobo-antunes\/\"]}]},{\"@type\":\"ImageObject\",\"inLanguage\":\"pt-PT\",\"@id\":\"https:\/\/portaltela.pt\/noticias\/2026\/03\/05\/morre-o-escritor-antonio-lobo-antunes\/#primaryimage\",\"url\":\"https:\/\/portaltela.pt\/s.01k8rhncp4jt1\/2026\/03\/img_1280x721uu2026-03-01-17-32-23-2269775.jpg\",\"contentUrl\":\"https:\/\/portaltela.pt\/s.01k8rhncp4jt1\/2026\/03\/img_1280x721uu2026-03-01-17-32-23-2269775.jpg\",\"width\":796,\"height\":448,\"caption\":\"Lu\u00eds Montenegro FOTO: Jos\u00e9 Sena Goul\u00e3o\/Lusa_EPA\"},{\"@type\":\"BreadcrumbList\",\"@id\":\"https:\/\/portaltela.pt\/noticias\/2026\/03\/05\/morre-o-escritor-antonio-lobo-antunes\/#breadcrumb\",\"itemListElement\":[{\"@type\":\"ListItem\",\"position\":1,\"name\":\"In\u00edcio\",\"item\":\"https:\/\/portaltela.pt\/\"},{\"@type\":\"ListItem\",\"position\":2,\"name\":\"Morre o escritor Ant\u00f3nio Lobo Antunes\"}]},{\"@type\":\"WebSite\",\"@id\":\"https:\/\/portaltela.pt\/#website\",\"url\":\"https:\/\/portaltela.pt\/\",\"name\":\"Portal Tela Portugal\",\"description\":\"\",\"potentialAction\":[{\"@type\":\"SearchAction\",\"target\":{\"@type\":\"EntryPoint\",\"urlTemplate\":\"https:\/\/portaltela.pt\/?s={search_term_string}\"},\"query-input\":{\"@type\":\"PropertyValueSpecification\",\"valueRequired\":true,\"valueName\":\"search_term_string\"}}],\"inLanguage\":\"pt-PT\"},{\"@type\":\"Person\",\"@id\":\"https:\/\/portaltela.pt\/#\/schema\/person\/c4278d4a6028830caff9ee44b42d32ed\",\"name\":\"Telinha\",\"image\":{\"@type\":\"ImageObject\",\"inLanguage\":\"pt-PT\",\"@id\":\"https:\/\/portaltela.pt\/s.01k8rhncp4jt1\/2025\/11\/talking-bot-125x125.png\",\"url\":\"https:\/\/portaltela.pt\/s.01k8rhncp4jt1\/2025\/11\/talking-bot-125x125.png\",\"contentUrl\":\"https:\/\/portaltela.pt\/s.01k8rhncp4jt1\/2025\/11\/talking-bot-125x125.png\",\"caption\":\"Telinha\"},\"sameAs\":[\"https:\/\/portaltela.pt\/\"],\"url\":\"https:\/\/portaltela.pt\/por\/367410592786\/\"}]}<\/script>\n<!-- \/ Yoast SEO plugin. -->","yoast_head_json":{"title":"Morre o escritor Ant\u00f3nio Lobo Antunes - Portal Tela Portugal","robots":{"index":"index","follow":"follow","max-snippet":"max-snippet:-1","max-image-preview":"max-image-preview:large","max-video-preview":"max-video-preview:-1"},"og_locale":"pt_PT","og_type":"article","og_title":"Morre o escritor Ant\u00f3nio Lobo Antunes - Portal Tela Portugal","og_description":"Morreu o escritor Ant\u00f3nio Lobo Antunes aos 83 anos, nesta quinta-feira. O primeiro-ministro Lu\u00eds Montenegro descreveu-o como figura maior da cultura portuguesa e destacou que o seu legado continua a inquietar e a inspirar. Nascido em Lisboa, em 1 de setembro de 1942, licenciou-se em Medicina pela Universidade de Lisboa em 1969 e especializou-se em Psiquiatria. Optou pela escrita a tempo inteiro em 1985; o seu primeiro livro, Mem\u00f3ria de Elefante, foi lan\u00e7ado em 1979, seguido de Os cus de Judas (1979), Conhecimento do Inferno (1980) e Explica\u00e7\u00e3o dos P\u00e1ssaros (1981). Foi condecorado pela Rep\u00fablica com o Grande Colar da Ordem de Sant\u2019Iago da Espada (2004) e com a Ordem da Liberdade (2019); Fran\u00e7a concedeu-lhe o t\u00edtulo de Commandeur da Ordem das Artes e das Letras (2008) e recebeu o Pr\u00e9mio Cam\u00f5es (2007).","og_url":"https:\/\/portaltela.pt\/noticias\/2026\/03\/05\/morre-o-escritor-antonio-lobo-antunes\/","og_site_name":"Portal Tela Portugal","article_published_time":"2026-03-05T10:17:17+00:00","author":"Telinha","twitter_card":"summary_large_image","twitter_misc":{"Escrito por":"Telinha","Tempo estimado de leitura":"1 minuto"},"schema":{"@context":"https:\/\/schema.org","@graph":[{"@type":"Article","@id":"https:\/\/portaltela.pt\/noticias\/2026\/03\/05\/morre-o-escritor-antonio-lobo-antunes\/#article","isPartOf":{"@id":"https:\/\/portaltela.pt\/noticias\/2026\/03\/05\/morre-o-escritor-antonio-lobo-antunes\/"},"author":{"name":"Telinha","@id":"https:\/\/portaltela.pt\/#\/schema\/person\/c4278d4a6028830caff9ee44b42d32ed"},"headline":"Morre o escritor Ant\u00f3nio Lobo Antunes","datePublished":"2026-03-05T10:17:17+00:00","mainEntityOfPage":{"@id":"https:\/\/portaltela.pt\/noticias\/2026\/03\/05\/morre-o-escritor-antonio-lobo-antunes\/"},"wordCount":224,"image":{"@id":"https:\/\/portaltela.pt\/noticias\/2026\/03\/05\/morre-o-escritor-antonio-lobo-antunes\/#primaryimage"},"thumbnailUrl":"https:\/\/portaltela.pt\/s.01k8rhncp4jt1\/2026\/03\/img_1280x721uu2026-03-01-17-32-23-2269775.jpg","keywords":["cultura","escritores","literatura","mem\u00f3ria liter\u00e1ria","Portugal","Pr\u00e9mio Cam\u00f5es"],"articleSection":["Not\u00edcias"],"inLanguage":"pt-PT"},{"@type":"WebPage","@id":"https:\/\/portaltela.pt\/noticias\/2026\/03\/05\/morre-o-escritor-antonio-lobo-antunes\/","url":"https:\/\/portaltela.pt\/noticias\/2026\/03\/05\/morre-o-escritor-antonio-lobo-antunes\/","name":"Morre o escritor Ant\u00f3nio Lobo Antunes - Portal Tela Portugal","isPartOf":{"@id":"https:\/\/portaltela.pt\/#website"},"primaryImageOfPage":{"@id":"https:\/\/portaltela.pt\/noticias\/2026\/03\/05\/morre-o-escritor-antonio-lobo-antunes\/#primaryimage"},"image":{"@id":"https:\/\/portaltela.pt\/noticias\/2026\/03\/05\/morre-o-escritor-antonio-lobo-antunes\/#primaryimage"},"thumbnailUrl":"https:\/\/portaltela.pt\/s.01k8rhncp4jt1\/2026\/03\/img_1280x721uu2026-03-01-17-32-23-2269775.jpg","datePublished":"2026-03-05T10:17:17+00:00","author":{"@id":"https:\/\/portaltela.pt\/#\/schema\/person\/c4278d4a6028830caff9ee44b42d32ed"},"breadcrumb":{"@id":"https:\/\/portaltela.pt\/noticias\/2026\/03\/05\/morre-o-escritor-antonio-lobo-antunes\/#breadcrumb"},"inLanguage":"pt-PT","potentialAction":[{"@type":"ReadAction","target":["https:\/\/portaltela.pt\/noticias\/2026\/03\/05\/morre-o-escritor-antonio-lobo-antunes\/"]}]},{"@type":"ImageObject","inLanguage":"pt-PT","@id":"https:\/\/portaltela.pt\/noticias\/2026\/03\/05\/morre-o-escritor-antonio-lobo-antunes\/#primaryimage","url":"https:\/\/portaltela.pt\/s.01k8rhncp4jt1\/2026\/03\/img_1280x721uu2026-03-01-17-32-23-2269775.jpg","contentUrl":"https:\/\/portaltela.pt\/s.01k8rhncp4jt1\/2026\/03\/img_1280x721uu2026-03-01-17-32-23-2269775.jpg","width":796,"height":448,"caption":"Lu\u00eds Montenegro FOTO: Jos\u00e9 Sena Goul\u00e3o\/Lusa_EPA"},{"@type":"BreadcrumbList","@id":"https:\/\/portaltela.pt\/noticias\/2026\/03\/05\/morre-o-escritor-antonio-lobo-antunes\/#breadcrumb","itemListElement":[{"@type":"ListItem","position":1,"name":"In\u00edcio","item":"https:\/\/portaltela.pt\/"},{"@type":"ListItem","position":2,"name":"Morre o escritor Ant\u00f3nio Lobo Antunes"}]},{"@type":"WebSite","@id":"https:\/\/portaltela.pt\/#website","url":"https:\/\/portaltela.pt\/","name":"Portal Tela Portugal","description":"","potentialAction":[{"@type":"SearchAction","target":{"@type":"EntryPoint","urlTemplate":"https:\/\/portaltela.pt\/?s={search_term_string}"},"query-input":{"@type":"PropertyValueSpecification","valueRequired":true,"valueName":"search_term_string"}}],"inLanguage":"pt-PT"},{"@type":"Person","@id":"https:\/\/portaltela.pt\/#\/schema\/person\/c4278d4a6028830caff9ee44b42d32ed","name":"Telinha","image":{"@type":"ImageObject","inLanguage":"pt-PT","@id":"https:\/\/portaltela.pt\/s.01k8rhncp4jt1\/2025\/11\/talking-bot-125x125.png","url":"https:\/\/portaltela.pt\/s.01k8rhncp4jt1\/2025\/11\/talking-bot-125x125.png","contentUrl":"https:\/\/portaltela.pt\/s.01k8rhncp4jt1\/2025\/11\/talking-bot-125x125.png","caption":"Telinha"},"sameAs":["https:\/\/portaltela.pt\/"],"url":"https:\/\/portaltela.pt\/por\/367410592786\/"}]}},"_links":{"self":[{"href":"https:\/\/portaltela.pt\/api\/wp\/v2\/posts\/398341","targetHints":{"allow":["GET"]}}],"collection":[{"href":"https:\/\/portaltela.pt\/api\/wp\/v2\/posts"}],"about":[{"href":"https:\/\/portaltela.pt\/api\/wp\/v2\/types\/post"}],"author":[{"embeddable":true,"href":"https:\/\/portaltela.pt\/api\/wp\/v2\/users\/2"}],"replies":[{"embeddable":true,"href":"https:\/\/portaltela.pt\/api\/wp\/v2\/comments?post=398341"}],"version-history":[{"count":0,"href":"https:\/\/portaltela.pt\/api\/wp\/v2\/posts\/398341\/revisions"}],"wp:featuredmedia":[{"embeddable":true,"href":"https:\/\/portaltela.pt\/api\/wp\/v2\/media\/398352"}],"wp:attachment":[{"href":"https:\/\/portaltela.pt\/api\/wp\/v2\/media?parent=398341"}],"wp:term":[{"taxonomy":"category","embeddable":true,"href":"https:\/\/portaltela.pt\/api\/wp\/v2\/categories?post=398341"},{"taxonomy":"post_tag","embeddable":true,"href":"https:\/\/portaltela.pt\/api\/wp\/v2\/tags?post=398341"}],"curies":[{"name":"wp","href":"https:\/\/api.w.org\/{rel}","templated":true}]}}