{"id":398323,"date":"2026-03-05T07:06:00","date_gmt":"2026-03-05T10:06:00","guid":{"rendered":"https:\/\/portaltela.pt\/noticias\/2026\/03\/05\/fundacao-oceano-azul-critica-lei-do-oceano-da-ue-por-nao-seguir-o-caminho-certo\/"},"modified":"2026-03-05T07:06:00","modified_gmt":"2026-03-05T10:06:00","slug":"fundacao-oceano-azul-critica-lei-do-oceano-da-ue-por-nao-seguir-o-caminho-certo","status":"publish","type":"post","link":"https:\/\/portaltela.pt\/noticias\/2026\/03\/05\/fundacao-oceano-azul-critica-lei-do-oceano-da-ue-por-nao-seguir-o-caminho-certo\/","title":{"rendered":"Funda\u00e7\u00e3o Oceano Azul critica Lei do Oceano da UE por n\u00e3o seguir o caminho certo"},"content":{"rendered":"<p>A Funda\u00e7\u00e3o Oceano Azul, em parceria com o think tank Europa Jacques Delors, exprimiu preocupa\u00e7\u00e3o com as indica\u00e7\u00f5es iniciais sobre a futura Lei do Oceano da UE. O receio \u00e9 de que o diploma reduza-se principalmente a uma revis\u00e3o da Directiva Quadro da Estrat\u00e9gia Mar\u00edtima (2008).<\/p>\n<p>A mensagem acontece em Bruxelas, durante as Jornadas do Oceano, com a divulga\u00e7\u00e3o de um documento que ser\u00e1 apresentado numa sess\u00e3o com o comiss\u00e1rio das Pescas e do Oceano, Costas Kadis. O material foi enviado ao presidente do Conselho Europeu, Ant\u00f3nio Costa.<\/p>\n<p>Seis prioridades est\u00e3o em foco. Em vez de simplesmente reformular a diretiva existente, defendem que o texto deva abordar as seis prioridades definidas pela Comiss\u00e3o Europeia no Pacto do Oceano: sa\u00fade do oceano, economia azul sustent\u00e1vel, seguran\u00e7a e defesa, diplomacia do oceano, ilhas e regi\u00f5es costeiras, e investiga\u00e7\u00e3o cient\u00edfica marinha.<\/p>\n<p>Na pr\u00e1tica, a proposta aponta para a integra\u00e7\u00e3o da diplomacia do oceano na pol\u00edtica externa da UE, para sustentar uma ordem mar\u00edtima baseada em regras. O objetivo \u00e9 combater a pesca ilegal, a explora\u00e7\u00e3o n\u00e3o regulada e defender infraestruturas cr\u00edticas, como cabos submarinos.<\/p>\n<p>A debate ocorre numa altura em que v\u00e1rias organiza\u00e7\u00f5es n\u00e3o governamentais j\u00e1 manifestaram receios quanto \u00e0 dire\u00e7\u00e3o da Lei do Oceano. Entre as d\u00favidas est\u00e3o as prioridades a integrar e a aplica\u00e7\u00e3o pr\u00e1tica dos fundos dispon\u00edveis.<\/p>\n<p>A Funda\u00e7\u00e3o Oceano Azul sublinha que a UE det\u00e9m grande peso mar\u00edtimo, com 90% do com\u00e9rcio global dependente do oceano e uma parcela significativa do com\u00e9rcio, energia e dados transportados pelo mar. O relat\u00f3rio ressalva o papel estrat\u00e9gico do oceano para a Europa.<\/p>\n<p>O documento conjunto acrescenta que um oceano saud\u00e1vel sustenta uma economia azul de valor superior a tr\u00eas bili\u00f5es de d\u00f3lares, enquanto o sector ainda recebe apoios para ind\u00fastrias com futuro incerto. O texto conclui com dados sobre a import\u00e2ncia do oceano para o clima, biodiversidade e bem-estar europeu.<\/p>\n","protected":false},"excerpt":{"rendered":"<ul>\n<li>Funda\u00e7\u00e3o Oceano Azul e o Europa Jacques Delors alertam que a Lei do Oceano da UE pode limitar-se a rever apenas a Directiva Quadro da Estrat\u00e9gia Mar\u00edtima de 2008, sem avan\u00e7ar para a legisla\u00e7\u00e3o plena.<\/li>\n<li>A Lei do Oceano visa uma vis\u00e3o at\u00e9 2040 para combater a pesca ilegal, cumprir metas de conserva\u00e7\u00e3o e servir de quadro legal para atividades no mar.<\/li>\n<li>As organiza\u00e7\u00f5es defendem que a lei cubra as seis prioridades j\u00e1 apresentadas pela Comiss\u00e3o Europeia e defendidas no Pacto do Oceano: sa\u00fade do oceano, economia azul sustent\u00e1vel, seguran\u00e7a e defesa, diplomacia do oceano, ilhas\/regi\u00f5es costeiras e investiga\u00e7\u00e3o cient\u00edfica.<\/li>\n<li>A diplomacia do oceano \u00e9 destacada pelos eurodeputados como crucial para alinhar pol\u00edtica externa, seguran\u00e7a e desenvolvimento com a prote\u00e7\u00e3o mar\u00edtima.<\/li>\n<li>Dados do documento apontam que 90 por cento do com\u00e9rcio global se faz por via mar\u00edtima; o oceano sustenta biodiversidade, produ\u00e7\u00e3o de oxig\u00e9nio e parte significativa do controlo de emiss\u00f5es, estando ligado ao modo de vida europeu.<\/li>\n<\/ul>\n","protected":false},"author":2,"featured_media":398333,"comment_status":"closed","ping_status":"closed","sticky":false,"template":"","format":"standard","meta":{"footnotes":""},"categories":[1],"tags":[3161,29,28,1003,4131,5093],"class_list":["post-398323","post","type-post","status-publish","format-standard","has-post-thumbnail","hentry","category-noticias","tag-bruxelas","tag-diplomacia","tag-economia","tag-economia-azul","tag-pacto-ecologico-europeu","tag-pesca"],"yoast_head":"<!-- This site is optimized with the Yoast SEO plugin v27.2 - https:\/\/yoast.com\/product\/yoast-seo-wordpress\/ -->\n<title>Funda\u00e7\u00e3o Oceano Azul critica Lei do Oceano da UE por n\u00e3o seguir o caminho certo - Portal Tela Portugal<\/title>\n<meta name=\"robots\" content=\"index, follow, max-snippet:-1, max-image-preview:large, max-video-preview:-1\" \/>\n<meta property=\"og:locale\" content=\"pt_PT\" \/>\n<meta property=\"og:type\" content=\"article\" \/>\n<meta property=\"og:title\" content=\"Funda\u00e7\u00e3o Oceano Azul critica Lei do Oceano da UE por n\u00e3o seguir o caminho certo - Portal Tela Portugal\" \/>\n<meta property=\"og:description\" content=\"Funda\u00e7\u00e3o Oceano Azul e o Europa Jacques Delors alertam que a Lei do Oceano da UE pode limitar-se a rever apenas a Directiva Quadro da Estrat\u00e9gia Mar\u00edtima de 2008, sem avan\u00e7ar para a legisla\u00e7\u00e3o plena. A Lei do Oceano visa uma vis\u00e3o at\u00e9 2040 para combater a pesca ilegal, cumprir metas de conserva\u00e7\u00e3o e servir de quadro legal para atividades no mar. As organiza\u00e7\u00f5es defendem que a lei cubra as seis prioridades j\u00e1 apresentadas pela Comiss\u00e3o Europeia e defendidas no Pacto do Oceano: sa\u00fade do oceano, economia azul sustent\u00e1vel, seguran\u00e7a e defesa, diplomacia do oceano, ilhas\/regi\u00f5es costeiras e investiga\u00e7\u00e3o cient\u00edfica. A diplomacia do oceano \u00e9 destacada pelos eurodeputados como crucial para alinhar pol\u00edtica externa, seguran\u00e7a e desenvolvimento com a prote\u00e7\u00e3o mar\u00edtima. Dados do documento apontam que 90 por cento do com\u00e9rcio global se faz por via mar\u00edtima; o oceano sustenta biodiversidade, produ\u00e7\u00e3o de oxig\u00e9nio e parte significativa do controlo de emiss\u00f5es, estando ligado ao modo de vida europeu.\" \/>\n<meta property=\"og:url\" content=\"https:\/\/portaltela.pt\/noticias\/2026\/03\/05\/fundacao-oceano-azul-critica-lei-do-oceano-da-ue-por-nao-seguir-o-caminho-certo\/\" \/>\n<meta property=\"og:site_name\" content=\"Portal Tela Portugal\" \/>\n<meta property=\"article:published_time\" content=\"2026-03-05T10:06:00+00:00\" \/>\n<meta name=\"author\" content=\"Telinha\" \/>\n<meta name=\"twitter:card\" content=\"summary_large_image\" \/>\n<meta name=\"twitter:label1\" content=\"Escrito por\" \/>\n\t<meta name=\"twitter:data1\" content=\"Telinha\" \/>\n\t<meta name=\"twitter:label2\" content=\"Tempo estimado de leitura\" \/>\n\t<meta name=\"twitter:data2\" content=\"2 minutos\" \/>\n<script type=\"application\/ld+json\" class=\"yoast-schema-graph\">{\"@context\":\"https:\/\/schema.org\",\"@graph\":[{\"@type\":\"Article\",\"@id\":\"https:\/\/portaltela.pt\/noticias\/2026\/03\/05\/fundacao-oceano-azul-critica-lei-do-oceano-da-ue-por-nao-seguir-o-caminho-certo\/#article\",\"isPartOf\":{\"@id\":\"https:\/\/portaltela.pt\/noticias\/2026\/03\/05\/fundacao-oceano-azul-critica-lei-do-oceano-da-ue-por-nao-seguir-o-caminho-certo\/\"},\"author\":{\"name\":\"Telinha\",\"@id\":\"https:\/\/portaltela.pt\/#\/schema\/person\/c4278d4a6028830caff9ee44b42d32ed\"},\"headline\":\"Funda\u00e7\u00e3o Oceano Azul critica Lei do Oceano da UE por n\u00e3o seguir o caminho certo\",\"datePublished\":\"2026-03-05T10:06:00+00:00\",\"mainEntityOfPage\":{\"@id\":\"https:\/\/portaltela.pt\/noticias\/2026\/03\/05\/fundacao-oceano-azul-critica-lei-do-oceano-da-ue-por-nao-seguir-o-caminho-certo\/\"},\"wordCount\":367,\"image\":{\"@id\":\"https:\/\/portaltela.pt\/noticias\/2026\/03\/05\/fundacao-oceano-azul-critica-lei-do-oceano-da-ue-por-nao-seguir-o-caminho-certo\/#primaryimage\"},\"thumbnailUrl\":\"https:\/\/portaltela.pt\/s.01k8rhncp4jt1\/2026\/03\/2071912.jpg\",\"keywords\":[\"Bruxelas\",\"diplomacia\",\"economia\",\"economia azul\",\"Pacto Ecol\u00f3gico Europeu\",\"pesca\"],\"articleSection\":[\"Not\u00edcias\"],\"inLanguage\":\"pt-PT\"},{\"@type\":\"WebPage\",\"@id\":\"https:\/\/portaltela.pt\/noticias\/2026\/03\/05\/fundacao-oceano-azul-critica-lei-do-oceano-da-ue-por-nao-seguir-o-caminho-certo\/\",\"url\":\"https:\/\/portaltela.pt\/noticias\/2026\/03\/05\/fundacao-oceano-azul-critica-lei-do-oceano-da-ue-por-nao-seguir-o-caminho-certo\/\",\"name\":\"Funda\u00e7\u00e3o Oceano Azul critica Lei do Oceano da UE por n\u00e3o seguir o caminho certo - Portal Tela Portugal\",\"isPartOf\":{\"@id\":\"https:\/\/portaltela.pt\/#website\"},\"primaryImageOfPage\":{\"@id\":\"https:\/\/portaltela.pt\/noticias\/2026\/03\/05\/fundacao-oceano-azul-critica-lei-do-oceano-da-ue-por-nao-seguir-o-caminho-certo\/#primaryimage\"},\"image\":{\"@id\":\"https:\/\/portaltela.pt\/noticias\/2026\/03\/05\/fundacao-oceano-azul-critica-lei-do-oceano-da-ue-por-nao-seguir-o-caminho-certo\/#primaryimage\"},\"thumbnailUrl\":\"https:\/\/portaltela.pt\/s.01k8rhncp4jt1\/2026\/03\/2071912.jpg\",\"datePublished\":\"2026-03-05T10:06:00+00:00\",\"author\":{\"@id\":\"https:\/\/portaltela.pt\/#\/schema\/person\/c4278d4a6028830caff9ee44b42d32ed\"},\"breadcrumb\":{\"@id\":\"https:\/\/portaltela.pt\/noticias\/2026\/03\/05\/fundacao-oceano-azul-critica-lei-do-oceano-da-ue-por-nao-seguir-o-caminho-certo\/#breadcrumb\"},\"inLanguage\":\"pt-PT\",\"potentialAction\":[{\"@type\":\"ReadAction\",\"target\":[\"https:\/\/portaltela.pt\/noticias\/2026\/03\/05\/fundacao-oceano-azul-critica-lei-do-oceano-da-ue-por-nao-seguir-o-caminho-certo\/\"]}]},{\"@type\":\"ImageObject\",\"inLanguage\":\"pt-PT\",\"@id\":\"https:\/\/portaltela.pt\/noticias\/2026\/03\/05\/fundacao-oceano-azul-critica-lei-do-oceano-da-ue-por-nao-seguir-o-caminho-certo\/#primaryimage\",\"url\":\"https:\/\/portaltela.pt\/s.01k8rhncp4jt1\/2026\/03\/2071912.jpg\",\"contentUrl\":\"https:\/\/portaltela.pt\/s.01k8rhncp4jt1\/2026\/03\/2071912.jpg\",\"width\":796,\"height\":448,\"caption\":\"A presidente da Comiss\u00e3o Europeia, Ursula von der Leyen, na abertura das Jornadas do Oceano em Bruxelas, esta semana\"},{\"@type\":\"BreadcrumbList\",\"@id\":\"https:\/\/portaltela.pt\/noticias\/2026\/03\/05\/fundacao-oceano-azul-critica-lei-do-oceano-da-ue-por-nao-seguir-o-caminho-certo\/#breadcrumb\",\"itemListElement\":[{\"@type\":\"ListItem\",\"position\":1,\"name\":\"In\u00edcio\",\"item\":\"https:\/\/portaltela.pt\/\"},{\"@type\":\"ListItem\",\"position\":2,\"name\":\"Funda\u00e7\u00e3o Oceano Azul critica Lei do Oceano da UE por n\u00e3o seguir o caminho certo\"}]},{\"@type\":\"WebSite\",\"@id\":\"https:\/\/portaltela.pt\/#website\",\"url\":\"https:\/\/portaltela.pt\/\",\"name\":\"Portal Tela Portugal\",\"description\":\"\",\"potentialAction\":[{\"@type\":\"SearchAction\",\"target\":{\"@type\":\"EntryPoint\",\"urlTemplate\":\"https:\/\/portaltela.pt\/?s={search_term_string}\"},\"query-input\":{\"@type\":\"PropertyValueSpecification\",\"valueRequired\":true,\"valueName\":\"search_term_string\"}}],\"inLanguage\":\"pt-PT\"},{\"@type\":\"Person\",\"@id\":\"https:\/\/portaltela.pt\/#\/schema\/person\/c4278d4a6028830caff9ee44b42d32ed\",\"name\":\"Telinha\",\"image\":{\"@type\":\"ImageObject\",\"inLanguage\":\"pt-PT\",\"@id\":\"https:\/\/portaltela.pt\/s.01k8rhncp4jt1\/2025\/11\/talking-bot-125x125.png\",\"url\":\"https:\/\/portaltela.pt\/s.01k8rhncp4jt1\/2025\/11\/talking-bot-125x125.png\",\"contentUrl\":\"https:\/\/portaltela.pt\/s.01k8rhncp4jt1\/2025\/11\/talking-bot-125x125.png\",\"caption\":\"Telinha\"},\"sameAs\":[\"https:\/\/portaltela.pt\/\"],\"url\":\"https:\/\/portaltela.pt\/por\/367410592786\/\"}]}<\/script>\n<!-- \/ Yoast SEO plugin. -->","yoast_head_json":{"title":"Funda\u00e7\u00e3o Oceano Azul critica Lei do Oceano da UE por n\u00e3o seguir o caminho certo - Portal Tela Portugal","robots":{"index":"index","follow":"follow","max-snippet":"max-snippet:-1","max-image-preview":"max-image-preview:large","max-video-preview":"max-video-preview:-1"},"og_locale":"pt_PT","og_type":"article","og_title":"Funda\u00e7\u00e3o Oceano Azul critica Lei do Oceano da UE por n\u00e3o seguir o caminho certo - Portal Tela Portugal","og_description":"Funda\u00e7\u00e3o Oceano Azul e o Europa Jacques Delors alertam que a Lei do Oceano da UE pode limitar-se a rever apenas a Directiva Quadro da Estrat\u00e9gia Mar\u00edtima de 2008, sem avan\u00e7ar para a legisla\u00e7\u00e3o plena. A Lei do Oceano visa uma vis\u00e3o at\u00e9 2040 para combater a pesca ilegal, cumprir metas de conserva\u00e7\u00e3o e servir de quadro legal para atividades no mar. As organiza\u00e7\u00f5es defendem que a lei cubra as seis prioridades j\u00e1 apresentadas pela Comiss\u00e3o Europeia e defendidas no Pacto do Oceano: sa\u00fade do oceano, economia azul sustent\u00e1vel, seguran\u00e7a e defesa, diplomacia do oceano, ilhas\/regi\u00f5es costeiras e investiga\u00e7\u00e3o cient\u00edfica. A diplomacia do oceano \u00e9 destacada pelos eurodeputados como crucial para alinhar pol\u00edtica externa, seguran\u00e7a e desenvolvimento com a prote\u00e7\u00e3o mar\u00edtima. Dados do documento apontam que 90 por cento do com\u00e9rcio global se faz por via mar\u00edtima; o oceano sustenta biodiversidade, produ\u00e7\u00e3o de oxig\u00e9nio e parte significativa do controlo de emiss\u00f5es, estando ligado ao modo de vida europeu.","og_url":"https:\/\/portaltela.pt\/noticias\/2026\/03\/05\/fundacao-oceano-azul-critica-lei-do-oceano-da-ue-por-nao-seguir-o-caminho-certo\/","og_site_name":"Portal Tela Portugal","article_published_time":"2026-03-05T10:06:00+00:00","author":"Telinha","twitter_card":"summary_large_image","twitter_misc":{"Escrito por":"Telinha","Tempo estimado de leitura":"2 minutos"},"schema":{"@context":"https:\/\/schema.org","@graph":[{"@type":"Article","@id":"https:\/\/portaltela.pt\/noticias\/2026\/03\/05\/fundacao-oceano-azul-critica-lei-do-oceano-da-ue-por-nao-seguir-o-caminho-certo\/#article","isPartOf":{"@id":"https:\/\/portaltela.pt\/noticias\/2026\/03\/05\/fundacao-oceano-azul-critica-lei-do-oceano-da-ue-por-nao-seguir-o-caminho-certo\/"},"author":{"name":"Telinha","@id":"https:\/\/portaltela.pt\/#\/schema\/person\/c4278d4a6028830caff9ee44b42d32ed"},"headline":"Funda\u00e7\u00e3o Oceano Azul critica Lei do Oceano da UE por n\u00e3o seguir o caminho certo","datePublished":"2026-03-05T10:06:00+00:00","mainEntityOfPage":{"@id":"https:\/\/portaltela.pt\/noticias\/2026\/03\/05\/fundacao-oceano-azul-critica-lei-do-oceano-da-ue-por-nao-seguir-o-caminho-certo\/"},"wordCount":367,"image":{"@id":"https:\/\/portaltela.pt\/noticias\/2026\/03\/05\/fundacao-oceano-azul-critica-lei-do-oceano-da-ue-por-nao-seguir-o-caminho-certo\/#primaryimage"},"thumbnailUrl":"https:\/\/portaltela.pt\/s.01k8rhncp4jt1\/2026\/03\/2071912.jpg","keywords":["Bruxelas","diplomacia","economia","economia azul","Pacto Ecol\u00f3gico Europeu","pesca"],"articleSection":["Not\u00edcias"],"inLanguage":"pt-PT"},{"@type":"WebPage","@id":"https:\/\/portaltela.pt\/noticias\/2026\/03\/05\/fundacao-oceano-azul-critica-lei-do-oceano-da-ue-por-nao-seguir-o-caminho-certo\/","url":"https:\/\/portaltela.pt\/noticias\/2026\/03\/05\/fundacao-oceano-azul-critica-lei-do-oceano-da-ue-por-nao-seguir-o-caminho-certo\/","name":"Funda\u00e7\u00e3o Oceano Azul critica Lei do Oceano da UE por n\u00e3o seguir o caminho certo - Portal Tela Portugal","isPartOf":{"@id":"https:\/\/portaltela.pt\/#website"},"primaryImageOfPage":{"@id":"https:\/\/portaltela.pt\/noticias\/2026\/03\/05\/fundacao-oceano-azul-critica-lei-do-oceano-da-ue-por-nao-seguir-o-caminho-certo\/#primaryimage"},"image":{"@id":"https:\/\/portaltela.pt\/noticias\/2026\/03\/05\/fundacao-oceano-azul-critica-lei-do-oceano-da-ue-por-nao-seguir-o-caminho-certo\/#primaryimage"},"thumbnailUrl":"https:\/\/portaltela.pt\/s.01k8rhncp4jt1\/2026\/03\/2071912.jpg","datePublished":"2026-03-05T10:06:00+00:00","author":{"@id":"https:\/\/portaltela.pt\/#\/schema\/person\/c4278d4a6028830caff9ee44b42d32ed"},"breadcrumb":{"@id":"https:\/\/portaltela.pt\/noticias\/2026\/03\/05\/fundacao-oceano-azul-critica-lei-do-oceano-da-ue-por-nao-seguir-o-caminho-certo\/#breadcrumb"},"inLanguage":"pt-PT","potentialAction":[{"@type":"ReadAction","target":["https:\/\/portaltela.pt\/noticias\/2026\/03\/05\/fundacao-oceano-azul-critica-lei-do-oceano-da-ue-por-nao-seguir-o-caminho-certo\/"]}]},{"@type":"ImageObject","inLanguage":"pt-PT","@id":"https:\/\/portaltela.pt\/noticias\/2026\/03\/05\/fundacao-oceano-azul-critica-lei-do-oceano-da-ue-por-nao-seguir-o-caminho-certo\/#primaryimage","url":"https:\/\/portaltela.pt\/s.01k8rhncp4jt1\/2026\/03\/2071912.jpg","contentUrl":"https:\/\/portaltela.pt\/s.01k8rhncp4jt1\/2026\/03\/2071912.jpg","width":796,"height":448,"caption":"A presidente da Comiss\u00e3o Europeia, Ursula von der Leyen, na abertura das Jornadas do Oceano em Bruxelas, esta semana"},{"@type":"BreadcrumbList","@id":"https:\/\/portaltela.pt\/noticias\/2026\/03\/05\/fundacao-oceano-azul-critica-lei-do-oceano-da-ue-por-nao-seguir-o-caminho-certo\/#breadcrumb","itemListElement":[{"@type":"ListItem","position":1,"name":"In\u00edcio","item":"https:\/\/portaltela.pt\/"},{"@type":"ListItem","position":2,"name":"Funda\u00e7\u00e3o Oceano Azul critica Lei do Oceano da UE por n\u00e3o seguir o caminho certo"}]},{"@type":"WebSite","@id":"https:\/\/portaltela.pt\/#website","url":"https:\/\/portaltela.pt\/","name":"Portal Tela Portugal","description":"","potentialAction":[{"@type":"SearchAction","target":{"@type":"EntryPoint","urlTemplate":"https:\/\/portaltela.pt\/?s={search_term_string}"},"query-input":{"@type":"PropertyValueSpecification","valueRequired":true,"valueName":"search_term_string"}}],"inLanguage":"pt-PT"},{"@type":"Person","@id":"https:\/\/portaltela.pt\/#\/schema\/person\/c4278d4a6028830caff9ee44b42d32ed","name":"Telinha","image":{"@type":"ImageObject","inLanguage":"pt-PT","@id":"https:\/\/portaltela.pt\/s.01k8rhncp4jt1\/2025\/11\/talking-bot-125x125.png","url":"https:\/\/portaltela.pt\/s.01k8rhncp4jt1\/2025\/11\/talking-bot-125x125.png","contentUrl":"https:\/\/portaltela.pt\/s.01k8rhncp4jt1\/2025\/11\/talking-bot-125x125.png","caption":"Telinha"},"sameAs":["https:\/\/portaltela.pt\/"],"url":"https:\/\/portaltela.pt\/por\/367410592786\/"}]}},"_links":{"self":[{"href":"https:\/\/portaltela.pt\/api\/wp\/v2\/posts\/398323","targetHints":{"allow":["GET"]}}],"collection":[{"href":"https:\/\/portaltela.pt\/api\/wp\/v2\/posts"}],"about":[{"href":"https:\/\/portaltela.pt\/api\/wp\/v2\/types\/post"}],"author":[{"embeddable":true,"href":"https:\/\/portaltela.pt\/api\/wp\/v2\/users\/2"}],"replies":[{"embeddable":true,"href":"https:\/\/portaltela.pt\/api\/wp\/v2\/comments?post=398323"}],"version-history":[{"count":0,"href":"https:\/\/portaltela.pt\/api\/wp\/v2\/posts\/398323\/revisions"}],"wp:featuredmedia":[{"embeddable":true,"href":"https:\/\/portaltela.pt\/api\/wp\/v2\/media\/398333"}],"wp:attachment":[{"href":"https:\/\/portaltela.pt\/api\/wp\/v2\/media?parent=398323"}],"wp:term":[{"taxonomy":"category","embeddable":true,"href":"https:\/\/portaltela.pt\/api\/wp\/v2\/categories?post=398323"},{"taxonomy":"post_tag","embeddable":true,"href":"https:\/\/portaltela.pt\/api\/wp\/v2\/tags?post=398323"}],"curies":[{"name":"wp","href":"https:\/\/api.w.org\/{rel}","templated":true}]}}